{"id":5943,"date":"2018-06-06T17:28:18","date_gmt":"2018-06-06T20:28:18","guid":{"rendered":"http:\/\/www.rivera.gub.uy\/portal\/?p=5943"},"modified":"2018-06-22T13:31:12","modified_gmt":"2018-06-22T16:31:12","slug":"asuncion-de-las-comisiones-vecinales-electas-para-periodo-2018-2020","status":"publish","type":"post","link":"https:\/\/www.rivera.gub.uy\/portal\/asuncion-de-las-comisiones-vecinales-electas-para-periodo-2018-2020\/","title":{"rendered":"Asunci\u00f3n de las Comisiones Vecinales electas para per\u00edodo 2018-2020"},"content":{"rendered":"<p>Calidad de vida para los habitantes del barrio que apuestan a la transparencia eligiendo sus representantes<\/p>\n<p>Este lunes 4 de junio, en el Sal\u00f3n de Actos de la Intendencia Departamental de Rivera, se llev\u00f3 a cabo la ceremonia de asunci\u00f3n de las Comisiones Vecinales, electas en votaci\u00f3n realizada el d\u00eda 22 de abril, para el per\u00edodo 2018-2020.<!--more--><\/p>\n<p>El objetivo de las Comisiones Vecinales, es contribuir a elevar la calidad de vida de los vecinos de los barrios, promoviendo una participaci\u00f3n activa de todos sus vecinos con miras a la soluci\u00f3n de sus propios problemas.<br \/>\nConstituirse en un espacio de di\u00e1logo, informaci\u00f3n y participaci\u00f3n del vecindario, organiz\u00e1ndolos para defender sus derechos y hacer cumplir sus obligaciones.<\/p>\n<div id='gallery-1' class='gallery galleryid-5943 gallery-columns-4 gallery-size-thumbnail'><figure class='gallery-item'>\n\t\t\t<div class='gallery-icon landscape'>\n\t\t\t\t<a href='https:\/\/www.rivera.gub.uy\/portal\/wp-content\/uploads\/2018\/06\/comisionesvecinales1.jpg'><img loading=\"lazy\" decoding=\"async\" width=\"150\" height=\"66\" src=\"https:\/\/www.rivera.gub.uy\/portal\/wp-content\/uploads\/2018\/06\/comisionesvecinales1-150x66.jpg\" class=\"attachment-thumbnail size-thumbnail\" alt=\"\" srcset=\"https:\/\/www.rivera.gub.uy\/portal\/wp-content\/uploads\/2018\/06\/comisionesvecinales1-150x66.jpg 150w, https:\/\/www.rivera.gub.uy\/portal\/wp-content\/uploads\/2018\/06\/comisionesvecinales1-300x132.jpg 300w, https:\/\/www.rivera.gub.uy\/portal\/wp-content\/uploads\/2018\/06\/comisionesvecinales1-768x339.jpg 768w, https:\/\/www.rivera.gub.uy\/portal\/wp-content\/uploads\/2018\/06\/comisionesvecinales1-1000x441.jpg 1000w, https:\/\/www.rivera.gub.uy\/portal\/wp-content\/uploads\/2018\/06\/comisionesvecinales1-820x362.jpg 820w\" sizes=\"auto, (max-width: 150px) 100vw, 150px\" \/><\/a>\n\t\t\t<\/div><\/figure><figure class='gallery-item'>\n\t\t\t<div class='gallery-icon landscape'>\n\t\t\t\t<a href='https:\/\/www.rivera.gub.uy\/portal\/wp-content\/uploads\/2018\/06\/comisionesvecinales2.jpg'><img loading=\"lazy\" decoding=\"async\" width=\"138\" height=\"94\" src=\"https:\/\/www.rivera.gub.uy\/portal\/wp-content\/uploads\/2018\/06\/comisionesvecinales2-138x94.jpg\" class=\"attachment-thumbnail size-thumbnail\" alt=\"\" srcset=\"https:\/\/www.rivera.gub.uy\/portal\/wp-content\/uploads\/2018\/06\/comisionesvecinales2-138x94.jpg 138w, https:\/\/www.rivera.gub.uy\/portal\/wp-content\/uploads\/2018\/06\/comisionesvecinales2-276x188.jpg 276w, https:\/\/www.rivera.gub.uy\/portal\/wp-content\/uploads\/2018\/06\/comisionesvecinales2-768x524.jpg 768w, https:\/\/www.rivera.gub.uy\/portal\/wp-content\/uploads\/2018\/06\/comisionesvecinales2-918x626.jpg 918w, https:\/\/www.rivera.gub.uy\/portal\/wp-content\/uploads\/2018\/06\/comisionesvecinales2-820x559.jpg 820w\" sizes=\"auto, (max-width: 138px) 100vw, 138px\" \/><\/a>\n\t\t\t<\/div><\/figure><figure class='gallery-item'>\n\t\t\t<div class='gallery-icon landscape'>\n\t\t\t\t<a href='https:\/\/www.rivera.gub.uy\/portal\/wp-content\/uploads\/2018\/06\/comisionesvecinales3.jpg'><img loading=\"lazy\" decoding=\"async\" width=\"132\" height=\"94\" src=\"https:\/\/www.rivera.gub.uy\/portal\/wp-content\/uploads\/2018\/06\/comisionesvecinales3-132x94.jpg\" class=\"attachment-thumbnail size-thumbnail\" alt=\"\" srcset=\"https:\/\/www.rivera.gub.uy\/portal\/wp-content\/uploads\/2018\/06\/comisionesvecinales3-132x94.jpg 132w, https:\/\/www.rivera.gub.uy\/portal\/wp-content\/uploads\/2018\/06\/comisionesvecinales3-263x188.jpg 263w, https:\/\/www.rivera.gub.uy\/portal\/wp-content\/uploads\/2018\/06\/comisionesvecinales3-768x549.jpg 768w, https:\/\/www.rivera.gub.uy\/portal\/wp-content\/uploads\/2018\/06\/comisionesvecinales3-876x626.jpg 876w, https:\/\/www.rivera.gub.uy\/portal\/wp-content\/uploads\/2018\/06\/comisionesvecinales3-820x586.jpg 820w\" sizes=\"auto, (max-width: 132px) 100vw, 132px\" \/><\/a>\n\t\t\t<\/div><\/figure><figure class='gallery-item'>\n\t\t\t<div class='gallery-icon landscape'>\n\t\t\t\t<a href='https:\/\/www.rivera.gub.uy\/portal\/wp-content\/uploads\/2018\/06\/comisionesvecinales4.jpg'><img loading=\"lazy\" decoding=\"async\" width=\"132\" height=\"94\" src=\"https:\/\/www.rivera.gub.uy\/portal\/wp-content\/uploads\/2018\/06\/comisionesvecinales4-132x94.jpg\" class=\"attachment-thumbnail size-thumbnail\" alt=\"\" srcset=\"https:\/\/www.rivera.gub.uy\/portal\/wp-content\/uploads\/2018\/06\/comisionesvecinales4-132x94.jpg 132w, https:\/\/www.rivera.gub.uy\/portal\/wp-content\/uploads\/2018\/06\/comisionesvecinales4-263x188.jpg 263w, https:\/\/www.rivera.gub.uy\/portal\/wp-content\/uploads\/2018\/06\/comisionesvecinales4-768x549.jpg 768w, https:\/\/www.rivera.gub.uy\/portal\/wp-content\/uploads\/2018\/06\/comisionesvecinales4-876x626.jpg 876w, https:\/\/www.rivera.gub.uy\/portal\/wp-content\/uploads\/2018\/06\/comisionesvecinales4-820x586.jpg 820w\" sizes=\"auto, (max-width: 132px) 100vw, 132px\" \/><\/a>\n\t\t\t<\/div><\/figure><figure class='gallery-item'>\n\t\t\t<div class='gallery-icon portrait'>\n\t\t\t\t<a href='https:\/\/www.rivera.gub.uy\/portal\/wp-content\/uploads\/2018\/06\/comisionesvecinales6.jpg'><img loading=\"lazy\" decoding=\"async\" width=\"67\" height=\"94\" src=\"https:\/\/www.rivera.gub.uy\/portal\/wp-content\/uploads\/2018\/06\/comisionesvecinales6-67x94.jpg\" class=\"attachment-thumbnail size-thumbnail\" alt=\"\" srcset=\"https:\/\/www.rivera.gub.uy\/portal\/wp-content\/uploads\/2018\/06\/comisionesvecinales6-67x94.jpg 67w, https:\/\/www.rivera.gub.uy\/portal\/wp-content\/uploads\/2018\/06\/comisionesvecinales6-134x188.jpg 134w, https:\/\/www.rivera.gub.uy\/portal\/wp-content\/uploads\/2018\/06\/comisionesvecinales6-768x1075.jpg 768w, https:\/\/www.rivera.gub.uy\/portal\/wp-content\/uploads\/2018\/06\/comisionesvecinales6-447x626.jpg 447w, https:\/\/www.rivera.gub.uy\/portal\/wp-content\/uploads\/2018\/06\/comisionesvecinales6-820x1148.jpg 820w, https:\/\/www.rivera.gub.uy\/portal\/wp-content\/uploads\/2018\/06\/comisionesvecinales6.jpg 1800w\" sizes=\"auto, (max-width: 67px) 100vw, 67px\" \/><\/a>\n\t\t\t<\/div><\/figure><figure class='gallery-item'>\n\t\t\t<div class='gallery-icon portrait'>\n\t\t\t\t<a href='https:\/\/www.rivera.gub.uy\/portal\/wp-content\/uploads\/2018\/06\/comisionesvecinales7.jpg'><img loading=\"lazy\" decoding=\"async\" width=\"67\" height=\"94\" src=\"https:\/\/www.rivera.gub.uy\/portal\/wp-content\/uploads\/2018\/06\/comisionesvecinales7-67x94.jpg\" class=\"attachment-thumbnail size-thumbnail\" alt=\"\" srcset=\"https:\/\/www.rivera.gub.uy\/portal\/wp-content\/uploads\/2018\/06\/comisionesvecinales7-67x94.jpg 67w, https:\/\/www.rivera.gub.uy\/portal\/wp-content\/uploads\/2018\/06\/comisionesvecinales7-134x188.jpg 134w, https:\/\/www.rivera.gub.uy\/portal\/wp-content\/uploads\/2018\/06\/comisionesvecinales7-768x1075.jpg 768w, https:\/\/www.rivera.gub.uy\/portal\/wp-content\/uploads\/2018\/06\/comisionesvecinales7-447x626.jpg 447w, https:\/\/www.rivera.gub.uy\/portal\/wp-content\/uploads\/2018\/06\/comisionesvecinales7-820x1148.jpg 820w, https:\/\/www.rivera.gub.uy\/portal\/wp-content\/uploads\/2018\/06\/comisionesvecinales7.jpg 1800w\" sizes=\"auto, (max-width: 67px) 100vw, 67px\" \/><\/a>\n\t\t\t<\/div><\/figure><figure class='gallery-item'>\n\t\t\t<div class='gallery-icon landscape'>\n\t\t\t\t<a href='https:\/\/www.rivera.gub.uy\/portal\/wp-content\/uploads\/2018\/06\/comisionesvecinales8.jpg'><img loading=\"lazy\" decoding=\"async\" width=\"150\" height=\"87\" src=\"https:\/\/www.rivera.gub.uy\/portal\/wp-content\/uploads\/2018\/06\/comisionesvecinales8-150x87.jpg\" class=\"attachment-thumbnail size-thumbnail\" alt=\"\" srcset=\"https:\/\/www.rivera.gub.uy\/portal\/wp-content\/uploads\/2018\/06\/comisionesvecinales8-150x87.jpg 150w, https:\/\/www.rivera.gub.uy\/portal\/wp-content\/uploads\/2018\/06\/comisionesvecinales8-300x173.jpg 300w, https:\/\/www.rivera.gub.uy\/portal\/wp-content\/uploads\/2018\/06\/comisionesvecinales8-768x443.jpg 768w, https:\/\/www.rivera.gub.uy\/portal\/wp-content\/uploads\/2018\/06\/comisionesvecinales8-1000x577.jpg 1000w, https:\/\/www.rivera.gub.uy\/portal\/wp-content\/uploads\/2018\/06\/comisionesvecinales8-820x473.jpg 820w\" sizes=\"auto, (max-width: 150px) 100vw, 150px\" \/><\/a>\n\t\t\t<\/div><\/figure>\n\t\t<\/div>\n\n<p>Integraron la mesa de conferencias, El Intendente Departamental de Rivera, Dr. Marne Osorio, Secretario Gral. IDR, Cr. Richard Sander, Jefe de Polic\u00eda de Rivera, Crio. Mayor \u00ae Ricardo Pereira, Pte. de la Junta Departamental de Rivera, Jos\u00e9 Luis Pereira, Directora de la Oficina de Relacionamiento con la Comunidad, Mtra. Betina Carballo y ediles integrantes de la comisi\u00f3n tripartita: Tania Vargas (PC), Antonio Fern\u00e1ndez (PN) y Laura Buz\u00f3 (FA).<\/p>\n<p>Luego de las oratorias brindadas por los participantes de la mesa, se procedi\u00f3 a la entrega de diplomas por parte de las autoridades presentes a cada unos de los presidentes electos.<\/p>\n<p>El Sal\u00f3n estuvo colmado de autoridades de varias instituciones, vecinos y familias, que fueron apoyar a su barrio y a celebrar la \u201cdemocracia\u201d de la comunidad riverense que una vez m\u00e1s se une para participar.<\/p>\n<p><iframe loading=\"lazy\" width=\"1160\" height=\"653\" src=\"https:\/\/www.youtube.com\/embed\/zvNwwXu4epM?feature=oembed\" frameborder=\"0\" allow=\"autoplay; encrypted-media\" allowfullscreen><\/iframe><\/p>\n<p>&nbsp;<\/p>\n","protected":false},"excerpt":{"rendered":"<p>Calidad de vida para los habitantes del barrio que apuestan a la transparencia eligiendo sus representantes Este lunes 4 de junio, en el Sal\u00f3n de Actos de la Intendencia Departamental de Rivera, se llev\u00f3 a cabo la ceremonia de asunci\u00f3n de las Comisiones Vecinales, electas en votaci\u00f3n realizada el d\u00eda 22 de abril, para el [&hellip;]<\/p>\n","protected":false},"author":7,"featured_media":5948,"comment_status":"open","ping_status":"open","sticky":false,"template":"","format":"standard","meta":{"footnotes":""},"categories":[3,1],"tags":[450,175,114,36,45,33,626,398],"class_list":["post-5943","post","type-post","status-publish","format-standard","has-post-thumbnail","hentry","category-multimedia","category-novedades","tag-comisiones","tag-comunidad","tag-idr","tag-intendencia","tag-intendente","tag-rivera","tag-sg","tag-vecinales"],"_links":{"self":[{"href":"https:\/\/www.rivera.gub.uy\/portal\/wp-json\/wp\/v2\/posts\/5943","targetHints":{"allow":["GET"]}}],"collection":[{"href":"https:\/\/www.rivera.gub.uy\/portal\/wp-json\/wp\/v2\/posts"}],"about":[{"href":"https:\/\/www.rivera.gub.uy\/portal\/wp-json\/wp\/v2\/types\/post"}],"author":[{"embeddable":true,"href":"https:\/\/www.rivera.gub.uy\/portal\/wp-json\/wp\/v2\/users\/7"}],"replies":[{"embeddable":true,"href":"https:\/\/www.rivera.gub.uy\/portal\/wp-json\/wp\/v2\/comments?post=5943"}],"version-history":[{"count":2,"href":"https:\/\/www.rivera.gub.uy\/portal\/wp-json\/wp\/v2\/posts\/5943\/revisions"}],"predecessor-version":[{"id":5953,"href":"https:\/\/www.rivera.gub.uy\/portal\/wp-json\/wp\/v2\/posts\/5943\/revisions\/5953"}],"wp:featuredmedia":[{"embeddable":true,"href":"https:\/\/www.rivera.gub.uy\/portal\/wp-json\/wp\/v2\/media\/5948"}],"wp:attachment":[{"href":"https:\/\/www.rivera.gub.uy\/portal\/wp-json\/wp\/v2\/media?parent=5943"}],"wp:term":[{"taxonomy":"category","embeddable":true,"href":"https:\/\/www.rivera.gub.uy\/portal\/wp-json\/wp\/v2\/categories?post=5943"},{"taxonomy":"post_tag","embeddable":true,"href":"https:\/\/www.rivera.gub.uy\/portal\/wp-json\/wp\/v2\/tags?post=5943"}],"curies":[{"name":"wp","href":"https:\/\/api.w.org\/{rel}","templated":true}]}}