{"id":59515,"date":"2025-03-17T22:01:18","date_gmt":"2025-03-18T01:01:18","guid":{"rendered":"https:\/\/www.rivera.gub.uy\/portal\/?p=59515"},"modified":"2025-03-17T22:01:30","modified_gmt":"2025-03-18T01:01:30","slug":"hogares-estudiantiles-40-anos-de-un-proyecto-exitoso","status":"publish","type":"post","link":"https:\/\/www.rivera.gub.uy\/portal\/hogares-estudiantiles-40-anos-de-un-proyecto-exitoso\/","title":{"rendered":"Hogares Estudiantiles, 40 a\u00f1os de un proyecto exitoso"},"content":{"rendered":"<p>En la ma\u00f1ana de hoy se realiz\u00f3 la conferencia de prensa donde se dio a conocer el inicio de las actividades en los hogares estudiantiles en distintos puntos del departamento y capital del pa\u00eds en conjunto con otras pol\u00edticas sociales en materia de apoyo a los estudiantes como el transporte y el bus rural.<!--more--><\/p>\n<p>El intendente Cr. Jos\u00e9 Mazzoni Gollard\u00eda expres\u00f3: \u201cUn espectacular trabajo que hace la intendencia de Rivera y nosotros queremos poner en valor justamente con \u00e9sta conferencia para que toda la sociedad riverense sepa tambi\u00e9n todo lo que se est\u00e1 haciendo; es muy f\u00e1cil cuando hacemos obras, se\u00f1alizaci\u00f3n, recolecci\u00f3n de residuos, siendo que lo que se ve no necesita mucha explicaci\u00f3n porque est\u00e1 a la vista todo el proceso de trabajo que realizamos, pero \u00e9ste tipo de cosas que no son tan tangibles muchas veces salvo los interesados, la poblaci\u00f3n desconoce much\u00edsimo. &#8211; \u00c9sto es un proceso que tiene m\u00e1s de cuarenta a\u00f1os y que empez\u00f3 all\u00e1 con el Dr. Esteves que tuvo la visi\u00f3n humanista de tambi\u00e9n darle la oportunidad para aquellos j\u00f3venes que no ten\u00edan capacidad econ\u00f3mica pero que ten\u00edan si la voluntad de estudiar, de irse a Montevideo y buscar su futuro\u201d.<\/p>\n<p>&nbsp;<\/p>\n<div id='gallery-1' class='gallery galleryid-59515 gallery-columns-3 gallery-size-thumbnail'><figure class='gallery-item'>\n\t\t\t<div class='gallery-icon landscape'>\n\t\t\t\t<a href='https:\/\/www.rivera.gub.uy\/portal\/wp-content\/uploads\/2025\/03\/hogares-estudiantiles-6578-scaled.jpg'><img loading=\"lazy\" decoding=\"async\" width=\"141\" height=\"94\" src=\"https:\/\/www.rivera.gub.uy\/portal\/wp-content\/uploads\/2025\/03\/hogares-estudiantiles-6578-141x94.jpg\" class=\"attachment-thumbnail size-thumbnail\" alt=\"Hogares Estudiantiles\" srcset=\"https:\/\/www.rivera.gub.uy\/portal\/wp-content\/uploads\/2025\/03\/hogares-estudiantiles-6578-141x94.jpg 141w, https:\/\/www.rivera.gub.uy\/portal\/wp-content\/uploads\/2025\/03\/hogares-estudiantiles-6578-282x188.jpg 282w, https:\/\/www.rivera.gub.uy\/portal\/wp-content\/uploads\/2025\/03\/hogares-estudiantiles-6578-939x626.jpg 939w, https:\/\/www.rivera.gub.uy\/portal\/wp-content\/uploads\/2025\/03\/hogares-estudiantiles-6578-768x512.jpg 768w, https:\/\/www.rivera.gub.uy\/portal\/wp-content\/uploads\/2025\/03\/hogares-estudiantiles-6578-1536x1024.jpg 1536w, https:\/\/www.rivera.gub.uy\/portal\/wp-content\/uploads\/2025\/03\/hogares-estudiantiles-6578-2048x1365.jpg 2048w, https:\/\/www.rivera.gub.uy\/portal\/wp-content\/uploads\/2025\/03\/hogares-estudiantiles-6578-600x400.jpg 600w, https:\/\/www.rivera.gub.uy\/portal\/wp-content\/uploads\/2025\/03\/hogares-estudiantiles-6578-820x547.jpg 820w, https:\/\/www.rivera.gub.uy\/portal\/wp-content\/uploads\/2025\/03\/hogares-estudiantiles-6578-272x182.jpg 272w\" sizes=\"auto, (max-width: 141px) 100vw, 141px\" \/><\/a>\n\t\t\t<\/div><\/figure><figure class='gallery-item'>\n\t\t\t<div class='gallery-icon landscape'>\n\t\t\t\t<a href='https:\/\/www.rivera.gub.uy\/portal\/wp-content\/uploads\/2025\/03\/hogares-estudiantiles-6585-scaled.jpg'><img loading=\"lazy\" decoding=\"async\" width=\"141\" height=\"94\" src=\"https:\/\/www.rivera.gub.uy\/portal\/wp-content\/uploads\/2025\/03\/hogares-estudiantiles-6585-141x94.jpg\" class=\"attachment-thumbnail size-thumbnail\" alt=\"\" srcset=\"https:\/\/www.rivera.gub.uy\/portal\/wp-content\/uploads\/2025\/03\/hogares-estudiantiles-6585-141x94.jpg 141w, https:\/\/www.rivera.gub.uy\/portal\/wp-content\/uploads\/2025\/03\/hogares-estudiantiles-6585-282x188.jpg 282w, https:\/\/www.rivera.gub.uy\/portal\/wp-content\/uploads\/2025\/03\/hogares-estudiantiles-6585-939x626.jpg 939w, https:\/\/www.rivera.gub.uy\/portal\/wp-content\/uploads\/2025\/03\/hogares-estudiantiles-6585-768x512.jpg 768w, https:\/\/www.rivera.gub.uy\/portal\/wp-content\/uploads\/2025\/03\/hogares-estudiantiles-6585-1536x1024.jpg 1536w, https:\/\/www.rivera.gub.uy\/portal\/wp-content\/uploads\/2025\/03\/hogares-estudiantiles-6585-2048x1365.jpg 2048w, https:\/\/www.rivera.gub.uy\/portal\/wp-content\/uploads\/2025\/03\/hogares-estudiantiles-6585-600x400.jpg 600w, https:\/\/www.rivera.gub.uy\/portal\/wp-content\/uploads\/2025\/03\/hogares-estudiantiles-6585-820x547.jpg 820w, https:\/\/www.rivera.gub.uy\/portal\/wp-content\/uploads\/2025\/03\/hogares-estudiantiles-6585-272x182.jpg 272w\" sizes=\"auto, (max-width: 141px) 100vw, 141px\" \/><\/a>\n\t\t\t<\/div><\/figure><figure class='gallery-item'>\n\t\t\t<div class='gallery-icon landscape'>\n\t\t\t\t<a href='https:\/\/www.rivera.gub.uy\/portal\/wp-content\/uploads\/2025\/03\/hogares-estudiantiles-6590-scaled.jpg'><img loading=\"lazy\" decoding=\"async\" width=\"141\" height=\"94\" src=\"https:\/\/www.rivera.gub.uy\/portal\/wp-content\/uploads\/2025\/03\/hogares-estudiantiles-6590-141x94.jpg\" class=\"attachment-thumbnail size-thumbnail\" alt=\"\" srcset=\"https:\/\/www.rivera.gub.uy\/portal\/wp-content\/uploads\/2025\/03\/hogares-estudiantiles-6590-141x94.jpg 141w, https:\/\/www.rivera.gub.uy\/portal\/wp-content\/uploads\/2025\/03\/hogares-estudiantiles-6590-282x188.jpg 282w, https:\/\/www.rivera.gub.uy\/portal\/wp-content\/uploads\/2025\/03\/hogares-estudiantiles-6590-939x626.jpg 939w, https:\/\/www.rivera.gub.uy\/portal\/wp-content\/uploads\/2025\/03\/hogares-estudiantiles-6590-768x512.jpg 768w, https:\/\/www.rivera.gub.uy\/portal\/wp-content\/uploads\/2025\/03\/hogares-estudiantiles-6590-1536x1024.jpg 1536w, https:\/\/www.rivera.gub.uy\/portal\/wp-content\/uploads\/2025\/03\/hogares-estudiantiles-6590-2048x1365.jpg 2048w, https:\/\/www.rivera.gub.uy\/portal\/wp-content\/uploads\/2025\/03\/hogares-estudiantiles-6590-600x400.jpg 600w, https:\/\/www.rivera.gub.uy\/portal\/wp-content\/uploads\/2025\/03\/hogares-estudiantiles-6590-820x547.jpg 820w, https:\/\/www.rivera.gub.uy\/portal\/wp-content\/uploads\/2025\/03\/hogares-estudiantiles-6590-272x182.jpg 272w\" sizes=\"auto, (max-width: 141px) 100vw, 141px\" \/><\/a>\n\t\t\t<\/div><\/figure>\n\t\t<\/div>\n\n","protected":false},"excerpt":{"rendered":"<p>En la ma\u00f1ana de hoy se realiz\u00f3 la conferencia de prensa donde se dio a conocer el inicio de las actividades en los hogares estudiantiles en distintos puntos del departamento y capital del pa\u00eds en conjunto con otras pol\u00edticas sociales en materia de apoyo a los estudiantes como el transporte y el bus rural.<\/p>\n","protected":false},"author":7,"featured_media":59519,"comment_status":"open","ping_status":"open","sticky":false,"template":"","format":"standard","meta":{"footnotes":""},"categories":[1],"tags":[514,33],"class_list":["post-59515","post","type-post","status-publish","format-standard","has-post-thumbnail","hentry","category-novedades","tag-hogares-estudiantiles","tag-rivera"],"_links":{"self":[{"href":"https:\/\/www.rivera.gub.uy\/portal\/wp-json\/wp\/v2\/posts\/59515","targetHints":{"allow":["GET"]}}],"collection":[{"href":"https:\/\/www.rivera.gub.uy\/portal\/wp-json\/wp\/v2\/posts"}],"about":[{"href":"https:\/\/www.rivera.gub.uy\/portal\/wp-json\/wp\/v2\/types\/post"}],"author":[{"embeddable":true,"href":"https:\/\/www.rivera.gub.uy\/portal\/wp-json\/wp\/v2\/users\/7"}],"replies":[{"embeddable":true,"href":"https:\/\/www.rivera.gub.uy\/portal\/wp-json\/wp\/v2\/comments?post=59515"}],"version-history":[{"count":2,"href":"https:\/\/www.rivera.gub.uy\/portal\/wp-json\/wp\/v2\/posts\/59515\/revisions"}],"predecessor-version":[{"id":59521,"href":"https:\/\/www.rivera.gub.uy\/portal\/wp-json\/wp\/v2\/posts\/59515\/revisions\/59521"}],"wp:featuredmedia":[{"embeddable":true,"href":"https:\/\/www.rivera.gub.uy\/portal\/wp-json\/wp\/v2\/media\/59519"}],"wp:attachment":[{"href":"https:\/\/www.rivera.gub.uy\/portal\/wp-json\/wp\/v2\/media?parent=59515"}],"wp:term":[{"taxonomy":"category","embeddable":true,"href":"https:\/\/www.rivera.gub.uy\/portal\/wp-json\/wp\/v2\/categories?post=59515"},{"taxonomy":"post_tag","embeddable":true,"href":"https:\/\/www.rivera.gub.uy\/portal\/wp-json\/wp\/v2\/tags?post=59515"}],"curies":[{"name":"wp","href":"https:\/\/api.w.org\/{rel}","templated":true}]}}