{"id":5964,"date":"2018-06-08T09:13:55","date_gmt":"2018-06-08T12:13:55","guid":{"rendered":"http:\/\/www.rivera.gub.uy\/portal\/?p=5964"},"modified":"2018-06-22T13:10:49","modified_gmt":"2018-06-22T16:10:49","slug":"duelo-de-leones-internacional-en-club-casa-del-empleado","status":"publish","type":"post","link":"https:\/\/www.rivera.gub.uy\/portal\/duelo-de-leones-internacional-en-club-casa-del-empleado\/","title":{"rendered":"Duelo de Leones Internacional, en Club Casa del Empleado"},"content":{"rendered":"<p>Este s\u00e1bado 9 de junio a las 20 horas en el Club Casa del Empleado, se vivir\u00e1 una noche espectacular de Kick Boxing y MMA, organizado por la Intendencia de Rivera a trav\u00e9s de DGPAS, Divisi\u00f3n Deportes, Kabala Producciones y UDS (Argentina).<\/p>\n<p>Estar\u00e1n presentes luchadores de Brasil, Argentina, Chile y Uruguay enfrentados en 7 peleas, donde el p\u00fablico tendr\u00e1 la posibilidad de ver en Rivera un evento de estas caracter\u00edsticas por primera vez.<!--more--><\/p>\n<p>El director de Divisi\u00f3n Deportes de la IDR, inform\u00f3 que se vienen organizando varios \u201cpeleas\u201d, en nuestra frontera pero que \u201cesta vez se le quiere dar un car\u00e1cter internacional y para eso se ha organizado este combate de luchadores profesionales, por Kabala Producciones y el luchador de MMA, Ernesto Machado.<br \/>\nLa gala tendr\u00e1 tendr\u00e1 entre otras la disputa de luchadoras femeninas por un t\u00edtulo nacional, por lo cual se apuesta a un gran espect\u00e1culo y una oportunidad de verlos aqu\u00ed en nuestra ciudad\u201d.<\/p>\n<div id='gallery-1' class='gallery galleryid-5964 gallery-columns-5 gallery-size-thumbnail'><figure class='gallery-item'>\n\t\t\t<div class='gallery-icon landscape'>\n\t\t\t\t<a href='https:\/\/www.rivera.gub.uy\/portal\/wp-content\/uploads\/2018\/06\/box.jpg'><img loading=\"lazy\" decoding=\"async\" width=\"132\" height=\"94\" src=\"https:\/\/www.rivera.gub.uy\/portal\/wp-content\/uploads\/2018\/06\/box-132x94.jpg\" class=\"attachment-thumbnail size-thumbnail\" alt=\"\" srcset=\"https:\/\/www.rivera.gub.uy\/portal\/wp-content\/uploads\/2018\/06\/box-132x94.jpg 132w, https:\/\/www.rivera.gub.uy\/portal\/wp-content\/uploads\/2018\/06\/box-263x188.jpg 263w, https:\/\/www.rivera.gub.uy\/portal\/wp-content\/uploads\/2018\/06\/box-768x549.jpg 768w, https:\/\/www.rivera.gub.uy\/portal\/wp-content\/uploads\/2018\/06\/box-876x626.jpg 876w, https:\/\/www.rivera.gub.uy\/portal\/wp-content\/uploads\/2018\/06\/box-820x586.jpg 820w\" sizes=\"auto, (max-width: 132px) 100vw, 132px\" \/><\/a>\n\t\t\t<\/div><\/figure><figure class='gallery-item'>\n\t\t\t<div class='gallery-icon landscape'>\n\t\t\t\t<a href='https:\/\/www.rivera.gub.uy\/portal\/wp-content\/uploads\/2018\/06\/box1.jpg'><img loading=\"lazy\" decoding=\"async\" width=\"132\" height=\"94\" src=\"https:\/\/www.rivera.gub.uy\/portal\/wp-content\/uploads\/2018\/06\/box1-132x94.jpg\" class=\"attachment-thumbnail size-thumbnail\" alt=\"\" srcset=\"https:\/\/www.rivera.gub.uy\/portal\/wp-content\/uploads\/2018\/06\/box1-132x94.jpg 132w, https:\/\/www.rivera.gub.uy\/portal\/wp-content\/uploads\/2018\/06\/box1-263x188.jpg 263w, https:\/\/www.rivera.gub.uy\/portal\/wp-content\/uploads\/2018\/06\/box1-768x549.jpg 768w, https:\/\/www.rivera.gub.uy\/portal\/wp-content\/uploads\/2018\/06\/box1-876x626.jpg 876w, https:\/\/www.rivera.gub.uy\/portal\/wp-content\/uploads\/2018\/06\/box1-820x586.jpg 820w\" sizes=\"auto, (max-width: 132px) 100vw, 132px\" \/><\/a>\n\t\t\t<\/div><\/figure><figure class='gallery-item'>\n\t\t\t<div class='gallery-icon portrait'>\n\t\t\t\t<a href='https:\/\/www.rivera.gub.uy\/portal\/wp-content\/uploads\/2018\/06\/box2.jpg'><img loading=\"lazy\" decoding=\"async\" width=\"67\" height=\"94\" src=\"https:\/\/www.rivera.gub.uy\/portal\/wp-content\/uploads\/2018\/06\/box2-67x94.jpg\" class=\"attachment-thumbnail size-thumbnail\" alt=\"\" srcset=\"https:\/\/www.rivera.gub.uy\/portal\/wp-content\/uploads\/2018\/06\/box2-67x94.jpg 67w, https:\/\/www.rivera.gub.uy\/portal\/wp-content\/uploads\/2018\/06\/box2-134x188.jpg 134w, https:\/\/www.rivera.gub.uy\/portal\/wp-content\/uploads\/2018\/06\/box2-768x1075.jpg 768w, https:\/\/www.rivera.gub.uy\/portal\/wp-content\/uploads\/2018\/06\/box2-447x626.jpg 447w, https:\/\/www.rivera.gub.uy\/portal\/wp-content\/uploads\/2018\/06\/box2-820x1148.jpg 820w\" sizes=\"auto, (max-width: 67px) 100vw, 67px\" \/><\/a>\n\t\t\t<\/div><\/figure><figure class='gallery-item'>\n\t\t\t<div class='gallery-icon portrait'>\n\t\t\t\t<a href='https:\/\/www.rivera.gub.uy\/portal\/wp-content\/uploads\/2018\/06\/box3.jpg'><img loading=\"lazy\" decoding=\"async\" width=\"67\" height=\"94\" src=\"https:\/\/www.rivera.gub.uy\/portal\/wp-content\/uploads\/2018\/06\/box3-67x94.jpg\" class=\"attachment-thumbnail size-thumbnail\" alt=\"\" srcset=\"https:\/\/www.rivera.gub.uy\/portal\/wp-content\/uploads\/2018\/06\/box3-67x94.jpg 67w, https:\/\/www.rivera.gub.uy\/portal\/wp-content\/uploads\/2018\/06\/box3-134x188.jpg 134w, https:\/\/www.rivera.gub.uy\/portal\/wp-content\/uploads\/2018\/06\/box3-768x1075.jpg 768w, https:\/\/www.rivera.gub.uy\/portal\/wp-content\/uploads\/2018\/06\/box3-447x626.jpg 447w, https:\/\/www.rivera.gub.uy\/portal\/wp-content\/uploads\/2018\/06\/box3-820x1148.jpg 820w\" sizes=\"auto, (max-width: 67px) 100vw, 67px\" \/><\/a>\n\t\t\t<\/div><\/figure><figure class='gallery-item'>\n\t\t\t<div class='gallery-icon portrait'>\n\t\t\t\t<a href='https:\/\/www.rivera.gub.uy\/portal\/wp-content\/uploads\/2018\/06\/box4.jpg'><img loading=\"lazy\" decoding=\"async\" width=\"67\" height=\"94\" src=\"https:\/\/www.rivera.gub.uy\/portal\/wp-content\/uploads\/2018\/06\/box4-67x94.jpg\" class=\"attachment-thumbnail size-thumbnail\" alt=\"\" srcset=\"https:\/\/www.rivera.gub.uy\/portal\/wp-content\/uploads\/2018\/06\/box4-67x94.jpg 67w, https:\/\/www.rivera.gub.uy\/portal\/wp-content\/uploads\/2018\/06\/box4-134x188.jpg 134w, https:\/\/www.rivera.gub.uy\/portal\/wp-content\/uploads\/2018\/06\/box4-768x1075.jpg 768w, https:\/\/www.rivera.gub.uy\/portal\/wp-content\/uploads\/2018\/06\/box4-447x626.jpg 447w, https:\/\/www.rivera.gub.uy\/portal\/wp-content\/uploads\/2018\/06\/box4-820x1148.jpg 820w\" sizes=\"auto, (max-width: 67px) 100vw, 67px\" \/><\/a>\n\t\t\t<\/div><\/figure>\n\t\t<\/div>\n\n<p>Ernesto Machado, luchador y organizador del evento manifest\u00f3 que dentro de las peleas dos luchadoras, Mary Villalpando (Tacuaremb\u00f3) y Mayra Fag\u00fandez (Rivera), defender\u00e1n su t\u00edtulo a nivel nacional.<\/p>\n<p>\u201cEstar\u00e1 en la pelea principal el luchador santanense Garragorry, que se enfrentar\u00e1 a un luchador argentino. As\u00ed que esperamos que gane el mejor. Invitamos a todo el p\u00fablico para que apoye este evento ya que las entradas anticipadas est\u00e1n a solamente 150 pesos\u201d, enfatiz\u00f3 Machado.<\/p>\n<p><iframe loading=\"lazy\" width=\"1160\" height=\"653\" src=\"https:\/\/www.youtube.com\/embed\/P8uH3DCQ2Jg?feature=oembed\" frameborder=\"0\" allow=\"autoplay; encrypted-media\" allowfullscreen><\/iframe><\/p>\n","protected":false},"excerpt":{"rendered":"<p>Este s\u00e1bado 9 de junio a las 20 horas en el Club Casa del Empleado, se vivir\u00e1 una noche espectacular de Kick Boxing y MMA, organizado por la Intendencia de Rivera a trav\u00e9s de DGPAS, Divisi\u00f3n Deportes, Kabala Producciones y UDS (Argentina). Estar\u00e1n presentes luchadores de Brasil, Argentina, Chile y Uruguay enfrentados en 7 peleas, [&hellip;]<\/p>\n","protected":false},"author":7,"featured_media":5965,"comment_status":"open","ping_status":"open","sticky":false,"template":"","format":"standard","meta":{"footnotes":""},"categories":[3,1],"tags":[366,47,345,658,36,682,659,683,33],"class_list":["post-5964","post","type-post","status-publish","format-standard","has-post-thumbnail","hentry","category-multimedia","category-novedades","tag-boxeo","tag-deportes","tag-dgpas","tag-duelo","tag-intendencia","tag-kick-boxing","tag-leones","tag-mma","tag-rivera"],"_links":{"self":[{"href":"https:\/\/www.rivera.gub.uy\/portal\/wp-json\/wp\/v2\/posts\/5964","targetHints":{"allow":["GET"]}}],"collection":[{"href":"https:\/\/www.rivera.gub.uy\/portal\/wp-json\/wp\/v2\/posts"}],"about":[{"href":"https:\/\/www.rivera.gub.uy\/portal\/wp-json\/wp\/v2\/types\/post"}],"author":[{"embeddable":true,"href":"https:\/\/www.rivera.gub.uy\/portal\/wp-json\/wp\/v2\/users\/7"}],"replies":[{"embeddable":true,"href":"https:\/\/www.rivera.gub.uy\/portal\/wp-json\/wp\/v2\/comments?post=5964"}],"version-history":[{"count":2,"href":"https:\/\/www.rivera.gub.uy\/portal\/wp-json\/wp\/v2\/posts\/5964\/revisions"}],"predecessor-version":[{"id":5973,"href":"https:\/\/www.rivera.gub.uy\/portal\/wp-json\/wp\/v2\/posts\/5964\/revisions\/5973"}],"wp:featuredmedia":[{"embeddable":true,"href":"https:\/\/www.rivera.gub.uy\/portal\/wp-json\/wp\/v2\/media\/5965"}],"wp:attachment":[{"href":"https:\/\/www.rivera.gub.uy\/portal\/wp-json\/wp\/v2\/media?parent=5964"}],"wp:term":[{"taxonomy":"category","embeddable":true,"href":"https:\/\/www.rivera.gub.uy\/portal\/wp-json\/wp\/v2\/categories?post=5964"},{"taxonomy":"post_tag","embeddable":true,"href":"https:\/\/www.rivera.gub.uy\/portal\/wp-json\/wp\/v2\/tags?post=5964"}],"curies":[{"name":"wp","href":"https:\/\/api.w.org\/{rel}","templated":true}]}}