{"id":5976,"date":"2018-06-08T13:38:06","date_gmt":"2018-06-08T16:38:06","guid":{"rendered":"http:\/\/www.rivera.gub.uy\/portal\/?p=5976"},"modified":"2018-06-22T13:09:25","modified_gmt":"2018-06-22T16:09:25","slug":"refugio-dr-altivo-esteves-se-prepara-para-los-frios-intensos","status":"publish","type":"post","link":"https:\/\/www.rivera.gub.uy\/portal\/refugio-dr-altivo-esteves-se-prepara-para-los-frios-intensos\/","title":{"rendered":"Refugio Dr. Altivo Esteves, se prepara para los fr\u00edos intensos"},"content":{"rendered":"<p>Ayudando a los m\u00e1s necesitados a trav\u00e9s de pol\u00edticas sociales, fortalecemos la ciudadan\u00eda y convivencia de todos los riverenses.<\/p>\n<p>En el marco del lanzamiento del Plan Polar 2018, el director del Refugio Dr. Altivo Esteves, Antonio Da Rosa, explic\u00f3 como se est\u00e1 preparando el Refugio para enfrentar la situaci\u00f3n en esta \u00e9poca del a\u00f1o, d\u00f3nde hay muchas personas que necesitan ayuda.<!--more--><br \/>\nDa Rosa manifest\u00f3 que se est\u00e1 realizando un relevamiento y levantamiento de personas en situaci\u00f3n de calle que necesitan un abrigo, \u201c&#8230;una cama caliente y una cena\u201d.<br \/>\nAfirm\u00f3 que junto a otras Divisiones, se trabaja \u201cfuertemente\u201d para enfrentar la situaci\u00f3n y salvaguardar a los m\u00e1s vulnerables.<\/p>\n<div id='gallery-1' class='gallery galleryid-5976 gallery-columns-2 gallery-size-medium'><figure class='gallery-item'>\n\t\t\t<div class='gallery-icon landscape'>\n\t\t\t\t<a href='https:\/\/www.rivera.gub.uy\/portal\/wp-content\/uploads\/2018\/06\/4-1.jpg'><img loading=\"lazy\" decoding=\"async\" width=\"281\" height=\"188\" src=\"https:\/\/www.rivera.gub.uy\/portal\/wp-content\/uploads\/2018\/06\/4-1-281x188.jpg\" class=\"attachment-medium size-medium\" alt=\"\" srcset=\"https:\/\/www.rivera.gub.uy\/portal\/wp-content\/uploads\/2018\/06\/4-1-281x188.jpg 281w, https:\/\/www.rivera.gub.uy\/portal\/wp-content\/uploads\/2018\/06\/4-1-141x94.jpg 141w, https:\/\/www.rivera.gub.uy\/portal\/wp-content\/uploads\/2018\/06\/4-1-768x513.jpg 768w, https:\/\/www.rivera.gub.uy\/portal\/wp-content\/uploads\/2018\/06\/4-1-936x626.jpg 936w, https:\/\/www.rivera.gub.uy\/portal\/wp-content\/uploads\/2018\/06\/4-1-600x400.jpg 600w, https:\/\/www.rivera.gub.uy\/portal\/wp-content\/uploads\/2018\/06\/4-1-820x548.jpg 820w, https:\/\/www.rivera.gub.uy\/portal\/wp-content\/uploads\/2018\/06\/4-1-272x182.jpg 272w\" sizes=\"auto, (max-width: 281px) 100vw, 281px\" \/><\/a>\n\t\t\t<\/div><\/figure><figure class='gallery-item'>\n\t\t\t<div class='gallery-icon landscape'>\n\t\t\t\t<a href='https:\/\/www.rivera.gub.uy\/portal\/wp-content\/uploads\/2018\/06\/5-1.jpg'><img loading=\"lazy\" decoding=\"async\" width=\"281\" height=\"188\" src=\"https:\/\/www.rivera.gub.uy\/portal\/wp-content\/uploads\/2018\/06\/5-1-281x188.jpg\" class=\"attachment-medium size-medium\" alt=\"\" srcset=\"https:\/\/www.rivera.gub.uy\/portal\/wp-content\/uploads\/2018\/06\/5-1-281x188.jpg 281w, https:\/\/www.rivera.gub.uy\/portal\/wp-content\/uploads\/2018\/06\/5-1-141x94.jpg 141w, https:\/\/www.rivera.gub.uy\/portal\/wp-content\/uploads\/2018\/06\/5-1-768x513.jpg 768w, https:\/\/www.rivera.gub.uy\/portal\/wp-content\/uploads\/2018\/06\/5-1-936x626.jpg 936w, https:\/\/www.rivera.gub.uy\/portal\/wp-content\/uploads\/2018\/06\/5-1-600x400.jpg 600w, https:\/\/www.rivera.gub.uy\/portal\/wp-content\/uploads\/2018\/06\/5-1-820x548.jpg 820w, https:\/\/www.rivera.gub.uy\/portal\/wp-content\/uploads\/2018\/06\/5-1-272x182.jpg 272w\" sizes=\"auto, (max-width: 281px) 100vw, 281px\" \/><\/a>\n\t\t\t<\/div><\/figure>\n\t\t<\/div>\n\n<p>El director del Refugio, indic\u00f3: \u201c Actualmente 28 personas pernoctan en el Refugio, pero esperamos que aumenten por los fr\u00edos y las lluvias.<br \/>\nEn los intensos fr\u00edos permanecemos abiertos las 24 horas, para atender a los que necesitan\u201d, afirm\u00f3.<\/p>\n<p><iframe loading=\"lazy\" width=\"1160\" height=\"653\" src=\"https:\/\/www.youtube.com\/embed\/XQHZCPkhJ6U?feature=oembed\" frameborder=\"0\" allow=\"autoplay; encrypted-media\" allowfullscreen><\/iframe><\/p>\n<p>&nbsp;<\/p>\n","protected":false},"excerpt":{"rendered":"<p>Ayudando a los m\u00e1s necesitados a trav\u00e9s de pol\u00edticas sociales, fortalecemos la ciudadan\u00eda y convivencia de todos los riverenses. En el marco del lanzamiento del Plan Polar 2018, el director del Refugio Dr. Altivo Esteves, Antonio Da Rosa, explic\u00f3 como se est\u00e1 preparando el Refugio para enfrentar la situaci\u00f3n en esta \u00e9poca del a\u00f1o, d\u00f3nde [&hellip;]<\/p>\n","protected":false},"author":7,"featured_media":5960,"comment_status":"open","ping_status":"open","sticky":false,"template":"","format":"standard","meta":{"footnotes":""},"categories":[3,1],"tags":[530,114,36,660,33],"class_list":["post-5976","post","type-post","status-publish","format-standard","has-post-thumbnail","hentry","category-multimedia","category-novedades","tag-ciudadania-y-convivencia","tag-idr","tag-intendencia","tag-refugio","tag-rivera"],"_links":{"self":[{"href":"https:\/\/www.rivera.gub.uy\/portal\/wp-json\/wp\/v2\/posts\/5976","targetHints":{"allow":["GET"]}}],"collection":[{"href":"https:\/\/www.rivera.gub.uy\/portal\/wp-json\/wp\/v2\/posts"}],"about":[{"href":"https:\/\/www.rivera.gub.uy\/portal\/wp-json\/wp\/v2\/types\/post"}],"author":[{"embeddable":true,"href":"https:\/\/www.rivera.gub.uy\/portal\/wp-json\/wp\/v2\/users\/7"}],"replies":[{"embeddable":true,"href":"https:\/\/www.rivera.gub.uy\/portal\/wp-json\/wp\/v2\/comments?post=5976"}],"version-history":[{"count":4,"href":"https:\/\/www.rivera.gub.uy\/portal\/wp-json\/wp\/v2\/posts\/5976\/revisions"}],"predecessor-version":[{"id":5991,"href":"https:\/\/www.rivera.gub.uy\/portal\/wp-json\/wp\/v2\/posts\/5976\/revisions\/5991"}],"wp:featuredmedia":[{"embeddable":true,"href":"https:\/\/www.rivera.gub.uy\/portal\/wp-json\/wp\/v2\/media\/5960"}],"wp:attachment":[{"href":"https:\/\/www.rivera.gub.uy\/portal\/wp-json\/wp\/v2\/media?parent=5976"}],"wp:term":[{"taxonomy":"category","embeddable":true,"href":"https:\/\/www.rivera.gub.uy\/portal\/wp-json\/wp\/v2\/categories?post=5976"},{"taxonomy":"post_tag","embeddable":true,"href":"https:\/\/www.rivera.gub.uy\/portal\/wp-json\/wp\/v2\/tags?post=5976"}],"curies":[{"name":"wp","href":"https:\/\/api.w.org\/{rel}","templated":true}]}}