{"id":59821,"date":"2025-04-02T14:43:04","date_gmt":"2025-04-02T17:43:04","guid":{"rendered":"https:\/\/www.rivera.gub.uy\/portal\/?p=59821"},"modified":"2025-04-02T20:13:34","modified_gmt":"2025-04-02T23:13:34","slug":"obras-que-suman-al-desarrollo-de-las-comunidades","status":"publish","type":"post","link":"https:\/\/www.rivera.gub.uy\/portal\/obras-que-suman-al-desarrollo-de-las-comunidades\/","title":{"rendered":"Obras que suman al Desarrollo de las Comunidades"},"content":{"rendered":"<p>En horas de la tarde del d\u00eda martes 1\u00ba de abril, el intendente de Rivera, Arq. Jos\u00e9 Mazzoni Gollard\u00eda, acompa\u00f1ado por la alcaldesa del municipio de Tranqueras, Sra. Lila Xavier, directores municipales, ediles departamentales, alumnos de ense\u00f1anza primaria y secundaria, representantes del ministerio del Interior, vecinos y funcionarios municipales, procedi\u00f3 a la inauguraci\u00f3n de la obra del Parque Lineal de Tranqueras.<!--more--><\/p>\n<p>El Parque Lineal cuenta con una extensi\u00f3n de 520 metros, conectando el ingreso de Mevir II hasta UTU Tranqueras y a la Escuela N\u00ba 92.<br \/>\nSu construcci\u00f3n incluye una senda peatonal, ciclov\u00eda, se\u00f1alizaci\u00f3n horizontal y vertical, luminarias LED, arbolado y estacionamiento frente a los centros educativos.<\/p>\n<p>En la oportunidad Mazzoni destac\u00f3: \u201cLa comunidad tranquerense est\u00e1 de parabienes; \u00e9ste tipo de ideas tambi\u00e9n son las que suman al desarrollo de las localidades y desde el gobierno departamental por supuesto que vamos a seguir apoyando \u00e9stas iniciativas. Desde el gobierno departamental venimos haciendo una important\u00edsima e hist\u00f3rica inversi\u00f3n en la ciudad de Tranqueras con una cantidad de obras de urbanizaci\u00f3n, pero \u00e9ste tipo de obras que quiz\u00e1 es m\u00e1s chica en tama\u00f1o en dimensi\u00f3n porque son casi 600 metros, con una inversi\u00f3n cercana a los 9 millones de pesos, es de alto impacto y de alto impacto para la escuela, la UTU, para el MEVIR y para todos los vecinos de Tranqueras que hoy pasan a tener un espacio de calidad, un espacio hermoso para la entrada de la ciudad\u201d.<\/p>\n<div id='gallery-1' class='gallery galleryid-59821 gallery-columns-4 gallery-size-thumbnail'><figure class='gallery-item'>\n\t\t\t<div class='gallery-icon landscape'>\n\t\t\t\t<a href='https:\/\/www.rivera.gub.uy\/portal\/wp-content\/uploads\/2025\/04\/ciclovia-tranqueras-scaled.jpg'><img loading=\"lazy\" decoding=\"async\" width=\"144\" height=\"94\" src=\"https:\/\/www.rivera.gub.uy\/portal\/wp-content\/uploads\/2025\/04\/ciclovia-tranqueras-144x94.jpg\" class=\"attachment-thumbnail size-thumbnail\" alt=\"\" srcset=\"https:\/\/www.rivera.gub.uy\/portal\/wp-content\/uploads\/2025\/04\/ciclovia-tranqueras-144x94.jpg 144w, https:\/\/www.rivera.gub.uy\/portal\/wp-content\/uploads\/2025\/04\/ciclovia-tranqueras-288x188.jpg 288w, https:\/\/www.rivera.gub.uy\/portal\/wp-content\/uploads\/2025\/04\/ciclovia-tranqueras-960x626.jpg 960w, https:\/\/www.rivera.gub.uy\/portal\/wp-content\/uploads\/2025\/04\/ciclovia-tranqueras-768x501.jpg 768w, https:\/\/www.rivera.gub.uy\/portal\/wp-content\/uploads\/2025\/04\/ciclovia-tranqueras-1536x1002.jpg 1536w, https:\/\/www.rivera.gub.uy\/portal\/wp-content\/uploads\/2025\/04\/ciclovia-tranqueras-2048x1336.jpg 2048w, https:\/\/www.rivera.gub.uy\/portal\/wp-content\/uploads\/2025\/04\/ciclovia-tranqueras-820x535.jpg 820w\" sizes=\"auto, (max-width: 144px) 100vw, 144px\" \/><\/a>\n\t\t\t<\/div><\/figure><figure class='gallery-item'>\n\t\t\t<div class='gallery-icon landscape'>\n\t\t\t\t<a href='https:\/\/www.rivera.gub.uy\/portal\/wp-content\/uploads\/2025\/04\/ciclovia-tranqueras-2-scaled.jpg'><img loading=\"lazy\" decoding=\"async\" width=\"144\" height=\"94\" src=\"https:\/\/www.rivera.gub.uy\/portal\/wp-content\/uploads\/2025\/04\/ciclovia-tranqueras-2-144x94.jpg\" class=\"attachment-thumbnail size-thumbnail\" alt=\"\" srcset=\"https:\/\/www.rivera.gub.uy\/portal\/wp-content\/uploads\/2025\/04\/ciclovia-tranqueras-2-144x94.jpg 144w, https:\/\/www.rivera.gub.uy\/portal\/wp-content\/uploads\/2025\/04\/ciclovia-tranqueras-2-288x188.jpg 288w, https:\/\/www.rivera.gub.uy\/portal\/wp-content\/uploads\/2025\/04\/ciclovia-tranqueras-2-960x626.jpg 960w, https:\/\/www.rivera.gub.uy\/portal\/wp-content\/uploads\/2025\/04\/ciclovia-tranqueras-2-768x501.jpg 768w, https:\/\/www.rivera.gub.uy\/portal\/wp-content\/uploads\/2025\/04\/ciclovia-tranqueras-2-1536x1002.jpg 1536w, https:\/\/www.rivera.gub.uy\/portal\/wp-content\/uploads\/2025\/04\/ciclovia-tranqueras-2-2048x1336.jpg 2048w, https:\/\/www.rivera.gub.uy\/portal\/wp-content\/uploads\/2025\/04\/ciclovia-tranqueras-2-820x535.jpg 820w\" sizes=\"auto, (max-width: 144px) 100vw, 144px\" \/><\/a>\n\t\t\t<\/div><\/figure><figure class='gallery-item'>\n\t\t\t<div class='gallery-icon landscape'>\n\t\t\t\t<a href='https:\/\/www.rivera.gub.uy\/portal\/wp-content\/uploads\/2025\/04\/ciclovia-tranqueras-3-scaled.jpg'><img loading=\"lazy\" decoding=\"async\" width=\"144\" height=\"94\" src=\"https:\/\/www.rivera.gub.uy\/portal\/wp-content\/uploads\/2025\/04\/ciclovia-tranqueras-3-144x94.jpg\" class=\"attachment-thumbnail size-thumbnail\" alt=\"\" srcset=\"https:\/\/www.rivera.gub.uy\/portal\/wp-content\/uploads\/2025\/04\/ciclovia-tranqueras-3-144x94.jpg 144w, https:\/\/www.rivera.gub.uy\/portal\/wp-content\/uploads\/2025\/04\/ciclovia-tranqueras-3-288x188.jpg 288w, https:\/\/www.rivera.gub.uy\/portal\/wp-content\/uploads\/2025\/04\/ciclovia-tranqueras-3-960x626.jpg 960w, https:\/\/www.rivera.gub.uy\/portal\/wp-content\/uploads\/2025\/04\/ciclovia-tranqueras-3-768x501.jpg 768w, https:\/\/www.rivera.gub.uy\/portal\/wp-content\/uploads\/2025\/04\/ciclovia-tranqueras-3-1536x1002.jpg 1536w, https:\/\/www.rivera.gub.uy\/portal\/wp-content\/uploads\/2025\/04\/ciclovia-tranqueras-3-2048x1336.jpg 2048w, https:\/\/www.rivera.gub.uy\/portal\/wp-content\/uploads\/2025\/04\/ciclovia-tranqueras-3-820x535.jpg 820w\" sizes=\"auto, (max-width: 144px) 100vw, 144px\" \/><\/a>\n\t\t\t<\/div><\/figure><figure class='gallery-item'>\n\t\t\t<div class='gallery-icon landscape'>\n\t\t\t\t<a href='https:\/\/www.rivera.gub.uy\/portal\/wp-content\/uploads\/2025\/04\/ciclovia-tranqueras-4-scaled.jpg'><img loading=\"lazy\" decoding=\"async\" width=\"144\" height=\"94\" src=\"https:\/\/www.rivera.gub.uy\/portal\/wp-content\/uploads\/2025\/04\/ciclovia-tranqueras-4-144x94.jpg\" class=\"attachment-thumbnail size-thumbnail\" alt=\"\" srcset=\"https:\/\/www.rivera.gub.uy\/portal\/wp-content\/uploads\/2025\/04\/ciclovia-tranqueras-4-144x94.jpg 144w, https:\/\/www.rivera.gub.uy\/portal\/wp-content\/uploads\/2025\/04\/ciclovia-tranqueras-4-288x188.jpg 288w, https:\/\/www.rivera.gub.uy\/portal\/wp-content\/uploads\/2025\/04\/ciclovia-tranqueras-4-960x626.jpg 960w, https:\/\/www.rivera.gub.uy\/portal\/wp-content\/uploads\/2025\/04\/ciclovia-tranqueras-4-768x501.jpg 768w, https:\/\/www.rivera.gub.uy\/portal\/wp-content\/uploads\/2025\/04\/ciclovia-tranqueras-4-1536x1002.jpg 1536w, https:\/\/www.rivera.gub.uy\/portal\/wp-content\/uploads\/2025\/04\/ciclovia-tranqueras-4-2048x1336.jpg 2048w, https:\/\/www.rivera.gub.uy\/portal\/wp-content\/uploads\/2025\/04\/ciclovia-tranqueras-4-820x535.jpg 820w\" sizes=\"auto, (max-width: 144px) 100vw, 144px\" \/><\/a>\n\t\t\t<\/div><\/figure><figure class='gallery-item'>\n\t\t\t<div class='gallery-icon portrait'>\n\t\t\t\t<a href='https:\/\/www.rivera.gub.uy\/portal\/wp-content\/uploads\/2025\/04\/ciclovia-tranqueras-5-scaled.jpg'><img loading=\"lazy\" decoding=\"async\" width=\"67\" height=\"94\" src=\"https:\/\/www.rivera.gub.uy\/portal\/wp-content\/uploads\/2025\/04\/ciclovia-tranqueras-5-67x94.jpg\" class=\"attachment-thumbnail size-thumbnail\" alt=\"\" srcset=\"https:\/\/www.rivera.gub.uy\/portal\/wp-content\/uploads\/2025\/04\/ciclovia-tranqueras-5-67x94.jpg 67w, https:\/\/www.rivera.gub.uy\/portal\/wp-content\/uploads\/2025\/04\/ciclovia-tranqueras-5-134x188.jpg 134w, https:\/\/www.rivera.gub.uy\/portal\/wp-content\/uploads\/2025\/04\/ciclovia-tranqueras-5-447x626.jpg 447w, https:\/\/www.rivera.gub.uy\/portal\/wp-content\/uploads\/2025\/04\/ciclovia-tranqueras-5-768x1075.jpg 768w, https:\/\/www.rivera.gub.uy\/portal\/wp-content\/uploads\/2025\/04\/ciclovia-tranqueras-5-1097x1536.jpg 1097w, https:\/\/www.rivera.gub.uy\/portal\/wp-content\/uploads\/2025\/04\/ciclovia-tranqueras-5-1463x2048.jpg 1463w, https:\/\/www.rivera.gub.uy\/portal\/wp-content\/uploads\/2025\/04\/ciclovia-tranqueras-5-820x1148.jpg 820w, https:\/\/www.rivera.gub.uy\/portal\/wp-content\/uploads\/2025\/04\/ciclovia-tranqueras-5-scaled.jpg 1829w\" sizes=\"auto, (max-width: 67px) 100vw, 67px\" \/><\/a>\n\t\t\t<\/div><\/figure><figure class='gallery-item'>\n\t\t\t<div class='gallery-icon landscape'>\n\t\t\t\t<a href='https:\/\/www.rivera.gub.uy\/portal\/wp-content\/uploads\/2025\/04\/ciclovia-tranqueras-6-scaled.jpg'><img loading=\"lazy\" decoding=\"async\" width=\"144\" height=\"94\" src=\"https:\/\/www.rivera.gub.uy\/portal\/wp-content\/uploads\/2025\/04\/ciclovia-tranqueras-6-144x94.jpg\" class=\"attachment-thumbnail size-thumbnail\" alt=\"\" srcset=\"https:\/\/www.rivera.gub.uy\/portal\/wp-content\/uploads\/2025\/04\/ciclovia-tranqueras-6-144x94.jpg 144w, https:\/\/www.rivera.gub.uy\/portal\/wp-content\/uploads\/2025\/04\/ciclovia-tranqueras-6-288x188.jpg 288w, https:\/\/www.rivera.gub.uy\/portal\/wp-content\/uploads\/2025\/04\/ciclovia-tranqueras-6-960x626.jpg 960w, https:\/\/www.rivera.gub.uy\/portal\/wp-content\/uploads\/2025\/04\/ciclovia-tranqueras-6-768x501.jpg 768w, https:\/\/www.rivera.gub.uy\/portal\/wp-content\/uploads\/2025\/04\/ciclovia-tranqueras-6-1536x1002.jpg 1536w, https:\/\/www.rivera.gub.uy\/portal\/wp-content\/uploads\/2025\/04\/ciclovia-tranqueras-6-2048x1336.jpg 2048w, https:\/\/www.rivera.gub.uy\/portal\/wp-content\/uploads\/2025\/04\/ciclovia-tranqueras-6-820x535.jpg 820w\" sizes=\"auto, (max-width: 144px) 100vw, 144px\" \/><\/a>\n\t\t\t<\/div><\/figure><figure class='gallery-item'>\n\t\t\t<div class='gallery-icon landscape'>\n\t\t\t\t<a href='https:\/\/www.rivera.gub.uy\/portal\/wp-content\/uploads\/2025\/04\/ciclovia-tranqueras-7-scaled.jpg'><img loading=\"lazy\" decoding=\"async\" width=\"144\" height=\"94\" src=\"https:\/\/www.rivera.gub.uy\/portal\/wp-content\/uploads\/2025\/04\/ciclovia-tranqueras-7-144x94.jpg\" class=\"attachment-thumbnail size-thumbnail\" alt=\"\" srcset=\"https:\/\/www.rivera.gub.uy\/portal\/wp-content\/uploads\/2025\/04\/ciclovia-tranqueras-7-144x94.jpg 144w, https:\/\/www.rivera.gub.uy\/portal\/wp-content\/uploads\/2025\/04\/ciclovia-tranqueras-7-288x188.jpg 288w, https:\/\/www.rivera.gub.uy\/portal\/wp-content\/uploads\/2025\/04\/ciclovia-tranqueras-7-960x626.jpg 960w, https:\/\/www.rivera.gub.uy\/portal\/wp-content\/uploads\/2025\/04\/ciclovia-tranqueras-7-768x501.jpg 768w, https:\/\/www.rivera.gub.uy\/portal\/wp-content\/uploads\/2025\/04\/ciclovia-tranqueras-7-1536x1002.jpg 1536w, https:\/\/www.rivera.gub.uy\/portal\/wp-content\/uploads\/2025\/04\/ciclovia-tranqueras-7-2048x1336.jpg 2048w, https:\/\/www.rivera.gub.uy\/portal\/wp-content\/uploads\/2025\/04\/ciclovia-tranqueras-7-820x535.jpg 820w\" sizes=\"auto, (max-width: 144px) 100vw, 144px\" \/><\/a>\n\t\t\t<\/div><\/figure><figure class='gallery-item'>\n\t\t\t<div class='gallery-icon landscape'>\n\t\t\t\t<a href='https:\/\/www.rivera.gub.uy\/portal\/wp-content\/uploads\/2025\/04\/ciclovia-tranqueras-8-scaled.jpg'><img loading=\"lazy\" decoding=\"async\" width=\"144\" height=\"94\" src=\"https:\/\/www.rivera.gub.uy\/portal\/wp-content\/uploads\/2025\/04\/ciclovia-tranqueras-8-144x94.jpg\" class=\"attachment-thumbnail size-thumbnail\" alt=\"Ciclov\u00eda Tranqueras\" srcset=\"https:\/\/www.rivera.gub.uy\/portal\/wp-content\/uploads\/2025\/04\/ciclovia-tranqueras-8-144x94.jpg 144w, https:\/\/www.rivera.gub.uy\/portal\/wp-content\/uploads\/2025\/04\/ciclovia-tranqueras-8-288x188.jpg 288w, https:\/\/www.rivera.gub.uy\/portal\/wp-content\/uploads\/2025\/04\/ciclovia-tranqueras-8-960x626.jpg 960w, https:\/\/www.rivera.gub.uy\/portal\/wp-content\/uploads\/2025\/04\/ciclovia-tranqueras-8-768x501.jpg 768w, https:\/\/www.rivera.gub.uy\/portal\/wp-content\/uploads\/2025\/04\/ciclovia-tranqueras-8-1536x1002.jpg 1536w, https:\/\/www.rivera.gub.uy\/portal\/wp-content\/uploads\/2025\/04\/ciclovia-tranqueras-8-2048x1336.jpg 2048w, https:\/\/www.rivera.gub.uy\/portal\/wp-content\/uploads\/2025\/04\/ciclovia-tranqueras-8-820x535.jpg 820w\" sizes=\"auto, (max-width: 144px) 100vw, 144px\" \/><\/a>\n\t\t\t<\/div><\/figure>\n\t\t<\/div>\n\n<p>&nbsp;<\/p>\n","protected":false},"excerpt":{"rendered":"<p>En horas de la tarde del d\u00eda martes 1\u00ba de abril, el intendente de Rivera, Arq. Jos\u00e9 Mazzoni Gollard\u00eda, acompa\u00f1ado por la alcaldesa del municipio de Tranqueras, Sra. Lila Xavier, directores municipales, ediles departamentales, alumnos de ense\u00f1anza primaria y secundaria, representantes del ministerio del Interior, vecinos y funcionarios municipales, procedi\u00f3 a la inauguraci\u00f3n de la [&hellip;]<\/p>\n","protected":false},"author":7,"featured_media":59829,"comment_status":"open","ping_status":"open","sticky":false,"template":"","format":"standard","meta":{"footnotes":""},"categories":[1],"tags":[630,72],"class_list":["post-59821","post","type-post","status-publish","format-standard","has-post-thumbnail","hentry","category-novedades","tag-ciclovia","tag-tranqueras"],"_links":{"self":[{"href":"https:\/\/www.rivera.gub.uy\/portal\/wp-json\/wp\/v2\/posts\/59821","targetHints":{"allow":["GET"]}}],"collection":[{"href":"https:\/\/www.rivera.gub.uy\/portal\/wp-json\/wp\/v2\/posts"}],"about":[{"href":"https:\/\/www.rivera.gub.uy\/portal\/wp-json\/wp\/v2\/types\/post"}],"author":[{"embeddable":true,"href":"https:\/\/www.rivera.gub.uy\/portal\/wp-json\/wp\/v2\/users\/7"}],"replies":[{"embeddable":true,"href":"https:\/\/www.rivera.gub.uy\/portal\/wp-json\/wp\/v2\/comments?post=59821"}],"version-history":[{"count":2,"href":"https:\/\/www.rivera.gub.uy\/portal\/wp-json\/wp\/v2\/posts\/59821\/revisions"}],"predecessor-version":[{"id":59836,"href":"https:\/\/www.rivera.gub.uy\/portal\/wp-json\/wp\/v2\/posts\/59821\/revisions\/59836"}],"wp:featuredmedia":[{"embeddable":true,"href":"https:\/\/www.rivera.gub.uy\/portal\/wp-json\/wp\/v2\/media\/59829"}],"wp:attachment":[{"href":"https:\/\/www.rivera.gub.uy\/portal\/wp-json\/wp\/v2\/media?parent=59821"}],"wp:term":[{"taxonomy":"category","embeddable":true,"href":"https:\/\/www.rivera.gub.uy\/portal\/wp-json\/wp\/v2\/categories?post=59821"},{"taxonomy":"post_tag","embeddable":true,"href":"https:\/\/www.rivera.gub.uy\/portal\/wp-json\/wp\/v2\/tags?post=59821"}],"curies":[{"name":"wp","href":"https:\/\/api.w.org\/{rel}","templated":true}]}}