{"id":60031,"date":"2025-04-19T10:48:18","date_gmt":"2025-04-19T13:48:18","guid":{"rendered":"https:\/\/www.rivera.gub.uy\/portal\/?p=60031"},"modified":"2025-04-21T10:55:21","modified_gmt":"2025-04-21T13:55:21","slug":"200-anos-del-desembarco-de-los-33-orientales","status":"publish","type":"post","link":"https:\/\/www.rivera.gub.uy\/portal\/200-anos-del-desembarco-de-los-33-orientales\/","title":{"rendered":"200 a\u00f1os del Desembarco de los 33 Orientales"},"content":{"rendered":"<p>\u00c9ste s\u00e1bado 19 de abril en el Rinc\u00f3n de la Patria de Plaza Artigas, se realiz\u00f3 el acto conmemorativo a los 200 a\u00f1os del Desembarco de los 33 Orientales, en la playa de La Graciada, costa del R\u00edo Uruguay, departamento de Soriano un 19 de abril de 1825.<!--more--><br \/>\nLa Asociaci\u00f3n Patri\u00f3tica de Rivera realiz\u00f3 la convocatoria a instituciones y p\u00fablico en general para reunirse a la hora 10,00 frente al monumento al Pr\u00f3cer Jos\u00e9 Artigas y rendir homenaje con ofrendas florales recordando la haza\u00f1osa jornada ocurrida hace dos siglos. En la oportunidad el Prof. Jos\u00e9 Sampayo, \u00fanico orador, imparti\u00f3 un discurso de forma elocuente y con estilo elevado, detallando con lujo de detalles los sucesos del inicio de la Cruzada Libertadora.<\/p>\n<p>Destacamos aqu\u00ed la redacci\u00f3n de la oratoria realizada por el Prof. Sampayo:<\/p>\n<p>\u201cIntendente Departamental Arq. Jos\u00e9 Mazzoni Gollard\u00eda, autoridades del ejecutivo y legislativo departamental, representantes nacionales, Asociaci\u00f3n Patri\u00f3tica de Rivera, Ej\u00e9rcito Nacional, Polic\u00eda Nacional , autoridades de las diversas instituciones de ense\u00f1anza, de servicio p\u00fablico y p\u00fablico general aqu\u00ed presentes.<\/p>\n<p>En el d\u00eda de la fecha nos congregamos a recordar y conmemorar un a\u00f1o m\u00e1s que especial, el Bicentenario de la Cruzada libertadora del 19 de abril de 1825.<\/p>\n<p>Este hecho no fue aislado, sino que se enmarca en un proceso de cambios y de transformaciones , en el cual los valientes orientales deseaban salir de la opresi\u00f3n , independizarse y lograr un nuevo Estado.<\/p>\n<p>Antecedentes varios desde el pensamiento humanista, las nuevas ideas, la Ilustraci\u00f3n, que inspiraron movimientos revolucionarios en la b\u00fasqueda del ideal de igualdad y libertad para los pueblos. El suelo donde vivimos hoy siempre vener\u00f3 esta fecha, cuando comienza a pensarse en un primer nombre a la actual Rivera, Arenal Grande estuvo sobre las discusiones y por existir otro sitio ya con esta designaci\u00f3n, Villa Ceballos prevaleci\u00f3.<\/p>\n<p>Si miramos a nuestro alrededor, tanto la calle como la escultura del Gral.Jos\u00e9 Artigas nos indica el h\u00e9roe y pr\u00f3cer que inici\u00f3 este proceso en 1811 contra los espa\u00f1oles , pero que sufre un quiebre importante luego de la invasi\u00f3n portuguesa. Tanto Agraciada, como nombre de la playa donde desembarcaron los 33 orientales ,como Sarand\u00ed, nombre de la batalla librada el 12 de octubre de 1825 con victoria de los orientales frente al Imperio del Brasil marcan dos hitos importantes para la anexi\u00f3n de la Provincia Oriental a las dem\u00e1s Provincias Unidas del R\u00edo de la Plata.<\/p>\n<p>Monse\u00f1or Jacinto Vera por su parte es el s\u00edmbolo de la f\u00e9, la necesidad de los orientales para encontrar valent\u00eda para estos enfrentamientos, donde la iglesia tambi\u00e9n estuvo presente con sus religiosos bendiciendo (precisamente este a\u00f1o coincide con una fecha tan emblem\u00e1tica para la comunidad religiosa, la semana santa).<\/p>\n<p>En cuanto a los hechos, el emperador de Brasil, Don Pedro l, era el soberano del territorio Oriental- denominada Provincia Cisplatina para ese entonces- y en Montevideo hab\u00eda sectores del patriciado afines al Imperio. La campa\u00f1a por su parte, era contra este gobierno.<\/p>\n<p>En ese contexto, se preparaba un levantamiento en secreto desde el otro lado del R\u00edo Uruguay, acaudillado por el coronel Juan Antonio Lavalleja, antiguo oficial del general en jefe Don Jos\u00e9 Artigas\u2019, exiliado en Paraguay desde 1820.<\/p>\n<p>Era una misi\u00f3n extremadamente arriesgada que requer\u00eda de un gran valor y amor a la Patria, era enfrentar a la mayor potencia militar de Am\u00e9rica Latina, con el mayor ej\u00e9rcito y la mayor marina de guerra, solo apenas inferior a los Estados Unidos de aquella \u00e9poca. Juan Spikerman, cronista de la \u2018Cruzada Libertadora\u2019 y uno de los \u201833 Orientales\u2019, escribi\u00f3 en sus \u2018Memorias\u2019 el desarrollo de los hechos: \u2018El d\u00eda 1\u00b0 de abril de 1825, nos embarcamos a las doce de la noche, en la costa de San Isidro, en un lanch\u00f3n, los nueve primeros individuos de la expedici\u00f3n, desembarcando y acampando en una isla formada por un ramal del Paran\u00e1, llamado del Brazo Largo\u2026<\/p>\n<p>Permanecimos en la isla hasta el 18 de abril. En aquella fecha nos embarcamos en los dos lanchones y navegamos durante la noche, hasta ponernos a la vista de la costa Oriental\u201d. Con mucho riesgo, porque tuvieron que evitar a las naves de guerra de la Marina Imperial que patrullaban el R\u00edo Uruguay\u2019.<\/p>\n<p>Hubo momentos de mucho peligro;dice Spikerman: \u2018El 19 de abril, a las 11 de la noche desembarcamos en el Arenal Grande, costa del Uruguay. En ese momento no pudimos menos que besar el suelo de la Patria\u2019, \u2018nuestro Jefe Lavalleja tom\u00f3 la Bandera y dirigi\u00f3 una proclama llena de fuego y patriotismo a la que contestamos con el mismo valor, jurando Libertad o Muerte\u2019.<\/p>\n<p>Era tan grande el deseo de estos patriotas que juraron la libertad y muerte en esta cruzada contra el Imperio, el dominador, el opresor en tierras orientales.<\/p>\n<p>A partir de este hecho se emprendieron diversas acciones como por ejemplo la Declaratoria de la Independencia del 25 de Agosto, diversas batallas y negociaciones que derivaron en nuestros gobiernos y en nuestra constituci\u00f3n. Por eso os invito, a recordar y enaltecer esta fecha, donde los patriotas orientales fueron tras sus anhelos, sus deseos, su territorio. Nunca dejemos de luchar por nuestras causas, la del pr\u00f3jimo, la de la sociedad que quiere ser justa y equitativa. Seamos comprometidos por el bien com\u00fan, por la libertad y el progreso de nuestro pueblo. Muchas gracias.\u201d<\/p>\n<div id='gallery-1' class='gallery galleryid-60031 gallery-columns-5 gallery-size-thumbnail'><figure class='gallery-item'>\n\t\t\t<div class='gallery-icon landscape'>\n\t\t\t\t<a href='https:\/\/www.rivera.gub.uy\/portal\/wp-content\/uploads\/2025\/04\/cruzada-scaled.jpg'><img loading=\"lazy\" decoding=\"async\" width=\"132\" height=\"94\" src=\"https:\/\/www.rivera.gub.uy\/portal\/wp-content\/uploads\/2025\/04\/cruzada-132x94.jpg\" class=\"attachment-thumbnail size-thumbnail\" alt=\"\" srcset=\"https:\/\/www.rivera.gub.uy\/portal\/wp-content\/uploads\/2025\/04\/cruzada-132x94.jpg 132w, https:\/\/www.rivera.gub.uy\/portal\/wp-content\/uploads\/2025\/04\/cruzada-263x188.jpg 263w, https:\/\/www.rivera.gub.uy\/portal\/wp-content\/uploads\/2025\/04\/cruzada-876x626.jpg 876w, https:\/\/www.rivera.gub.uy\/portal\/wp-content\/uploads\/2025\/04\/cruzada-768x549.jpg 768w, https:\/\/www.rivera.gub.uy\/portal\/wp-content\/uploads\/2025\/04\/cruzada-1536x1097.jpg 1536w, https:\/\/www.rivera.gub.uy\/portal\/wp-content\/uploads\/2025\/04\/cruzada-2048x1463.jpg 2048w, https:\/\/www.rivera.gub.uy\/portal\/wp-content\/uploads\/2025\/04\/cruzada-820x586.jpg 820w\" sizes=\"auto, (max-width: 132px) 100vw, 132px\" \/><\/a>\n\t\t\t<\/div><\/figure><figure class='gallery-item'>\n\t\t\t<div class='gallery-icon landscape'>\n\t\t\t\t<a href='https:\/\/www.rivera.gub.uy\/portal\/wp-content\/uploads\/2025\/04\/cruzada-2-scaled.jpg'><img loading=\"lazy\" decoding=\"async\" width=\"132\" height=\"94\" src=\"https:\/\/www.rivera.gub.uy\/portal\/wp-content\/uploads\/2025\/04\/cruzada-2-132x94.jpg\" class=\"attachment-thumbnail size-thumbnail\" alt=\"\" srcset=\"https:\/\/www.rivera.gub.uy\/portal\/wp-content\/uploads\/2025\/04\/cruzada-2-132x94.jpg 132w, https:\/\/www.rivera.gub.uy\/portal\/wp-content\/uploads\/2025\/04\/cruzada-2-263x188.jpg 263w, https:\/\/www.rivera.gub.uy\/portal\/wp-content\/uploads\/2025\/04\/cruzada-2-876x626.jpg 876w, https:\/\/www.rivera.gub.uy\/portal\/wp-content\/uploads\/2025\/04\/cruzada-2-768x549.jpg 768w, https:\/\/www.rivera.gub.uy\/portal\/wp-content\/uploads\/2025\/04\/cruzada-2-1536x1097.jpg 1536w, https:\/\/www.rivera.gub.uy\/portal\/wp-content\/uploads\/2025\/04\/cruzada-2-2048x1463.jpg 2048w, https:\/\/www.rivera.gub.uy\/portal\/wp-content\/uploads\/2025\/04\/cruzada-2-820x586.jpg 820w\" sizes=\"auto, (max-width: 132px) 100vw, 132px\" \/><\/a>\n\t\t\t<\/div><\/figure><figure class='gallery-item'>\n\t\t\t<div class='gallery-icon landscape'>\n\t\t\t\t<a href='https:\/\/www.rivera.gub.uy\/portal\/wp-content\/uploads\/2025\/04\/cruzada-3-scaled.jpg'><img loading=\"lazy\" decoding=\"async\" width=\"132\" height=\"94\" src=\"https:\/\/www.rivera.gub.uy\/portal\/wp-content\/uploads\/2025\/04\/cruzada-3-132x94.jpg\" class=\"attachment-thumbnail size-thumbnail\" alt=\"\" srcset=\"https:\/\/www.rivera.gub.uy\/portal\/wp-content\/uploads\/2025\/04\/cruzada-3-132x94.jpg 132w, https:\/\/www.rivera.gub.uy\/portal\/wp-content\/uploads\/2025\/04\/cruzada-3-263x188.jpg 263w, https:\/\/www.rivera.gub.uy\/portal\/wp-content\/uploads\/2025\/04\/cruzada-3-876x626.jpg 876w, https:\/\/www.rivera.gub.uy\/portal\/wp-content\/uploads\/2025\/04\/cruzada-3-768x549.jpg 768w, https:\/\/www.rivera.gub.uy\/portal\/wp-content\/uploads\/2025\/04\/cruzada-3-1536x1097.jpg 1536w, https:\/\/www.rivera.gub.uy\/portal\/wp-content\/uploads\/2025\/04\/cruzada-3-2048x1463.jpg 2048w, https:\/\/www.rivera.gub.uy\/portal\/wp-content\/uploads\/2025\/04\/cruzada-3-820x586.jpg 820w\" sizes=\"auto, (max-width: 132px) 100vw, 132px\" \/><\/a>\n\t\t\t<\/div><\/figure><figure class='gallery-item'>\n\t\t\t<div class='gallery-icon landscape'>\n\t\t\t\t<a href='https:\/\/www.rivera.gub.uy\/portal\/wp-content\/uploads\/2025\/04\/cruzada-4-scaled.jpg'><img loading=\"lazy\" decoding=\"async\" width=\"144\" height=\"94\" src=\"https:\/\/www.rivera.gub.uy\/portal\/wp-content\/uploads\/2025\/04\/cruzada-4-144x94.jpg\" class=\"attachment-thumbnail size-thumbnail\" alt=\"\" srcset=\"https:\/\/www.rivera.gub.uy\/portal\/wp-content\/uploads\/2025\/04\/cruzada-4-144x94.jpg 144w, https:\/\/www.rivera.gub.uy\/portal\/wp-content\/uploads\/2025\/04\/cruzada-4-288x188.jpg 288w, https:\/\/www.rivera.gub.uy\/portal\/wp-content\/uploads\/2025\/04\/cruzada-4-960x626.jpg 960w, https:\/\/www.rivera.gub.uy\/portal\/wp-content\/uploads\/2025\/04\/cruzada-4-768x501.jpg 768w, https:\/\/www.rivera.gub.uy\/portal\/wp-content\/uploads\/2025\/04\/cruzada-4-1536x1002.jpg 1536w, https:\/\/www.rivera.gub.uy\/portal\/wp-content\/uploads\/2025\/04\/cruzada-4-2048x1336.jpg 2048w, https:\/\/www.rivera.gub.uy\/portal\/wp-content\/uploads\/2025\/04\/cruzada-4-820x535.jpg 820w\" sizes=\"auto, (max-width: 144px) 100vw, 144px\" \/><\/a>\n\t\t\t<\/div><\/figure><figure class='gallery-item'>\n\t\t\t<div class='gallery-icon landscape'>\n\t\t\t\t<a href='https:\/\/www.rivera.gub.uy\/portal\/wp-content\/uploads\/2025\/04\/cruzada-5-scaled.jpg'><img loading=\"lazy\" decoding=\"async\" width=\"144\" height=\"94\" src=\"https:\/\/www.rivera.gub.uy\/portal\/wp-content\/uploads\/2025\/04\/cruzada-5-144x94.jpg\" class=\"attachment-thumbnail size-thumbnail\" alt=\"\" srcset=\"https:\/\/www.rivera.gub.uy\/portal\/wp-content\/uploads\/2025\/04\/cruzada-5-144x94.jpg 144w, https:\/\/www.rivera.gub.uy\/portal\/wp-content\/uploads\/2025\/04\/cruzada-5-288x188.jpg 288w, https:\/\/www.rivera.gub.uy\/portal\/wp-content\/uploads\/2025\/04\/cruzada-5-960x626.jpg 960w, https:\/\/www.rivera.gub.uy\/portal\/wp-content\/uploads\/2025\/04\/cruzada-5-768x501.jpg 768w, https:\/\/www.rivera.gub.uy\/portal\/wp-content\/uploads\/2025\/04\/cruzada-5-1536x1002.jpg 1536w, https:\/\/www.rivera.gub.uy\/portal\/wp-content\/uploads\/2025\/04\/cruzada-5-2048x1336.jpg 2048w, https:\/\/www.rivera.gub.uy\/portal\/wp-content\/uploads\/2025\/04\/cruzada-5-820x535.jpg 820w\" sizes=\"auto, (max-width: 144px) 100vw, 144px\" \/><\/a>\n\t\t\t<\/div><\/figure><figure class='gallery-item'>\n\t\t\t<div class='gallery-icon landscape'>\n\t\t\t\t<a href='https:\/\/www.rivera.gub.uy\/portal\/wp-content\/uploads\/2025\/04\/cruzada-6-scaled.jpg'><img loading=\"lazy\" decoding=\"async\" width=\"144\" height=\"94\" src=\"https:\/\/www.rivera.gub.uy\/portal\/wp-content\/uploads\/2025\/04\/cruzada-6-144x94.jpg\" class=\"attachment-thumbnail size-thumbnail\" alt=\"\" srcset=\"https:\/\/www.rivera.gub.uy\/portal\/wp-content\/uploads\/2025\/04\/cruzada-6-144x94.jpg 144w, https:\/\/www.rivera.gub.uy\/portal\/wp-content\/uploads\/2025\/04\/cruzada-6-288x188.jpg 288w, https:\/\/www.rivera.gub.uy\/portal\/wp-content\/uploads\/2025\/04\/cruzada-6-960x626.jpg 960w, https:\/\/www.rivera.gub.uy\/portal\/wp-content\/uploads\/2025\/04\/cruzada-6-768x501.jpg 768w, https:\/\/www.rivera.gub.uy\/portal\/wp-content\/uploads\/2025\/04\/cruzada-6-1536x1002.jpg 1536w, https:\/\/www.rivera.gub.uy\/portal\/wp-content\/uploads\/2025\/04\/cruzada-6-2048x1336.jpg 2048w, https:\/\/www.rivera.gub.uy\/portal\/wp-content\/uploads\/2025\/04\/cruzada-6-820x535.jpg 820w\" sizes=\"auto, (max-width: 144px) 100vw, 144px\" \/><\/a>\n\t\t\t<\/div><\/figure><figure class='gallery-item'>\n\t\t\t<div class='gallery-icon landscape'>\n\t\t\t\t<a href='https:\/\/www.rivera.gub.uy\/portal\/wp-content\/uploads\/2025\/04\/cruzada-7-scaled.jpg'><img loading=\"lazy\" decoding=\"async\" width=\"144\" height=\"94\" src=\"https:\/\/www.rivera.gub.uy\/portal\/wp-content\/uploads\/2025\/04\/cruzada-7-144x94.jpg\" class=\"attachment-thumbnail size-thumbnail\" alt=\"\" srcset=\"https:\/\/www.rivera.gub.uy\/portal\/wp-content\/uploads\/2025\/04\/cruzada-7-144x94.jpg 144w, https:\/\/www.rivera.gub.uy\/portal\/wp-content\/uploads\/2025\/04\/cruzada-7-288x188.jpg 288w, https:\/\/www.rivera.gub.uy\/portal\/wp-content\/uploads\/2025\/04\/cruzada-7-960x626.jpg 960w, https:\/\/www.rivera.gub.uy\/portal\/wp-content\/uploads\/2025\/04\/cruzada-7-768x501.jpg 768w, https:\/\/www.rivera.gub.uy\/portal\/wp-content\/uploads\/2025\/04\/cruzada-7-1536x1002.jpg 1536w, https:\/\/www.rivera.gub.uy\/portal\/wp-content\/uploads\/2025\/04\/cruzada-7-2048x1336.jpg 2048w, https:\/\/www.rivera.gub.uy\/portal\/wp-content\/uploads\/2025\/04\/cruzada-7-820x535.jpg 820w\" sizes=\"auto, (max-width: 144px) 100vw, 144px\" \/><\/a>\n\t\t\t<\/div><\/figure><figure class='gallery-item'>\n\t\t\t<div class='gallery-icon portrait'>\n\t\t\t\t<a href='https:\/\/www.rivera.gub.uy\/portal\/wp-content\/uploads\/2025\/04\/cruzada-8-scaled.jpg'><img loading=\"lazy\" decoding=\"async\" width=\"63\" height=\"94\" src=\"https:\/\/www.rivera.gub.uy\/portal\/wp-content\/uploads\/2025\/04\/cruzada-8-63x94.jpg\" class=\"attachment-thumbnail size-thumbnail\" alt=\"\" srcset=\"https:\/\/www.rivera.gub.uy\/portal\/wp-content\/uploads\/2025\/04\/cruzada-8-63x94.jpg 63w, https:\/\/www.rivera.gub.uy\/portal\/wp-content\/uploads\/2025\/04\/cruzada-8-125x188.jpg 125w, https:\/\/www.rivera.gub.uy\/portal\/wp-content\/uploads\/2025\/04\/cruzada-8-417x626.jpg 417w, https:\/\/www.rivera.gub.uy\/portal\/wp-content\/uploads\/2025\/04\/cruzada-8-768x1152.jpg 768w, https:\/\/www.rivera.gub.uy\/portal\/wp-content\/uploads\/2025\/04\/cruzada-8-1024x1536.jpg 1024w, https:\/\/www.rivera.gub.uy\/portal\/wp-content\/uploads\/2025\/04\/cruzada-8-1365x2048.jpg 1365w, https:\/\/www.rivera.gub.uy\/portal\/wp-content\/uploads\/2025\/04\/cruzada-8-820x1230.jpg 820w, https:\/\/www.rivera.gub.uy\/portal\/wp-content\/uploads\/2025\/04\/cruzada-8-scaled.jpg 1707w\" sizes=\"auto, (max-width: 63px) 100vw, 63px\" \/><\/a>\n\t\t\t<\/div><\/figure><figure class='gallery-item'>\n\t\t\t<div class='gallery-icon portrait'>\n\t\t\t\t<a href='https:\/\/www.rivera.gub.uy\/portal\/wp-content\/uploads\/2025\/04\/cruzada-9-scaled.jpg'><img loading=\"lazy\" decoding=\"async\" width=\"61\" height=\"94\" src=\"https:\/\/www.rivera.gub.uy\/portal\/wp-content\/uploads\/2025\/04\/cruzada-9-61x94.jpg\" class=\"attachment-thumbnail size-thumbnail\" alt=\"\" srcset=\"https:\/\/www.rivera.gub.uy\/portal\/wp-content\/uploads\/2025\/04\/cruzada-9-61x94.jpg 61w, https:\/\/www.rivera.gub.uy\/portal\/wp-content\/uploads\/2025\/04\/cruzada-9-123x188.jpg 123w, https:\/\/www.rivera.gub.uy\/portal\/wp-content\/uploads\/2025\/04\/cruzada-9-408x626.jpg 408w, https:\/\/www.rivera.gub.uy\/portal\/wp-content\/uploads\/2025\/04\/cruzada-9-768x1178.jpg 768w, https:\/\/www.rivera.gub.uy\/portal\/wp-content\/uploads\/2025\/04\/cruzada-9-1002x1536.jpg 1002w, https:\/\/www.rivera.gub.uy\/portal\/wp-content\/uploads\/2025\/04\/cruzada-9-1336x2048.jpg 1336w, https:\/\/www.rivera.gub.uy\/portal\/wp-content\/uploads\/2025\/04\/cruzada-9-820x1257.jpg 820w, https:\/\/www.rivera.gub.uy\/portal\/wp-content\/uploads\/2025\/04\/cruzada-9-scaled.jpg 1670w\" sizes=\"auto, (max-width: 61px) 100vw, 61px\" \/><\/a>\n\t\t\t<\/div><\/figure><figure class='gallery-item'>\n\t\t\t<div class='gallery-icon landscape'>\n\t\t\t\t<a href='https:\/\/www.rivera.gub.uy\/portal\/wp-content\/uploads\/2025\/04\/cruzada-10-scaled.jpg'><img loading=\"lazy\" decoding=\"async\" width=\"144\" height=\"94\" src=\"https:\/\/www.rivera.gub.uy\/portal\/wp-content\/uploads\/2025\/04\/cruzada-10-144x94.jpg\" class=\"attachment-thumbnail size-thumbnail\" alt=\"\" srcset=\"https:\/\/www.rivera.gub.uy\/portal\/wp-content\/uploads\/2025\/04\/cruzada-10-144x94.jpg 144w, https:\/\/www.rivera.gub.uy\/portal\/wp-content\/uploads\/2025\/04\/cruzada-10-288x188.jpg 288w, https:\/\/www.rivera.gub.uy\/portal\/wp-content\/uploads\/2025\/04\/cruzada-10-960x626.jpg 960w, https:\/\/www.rivera.gub.uy\/portal\/wp-content\/uploads\/2025\/04\/cruzada-10-768x501.jpg 768w, https:\/\/www.rivera.gub.uy\/portal\/wp-content\/uploads\/2025\/04\/cruzada-10-1536x1002.jpg 1536w, https:\/\/www.rivera.gub.uy\/portal\/wp-content\/uploads\/2025\/04\/cruzada-10-2048x1336.jpg 2048w, https:\/\/www.rivera.gub.uy\/portal\/wp-content\/uploads\/2025\/04\/cruzada-10-820x535.jpg 820w\" sizes=\"auto, (max-width: 144px) 100vw, 144px\" \/><\/a>\n\t\t\t<\/div><\/figure><figure class='gallery-item'>\n\t\t\t<div class='gallery-icon landscape'>\n\t\t\t\t<a href='https:\/\/www.rivera.gub.uy\/portal\/wp-content\/uploads\/2025\/04\/cruzada-11-scaled.jpg'><img loading=\"lazy\" decoding=\"async\" width=\"144\" height=\"94\" src=\"https:\/\/www.rivera.gub.uy\/portal\/wp-content\/uploads\/2025\/04\/cruzada-11-144x94.jpg\" class=\"attachment-thumbnail size-thumbnail\" alt=\"\" srcset=\"https:\/\/www.rivera.gub.uy\/portal\/wp-content\/uploads\/2025\/04\/cruzada-11-144x94.jpg 144w, https:\/\/www.rivera.gub.uy\/portal\/wp-content\/uploads\/2025\/04\/cruzada-11-288x188.jpg 288w, https:\/\/www.rivera.gub.uy\/portal\/wp-content\/uploads\/2025\/04\/cruzada-11-960x626.jpg 960w, https:\/\/www.rivera.gub.uy\/portal\/wp-content\/uploads\/2025\/04\/cruzada-11-768x501.jpg 768w, https:\/\/www.rivera.gub.uy\/portal\/wp-content\/uploads\/2025\/04\/cruzada-11-1536x1002.jpg 1536w, https:\/\/www.rivera.gub.uy\/portal\/wp-content\/uploads\/2025\/04\/cruzada-11-2048x1336.jpg 2048w, https:\/\/www.rivera.gub.uy\/portal\/wp-content\/uploads\/2025\/04\/cruzada-11-820x535.jpg 820w\" sizes=\"auto, (max-width: 144px) 100vw, 144px\" \/><\/a>\n\t\t\t<\/div><\/figure><figure class='gallery-item'>\n\t\t\t<div class='gallery-icon portrait'>\n\t\t\t\t<a href='https:\/\/www.rivera.gub.uy\/portal\/wp-content\/uploads\/2025\/04\/cruzada-12-scaled.jpg'><img loading=\"lazy\" decoding=\"async\" width=\"61\" height=\"94\" src=\"https:\/\/www.rivera.gub.uy\/portal\/wp-content\/uploads\/2025\/04\/cruzada-12-61x94.jpg\" class=\"attachment-thumbnail size-thumbnail\" alt=\"\" srcset=\"https:\/\/www.rivera.gub.uy\/portal\/wp-content\/uploads\/2025\/04\/cruzada-12-61x94.jpg 61w, https:\/\/www.rivera.gub.uy\/portal\/wp-content\/uploads\/2025\/04\/cruzada-12-123x188.jpg 123w, https:\/\/www.rivera.gub.uy\/portal\/wp-content\/uploads\/2025\/04\/cruzada-12-408x626.jpg 408w, https:\/\/www.rivera.gub.uy\/portal\/wp-content\/uploads\/2025\/04\/cruzada-12-768x1178.jpg 768w, https:\/\/www.rivera.gub.uy\/portal\/wp-content\/uploads\/2025\/04\/cruzada-12-1002x1536.jpg 1002w, https:\/\/www.rivera.gub.uy\/portal\/wp-content\/uploads\/2025\/04\/cruzada-12-1336x2048.jpg 1336w, https:\/\/www.rivera.gub.uy\/portal\/wp-content\/uploads\/2025\/04\/cruzada-12-820x1257.jpg 820w, https:\/\/www.rivera.gub.uy\/portal\/wp-content\/uploads\/2025\/04\/cruzada-12-scaled.jpg 1670w\" sizes=\"auto, (max-width: 61px) 100vw, 61px\" \/><\/a>\n\t\t\t<\/div><\/figure><figure class='gallery-item'>\n\t\t\t<div class='gallery-icon landscape'>\n\t\t\t\t<a href='https:\/\/www.rivera.gub.uy\/portal\/wp-content\/uploads\/2025\/04\/cruzada-13-scaled.jpg'><img loading=\"lazy\" decoding=\"async\" width=\"144\" height=\"94\" src=\"https:\/\/www.rivera.gub.uy\/portal\/wp-content\/uploads\/2025\/04\/cruzada-13-144x94.jpg\" class=\"attachment-thumbnail size-thumbnail\" alt=\"\" srcset=\"https:\/\/www.rivera.gub.uy\/portal\/wp-content\/uploads\/2025\/04\/cruzada-13-144x94.jpg 144w, https:\/\/www.rivera.gub.uy\/portal\/wp-content\/uploads\/2025\/04\/cruzada-13-288x188.jpg 288w, https:\/\/www.rivera.gub.uy\/portal\/wp-content\/uploads\/2025\/04\/cruzada-13-960x626.jpg 960w, https:\/\/www.rivera.gub.uy\/portal\/wp-content\/uploads\/2025\/04\/cruzada-13-768x501.jpg 768w, https:\/\/www.rivera.gub.uy\/portal\/wp-content\/uploads\/2025\/04\/cruzada-13-1536x1002.jpg 1536w, https:\/\/www.rivera.gub.uy\/portal\/wp-content\/uploads\/2025\/04\/cruzada-13-2048x1336.jpg 2048w, https:\/\/www.rivera.gub.uy\/portal\/wp-content\/uploads\/2025\/04\/cruzada-13-820x535.jpg 820w\" sizes=\"auto, (max-width: 144px) 100vw, 144px\" \/><\/a>\n\t\t\t<\/div><\/figure><figure class='gallery-item'>\n\t\t\t<div class='gallery-icon landscape'>\n\t\t\t\t<a href='https:\/\/www.rivera.gub.uy\/portal\/wp-content\/uploads\/2025\/04\/cruzada-14-scaled.jpg'><img loading=\"lazy\" decoding=\"async\" width=\"144\" height=\"94\" src=\"https:\/\/www.rivera.gub.uy\/portal\/wp-content\/uploads\/2025\/04\/cruzada-14-144x94.jpg\" class=\"attachment-thumbnail size-thumbnail\" alt=\"Cruzada Libertadora\" srcset=\"https:\/\/www.rivera.gub.uy\/portal\/wp-content\/uploads\/2025\/04\/cruzada-14-144x94.jpg 144w, https:\/\/www.rivera.gub.uy\/portal\/wp-content\/uploads\/2025\/04\/cruzada-14-288x188.jpg 288w, https:\/\/www.rivera.gub.uy\/portal\/wp-content\/uploads\/2025\/04\/cruzada-14-960x626.jpg 960w, https:\/\/www.rivera.gub.uy\/portal\/wp-content\/uploads\/2025\/04\/cruzada-14-768x501.jpg 768w, https:\/\/www.rivera.gub.uy\/portal\/wp-content\/uploads\/2025\/04\/cruzada-14-1536x1002.jpg 1536w, https:\/\/www.rivera.gub.uy\/portal\/wp-content\/uploads\/2025\/04\/cruzada-14-2048x1336.jpg 2048w, https:\/\/www.rivera.gub.uy\/portal\/wp-content\/uploads\/2025\/04\/cruzada-14-820x535.jpg 820w\" sizes=\"auto, (max-width: 144px) 100vw, 144px\" \/><\/a>\n\t\t\t<\/div><\/figure><figure class='gallery-item'>\n\t\t\t<div class='gallery-icon portrait'>\n\t\t\t\t<a href='https:\/\/www.rivera.gub.uy\/portal\/wp-content\/uploads\/2025\/04\/cruzada-15-scaled.jpg'><img loading=\"lazy\" decoding=\"async\" width=\"61\" height=\"94\" src=\"https:\/\/www.rivera.gub.uy\/portal\/wp-content\/uploads\/2025\/04\/cruzada-15-61x94.jpg\" class=\"attachment-thumbnail size-thumbnail\" alt=\"\" srcset=\"https:\/\/www.rivera.gub.uy\/portal\/wp-content\/uploads\/2025\/04\/cruzada-15-61x94.jpg 61w, https:\/\/www.rivera.gub.uy\/portal\/wp-content\/uploads\/2025\/04\/cruzada-15-123x188.jpg 123w, https:\/\/www.rivera.gub.uy\/portal\/wp-content\/uploads\/2025\/04\/cruzada-15-408x626.jpg 408w, https:\/\/www.rivera.gub.uy\/portal\/wp-content\/uploads\/2025\/04\/cruzada-15-768x1178.jpg 768w, https:\/\/www.rivera.gub.uy\/portal\/wp-content\/uploads\/2025\/04\/cruzada-15-1002x1536.jpg 1002w, https:\/\/www.rivera.gub.uy\/portal\/wp-content\/uploads\/2025\/04\/cruzada-15-1336x2048.jpg 1336w, https:\/\/www.rivera.gub.uy\/portal\/wp-content\/uploads\/2025\/04\/cruzada-15-820x1257.jpg 820w, https:\/\/www.rivera.gub.uy\/portal\/wp-content\/uploads\/2025\/04\/cruzada-15-scaled.jpg 1670w\" sizes=\"auto, (max-width: 61px) 100vw, 61px\" \/><\/a>\n\t\t\t<\/div><\/figure><figure class='gallery-item'>\n\t\t\t<div class='gallery-icon landscape'>\n\t\t\t\t<a href='https:\/\/www.rivera.gub.uy\/portal\/wp-content\/uploads\/2025\/04\/cruzada-16-scaled.jpg'><img loading=\"lazy\" decoding=\"async\" width=\"144\" height=\"94\" src=\"https:\/\/www.rivera.gub.uy\/portal\/wp-content\/uploads\/2025\/04\/cruzada-16-144x94.jpg\" class=\"attachment-thumbnail size-thumbnail\" alt=\"\" srcset=\"https:\/\/www.rivera.gub.uy\/portal\/wp-content\/uploads\/2025\/04\/cruzada-16-144x94.jpg 144w, https:\/\/www.rivera.gub.uy\/portal\/wp-content\/uploads\/2025\/04\/cruzada-16-288x188.jpg 288w, https:\/\/www.rivera.gub.uy\/portal\/wp-content\/uploads\/2025\/04\/cruzada-16-960x626.jpg 960w, https:\/\/www.rivera.gub.uy\/portal\/wp-content\/uploads\/2025\/04\/cruzada-16-768x501.jpg 768w, https:\/\/www.rivera.gub.uy\/portal\/wp-content\/uploads\/2025\/04\/cruzada-16-1536x1002.jpg 1536w, https:\/\/www.rivera.gub.uy\/portal\/wp-content\/uploads\/2025\/04\/cruzada-16-2048x1336.jpg 2048w, https:\/\/www.rivera.gub.uy\/portal\/wp-content\/uploads\/2025\/04\/cruzada-16-820x535.jpg 820w\" sizes=\"auto, (max-width: 144px) 100vw, 144px\" \/><\/a>\n\t\t\t<\/div><\/figure><figure class='gallery-item'>\n\t\t\t<div class='gallery-icon landscape'>\n\t\t\t\t<a href='https:\/\/www.rivera.gub.uy\/portal\/wp-content\/uploads\/2025\/04\/cruzada-17-scaled.jpg'><img loading=\"lazy\" decoding=\"async\" width=\"144\" height=\"94\" src=\"https:\/\/www.rivera.gub.uy\/portal\/wp-content\/uploads\/2025\/04\/cruzada-17-144x94.jpg\" class=\"attachment-thumbnail size-thumbnail\" alt=\"\" srcset=\"https:\/\/www.rivera.gub.uy\/portal\/wp-content\/uploads\/2025\/04\/cruzada-17-144x94.jpg 144w, https:\/\/www.rivera.gub.uy\/portal\/wp-content\/uploads\/2025\/04\/cruzada-17-288x188.jpg 288w, https:\/\/www.rivera.gub.uy\/portal\/wp-content\/uploads\/2025\/04\/cruzada-17-960x626.jpg 960w, https:\/\/www.rivera.gub.uy\/portal\/wp-content\/uploads\/2025\/04\/cruzada-17-768x501.jpg 768w, https:\/\/www.rivera.gub.uy\/portal\/wp-content\/uploads\/2025\/04\/cruzada-17-1536x1002.jpg 1536w, https:\/\/www.rivera.gub.uy\/portal\/wp-content\/uploads\/2025\/04\/cruzada-17-2048x1336.jpg 2048w, https:\/\/www.rivera.gub.uy\/portal\/wp-content\/uploads\/2025\/04\/cruzada-17-820x535.jpg 820w\" sizes=\"auto, (max-width: 144px) 100vw, 144px\" \/><\/a>\n\t\t\t<\/div><\/figure><figure class='gallery-item'>\n\t\t\t<div class='gallery-icon landscape'>\n\t\t\t\t<a href='https:\/\/www.rivera.gub.uy\/portal\/wp-content\/uploads\/2025\/04\/cruzada-18-scaled.jpg'><img loading=\"lazy\" decoding=\"async\" width=\"144\" height=\"94\" src=\"https:\/\/www.rivera.gub.uy\/portal\/wp-content\/uploads\/2025\/04\/cruzada-18-144x94.jpg\" class=\"attachment-thumbnail size-thumbnail\" alt=\"\" srcset=\"https:\/\/www.rivera.gub.uy\/portal\/wp-content\/uploads\/2025\/04\/cruzada-18-144x94.jpg 144w, https:\/\/www.rivera.gub.uy\/portal\/wp-content\/uploads\/2025\/04\/cruzada-18-288x188.jpg 288w, https:\/\/www.rivera.gub.uy\/portal\/wp-content\/uploads\/2025\/04\/cruzada-18-960x626.jpg 960w, https:\/\/www.rivera.gub.uy\/portal\/wp-content\/uploads\/2025\/04\/cruzada-18-768x501.jpg 768w, https:\/\/www.rivera.gub.uy\/portal\/wp-content\/uploads\/2025\/04\/cruzada-18-1536x1002.jpg 1536w, https:\/\/www.rivera.gub.uy\/portal\/wp-content\/uploads\/2025\/04\/cruzada-18-2048x1336.jpg 2048w, https:\/\/www.rivera.gub.uy\/portal\/wp-content\/uploads\/2025\/04\/cruzada-18-820x535.jpg 820w\" sizes=\"auto, (max-width: 144px) 100vw, 144px\" \/><\/a>\n\t\t\t<\/div><\/figure><figure class='gallery-item'>\n\t\t\t<div class='gallery-icon landscape'>\n\t\t\t\t<a href='https:\/\/www.rivera.gub.uy\/portal\/wp-content\/uploads\/2025\/04\/cruzada-19-scaled.jpg'><img loading=\"lazy\" decoding=\"async\" width=\"132\" height=\"94\" src=\"https:\/\/www.rivera.gub.uy\/portal\/wp-content\/uploads\/2025\/04\/cruzada-19-132x94.jpg\" class=\"attachment-thumbnail size-thumbnail\" alt=\"\" srcset=\"https:\/\/www.rivera.gub.uy\/portal\/wp-content\/uploads\/2025\/04\/cruzada-19-132x94.jpg 132w, https:\/\/www.rivera.gub.uy\/portal\/wp-content\/uploads\/2025\/04\/cruzada-19-263x188.jpg 263w, https:\/\/www.rivera.gub.uy\/portal\/wp-content\/uploads\/2025\/04\/cruzada-19-876x626.jpg 876w, https:\/\/www.rivera.gub.uy\/portal\/wp-content\/uploads\/2025\/04\/cruzada-19-768x549.jpg 768w, https:\/\/www.rivera.gub.uy\/portal\/wp-content\/uploads\/2025\/04\/cruzada-19-1536x1097.jpg 1536w, https:\/\/www.rivera.gub.uy\/portal\/wp-content\/uploads\/2025\/04\/cruzada-19-2048x1463.jpg 2048w, https:\/\/www.rivera.gub.uy\/portal\/wp-content\/uploads\/2025\/04\/cruzada-19-820x586.jpg 820w\" sizes=\"auto, (max-width: 132px) 100vw, 132px\" \/><\/a>\n\t\t\t<\/div><\/figure>\n\t\t<\/div>\n\n","protected":false},"excerpt":{"rendered":"<p>\u00c9ste s\u00e1bado 19 de abril en el Rinc\u00f3n de la Patria de Plaza Artigas, se realiz\u00f3 el acto conmemorativo a los 200 a\u00f1os del Desembarco de los 33 Orientales, en la playa de La Graciada, costa del R\u00edo Uruguay, departamento de Soriano un 19 de abril de 1825.<\/p>\n","protected":false},"author":7,"featured_media":60045,"comment_status":"open","ping_status":"open","sticky":false,"template":"","format":"standard","meta":{"footnotes":""},"categories":[1,18],"tags":[],"class_list":["post-60031","post","type-post","status-publish","format-standard","has-post-thumbnail","hentry","category-novedades","category-participacion"],"_links":{"self":[{"href":"https:\/\/www.rivera.gub.uy\/portal\/wp-json\/wp\/v2\/posts\/60031","targetHints":{"allow":["GET"]}}],"collection":[{"href":"https:\/\/www.rivera.gub.uy\/portal\/wp-json\/wp\/v2\/posts"}],"about":[{"href":"https:\/\/www.rivera.gub.uy\/portal\/wp-json\/wp\/v2\/types\/post"}],"author":[{"embeddable":true,"href":"https:\/\/www.rivera.gub.uy\/portal\/wp-json\/wp\/v2\/users\/7"}],"replies":[{"embeddable":true,"href":"https:\/\/www.rivera.gub.uy\/portal\/wp-json\/wp\/v2\/comments?post=60031"}],"version-history":[{"count":1,"href":"https:\/\/www.rivera.gub.uy\/portal\/wp-json\/wp\/v2\/posts\/60031\/revisions"}],"predecessor-version":[{"id":60051,"href":"https:\/\/www.rivera.gub.uy\/portal\/wp-json\/wp\/v2\/posts\/60031\/revisions\/60051"}],"wp:featuredmedia":[{"embeddable":true,"href":"https:\/\/www.rivera.gub.uy\/portal\/wp-json\/wp\/v2\/media\/60045"}],"wp:attachment":[{"href":"https:\/\/www.rivera.gub.uy\/portal\/wp-json\/wp\/v2\/media?parent=60031"}],"wp:term":[{"taxonomy":"category","embeddable":true,"href":"https:\/\/www.rivera.gub.uy\/portal\/wp-json\/wp\/v2\/categories?post=60031"},{"taxonomy":"post_tag","embeddable":true,"href":"https:\/\/www.rivera.gub.uy\/portal\/wp-json\/wp\/v2\/tags?post=60031"}],"curies":[{"name":"wp","href":"https:\/\/api.w.org\/{rel}","templated":true}]}}