{"id":60168,"date":"2025-05-07T12:12:43","date_gmt":"2025-05-07T15:12:43","guid":{"rendered":"https:\/\/www.rivera.gub.uy\/portal\/?p=60168"},"modified":"2025-05-08T10:44:02","modified_gmt":"2025-05-08T13:44:02","slug":"regimen-especial-de-refinanciacion-de-adeudos","status":"publish","type":"post","link":"https:\/\/www.rivera.gub.uy\/portal\/regimen-especial-de-refinanciacion-de-adeudos\/","title":{"rendered":"R\u00e9gimen Especial de Refinanciaci\u00f3n de Adeudos"},"content":{"rendered":"<p class=\"\" data-start=\"550\" data-end=\"719\">La Intendencia de Rivera informa que, <strong>a partir del lunes 12 de mayo de 2025<\/strong>, entra en vigencia el <strong>R\u00e9gimen Especial de Refinanciaci\u00f3n de Adeudos (<a href=\"https:\/\/www.rivera.gub.uy\/portal\/ordenanza-no-2-2025-regimen-especial-de-refinanciacion-de-adeudos\/\" target=\"_blank\" rel=\"noopener\">Ordenanza N\u00ba 2\/2025<\/a>)<\/strong>.<!--more--><\/p>\n<p class=\"\" data-start=\"721\" data-end=\"1082\">Este plan permite a los contribuyentes regularizar deudas tributarias y precios municipales, a trav\u00e9s de convenios flexibles o pago contado, sin multas ni recargos. Podr\u00e1n acogerse quienes registren obligaciones vencidas hasta la fecha de entrada en vigencia de esta norma, incluyendo Contribuci\u00f3n Inmobiliaria, Permisos de Circulaci\u00f3n, tasas y otros conceptos.<\/p>\n<p class=\"\" data-start=\"1192\" data-end=\"1365\">Para m\u00e1s informaci\u00f3n sobre modalidades de pago, pueden contactarse al tel\u00e9fono<a href=\"tel:+59846231900\"> 4623 1900<\/a>, internos 210 y 211, o concurrir personalmente a las oficinas de Tributos de la IDR.<\/p>\n<p data-start=\"1192\" data-end=\"1365\"><a href=\"https:\/\/www.rivera.gub.uy\/portal\/wp-content\/uploads\/2025\/05\/banner-ref.png\"><img loading=\"lazy\" decoding=\"async\" class=\"aligncenter size-medium wp-image-60373\" src=\"https:\/\/www.rivera.gub.uy\/portal\/wp-content\/uploads\/2025\/05\/banner-ref-300x169.png\" alt=\"\" width=\"300\" height=\"169\" srcset=\"https:\/\/www.rivera.gub.uy\/portal\/wp-content\/uploads\/2025\/05\/banner-ref-300x169.png 300w, https:\/\/www.rivera.gub.uy\/portal\/wp-content\/uploads\/2025\/05\/banner-ref-1000x563.png 1000w, https:\/\/www.rivera.gub.uy\/portal\/wp-content\/uploads\/2025\/05\/banner-ref-150x84.png 150w, https:\/\/www.rivera.gub.uy\/portal\/wp-content\/uploads\/2025\/05\/banner-ref-768x432.png 768w, https:\/\/www.rivera.gub.uy\/portal\/wp-content\/uploads\/2025\/05\/banner-ref-1536x864.png 1536w, https:\/\/www.rivera.gub.uy\/portal\/wp-content\/uploads\/2025\/05\/banner-ref-2048x1152.png 2048w, https:\/\/www.rivera.gub.uy\/portal\/wp-content\/uploads\/2025\/05\/banner-ref-820x461.png 820w\" sizes=\"auto, (max-width: 300px) 100vw, 300px\" \/><\/a><\/p>\n","protected":false},"excerpt":{"rendered":"<p>La Intendencia de Rivera informa que, a partir del lunes 12 de mayo de 2025, entra en vigencia el R\u00e9gimen Especial de Refinanciaci\u00f3n de Adeudos (Ordenanza N\u00ba 2\/2025).<\/p>\n","protected":false},"author":7,"featured_media":60370,"comment_status":"open","ping_status":"open","sticky":false,"template":"","format":"standard","meta":{"footnotes":""},"categories":[1],"tags":[],"class_list":["post-60168","post","type-post","status-publish","format-standard","has-post-thumbnail","hentry","category-novedades"],"_links":{"self":[{"href":"https:\/\/www.rivera.gub.uy\/portal\/wp-json\/wp\/v2\/posts\/60168","targetHints":{"allow":["GET"]}}],"collection":[{"href":"https:\/\/www.rivera.gub.uy\/portal\/wp-json\/wp\/v2\/posts"}],"about":[{"href":"https:\/\/www.rivera.gub.uy\/portal\/wp-json\/wp\/v2\/types\/post"}],"author":[{"embeddable":true,"href":"https:\/\/www.rivera.gub.uy\/portal\/wp-json\/wp\/v2\/users\/7"}],"replies":[{"embeddable":true,"href":"https:\/\/www.rivera.gub.uy\/portal\/wp-json\/wp\/v2\/comments?post=60168"}],"version-history":[{"count":6,"href":"https:\/\/www.rivera.gub.uy\/portal\/wp-json\/wp\/v2\/posts\/60168\/revisions"}],"predecessor-version":[{"id":60374,"href":"https:\/\/www.rivera.gub.uy\/portal\/wp-json\/wp\/v2\/posts\/60168\/revisions\/60374"}],"wp:featuredmedia":[{"embeddable":true,"href":"https:\/\/www.rivera.gub.uy\/portal\/wp-json\/wp\/v2\/media\/60370"}],"wp:attachment":[{"href":"https:\/\/www.rivera.gub.uy\/portal\/wp-json\/wp\/v2\/media?parent=60168"}],"wp:term":[{"taxonomy":"category","embeddable":true,"href":"https:\/\/www.rivera.gub.uy\/portal\/wp-json\/wp\/v2\/categories?post=60168"},{"taxonomy":"post_tag","embeddable":true,"href":"https:\/\/www.rivera.gub.uy\/portal\/wp-json\/wp\/v2\/tags?post=60168"}],"curies":[{"name":"wp","href":"https:\/\/api.w.org\/{rel}","templated":true}]}}