{"id":60318,"date":"2025-05-05T15:20:28","date_gmt":"2025-05-05T18:20:28","guid":{"rendered":"https:\/\/www.rivera.gub.uy\/portal\/?p=60318"},"modified":"2025-05-05T15:20:28","modified_gmt":"2025-05-05T18:20:28","slug":"mayo-amarillo-2025","status":"publish","type":"post","link":"https:\/\/www.rivera.gub.uy\/portal\/mayo-amarillo-2025\/","title":{"rendered":"Mayo Amarillo 2025"},"content":{"rendered":"<p>En la ma\u00f1ana de hoy se realiz\u00f3 la conferencia de prensa que da inicio a las actividades programadas para el \u201cMovimiento Internacional Mayo Amarillo 2025\u201d, en su edici\u00f3n n\u00famero 12.<!--more--><br \/>\nPara \u00e9ste a\u00f1o 2025 el lema utilizado es: \u201c Movilidad Humana \u2013 Responsabilidad Humana\u201d.<\/p>\n<p>El programa Mayo Amarillo es un movimiento a nivel mundial cuyo objetivo es el de concientizar a la sociedad sobre la siniestralidad para tratar de reducir los altos n\u00fameros de personas lesionadas o en el peor de los casos fallecidas en el tr\u00e1nsito.<\/p>\n<p>El intendente de Rivera Arq. Jos\u00e9 Mazzoni Gollard\u00eda manifest\u00f3: \u201cme encant\u00f3 el nombre, \u201cMovilidad Humana \u2013 Responsabilidad Humana\u201d, es el concepto que estamos desde el gobierno departamental y en particular, estoy intentando impulsar sobre el tema del concepto de ciudadan\u00eda en su m\u00e1s amplio espectro, se acuerda cuando hicimos alguna inauguraci\u00f3n o presentaci\u00f3n de una plaza se hablaba del concepto de ciudadan\u00eda hasta para ir a una plaza, para ser responsable socialmente en un espacio p\u00fablico y \u00e9sto no escapa porque es un \u00e1rea muy delicada, tan delicada que nos hace a muchas familias santanenses y riverenses tener a familiares, amigos, vecinos, afectados por situaciones complejas, por situaciones graves en el tr\u00e1nsito y que muchas veces, dir\u00eda m\u00e1s del 70% de los accidentes de tr\u00e1nsito en las ciudades, en las rutas, son evitables, absolutamente evitables\u201d.<\/p>\n<p>&nbsp;<\/p>\n<div id='gallery-1' class='gallery galleryid-60318 gallery-columns-7 gallery-size-thumbnail'><figure class='gallery-item'>\n\t\t\t<div class='gallery-icon landscape'>\n\t\t\t\t<a href='https:\/\/www.rivera.gub.uy\/portal\/wp-content\/uploads\/2025\/05\/mayo-amarillo.jpg'><img loading=\"lazy\" decoding=\"async\" width=\"141\" height=\"94\" src=\"https:\/\/www.rivera.gub.uy\/portal\/wp-content\/uploads\/2025\/05\/mayo-amarillo-141x94.jpg\" class=\"attachment-thumbnail size-thumbnail\" alt=\"\" srcset=\"https:\/\/www.rivera.gub.uy\/portal\/wp-content\/uploads\/2025\/05\/mayo-amarillo-141x94.jpg 141w, https:\/\/www.rivera.gub.uy\/portal\/wp-content\/uploads\/2025\/05\/mayo-amarillo-282x188.jpg 282w, https:\/\/www.rivera.gub.uy\/portal\/wp-content\/uploads\/2025\/05\/mayo-amarillo-940x626.jpg 940w, https:\/\/www.rivera.gub.uy\/portal\/wp-content\/uploads\/2025\/05\/mayo-amarillo-768x512.jpg 768w, https:\/\/www.rivera.gub.uy\/portal\/wp-content\/uploads\/2025\/05\/mayo-amarillo-1536x1023.jpg 1536w, https:\/\/www.rivera.gub.uy\/portal\/wp-content\/uploads\/2025\/05\/mayo-amarillo-600x400.jpg 600w, https:\/\/www.rivera.gub.uy\/portal\/wp-content\/uploads\/2025\/05\/mayo-amarillo-820x546.jpg 820w, https:\/\/www.rivera.gub.uy\/portal\/wp-content\/uploads\/2025\/05\/mayo-amarillo-272x182.jpg 272w, https:\/\/www.rivera.gub.uy\/portal\/wp-content\/uploads\/2025\/05\/mayo-amarillo.jpg 1600w\" sizes=\"auto, (max-width: 141px) 100vw, 141px\" \/><\/a>\n\t\t\t<\/div><\/figure><figure class='gallery-item'>\n\t\t\t<div class='gallery-icon landscape'>\n\t\t\t\t<a href='https:\/\/www.rivera.gub.uy\/portal\/wp-content\/uploads\/2025\/05\/mayo-amarillo-6.jpg'><img loading=\"lazy\" decoding=\"async\" width=\"141\" height=\"94\" src=\"https:\/\/www.rivera.gub.uy\/portal\/wp-content\/uploads\/2025\/05\/mayo-amarillo-6-141x94.jpg\" class=\"attachment-thumbnail size-thumbnail\" alt=\"\" srcset=\"https:\/\/www.rivera.gub.uy\/portal\/wp-content\/uploads\/2025\/05\/mayo-amarillo-6-141x94.jpg 141w, https:\/\/www.rivera.gub.uy\/portal\/wp-content\/uploads\/2025\/05\/mayo-amarillo-6-282x188.jpg 282w, https:\/\/www.rivera.gub.uy\/portal\/wp-content\/uploads\/2025\/05\/mayo-amarillo-6-940x626.jpg 940w, https:\/\/www.rivera.gub.uy\/portal\/wp-content\/uploads\/2025\/05\/mayo-amarillo-6-768x512.jpg 768w, https:\/\/www.rivera.gub.uy\/portal\/wp-content\/uploads\/2025\/05\/mayo-amarillo-6-1536x1023.jpg 1536w, https:\/\/www.rivera.gub.uy\/portal\/wp-content\/uploads\/2025\/05\/mayo-amarillo-6-600x400.jpg 600w, https:\/\/www.rivera.gub.uy\/portal\/wp-content\/uploads\/2025\/05\/mayo-amarillo-6-820x546.jpg 820w, https:\/\/www.rivera.gub.uy\/portal\/wp-content\/uploads\/2025\/05\/mayo-amarillo-6-272x182.jpg 272w, https:\/\/www.rivera.gub.uy\/portal\/wp-content\/uploads\/2025\/05\/mayo-amarillo-6.jpg 1600w\" sizes=\"auto, (max-width: 141px) 100vw, 141px\" \/><\/a>\n\t\t\t<\/div><\/figure><figure class='gallery-item'>\n\t\t\t<div class='gallery-icon landscape'>\n\t\t\t\t<a href='https:\/\/www.rivera.gub.uy\/portal\/wp-content\/uploads\/2025\/05\/mayo-amarillo-7.jpg'><img loading=\"lazy\" decoding=\"async\" width=\"141\" height=\"94\" src=\"https:\/\/www.rivera.gub.uy\/portal\/wp-content\/uploads\/2025\/05\/mayo-amarillo-7-141x94.jpg\" class=\"attachment-thumbnail size-thumbnail\" alt=\"\" srcset=\"https:\/\/www.rivera.gub.uy\/portal\/wp-content\/uploads\/2025\/05\/mayo-amarillo-7-141x94.jpg 141w, https:\/\/www.rivera.gub.uy\/portal\/wp-content\/uploads\/2025\/05\/mayo-amarillo-7-282x188.jpg 282w, https:\/\/www.rivera.gub.uy\/portal\/wp-content\/uploads\/2025\/05\/mayo-amarillo-7-940x626.jpg 940w, https:\/\/www.rivera.gub.uy\/portal\/wp-content\/uploads\/2025\/05\/mayo-amarillo-7-768x512.jpg 768w, https:\/\/www.rivera.gub.uy\/portal\/wp-content\/uploads\/2025\/05\/mayo-amarillo-7-1536x1023.jpg 1536w, https:\/\/www.rivera.gub.uy\/portal\/wp-content\/uploads\/2025\/05\/mayo-amarillo-7-600x400.jpg 600w, https:\/\/www.rivera.gub.uy\/portal\/wp-content\/uploads\/2025\/05\/mayo-amarillo-7-820x546.jpg 820w, https:\/\/www.rivera.gub.uy\/portal\/wp-content\/uploads\/2025\/05\/mayo-amarillo-7-272x182.jpg 272w, https:\/\/www.rivera.gub.uy\/portal\/wp-content\/uploads\/2025\/05\/mayo-amarillo-7.jpg 1600w\" sizes=\"auto, (max-width: 141px) 100vw, 141px\" \/><\/a>\n\t\t\t<\/div><\/figure><figure class='gallery-item'>\n\t\t\t<div class='gallery-icon portrait'>\n\t\t\t\t<a href='https:\/\/www.rivera.gub.uy\/portal\/wp-content\/uploads\/2025\/05\/mayo-amarillo-8.jpg'><img loading=\"lazy\" decoding=\"async\" width=\"63\" height=\"94\" src=\"https:\/\/www.rivera.gub.uy\/portal\/wp-content\/uploads\/2025\/05\/mayo-amarillo-8-63x94.jpg\" class=\"attachment-thumbnail size-thumbnail\" alt=\"\" srcset=\"https:\/\/www.rivera.gub.uy\/portal\/wp-content\/uploads\/2025\/05\/mayo-amarillo-8-63x94.jpg 63w, https:\/\/www.rivera.gub.uy\/portal\/wp-content\/uploads\/2025\/05\/mayo-amarillo-8-125x188.jpg 125w, https:\/\/www.rivera.gub.uy\/portal\/wp-content\/uploads\/2025\/05\/mayo-amarillo-8-417x626.jpg 417w, https:\/\/www.rivera.gub.uy\/portal\/wp-content\/uploads\/2025\/05\/mayo-amarillo-8-768x1153.jpg 768w, https:\/\/www.rivera.gub.uy\/portal\/wp-content\/uploads\/2025\/05\/mayo-amarillo-8-1023x1536.jpg 1023w, https:\/\/www.rivera.gub.uy\/portal\/wp-content\/uploads\/2025\/05\/mayo-amarillo-8-820x1231.jpg 820w, https:\/\/www.rivera.gub.uy\/portal\/wp-content\/uploads\/2025\/05\/mayo-amarillo-8.jpg 1066w\" sizes=\"auto, (max-width: 63px) 100vw, 63px\" \/><\/a>\n\t\t\t<\/div><\/figure><figure class='gallery-item'>\n\t\t\t<div class='gallery-icon landscape'>\n\t\t\t\t<a href='https:\/\/www.rivera.gub.uy\/portal\/wp-content\/uploads\/2025\/05\/mayo-amarillo-9.jpg'><img loading=\"lazy\" decoding=\"async\" width=\"141\" height=\"94\" src=\"https:\/\/www.rivera.gub.uy\/portal\/wp-content\/uploads\/2025\/05\/mayo-amarillo-9-141x94.jpg\" class=\"attachment-thumbnail size-thumbnail\" alt=\"\" srcset=\"https:\/\/www.rivera.gub.uy\/portal\/wp-content\/uploads\/2025\/05\/mayo-amarillo-9-141x94.jpg 141w, https:\/\/www.rivera.gub.uy\/portal\/wp-content\/uploads\/2025\/05\/mayo-amarillo-9-282x188.jpg 282w, https:\/\/www.rivera.gub.uy\/portal\/wp-content\/uploads\/2025\/05\/mayo-amarillo-9-940x626.jpg 940w, https:\/\/www.rivera.gub.uy\/portal\/wp-content\/uploads\/2025\/05\/mayo-amarillo-9-768x512.jpg 768w, https:\/\/www.rivera.gub.uy\/portal\/wp-content\/uploads\/2025\/05\/mayo-amarillo-9-1536x1023.jpg 1536w, https:\/\/www.rivera.gub.uy\/portal\/wp-content\/uploads\/2025\/05\/mayo-amarillo-9-600x400.jpg 600w, https:\/\/www.rivera.gub.uy\/portal\/wp-content\/uploads\/2025\/05\/mayo-amarillo-9-820x546.jpg 820w, https:\/\/www.rivera.gub.uy\/portal\/wp-content\/uploads\/2025\/05\/mayo-amarillo-9-272x182.jpg 272w, https:\/\/www.rivera.gub.uy\/portal\/wp-content\/uploads\/2025\/05\/mayo-amarillo-9.jpg 1600w\" sizes=\"auto, (max-width: 141px) 100vw, 141px\" \/><\/a>\n\t\t\t<\/div><\/figure><figure class='gallery-item'>\n\t\t\t<div class='gallery-icon landscape'>\n\t\t\t\t<a href='https:\/\/www.rivera.gub.uy\/portal\/wp-content\/uploads\/2025\/05\/mayo-amarillo-12.jpg'><img loading=\"lazy\" decoding=\"async\" width=\"141\" height=\"94\" src=\"https:\/\/www.rivera.gub.uy\/portal\/wp-content\/uploads\/2025\/05\/mayo-amarillo-12-141x94.jpg\" class=\"attachment-thumbnail size-thumbnail\" alt=\"\" srcset=\"https:\/\/www.rivera.gub.uy\/portal\/wp-content\/uploads\/2025\/05\/mayo-amarillo-12-141x94.jpg 141w, https:\/\/www.rivera.gub.uy\/portal\/wp-content\/uploads\/2025\/05\/mayo-amarillo-12-282x188.jpg 282w, https:\/\/www.rivera.gub.uy\/portal\/wp-content\/uploads\/2025\/05\/mayo-amarillo-12-940x626.jpg 940w, https:\/\/www.rivera.gub.uy\/portal\/wp-content\/uploads\/2025\/05\/mayo-amarillo-12-768x512.jpg 768w, https:\/\/www.rivera.gub.uy\/portal\/wp-content\/uploads\/2025\/05\/mayo-amarillo-12-1536x1023.jpg 1536w, https:\/\/www.rivera.gub.uy\/portal\/wp-content\/uploads\/2025\/05\/mayo-amarillo-12-600x400.jpg 600w, https:\/\/www.rivera.gub.uy\/portal\/wp-content\/uploads\/2025\/05\/mayo-amarillo-12-820x546.jpg 820w, https:\/\/www.rivera.gub.uy\/portal\/wp-content\/uploads\/2025\/05\/mayo-amarillo-12-272x182.jpg 272w, https:\/\/www.rivera.gub.uy\/portal\/wp-content\/uploads\/2025\/05\/mayo-amarillo-12.jpg 1600w\" sizes=\"auto, (max-width: 141px) 100vw, 141px\" \/><\/a>\n\t\t\t<\/div><\/figure><figure class='gallery-item'>\n\t\t\t<div class='gallery-icon landscape'>\n\t\t\t\t<a href='https:\/\/www.rivera.gub.uy\/portal\/wp-content\/uploads\/2025\/05\/mayo-amarillo-16.jpg'><img loading=\"lazy\" decoding=\"async\" width=\"141\" height=\"94\" src=\"https:\/\/www.rivera.gub.uy\/portal\/wp-content\/uploads\/2025\/05\/mayo-amarillo-16-141x94.jpg\" class=\"attachment-thumbnail size-thumbnail\" alt=\"Mayo Amarillo\" srcset=\"https:\/\/www.rivera.gub.uy\/portal\/wp-content\/uploads\/2025\/05\/mayo-amarillo-16-141x94.jpg 141w, https:\/\/www.rivera.gub.uy\/portal\/wp-content\/uploads\/2025\/05\/mayo-amarillo-16-282x188.jpg 282w, https:\/\/www.rivera.gub.uy\/portal\/wp-content\/uploads\/2025\/05\/mayo-amarillo-16-940x626.jpg 940w, https:\/\/www.rivera.gub.uy\/portal\/wp-content\/uploads\/2025\/05\/mayo-amarillo-16-768x512.jpg 768w, https:\/\/www.rivera.gub.uy\/portal\/wp-content\/uploads\/2025\/05\/mayo-amarillo-16-1536x1023.jpg 1536w, https:\/\/www.rivera.gub.uy\/portal\/wp-content\/uploads\/2025\/05\/mayo-amarillo-16-600x400.jpg 600w, https:\/\/www.rivera.gub.uy\/portal\/wp-content\/uploads\/2025\/05\/mayo-amarillo-16-820x546.jpg 820w, https:\/\/www.rivera.gub.uy\/portal\/wp-content\/uploads\/2025\/05\/mayo-amarillo-16-272x182.jpg 272w, https:\/\/www.rivera.gub.uy\/portal\/wp-content\/uploads\/2025\/05\/mayo-amarillo-16.jpg 1600w\" sizes=\"auto, (max-width: 141px) 100vw, 141px\" \/><\/a>\n\t\t\t<\/div><\/figure><figure class='gallery-item'>\n\t\t\t<div class='gallery-icon landscape'>\n\t\t\t\t<a href='https:\/\/www.rivera.gub.uy\/portal\/wp-content\/uploads\/2025\/05\/mayo-amarillo-17.jpg'><img loading=\"lazy\" decoding=\"async\" width=\"141\" height=\"94\" src=\"https:\/\/www.rivera.gub.uy\/portal\/wp-content\/uploads\/2025\/05\/mayo-amarillo-17-141x94.jpg\" class=\"attachment-thumbnail size-thumbnail\" alt=\"\" srcset=\"https:\/\/www.rivera.gub.uy\/portal\/wp-content\/uploads\/2025\/05\/mayo-amarillo-17-141x94.jpg 141w, https:\/\/www.rivera.gub.uy\/portal\/wp-content\/uploads\/2025\/05\/mayo-amarillo-17-282x188.jpg 282w, https:\/\/www.rivera.gub.uy\/portal\/wp-content\/uploads\/2025\/05\/mayo-amarillo-17-940x626.jpg 940w, https:\/\/www.rivera.gub.uy\/portal\/wp-content\/uploads\/2025\/05\/mayo-amarillo-17-768x512.jpg 768w, https:\/\/www.rivera.gub.uy\/portal\/wp-content\/uploads\/2025\/05\/mayo-amarillo-17-1536x1023.jpg 1536w, https:\/\/www.rivera.gub.uy\/portal\/wp-content\/uploads\/2025\/05\/mayo-amarillo-17-600x400.jpg 600w, https:\/\/www.rivera.gub.uy\/portal\/wp-content\/uploads\/2025\/05\/mayo-amarillo-17-820x546.jpg 820w, https:\/\/www.rivera.gub.uy\/portal\/wp-content\/uploads\/2025\/05\/mayo-amarillo-17-272x182.jpg 272w, https:\/\/www.rivera.gub.uy\/portal\/wp-content\/uploads\/2025\/05\/mayo-amarillo-17.jpg 1600w\" sizes=\"auto, (max-width: 141px) 100vw, 141px\" \/><\/a>\n\t\t\t<\/div><\/figure><figure class='gallery-item'>\n\t\t\t<div class='gallery-icon portrait'>\n\t\t\t\t<a href='https:\/\/www.rivera.gub.uy\/portal\/wp-content\/uploads\/2025\/05\/mayo-amarillo-18.jpg'><img loading=\"lazy\" decoding=\"async\" width=\"63\" height=\"94\" src=\"https:\/\/www.rivera.gub.uy\/portal\/wp-content\/uploads\/2025\/05\/mayo-amarillo-18-63x94.jpg\" class=\"attachment-thumbnail size-thumbnail\" alt=\"\" srcset=\"https:\/\/www.rivera.gub.uy\/portal\/wp-content\/uploads\/2025\/05\/mayo-amarillo-18-63x94.jpg 63w, https:\/\/www.rivera.gub.uy\/portal\/wp-content\/uploads\/2025\/05\/mayo-amarillo-18-125x188.jpg 125w, https:\/\/www.rivera.gub.uy\/portal\/wp-content\/uploads\/2025\/05\/mayo-amarillo-18-417x626.jpg 417w, https:\/\/www.rivera.gub.uy\/portal\/wp-content\/uploads\/2025\/05\/mayo-amarillo-18-768x1153.jpg 768w, https:\/\/www.rivera.gub.uy\/portal\/wp-content\/uploads\/2025\/05\/mayo-amarillo-18-1023x1536.jpg 1023w, https:\/\/www.rivera.gub.uy\/portal\/wp-content\/uploads\/2025\/05\/mayo-amarillo-18-820x1231.jpg 820w, https:\/\/www.rivera.gub.uy\/portal\/wp-content\/uploads\/2025\/05\/mayo-amarillo-18.jpg 1066w\" sizes=\"auto, (max-width: 63px) 100vw, 63px\" \/><\/a>\n\t\t\t<\/div><\/figure><figure class='gallery-item'>\n\t\t\t<div class='gallery-icon portrait'>\n\t\t\t\t<a href='https:\/\/www.rivera.gub.uy\/portal\/wp-content\/uploads\/2025\/05\/mayo-amarillo-21.jpg'><img loading=\"lazy\" decoding=\"async\" width=\"63\" height=\"94\" src=\"https:\/\/www.rivera.gub.uy\/portal\/wp-content\/uploads\/2025\/05\/mayo-amarillo-21-63x94.jpg\" class=\"attachment-thumbnail size-thumbnail\" alt=\"\" srcset=\"https:\/\/www.rivera.gub.uy\/portal\/wp-content\/uploads\/2025\/05\/mayo-amarillo-21-63x94.jpg 63w, https:\/\/www.rivera.gub.uy\/portal\/wp-content\/uploads\/2025\/05\/mayo-amarillo-21-125x188.jpg 125w, https:\/\/www.rivera.gub.uy\/portal\/wp-content\/uploads\/2025\/05\/mayo-amarillo-21-417x626.jpg 417w, https:\/\/www.rivera.gub.uy\/portal\/wp-content\/uploads\/2025\/05\/mayo-amarillo-21-768x1153.jpg 768w, https:\/\/www.rivera.gub.uy\/portal\/wp-content\/uploads\/2025\/05\/mayo-amarillo-21-1023x1536.jpg 1023w, https:\/\/www.rivera.gub.uy\/portal\/wp-content\/uploads\/2025\/05\/mayo-amarillo-21-820x1231.jpg 820w, https:\/\/www.rivera.gub.uy\/portal\/wp-content\/uploads\/2025\/05\/mayo-amarillo-21.jpg 1066w\" sizes=\"auto, (max-width: 63px) 100vw, 63px\" \/><\/a>\n\t\t\t<\/div><\/figure><figure class='gallery-item'>\n\t\t\t<div class='gallery-icon portrait'>\n\t\t\t\t<a href='https:\/\/www.rivera.gub.uy\/portal\/wp-content\/uploads\/2025\/05\/mayo-amarillo-22.jpg'><img loading=\"lazy\" decoding=\"async\" width=\"63\" height=\"94\" src=\"https:\/\/www.rivera.gub.uy\/portal\/wp-content\/uploads\/2025\/05\/mayo-amarillo-22-63x94.jpg\" class=\"attachment-thumbnail size-thumbnail\" alt=\"\" srcset=\"https:\/\/www.rivera.gub.uy\/portal\/wp-content\/uploads\/2025\/05\/mayo-amarillo-22-63x94.jpg 63w, https:\/\/www.rivera.gub.uy\/portal\/wp-content\/uploads\/2025\/05\/mayo-amarillo-22-125x188.jpg 125w, https:\/\/www.rivera.gub.uy\/portal\/wp-content\/uploads\/2025\/05\/mayo-amarillo-22-417x626.jpg 417w, https:\/\/www.rivera.gub.uy\/portal\/wp-content\/uploads\/2025\/05\/mayo-amarillo-22-768x1153.jpg 768w, https:\/\/www.rivera.gub.uy\/portal\/wp-content\/uploads\/2025\/05\/mayo-amarillo-22-1023x1536.jpg 1023w, https:\/\/www.rivera.gub.uy\/portal\/wp-content\/uploads\/2025\/05\/mayo-amarillo-22-820x1231.jpg 820w, https:\/\/www.rivera.gub.uy\/portal\/wp-content\/uploads\/2025\/05\/mayo-amarillo-22.jpg 1066w\" sizes=\"auto, (max-width: 63px) 100vw, 63px\" \/><\/a>\n\t\t\t<\/div><\/figure><figure class='gallery-item'>\n\t\t\t<div class='gallery-icon landscape'>\n\t\t\t\t<a href='https:\/\/www.rivera.gub.uy\/portal\/wp-content\/uploads\/2025\/05\/mayo-amarillo-23.jpg'><img loading=\"lazy\" decoding=\"async\" width=\"141\" height=\"94\" src=\"https:\/\/www.rivera.gub.uy\/portal\/wp-content\/uploads\/2025\/05\/mayo-amarillo-23-141x94.jpg\" class=\"attachment-thumbnail size-thumbnail\" alt=\"\" srcset=\"https:\/\/www.rivera.gub.uy\/portal\/wp-content\/uploads\/2025\/05\/mayo-amarillo-23-141x94.jpg 141w, https:\/\/www.rivera.gub.uy\/portal\/wp-content\/uploads\/2025\/05\/mayo-amarillo-23-282x188.jpg 282w, https:\/\/www.rivera.gub.uy\/portal\/wp-content\/uploads\/2025\/05\/mayo-amarillo-23-940x626.jpg 940w, https:\/\/www.rivera.gub.uy\/portal\/wp-content\/uploads\/2025\/05\/mayo-amarillo-23-768x512.jpg 768w, https:\/\/www.rivera.gub.uy\/portal\/wp-content\/uploads\/2025\/05\/mayo-amarillo-23-1536x1023.jpg 1536w, https:\/\/www.rivera.gub.uy\/portal\/wp-content\/uploads\/2025\/05\/mayo-amarillo-23-600x400.jpg 600w, https:\/\/www.rivera.gub.uy\/portal\/wp-content\/uploads\/2025\/05\/mayo-amarillo-23-820x546.jpg 820w, https:\/\/www.rivera.gub.uy\/portal\/wp-content\/uploads\/2025\/05\/mayo-amarillo-23-272x182.jpg 272w, https:\/\/www.rivera.gub.uy\/portal\/wp-content\/uploads\/2025\/05\/mayo-amarillo-23.jpg 1600w\" sizes=\"auto, (max-width: 141px) 100vw, 141px\" \/><\/a>\n\t\t\t<\/div><\/figure><figure class='gallery-item'>\n\t\t\t<div class='gallery-icon portrait'>\n\t\t\t\t<a href='https:\/\/www.rivera.gub.uy\/portal\/wp-content\/uploads\/2025\/05\/mayo-amarillo-24.jpg'><img loading=\"lazy\" decoding=\"async\" width=\"63\" height=\"94\" src=\"https:\/\/www.rivera.gub.uy\/portal\/wp-content\/uploads\/2025\/05\/mayo-amarillo-24-63x94.jpg\" class=\"attachment-thumbnail size-thumbnail\" alt=\"\" srcset=\"https:\/\/www.rivera.gub.uy\/portal\/wp-content\/uploads\/2025\/05\/mayo-amarillo-24-63x94.jpg 63w, https:\/\/www.rivera.gub.uy\/portal\/wp-content\/uploads\/2025\/05\/mayo-amarillo-24-125x188.jpg 125w, https:\/\/www.rivera.gub.uy\/portal\/wp-content\/uploads\/2025\/05\/mayo-amarillo-24-417x626.jpg 417w, https:\/\/www.rivera.gub.uy\/portal\/wp-content\/uploads\/2025\/05\/mayo-amarillo-24-768x1153.jpg 768w, https:\/\/www.rivera.gub.uy\/portal\/wp-content\/uploads\/2025\/05\/mayo-amarillo-24-1023x1536.jpg 1023w, https:\/\/www.rivera.gub.uy\/portal\/wp-content\/uploads\/2025\/05\/mayo-amarillo-24-820x1231.jpg 820w, https:\/\/www.rivera.gub.uy\/portal\/wp-content\/uploads\/2025\/05\/mayo-amarillo-24.jpg 1066w\" sizes=\"auto, (max-width: 63px) 100vw, 63px\" \/><\/a>\n\t\t\t<\/div><\/figure><figure class='gallery-item'>\n\t\t\t<div class='gallery-icon portrait'>\n\t\t\t\t<a href='https:\/\/www.rivera.gub.uy\/portal\/wp-content\/uploads\/2025\/05\/mayo-amarillo-27.jpg'><img loading=\"lazy\" decoding=\"async\" width=\"63\" height=\"94\" src=\"https:\/\/www.rivera.gub.uy\/portal\/wp-content\/uploads\/2025\/05\/mayo-amarillo-27-63x94.jpg\" class=\"attachment-thumbnail size-thumbnail\" alt=\"\" srcset=\"https:\/\/www.rivera.gub.uy\/portal\/wp-content\/uploads\/2025\/05\/mayo-amarillo-27-63x94.jpg 63w, https:\/\/www.rivera.gub.uy\/portal\/wp-content\/uploads\/2025\/05\/mayo-amarillo-27-125x188.jpg 125w, https:\/\/www.rivera.gub.uy\/portal\/wp-content\/uploads\/2025\/05\/mayo-amarillo-27-417x626.jpg 417w, https:\/\/www.rivera.gub.uy\/portal\/wp-content\/uploads\/2025\/05\/mayo-amarillo-27-768x1153.jpg 768w, https:\/\/www.rivera.gub.uy\/portal\/wp-content\/uploads\/2025\/05\/mayo-amarillo-27-1023x1536.jpg 1023w, https:\/\/www.rivera.gub.uy\/portal\/wp-content\/uploads\/2025\/05\/mayo-amarillo-27-820x1231.jpg 820w, https:\/\/www.rivera.gub.uy\/portal\/wp-content\/uploads\/2025\/05\/mayo-amarillo-27.jpg 1066w\" sizes=\"auto, (max-width: 63px) 100vw, 63px\" \/><\/a>\n\t\t\t<\/div><\/figure><figure class='gallery-item'>\n\t\t\t<div class='gallery-icon landscape'>\n\t\t\t\t<a href='https:\/\/www.rivera.gub.uy\/portal\/wp-content\/uploads\/2025\/05\/mayo-amarillo-28.jpg'><img loading=\"lazy\" decoding=\"async\" width=\"141\" height=\"94\" src=\"https:\/\/www.rivera.gub.uy\/portal\/wp-content\/uploads\/2025\/05\/mayo-amarillo-28-141x94.jpg\" class=\"attachment-thumbnail size-thumbnail\" alt=\"\" srcset=\"https:\/\/www.rivera.gub.uy\/portal\/wp-content\/uploads\/2025\/05\/mayo-amarillo-28-141x94.jpg 141w, https:\/\/www.rivera.gub.uy\/portal\/wp-content\/uploads\/2025\/05\/mayo-amarillo-28-282x188.jpg 282w, https:\/\/www.rivera.gub.uy\/portal\/wp-content\/uploads\/2025\/05\/mayo-amarillo-28-940x626.jpg 940w, https:\/\/www.rivera.gub.uy\/portal\/wp-content\/uploads\/2025\/05\/mayo-amarillo-28-768x512.jpg 768w, https:\/\/www.rivera.gub.uy\/portal\/wp-content\/uploads\/2025\/05\/mayo-amarillo-28-1536x1023.jpg 1536w, https:\/\/www.rivera.gub.uy\/portal\/wp-content\/uploads\/2025\/05\/mayo-amarillo-28-600x400.jpg 600w, https:\/\/www.rivera.gub.uy\/portal\/wp-content\/uploads\/2025\/05\/mayo-amarillo-28-820x546.jpg 820w, https:\/\/www.rivera.gub.uy\/portal\/wp-content\/uploads\/2025\/05\/mayo-amarillo-28-272x182.jpg 272w, https:\/\/www.rivera.gub.uy\/portal\/wp-content\/uploads\/2025\/05\/mayo-amarillo-28.jpg 1600w\" sizes=\"auto, (max-width: 141px) 100vw, 141px\" \/><\/a>\n\t\t\t<\/div><\/figure><figure class='gallery-item'>\n\t\t\t<div class='gallery-icon portrait'>\n\t\t\t\t<a href='https:\/\/www.rivera.gub.uy\/portal\/wp-content\/uploads\/2025\/05\/mayo-amarillo-29.jpg'><img loading=\"lazy\" decoding=\"async\" width=\"63\" height=\"94\" src=\"https:\/\/www.rivera.gub.uy\/portal\/wp-content\/uploads\/2025\/05\/mayo-amarillo-29-63x94.jpg\" class=\"attachment-thumbnail size-thumbnail\" alt=\"\" srcset=\"https:\/\/www.rivera.gub.uy\/portal\/wp-content\/uploads\/2025\/05\/mayo-amarillo-29-63x94.jpg 63w, https:\/\/www.rivera.gub.uy\/portal\/wp-content\/uploads\/2025\/05\/mayo-amarillo-29-125x188.jpg 125w, https:\/\/www.rivera.gub.uy\/portal\/wp-content\/uploads\/2025\/05\/mayo-amarillo-29-417x626.jpg 417w, https:\/\/www.rivera.gub.uy\/portal\/wp-content\/uploads\/2025\/05\/mayo-amarillo-29-768x1153.jpg 768w, https:\/\/www.rivera.gub.uy\/portal\/wp-content\/uploads\/2025\/05\/mayo-amarillo-29-1023x1536.jpg 1023w, https:\/\/www.rivera.gub.uy\/portal\/wp-content\/uploads\/2025\/05\/mayo-amarillo-29-820x1231.jpg 820w, https:\/\/www.rivera.gub.uy\/portal\/wp-content\/uploads\/2025\/05\/mayo-amarillo-29.jpg 1066w\" sizes=\"auto, (max-width: 63px) 100vw, 63px\" \/><\/a>\n\t\t\t<\/div><\/figure><figure class='gallery-item'>\n\t\t\t<div class='gallery-icon portrait'>\n\t\t\t\t<a href='https:\/\/www.rivera.gub.uy\/portal\/wp-content\/uploads\/2025\/05\/mayo-amarillo-30.jpg'><img loading=\"lazy\" decoding=\"async\" width=\"63\" height=\"94\" src=\"https:\/\/www.rivera.gub.uy\/portal\/wp-content\/uploads\/2025\/05\/mayo-amarillo-30-63x94.jpg\" class=\"attachment-thumbnail size-thumbnail\" alt=\"\" srcset=\"https:\/\/www.rivera.gub.uy\/portal\/wp-content\/uploads\/2025\/05\/mayo-amarillo-30-63x94.jpg 63w, https:\/\/www.rivera.gub.uy\/portal\/wp-content\/uploads\/2025\/05\/mayo-amarillo-30-125x188.jpg 125w, https:\/\/www.rivera.gub.uy\/portal\/wp-content\/uploads\/2025\/05\/mayo-amarillo-30-417x626.jpg 417w, https:\/\/www.rivera.gub.uy\/portal\/wp-content\/uploads\/2025\/05\/mayo-amarillo-30-768x1153.jpg 768w, https:\/\/www.rivera.gub.uy\/portal\/wp-content\/uploads\/2025\/05\/mayo-amarillo-30-1023x1536.jpg 1023w, https:\/\/www.rivera.gub.uy\/portal\/wp-content\/uploads\/2025\/05\/mayo-amarillo-30-820x1231.jpg 820w, https:\/\/www.rivera.gub.uy\/portal\/wp-content\/uploads\/2025\/05\/mayo-amarillo-30.jpg 1066w\" sizes=\"auto, (max-width: 63px) 100vw, 63px\" \/><\/a>\n\t\t\t<\/div><\/figure><figure class='gallery-item'>\n\t\t\t<div class='gallery-icon landscape'>\n\t\t\t\t<a href='https:\/\/www.rivera.gub.uy\/portal\/wp-content\/uploads\/2025\/05\/mayo-amarillo-32.jpg'><img loading=\"lazy\" decoding=\"async\" width=\"141\" height=\"94\" src=\"https:\/\/www.rivera.gub.uy\/portal\/wp-content\/uploads\/2025\/05\/mayo-amarillo-32-141x94.jpg\" class=\"attachment-thumbnail size-thumbnail\" alt=\"\" srcset=\"https:\/\/www.rivera.gub.uy\/portal\/wp-content\/uploads\/2025\/05\/mayo-amarillo-32-141x94.jpg 141w, https:\/\/www.rivera.gub.uy\/portal\/wp-content\/uploads\/2025\/05\/mayo-amarillo-32-282x188.jpg 282w, https:\/\/www.rivera.gub.uy\/portal\/wp-content\/uploads\/2025\/05\/mayo-amarillo-32-940x626.jpg 940w, https:\/\/www.rivera.gub.uy\/portal\/wp-content\/uploads\/2025\/05\/mayo-amarillo-32-768x512.jpg 768w, https:\/\/www.rivera.gub.uy\/portal\/wp-content\/uploads\/2025\/05\/mayo-amarillo-32-1536x1023.jpg 1536w, https:\/\/www.rivera.gub.uy\/portal\/wp-content\/uploads\/2025\/05\/mayo-amarillo-32-600x400.jpg 600w, https:\/\/www.rivera.gub.uy\/portal\/wp-content\/uploads\/2025\/05\/mayo-amarillo-32-820x546.jpg 820w, https:\/\/www.rivera.gub.uy\/portal\/wp-content\/uploads\/2025\/05\/mayo-amarillo-32-272x182.jpg 272w, https:\/\/www.rivera.gub.uy\/portal\/wp-content\/uploads\/2025\/05\/mayo-amarillo-32.jpg 1600w\" sizes=\"auto, (max-width: 141px) 100vw, 141px\" \/><\/a>\n\t\t\t<\/div><\/figure><figure class='gallery-item'>\n\t\t\t<div class='gallery-icon landscape'>\n\t\t\t\t<a href='https:\/\/www.rivera.gub.uy\/portal\/wp-content\/uploads\/2025\/05\/mayo-amarillo-33.jpg'><img loading=\"lazy\" decoding=\"async\" width=\"141\" height=\"94\" src=\"https:\/\/www.rivera.gub.uy\/portal\/wp-content\/uploads\/2025\/05\/mayo-amarillo-33-141x94.jpg\" class=\"attachment-thumbnail size-thumbnail\" alt=\"\" srcset=\"https:\/\/www.rivera.gub.uy\/portal\/wp-content\/uploads\/2025\/05\/mayo-amarillo-33-141x94.jpg 141w, https:\/\/www.rivera.gub.uy\/portal\/wp-content\/uploads\/2025\/05\/mayo-amarillo-33-282x188.jpg 282w, https:\/\/www.rivera.gub.uy\/portal\/wp-content\/uploads\/2025\/05\/mayo-amarillo-33-940x626.jpg 940w, https:\/\/www.rivera.gub.uy\/portal\/wp-content\/uploads\/2025\/05\/mayo-amarillo-33-768x512.jpg 768w, https:\/\/www.rivera.gub.uy\/portal\/wp-content\/uploads\/2025\/05\/mayo-amarillo-33-1536x1023.jpg 1536w, https:\/\/www.rivera.gub.uy\/portal\/wp-content\/uploads\/2025\/05\/mayo-amarillo-33-600x400.jpg 600w, https:\/\/www.rivera.gub.uy\/portal\/wp-content\/uploads\/2025\/05\/mayo-amarillo-33-820x546.jpg 820w, https:\/\/www.rivera.gub.uy\/portal\/wp-content\/uploads\/2025\/05\/mayo-amarillo-33-272x182.jpg 272w, https:\/\/www.rivera.gub.uy\/portal\/wp-content\/uploads\/2025\/05\/mayo-amarillo-33.jpg 1600w\" sizes=\"auto, (max-width: 141px) 100vw, 141px\" \/><\/a>\n\t\t\t<\/div><\/figure><figure class='gallery-item'>\n\t\t\t<div class='gallery-icon landscape'>\n\t\t\t\t<a href='https:\/\/www.rivera.gub.uy\/portal\/wp-content\/uploads\/2025\/05\/mayo-amarillo-34.jpg'><img loading=\"lazy\" decoding=\"async\" width=\"141\" height=\"94\" src=\"https:\/\/www.rivera.gub.uy\/portal\/wp-content\/uploads\/2025\/05\/mayo-amarillo-34-141x94.jpg\" class=\"attachment-thumbnail size-thumbnail\" alt=\"\" srcset=\"https:\/\/www.rivera.gub.uy\/portal\/wp-content\/uploads\/2025\/05\/mayo-amarillo-34-141x94.jpg 141w, https:\/\/www.rivera.gub.uy\/portal\/wp-content\/uploads\/2025\/05\/mayo-amarillo-34-282x188.jpg 282w, https:\/\/www.rivera.gub.uy\/portal\/wp-content\/uploads\/2025\/05\/mayo-amarillo-34-940x626.jpg 940w, https:\/\/www.rivera.gub.uy\/portal\/wp-content\/uploads\/2025\/05\/mayo-amarillo-34-768x512.jpg 768w, https:\/\/www.rivera.gub.uy\/portal\/wp-content\/uploads\/2025\/05\/mayo-amarillo-34-1536x1023.jpg 1536w, https:\/\/www.rivera.gub.uy\/portal\/wp-content\/uploads\/2025\/05\/mayo-amarillo-34-600x400.jpg 600w, https:\/\/www.rivera.gub.uy\/portal\/wp-content\/uploads\/2025\/05\/mayo-amarillo-34-820x546.jpg 820w, https:\/\/www.rivera.gub.uy\/portal\/wp-content\/uploads\/2025\/05\/mayo-amarillo-34-272x182.jpg 272w, https:\/\/www.rivera.gub.uy\/portal\/wp-content\/uploads\/2025\/05\/mayo-amarillo-34.jpg 1600w\" sizes=\"auto, (max-width: 141px) 100vw, 141px\" \/><\/a>\n\t\t\t<\/div><\/figure><figure class='gallery-item'>\n\t\t\t<div class='gallery-icon landscape'>\n\t\t\t\t<a href='https:\/\/www.rivera.gub.uy\/portal\/wp-content\/uploads\/2025\/05\/mayo-amarillo-35.jpg'><img loading=\"lazy\" decoding=\"async\" width=\"141\" height=\"94\" src=\"https:\/\/www.rivera.gub.uy\/portal\/wp-content\/uploads\/2025\/05\/mayo-amarillo-35-141x94.jpg\" class=\"attachment-thumbnail size-thumbnail\" alt=\"\" srcset=\"https:\/\/www.rivera.gub.uy\/portal\/wp-content\/uploads\/2025\/05\/mayo-amarillo-35-141x94.jpg 141w, https:\/\/www.rivera.gub.uy\/portal\/wp-content\/uploads\/2025\/05\/mayo-amarillo-35-282x188.jpg 282w, https:\/\/www.rivera.gub.uy\/portal\/wp-content\/uploads\/2025\/05\/mayo-amarillo-35-940x626.jpg 940w, https:\/\/www.rivera.gub.uy\/portal\/wp-content\/uploads\/2025\/05\/mayo-amarillo-35-768x512.jpg 768w, https:\/\/www.rivera.gub.uy\/portal\/wp-content\/uploads\/2025\/05\/mayo-amarillo-35-1536x1023.jpg 1536w, https:\/\/www.rivera.gub.uy\/portal\/wp-content\/uploads\/2025\/05\/mayo-amarillo-35-600x400.jpg 600w, https:\/\/www.rivera.gub.uy\/portal\/wp-content\/uploads\/2025\/05\/mayo-amarillo-35-820x546.jpg 820w, https:\/\/www.rivera.gub.uy\/portal\/wp-content\/uploads\/2025\/05\/mayo-amarillo-35-272x182.jpg 272w, https:\/\/www.rivera.gub.uy\/portal\/wp-content\/uploads\/2025\/05\/mayo-amarillo-35.jpg 1600w\" sizes=\"auto, (max-width: 141px) 100vw, 141px\" \/><\/a>\n\t\t\t<\/div><\/figure>\n\t\t<\/div>\n\n<p><strong>Cronograma Mayo Amarillo 2025<\/strong><\/p>\n<ul>\n<li>05\/05 Conferencia de prensa hora 09:30.<br \/>\nPintura de lazo amarillo puerta IDR hora 11:00.<br \/>\nCharla de manejo defensivo para aspirantes de licencia de<br \/>\nconductores en la IDR.<\/li>\n<li>07\/05 Charla educativa escuela N\u00ba 44 hora 09:00 y pintura de la palabra<br \/>\nRivera en la entrada de la ciudad hora 13:30.<\/li>\n<li>13\/05 Charlas a alumnos del liceo N\u00ba 8 hora 08:00<br \/>\nPintura del monumento La Mano \u201cBasta de siniestros\u201d hora 11:00<\/li>\n<li>14\/05 Charla de concientizaci\u00f3n para integrantes del proyecto \u201cDEJA\u201d en la<br \/>\nescuela N\u00ba 114 hora 18:30.<\/li>\n<li>15\/05 Charla en la escuela N\u00ba 4, liceo y UTU de Minas de Corrales a partir<br \/>\nhora 08:30. Pintura cartel de entrada a Minas de Corrales hora 13:00.<\/li>\n<li>19\/05 Charla de manejo defensivo para aspirantes de licencia de<br \/>\nconductores en Minas de Corrales, hora 09:00.<\/li>\n<li>21\/05 Charla en escuelas, liceo y UTU en Tranqueras hora 08:30<br \/>\nPintura de lazo amarillo en centros educativos<br \/>\nPintura de lazo amarillo frente a la alcald\u00eda hora 10:00<\/li>\n<li>24\/05 Paseata en bicicleta para todo p\u00fablico recorriendo barrios y el centro<br \/>\nde la ciudad hora 10:00 (se entregar\u00e1n camisetas alusivas)<\/li>\n<li>26\/05 Charla de manejo defensivo para aspirantes de licencia de conducir<br \/>\nen Tranqueras hora 09:00.<\/li>\n<li>27\/05 Armado de Escuelita itinerante en Parque Internacional con ni\u00f1os de<br \/>\ncentros educativos de Livramento y Rivera, hora 10:00.<\/li>\n<li>28\/05 Charlas en centros educativos de Livramento a partir de la hora 09:00<\/li>\n<li>29\/05 Charlas en portugu\u00e9s dictadas por inspectores brasile\u00f1os en centros<br \/>\neducativos de Rivera, hora 09:00.<\/li>\n<li>30\/05 Distribuci\u00f3n de folletos y punto de chequeo de retenci\u00f3n infantil en<br \/>\nambas ciudades, hora 10:00 y hora 15:00.<\/li>\n<\/ul>\n","protected":false},"excerpt":{"rendered":"<p>En la ma\u00f1ana de hoy se realiz\u00f3 la conferencia de prensa que da inicio a las actividades programadas para el \u201cMovimiento Internacional Mayo Amarillo 2025\u201d, en su edici\u00f3n n\u00famero 12.<\/p>\n","protected":false},"author":7,"featured_media":60325,"comment_status":"open","ping_status":"open","sticky":false,"template":"","format":"standard","meta":{"footnotes":""},"categories":[1],"tags":[],"class_list":["post-60318","post","type-post","status-publish","format-standard","has-post-thumbnail","hentry","category-novedades"],"_links":{"self":[{"href":"https:\/\/www.rivera.gub.uy\/portal\/wp-json\/wp\/v2\/posts\/60318","targetHints":{"allow":["GET"]}}],"collection":[{"href":"https:\/\/www.rivera.gub.uy\/portal\/wp-json\/wp\/v2\/posts"}],"about":[{"href":"https:\/\/www.rivera.gub.uy\/portal\/wp-json\/wp\/v2\/types\/post"}],"author":[{"embeddable":true,"href":"https:\/\/www.rivera.gub.uy\/portal\/wp-json\/wp\/v2\/users\/7"}],"replies":[{"embeddable":true,"href":"https:\/\/www.rivera.gub.uy\/portal\/wp-json\/wp\/v2\/comments?post=60318"}],"version-history":[{"count":1,"href":"https:\/\/www.rivera.gub.uy\/portal\/wp-json\/wp\/v2\/posts\/60318\/revisions"}],"predecessor-version":[{"id":60340,"href":"https:\/\/www.rivera.gub.uy\/portal\/wp-json\/wp\/v2\/posts\/60318\/revisions\/60340"}],"wp:featuredmedia":[{"embeddable":true,"href":"https:\/\/www.rivera.gub.uy\/portal\/wp-json\/wp\/v2\/media\/60325"}],"wp:attachment":[{"href":"https:\/\/www.rivera.gub.uy\/portal\/wp-json\/wp\/v2\/media?parent=60318"}],"wp:term":[{"taxonomy":"category","embeddable":true,"href":"https:\/\/www.rivera.gub.uy\/portal\/wp-json\/wp\/v2\/categories?post=60318"},{"taxonomy":"post_tag","embeddable":true,"href":"https:\/\/www.rivera.gub.uy\/portal\/wp-json\/wp\/v2\/tags?post=60318"}],"curies":[{"name":"wp","href":"https:\/\/api.w.org\/{rel}","templated":true}]}}