{"id":6038,"date":"2018-06-15T11:59:42","date_gmt":"2018-06-15T14:59:42","guid":{"rendered":"http:\/\/www.rivera.gub.uy\/portal\/?p=6038"},"modified":"2018-07-02T11:37:34","modified_gmt":"2018-07-02T14:37:34","slug":"proyecto-nuestras-mascotas","status":"publish","type":"post","link":"https:\/\/www.rivera.gub.uy\/portal\/proyecto-nuestras-mascotas\/","title":{"rendered":"Proyecto Nuestras Mascotas"},"content":{"rendered":"<p>Con la finalidad de generar concientizaci\u00f3n sobre la situaci\u00f3n de los animales callejeros y en refugios, se llev\u00f3 adelante el primer evento del Proyecto Nuestras Mascotas, donde rescatistas y animalistas de distintas asociaciones civiles conjuntamente con la Intendencia Departamental, a\u00fanan esfuerzos con la finalidad concientizar a la comunidad riverense sobre la importancia de la Tenencia Responsable de Animales.<!--more--><\/p>\n<p>La totalidad de lo recaudado en este evento se invertir\u00e1 en campa\u00f1as de castraciones de animales en situaci\u00f3n de calle y tambi\u00e9n para la construcci\u00f3n de nuevos caniles.<\/p>\n<p>El abandono irresponsable de los animales en distintos puntos genera una reproducci\u00f3n descontrolada permitiendo la formaci\u00f3n de jaur\u00edas donde una de las intervenciones es por medio de castraciones pero la otra es que toda la comunidad pueda desarrollar una conciencia de responsabilidad en la tenencia de sus mascotas.<\/p>\n<p>Durante la jornada, a pesar del fr\u00edo, este evento fue una instancia para que las familias riverenses pudieran disfrutar de una propuesta m\u00e1s en la tarde de domingo.<\/p>\n<p>El siguiente paso es avanzar con la Asociaci\u00f3n de Veterinarios de Rivera, mediante la RSE, para poder llevar adelante castraciones y mitigar de esta manera este flagelo, que es responsabilidad de todos. Agradecemos a todos su participaci\u00f3n y colaboraci\u00f3n.<\/p>\n<div id='gallery-1' class='gallery galleryid-6038 gallery-columns-4 gallery-size-thumbnail'><figure class='gallery-item'>\n\t\t\t<div class='gallery-icon landscape'>\n\t\t\t\t<a href='https:\/\/www.rivera.gub.uy\/portal\/wp-content\/uploads\/2018\/06\/34399628_400303077114860_1771836355068821504_n.jpg'><img loading=\"lazy\" decoding=\"async\" width=\"125\" height=\"94\" src=\"https:\/\/www.rivera.gub.uy\/portal\/wp-content\/uploads\/2018\/06\/34399628_400303077114860_1771836355068821504_n-125x94.jpg\" class=\"attachment-thumbnail size-thumbnail\" alt=\"\" srcset=\"https:\/\/www.rivera.gub.uy\/portal\/wp-content\/uploads\/2018\/06\/34399628_400303077114860_1771836355068821504_n-125x94.jpg 125w, https:\/\/www.rivera.gub.uy\/portal\/wp-content\/uploads\/2018\/06\/34399628_400303077114860_1771836355068821504_n-251x188.jpg 251w, https:\/\/www.rivera.gub.uy\/portal\/wp-content\/uploads\/2018\/06\/34399628_400303077114860_1771836355068821504_n-768x576.jpg 768w, https:\/\/www.rivera.gub.uy\/portal\/wp-content\/uploads\/2018\/06\/34399628_400303077114860_1771836355068821504_n-835x626.jpg 835w, https:\/\/www.rivera.gub.uy\/portal\/wp-content\/uploads\/2018\/06\/34399628_400303077114860_1771836355068821504_n-820x615.jpg 820w, https:\/\/www.rivera.gub.uy\/portal\/wp-content\/uploads\/2018\/06\/34399628_400303077114860_1771836355068821504_n.jpg 960w\" sizes=\"auto, (max-width: 125px) 100vw, 125px\" \/><\/a>\n\t\t\t<\/div><\/figure><figure class='gallery-item'>\n\t\t\t<div class='gallery-icon landscape'>\n\t\t\t\t<a href='https:\/\/www.rivera.gub.uy\/portal\/wp-content\/uploads\/2018\/06\/34447490_400302473781587_1400676564227588096_n.jpg'><img loading=\"lazy\" decoding=\"async\" width=\"125\" height=\"94\" src=\"https:\/\/www.rivera.gub.uy\/portal\/wp-content\/uploads\/2018\/06\/34447490_400302473781587_1400676564227588096_n-125x94.jpg\" class=\"attachment-thumbnail size-thumbnail\" alt=\"\" srcset=\"https:\/\/www.rivera.gub.uy\/portal\/wp-content\/uploads\/2018\/06\/34447490_400302473781587_1400676564227588096_n-125x94.jpg 125w, https:\/\/www.rivera.gub.uy\/portal\/wp-content\/uploads\/2018\/06\/34447490_400302473781587_1400676564227588096_n-251x188.jpg 251w, https:\/\/www.rivera.gub.uy\/portal\/wp-content\/uploads\/2018\/06\/34447490_400302473781587_1400676564227588096_n-768x576.jpg 768w, https:\/\/www.rivera.gub.uy\/portal\/wp-content\/uploads\/2018\/06\/34447490_400302473781587_1400676564227588096_n-835x626.jpg 835w, https:\/\/www.rivera.gub.uy\/portal\/wp-content\/uploads\/2018\/06\/34447490_400302473781587_1400676564227588096_n-820x615.jpg 820w, https:\/\/www.rivera.gub.uy\/portal\/wp-content\/uploads\/2018\/06\/34447490_400302473781587_1400676564227588096_n.jpg 960w\" sizes=\"auto, (max-width: 125px) 100vw, 125px\" \/><\/a>\n\t\t\t<\/div><\/figure><figure class='gallery-item'>\n\t\t\t<div class='gallery-icon landscape'>\n\t\t\t\t<a href='https:\/\/www.rivera.gub.uy\/portal\/wp-content\/uploads\/2018\/06\/34489791_400302757114892_4901436250361167872_n.jpg'><img loading=\"lazy\" decoding=\"async\" width=\"125\" height=\"94\" src=\"https:\/\/www.rivera.gub.uy\/portal\/wp-content\/uploads\/2018\/06\/34489791_400302757114892_4901436250361167872_n-125x94.jpg\" class=\"attachment-thumbnail size-thumbnail\" alt=\"\" srcset=\"https:\/\/www.rivera.gub.uy\/portal\/wp-content\/uploads\/2018\/06\/34489791_400302757114892_4901436250361167872_n-125x94.jpg 125w, https:\/\/www.rivera.gub.uy\/portal\/wp-content\/uploads\/2018\/06\/34489791_400302757114892_4901436250361167872_n-251x188.jpg 251w, https:\/\/www.rivera.gub.uy\/portal\/wp-content\/uploads\/2018\/06\/34489791_400302757114892_4901436250361167872_n-768x576.jpg 768w, https:\/\/www.rivera.gub.uy\/portal\/wp-content\/uploads\/2018\/06\/34489791_400302757114892_4901436250361167872_n-835x626.jpg 835w, https:\/\/www.rivera.gub.uy\/portal\/wp-content\/uploads\/2018\/06\/34489791_400302757114892_4901436250361167872_n-820x615.jpg 820w, https:\/\/www.rivera.gub.uy\/portal\/wp-content\/uploads\/2018\/06\/34489791_400302757114892_4901436250361167872_n.jpg 960w\" sizes=\"auto, (max-width: 125px) 100vw, 125px\" \/><\/a>\n\t\t\t<\/div><\/figure><figure class='gallery-item'>\n\t\t\t<div class='gallery-icon landscape'>\n\t\t\t\t<a href='https:\/\/www.rivera.gub.uy\/portal\/wp-content\/uploads\/2018\/06\/34509855_400302910448210_3252879557065179136_n.jpg'><img loading=\"lazy\" decoding=\"async\" width=\"125\" height=\"94\" src=\"https:\/\/www.rivera.gub.uy\/portal\/wp-content\/uploads\/2018\/06\/34509855_400302910448210_3252879557065179136_n-125x94.jpg\" class=\"attachment-thumbnail size-thumbnail\" alt=\"\" srcset=\"https:\/\/www.rivera.gub.uy\/portal\/wp-content\/uploads\/2018\/06\/34509855_400302910448210_3252879557065179136_n-125x94.jpg 125w, https:\/\/www.rivera.gub.uy\/portal\/wp-content\/uploads\/2018\/06\/34509855_400302910448210_3252879557065179136_n-251x188.jpg 251w, https:\/\/www.rivera.gub.uy\/portal\/wp-content\/uploads\/2018\/06\/34509855_400302910448210_3252879557065179136_n-768x576.jpg 768w, https:\/\/www.rivera.gub.uy\/portal\/wp-content\/uploads\/2018\/06\/34509855_400302910448210_3252879557065179136_n-835x626.jpg 835w, https:\/\/www.rivera.gub.uy\/portal\/wp-content\/uploads\/2018\/06\/34509855_400302910448210_3252879557065179136_n-820x615.jpg 820w, https:\/\/www.rivera.gub.uy\/portal\/wp-content\/uploads\/2018\/06\/34509855_400302910448210_3252879557065179136_n.jpg 960w\" sizes=\"auto, (max-width: 125px) 100vw, 125px\" \/><\/a>\n\t\t\t<\/div><\/figure><figure class='gallery-item'>\n\t\t\t<div class='gallery-icon landscape'>\n\t\t\t\t<a href='https:\/\/www.rivera.gub.uy\/portal\/wp-content\/uploads\/2018\/06\/34536708_400303167114851_1665060646296748032_n.jpg'><img loading=\"lazy\" decoding=\"async\" width=\"125\" height=\"94\" src=\"https:\/\/www.rivera.gub.uy\/portal\/wp-content\/uploads\/2018\/06\/34536708_400303167114851_1665060646296748032_n-125x94.jpg\" class=\"attachment-thumbnail size-thumbnail\" alt=\"\" srcset=\"https:\/\/www.rivera.gub.uy\/portal\/wp-content\/uploads\/2018\/06\/34536708_400303167114851_1665060646296748032_n-125x94.jpg 125w, https:\/\/www.rivera.gub.uy\/portal\/wp-content\/uploads\/2018\/06\/34536708_400303167114851_1665060646296748032_n-251x188.jpg 251w, https:\/\/www.rivera.gub.uy\/portal\/wp-content\/uploads\/2018\/06\/34536708_400303167114851_1665060646296748032_n-768x576.jpg 768w, https:\/\/www.rivera.gub.uy\/portal\/wp-content\/uploads\/2018\/06\/34536708_400303167114851_1665060646296748032_n-835x626.jpg 835w, https:\/\/www.rivera.gub.uy\/portal\/wp-content\/uploads\/2018\/06\/34536708_400303167114851_1665060646296748032_n-820x615.jpg 820w, https:\/\/www.rivera.gub.uy\/portal\/wp-content\/uploads\/2018\/06\/34536708_400303167114851_1665060646296748032_n.jpg 960w\" sizes=\"auto, (max-width: 125px) 100vw, 125px\" \/><\/a>\n\t\t\t<\/div><\/figure><figure class='gallery-item'>\n\t\t\t<div class='gallery-icon landscape'>\n\t\t\t\t<a href='https:\/\/www.rivera.gub.uy\/portal\/wp-content\/uploads\/2018\/06\/34664340_400303140448187_1155372401924505600_n.jpg'><img loading=\"lazy\" decoding=\"async\" width=\"125\" height=\"94\" src=\"https:\/\/www.rivera.gub.uy\/portal\/wp-content\/uploads\/2018\/06\/34664340_400303140448187_1155372401924505600_n-125x94.jpg\" class=\"attachment-thumbnail size-thumbnail\" alt=\"\" srcset=\"https:\/\/www.rivera.gub.uy\/portal\/wp-content\/uploads\/2018\/06\/34664340_400303140448187_1155372401924505600_n-125x94.jpg 125w, https:\/\/www.rivera.gub.uy\/portal\/wp-content\/uploads\/2018\/06\/34664340_400303140448187_1155372401924505600_n-251x188.jpg 251w, https:\/\/www.rivera.gub.uy\/portal\/wp-content\/uploads\/2018\/06\/34664340_400303140448187_1155372401924505600_n-768x576.jpg 768w, https:\/\/www.rivera.gub.uy\/portal\/wp-content\/uploads\/2018\/06\/34664340_400303140448187_1155372401924505600_n-835x626.jpg 835w, https:\/\/www.rivera.gub.uy\/portal\/wp-content\/uploads\/2018\/06\/34664340_400303140448187_1155372401924505600_n-820x615.jpg 820w, https:\/\/www.rivera.gub.uy\/portal\/wp-content\/uploads\/2018\/06\/34664340_400303140448187_1155372401924505600_n.jpg 960w\" sizes=\"auto, (max-width: 125px) 100vw, 125px\" \/><\/a>\n\t\t\t<\/div><\/figure><figure class='gallery-item'>\n\t\t\t<div class='gallery-icon landscape'>\n\t\t\t\t<a href='https:\/\/www.rivera.gub.uy\/portal\/wp-content\/uploads\/2018\/06\/34691780_400302693781565_5726616033335181312_o.jpg'><img loading=\"lazy\" decoding=\"async\" width=\"125\" height=\"94\" src=\"https:\/\/www.rivera.gub.uy\/portal\/wp-content\/uploads\/2018\/06\/34691780_400302693781565_5726616033335181312_o-125x94.jpg\" class=\"attachment-thumbnail size-thumbnail\" alt=\"\" srcset=\"https:\/\/www.rivera.gub.uy\/portal\/wp-content\/uploads\/2018\/06\/34691780_400302693781565_5726616033335181312_o-125x94.jpg 125w, https:\/\/www.rivera.gub.uy\/portal\/wp-content\/uploads\/2018\/06\/34691780_400302693781565_5726616033335181312_o-251x188.jpg 251w, https:\/\/www.rivera.gub.uy\/portal\/wp-content\/uploads\/2018\/06\/34691780_400302693781565_5726616033335181312_o-768x576.jpg 768w, https:\/\/www.rivera.gub.uy\/portal\/wp-content\/uploads\/2018\/06\/34691780_400302693781565_5726616033335181312_o-835x626.jpg 835w, https:\/\/www.rivera.gub.uy\/portal\/wp-content\/uploads\/2018\/06\/34691780_400302693781565_5726616033335181312_o-820x615.jpg 820w, https:\/\/www.rivera.gub.uy\/portal\/wp-content\/uploads\/2018\/06\/34691780_400302693781565_5726616033335181312_o.jpg 1600w\" sizes=\"auto, (max-width: 125px) 100vw, 125px\" \/><\/a>\n\t\t\t<\/div><\/figure><figure class='gallery-item'>\n\t\t\t<div class='gallery-icon landscape'>\n\t\t\t\t<a href='https:\/\/www.rivera.gub.uy\/portal\/wp-content\/uploads\/2018\/06\/nm.jpg'><img loading=\"lazy\" decoding=\"async\" width=\"125\" height=\"94\" src=\"https:\/\/www.rivera.gub.uy\/portal\/wp-content\/uploads\/2018\/06\/nm-125x94.jpg\" class=\"attachment-thumbnail size-thumbnail\" alt=\"\" srcset=\"https:\/\/www.rivera.gub.uy\/portal\/wp-content\/uploads\/2018\/06\/nm-125x94.jpg 125w, https:\/\/www.rivera.gub.uy\/portal\/wp-content\/uploads\/2018\/06\/nm-251x188.jpg 251w, https:\/\/www.rivera.gub.uy\/portal\/wp-content\/uploads\/2018\/06\/nm-768x576.jpg 768w, https:\/\/www.rivera.gub.uy\/portal\/wp-content\/uploads\/2018\/06\/nm-835x626.jpg 835w, https:\/\/www.rivera.gub.uy\/portal\/wp-content\/uploads\/2018\/06\/nm-820x615.jpg 820w, https:\/\/www.rivera.gub.uy\/portal\/wp-content\/uploads\/2018\/06\/nm.jpg 864w\" sizes=\"auto, (max-width: 125px) 100vw, 125px\" \/><\/a>\n\t\t\t<\/div><\/figure>\n\t\t<\/div>\n\n","protected":false},"excerpt":{"rendered":"<p>Con la finalidad de generar concientizaci\u00f3n sobre la situaci\u00f3n de los animales callejeros y en refugios, se llev\u00f3 adelante el primer evento del Proyecto Nuestras Mascotas, donde rescatistas y animalistas de distintas asociaciones civiles conjuntamente con la Intendencia Departamental, a\u00fanan esfuerzos con la finalidad concientizar a la comunidad riverense sobre la importancia de la Tenencia [&hellip;]<\/p>\n","protected":false},"author":7,"featured_media":6059,"comment_status":"open","ping_status":"open","sticky":false,"template":"","format":"standard","meta":{"footnotes":""},"categories":[1],"tags":[114,36,647,263,33],"class_list":["post-6038","post","type-post","status-publish","format-standard","has-post-thumbnail","hentry","category-novedades","tag-idr","tag-intendencia","tag-nuestras-mascotas","tag-proyecto","tag-rivera"],"_links":{"self":[{"href":"https:\/\/www.rivera.gub.uy\/portal\/wp-json\/wp\/v2\/posts\/6038","targetHints":{"allow":["GET"]}}],"collection":[{"href":"https:\/\/www.rivera.gub.uy\/portal\/wp-json\/wp\/v2\/posts"}],"about":[{"href":"https:\/\/www.rivera.gub.uy\/portal\/wp-json\/wp\/v2\/types\/post"}],"author":[{"embeddable":true,"href":"https:\/\/www.rivera.gub.uy\/portal\/wp-json\/wp\/v2\/users\/7"}],"replies":[{"embeddable":true,"href":"https:\/\/www.rivera.gub.uy\/portal\/wp-json\/wp\/v2\/comments?post=6038"}],"version-history":[{"count":3,"href":"https:\/\/www.rivera.gub.uy\/portal\/wp-json\/wp\/v2\/posts\/6038\/revisions"}],"predecessor-version":[{"id":6064,"href":"https:\/\/www.rivera.gub.uy\/portal\/wp-json\/wp\/v2\/posts\/6038\/revisions\/6064"}],"wp:featuredmedia":[{"embeddable":true,"href":"https:\/\/www.rivera.gub.uy\/portal\/wp-json\/wp\/v2\/media\/6059"}],"wp:attachment":[{"href":"https:\/\/www.rivera.gub.uy\/portal\/wp-json\/wp\/v2\/media?parent=6038"}],"wp:term":[{"taxonomy":"category","embeddable":true,"href":"https:\/\/www.rivera.gub.uy\/portal\/wp-json\/wp\/v2\/categories?post=6038"},{"taxonomy":"post_tag","embeddable":true,"href":"https:\/\/www.rivera.gub.uy\/portal\/wp-json\/wp\/v2\/tags?post=6038"}],"curies":[{"name":"wp","href":"https:\/\/api.w.org\/{rel}","templated":true}]}}