{"id":6040,"date":"2018-06-14T14:05:21","date_gmt":"2018-06-14T17:05:21","guid":{"rendered":"http:\/\/www.rivera.gub.uy\/portal\/?p=6040"},"modified":"2018-06-22T11:42:15","modified_gmt":"2018-06-22T14:42:15","slug":"proyecto-acacia-negra-comienza-a-ejecutarse-en-las-margenes-del-arroyo-cunapiru","status":"publish","type":"post","link":"https:\/\/www.rivera.gub.uy\/portal\/proyecto-acacia-negra-comienza-a-ejecutarse-en-las-margenes-del-arroyo-cunapiru\/","title":{"rendered":"Proyecto \u201cAcacia Negra\u201d comienza a ejecutarse en las m\u00e1rgenes del arroyo Cu\u00f1apir\u00fa"},"content":{"rendered":"<p>La Divisi\u00f3n de Estrategias perteneciente a la Direcci\u00f3n General de Desarrollo y Medio Ambiente (IDR) en<br \/>\nconjunto con la Facultad de Ciencias (UDELAR), han comenzado a ejecutar el proyecto \u201cAcacia Negra &#8211; Utilizaci\u00f3n de una especie invasora le\u00f1osa como fuente laboral para grupos vulnerables de Rivera\u201d, el cual<br \/>\ncuenta con el apoyo financiero de la Agencia Nacional de Innovaci\u00f3n e Investigaci\u00f3n (ANII).<\/p>\n<p>Este proyecto pretende evaluar el potencial de una especie ex\u00f3tica invasora conocida como Acacia Negra (Gleditsia<br \/>\ntriacanthos), la cual representa un problema ambiental a nivel departamental y nacional, para la elaboraci\u00f3n de carb\u00f3n vegetal por parte de sectores vulnerables de Rivera.<!--more--><br \/>\nLa invasi\u00f3n de las m\u00e1rgenes de arroyos y r\u00edos de nuestro pa\u00eds por parte de G. triacanthos ocasiona un desplazamiento del monte nativo y la p\u00e9rdida de \u00e1reas productivas las cuales se hacen inaccesibles al ganado. No obstante, esta especie presenta particularidades que la hacen interesante como recurso maderable, especialmente para la producci\u00f3n de carb\u00f3n.<\/p>\n<p>Por otra parte, desde hace m\u00e1s de dos a\u00f1os la IDR viene trabajando con un grupo de familias socialmente vulnerables de nuestra ciudad dedicadas a la fabricaci\u00f3n de carb\u00f3n. Uno de sus mayores obst\u00e1culos productivos es la carencia de una materia prima de calidad y en cantidades que les permitan posicionarse desde el punto de vista comercial.<\/p>\n<p>Con el presente proyecto se estar\u00eda evaluando la posibilidad de contar con una fuente de materia prima de calidad, como la Acacia Negra, y al mismo tiempo aportando a la soluci\u00f3n de un problema ambiental.<\/p>\n<p>En conclusi\u00f3n el producto que este proyecto intenta validar es un carb\u00f3n de calidad, el cual se podr\u00eda denominar \u201cecol\u00f3gico\u201d, ya que resulta de la tala de una especie ex\u00f3tica invasora, dando lugar a la recuperaci\u00f3n de bosque nativo.<\/p>\n","protected":false},"excerpt":{"rendered":"<p>La Divisi\u00f3n de Estrategias perteneciente a la Direcci\u00f3n General de Desarrollo y Medio Ambiente (IDR) en conjunto con la Facultad de Ciencias (UDELAR), han comenzado a ejecutar el proyecto \u201cAcacia Negra &#8211; Utilizaci\u00f3n de una especie invasora le\u00f1osa como fuente laboral para grupos vulnerables de Rivera\u201d, el cual cuenta con el apoyo financiero de la [&hellip;]<\/p>\n","protected":false},"author":7,"featured_media":6042,"comment_status":"open","ping_status":"open","sticky":false,"template":"","format":"standard","meta":{"footnotes":""},"categories":[1],"tags":[667,680,380,114,36,33,126],"class_list":["post-6040","post","type-post","status-publish","format-standard","has-post-thumbnail","hentry","category-novedades","tag-acacia-negra","tag-anii","tag-dgdma","tag-idr","tag-intendencia","tag-rivera","tag-udelar"],"_links":{"self":[{"href":"https:\/\/www.rivera.gub.uy\/portal\/wp-json\/wp\/v2\/posts\/6040","targetHints":{"allow":["GET"]}}],"collection":[{"href":"https:\/\/www.rivera.gub.uy\/portal\/wp-json\/wp\/v2\/posts"}],"about":[{"href":"https:\/\/www.rivera.gub.uy\/portal\/wp-json\/wp\/v2\/types\/post"}],"author":[{"embeddable":true,"href":"https:\/\/www.rivera.gub.uy\/portal\/wp-json\/wp\/v2\/users\/7"}],"replies":[{"embeddable":true,"href":"https:\/\/www.rivera.gub.uy\/portal\/wp-json\/wp\/v2\/comments?post=6040"}],"version-history":[{"count":2,"href":"https:\/\/www.rivera.gub.uy\/portal\/wp-json\/wp\/v2\/posts\/6040\/revisions"}],"predecessor-version":[{"id":6043,"href":"https:\/\/www.rivera.gub.uy\/portal\/wp-json\/wp\/v2\/posts\/6040\/revisions\/6043"}],"wp:featuredmedia":[{"embeddable":true,"href":"https:\/\/www.rivera.gub.uy\/portal\/wp-json\/wp\/v2\/media\/6042"}],"wp:attachment":[{"href":"https:\/\/www.rivera.gub.uy\/portal\/wp-json\/wp\/v2\/media?parent=6040"}],"wp:term":[{"taxonomy":"category","embeddable":true,"href":"https:\/\/www.rivera.gub.uy\/portal\/wp-json\/wp\/v2\/categories?post=6040"},{"taxonomy":"post_tag","embeddable":true,"href":"https:\/\/www.rivera.gub.uy\/portal\/wp-json\/wp\/v2\/tags?post=6040"}],"curies":[{"name":"wp","href":"https:\/\/api.w.org\/{rel}","templated":true}]}}