{"id":60408,"date":"2025-05-12T09:39:09","date_gmt":"2025-05-12T12:39:09","guid":{"rendered":"https:\/\/www.rivera.gub.uy\/portal\/?p=60408"},"modified":"2025-05-13T09:44:38","modified_gmt":"2025-05-13T12:44:38","slug":"nuevo-regimen-de-facilidades","status":"publish","type":"post","link":"https:\/\/www.rivera.gub.uy\/portal\/nuevo-regimen-de-facilidades\/","title":{"rendered":"NUEVO R\u00c9GIMEN DE FACILIDADES"},"content":{"rendered":"<p>En la ma\u00f1ana de hoy el intendente de Rivera Arq. Jos\u00e9 Mazzoni Gollard\u00eda acompa\u00f1ado por la directora General de Hacienda de la IDR, Cra. Daniela Porto Lara, brindaron en conferencia de prensa, detalles del \u201cNuevo R\u00e9gimen de Facilidades\u201d, plan que permite hasta el 100% de exoneraci\u00f3n en multas y recargos pagando en cuotas hasta el 30 de junio del a\u00f1o 2030.<!--more--><br \/>\n\u00c9sta nueva oportunidad al contribuyente permite ponerse al d\u00eda con sus tributos y cumplir con nuestro departamento. Incluye facilidades para regularizar deudas de contribuci\u00f3n inmobiliaria, permisos de circulaci\u00f3n, tasas bromatol\u00f3gicas y municipales, precios por uso de maquinaria y m\u00e1s.<\/p>\n<p>\u201cUn plan muy atractivo al tributario porque no s\u00f3lo permite exonerar en un 100% sino que tambi\u00e9n le da un plazo hasta el final de la pr\u00f3xima administraci\u00f3n (30\/06\/30) para pagar \u00e9sta deuda congelada con la posibilidad tambi\u00e9n de ir recuperando en forma gradual la bonificaci\u00f3n de buen pagador donde en el a\u00f1o 2027 ya el contribuyente que est\u00e9 al d\u00eda va a tener un 8% de descuento por buen pagador y terminar en el a\u00f1o 2030 con un descuento de 18% por buen pagador. &#8211; La finalidad de \u00e9stos per\u00edodos es recuperar contribuyentes para poder estar cumpliendo con todos los riverenses en mejores calles, en mejor alumbrado, en mejores plazas, en financiar actividades sociales como los Caif, como los Hogares Estudiantiles y diversas actividades de la comuna que generan mejores empleos y mejor calidad de vida para todos los riverenses\u201d Cra. Daniela Porto Lara.<\/p>\n<p><a href=\"https:\/\/www.rivera.gub.uy\/portal\/wp-content\/uploads\/2025\/05\/banner-ref.png\"><img loading=\"lazy\" decoding=\"async\" class=\"aligncenter size-medium wp-image-60373\" src=\"https:\/\/www.rivera.gub.uy\/portal\/wp-content\/uploads\/2025\/05\/banner-ref-300x169.png\" alt=\"\" width=\"300\" height=\"169\" srcset=\"https:\/\/www.rivera.gub.uy\/portal\/wp-content\/uploads\/2025\/05\/banner-ref-300x169.png 300w, https:\/\/www.rivera.gub.uy\/portal\/wp-content\/uploads\/2025\/05\/banner-ref-1000x563.png 1000w, https:\/\/www.rivera.gub.uy\/portal\/wp-content\/uploads\/2025\/05\/banner-ref-150x84.png 150w, https:\/\/www.rivera.gub.uy\/portal\/wp-content\/uploads\/2025\/05\/banner-ref-768x432.png 768w, https:\/\/www.rivera.gub.uy\/portal\/wp-content\/uploads\/2025\/05\/banner-ref-1536x864.png 1536w, https:\/\/www.rivera.gub.uy\/portal\/wp-content\/uploads\/2025\/05\/banner-ref-2048x1152.png 2048w, https:\/\/www.rivera.gub.uy\/portal\/wp-content\/uploads\/2025\/05\/banner-ref-820x461.png 820w\" sizes=\"auto, (max-width: 300px) 100vw, 300px\" \/><\/a><\/p>\n<p>Por su parte el intendente Mazzoni, invit\u00f3 a que puedan venir a informarse y firmar el convenio a partir de la fecha de hoy.<\/p>\n<p>En su alocuci\u00f3n destac\u00f3; \u201cy para que sirven los tributos municipales, bien, sirven para financiar todo lo que la poblaci\u00f3n, todo lo que los riverenses exigimos; a nosotros nos gusta que est\u00e9n nuestras calles en buen estado, que tengamos iluminaci\u00f3n, que tengamos recolecci\u00f3n de residuos, que tengamos la caminer\u00eda, los Caif, los Hogares Estudiantiles, los merenderos, todos los servicios que se financian con nuestros impuestos.- El gobierno departamental de turno no tiene una maquina de hacer dinero que permita solventar todos esos gastos, entonces se solventa con los impuestos, con las retribuciones que todos los ciudadanos deben aportar a la comuna para poder financiar toda esa tarea.\u201d<\/p>\n<p>&nbsp;<\/p>\n<div id='gallery-1' class='gallery galleryid-60408 gallery-columns-6 gallery-size-thumbnail'><figure class='gallery-item'>\n\t\t\t<div class='gallery-icon portrait'>\n\t\t\t\t<a href='https:\/\/www.rivera.gub.uy\/portal\/wp-content\/uploads\/2025\/05\/refinanciacion-scaled.jpg'><img loading=\"lazy\" decoding=\"async\" width=\"63\" height=\"94\" src=\"https:\/\/www.rivera.gub.uy\/portal\/wp-content\/uploads\/2025\/05\/refinanciacion-63x94.jpg\" class=\"attachment-thumbnail size-thumbnail\" alt=\"\" srcset=\"https:\/\/www.rivera.gub.uy\/portal\/wp-content\/uploads\/2025\/05\/refinanciacion-63x94.jpg 63w, https:\/\/www.rivera.gub.uy\/portal\/wp-content\/uploads\/2025\/05\/refinanciacion-125x188.jpg 125w, https:\/\/www.rivera.gub.uy\/portal\/wp-content\/uploads\/2025\/05\/refinanciacion-417x626.jpg 417w, https:\/\/www.rivera.gub.uy\/portal\/wp-content\/uploads\/2025\/05\/refinanciacion-768x1152.jpg 768w, https:\/\/www.rivera.gub.uy\/portal\/wp-content\/uploads\/2025\/05\/refinanciacion-1024x1536.jpg 1024w, https:\/\/www.rivera.gub.uy\/portal\/wp-content\/uploads\/2025\/05\/refinanciacion-1365x2048.jpg 1365w, https:\/\/www.rivera.gub.uy\/portal\/wp-content\/uploads\/2025\/05\/refinanciacion-820x1230.jpg 820w, https:\/\/www.rivera.gub.uy\/portal\/wp-content\/uploads\/2025\/05\/refinanciacion-scaled.jpg 1707w\" sizes=\"auto, (max-width: 63px) 100vw, 63px\" \/><\/a>\n\t\t\t<\/div><\/figure><figure class='gallery-item'>\n\t\t\t<div class='gallery-icon portrait'>\n\t\t\t\t<a href='https:\/\/www.rivera.gub.uy\/portal\/wp-content\/uploads\/2025\/05\/refinanciacion-2-scaled.jpg'><img loading=\"lazy\" decoding=\"async\" width=\"63\" height=\"94\" src=\"https:\/\/www.rivera.gub.uy\/portal\/wp-content\/uploads\/2025\/05\/refinanciacion-2-63x94.jpg\" class=\"attachment-thumbnail size-thumbnail\" alt=\"\" srcset=\"https:\/\/www.rivera.gub.uy\/portal\/wp-content\/uploads\/2025\/05\/refinanciacion-2-63x94.jpg 63w, https:\/\/www.rivera.gub.uy\/portal\/wp-content\/uploads\/2025\/05\/refinanciacion-2-125x188.jpg 125w, https:\/\/www.rivera.gub.uy\/portal\/wp-content\/uploads\/2025\/05\/refinanciacion-2-417x626.jpg 417w, https:\/\/www.rivera.gub.uy\/portal\/wp-content\/uploads\/2025\/05\/refinanciacion-2-768x1152.jpg 768w, https:\/\/www.rivera.gub.uy\/portal\/wp-content\/uploads\/2025\/05\/refinanciacion-2-1024x1536.jpg 1024w, https:\/\/www.rivera.gub.uy\/portal\/wp-content\/uploads\/2025\/05\/refinanciacion-2-1365x2048.jpg 1365w, https:\/\/www.rivera.gub.uy\/portal\/wp-content\/uploads\/2025\/05\/refinanciacion-2-820x1230.jpg 820w, https:\/\/www.rivera.gub.uy\/portal\/wp-content\/uploads\/2025\/05\/refinanciacion-2-scaled.jpg 1707w\" sizes=\"auto, (max-width: 63px) 100vw, 63px\" \/><\/a>\n\t\t\t<\/div><\/figure><figure class='gallery-item'>\n\t\t\t<div class='gallery-icon landscape'>\n\t\t\t\t<a href='https:\/\/www.rivera.gub.uy\/portal\/wp-content\/uploads\/2025\/05\/refinanciacion-3-scaled.jpg'><img loading=\"lazy\" decoding=\"async\" width=\"141\" height=\"94\" src=\"https:\/\/www.rivera.gub.uy\/portal\/wp-content\/uploads\/2025\/05\/refinanciacion-3-141x94.jpg\" class=\"attachment-thumbnail size-thumbnail\" alt=\"\" srcset=\"https:\/\/www.rivera.gub.uy\/portal\/wp-content\/uploads\/2025\/05\/refinanciacion-3-141x94.jpg 141w, https:\/\/www.rivera.gub.uy\/portal\/wp-content\/uploads\/2025\/05\/refinanciacion-3-282x188.jpg 282w, https:\/\/www.rivera.gub.uy\/portal\/wp-content\/uploads\/2025\/05\/refinanciacion-3-939x626.jpg 939w, https:\/\/www.rivera.gub.uy\/portal\/wp-content\/uploads\/2025\/05\/refinanciacion-3-768x512.jpg 768w, https:\/\/www.rivera.gub.uy\/portal\/wp-content\/uploads\/2025\/05\/refinanciacion-3-1536x1024.jpg 1536w, https:\/\/www.rivera.gub.uy\/portal\/wp-content\/uploads\/2025\/05\/refinanciacion-3-2048x1365.jpg 2048w, https:\/\/www.rivera.gub.uy\/portal\/wp-content\/uploads\/2025\/05\/refinanciacion-3-600x400.jpg 600w, https:\/\/www.rivera.gub.uy\/portal\/wp-content\/uploads\/2025\/05\/refinanciacion-3-820x547.jpg 820w, https:\/\/www.rivera.gub.uy\/portal\/wp-content\/uploads\/2025\/05\/refinanciacion-3-272x182.jpg 272w\" sizes=\"auto, (max-width: 141px) 100vw, 141px\" \/><\/a>\n\t\t\t<\/div><\/figure><figure class='gallery-item'>\n\t\t\t<div class='gallery-icon landscape'>\n\t\t\t\t<a href='https:\/\/www.rivera.gub.uy\/portal\/wp-content\/uploads\/2025\/05\/refinanciacion-4-scaled.jpg'><img loading=\"lazy\" decoding=\"async\" width=\"141\" height=\"94\" src=\"https:\/\/www.rivera.gub.uy\/portal\/wp-content\/uploads\/2025\/05\/refinanciacion-4-141x94.jpg\" class=\"attachment-thumbnail size-thumbnail\" alt=\"\" srcset=\"https:\/\/www.rivera.gub.uy\/portal\/wp-content\/uploads\/2025\/05\/refinanciacion-4-141x94.jpg 141w, https:\/\/www.rivera.gub.uy\/portal\/wp-content\/uploads\/2025\/05\/refinanciacion-4-282x188.jpg 282w, https:\/\/www.rivera.gub.uy\/portal\/wp-content\/uploads\/2025\/05\/refinanciacion-4-939x626.jpg 939w, https:\/\/www.rivera.gub.uy\/portal\/wp-content\/uploads\/2025\/05\/refinanciacion-4-768x512.jpg 768w, https:\/\/www.rivera.gub.uy\/portal\/wp-content\/uploads\/2025\/05\/refinanciacion-4-1536x1024.jpg 1536w, https:\/\/www.rivera.gub.uy\/portal\/wp-content\/uploads\/2025\/05\/refinanciacion-4-2048x1365.jpg 2048w, https:\/\/www.rivera.gub.uy\/portal\/wp-content\/uploads\/2025\/05\/refinanciacion-4-600x400.jpg 600w, https:\/\/www.rivera.gub.uy\/portal\/wp-content\/uploads\/2025\/05\/refinanciacion-4-820x547.jpg 820w, https:\/\/www.rivera.gub.uy\/portal\/wp-content\/uploads\/2025\/05\/refinanciacion-4-272x182.jpg 272w\" sizes=\"auto, (max-width: 141px) 100vw, 141px\" \/><\/a>\n\t\t\t<\/div><\/figure><figure class='gallery-item'>\n\t\t\t<div class='gallery-icon landscape'>\n\t\t\t\t<a href='https:\/\/www.rivera.gub.uy\/portal\/wp-content\/uploads\/2025\/05\/refinanciacion-5-scaled.jpg'><img loading=\"lazy\" decoding=\"async\" width=\"141\" height=\"94\" src=\"https:\/\/www.rivera.gub.uy\/portal\/wp-content\/uploads\/2025\/05\/refinanciacion-5-141x94.jpg\" class=\"attachment-thumbnail size-thumbnail\" alt=\"\" srcset=\"https:\/\/www.rivera.gub.uy\/portal\/wp-content\/uploads\/2025\/05\/refinanciacion-5-141x94.jpg 141w, https:\/\/www.rivera.gub.uy\/portal\/wp-content\/uploads\/2025\/05\/refinanciacion-5-282x188.jpg 282w, https:\/\/www.rivera.gub.uy\/portal\/wp-content\/uploads\/2025\/05\/refinanciacion-5-939x626.jpg 939w, https:\/\/www.rivera.gub.uy\/portal\/wp-content\/uploads\/2025\/05\/refinanciacion-5-768x512.jpg 768w, https:\/\/www.rivera.gub.uy\/portal\/wp-content\/uploads\/2025\/05\/refinanciacion-5-1536x1024.jpg 1536w, https:\/\/www.rivera.gub.uy\/portal\/wp-content\/uploads\/2025\/05\/refinanciacion-5-2048x1365.jpg 2048w, https:\/\/www.rivera.gub.uy\/portal\/wp-content\/uploads\/2025\/05\/refinanciacion-5-600x400.jpg 600w, https:\/\/www.rivera.gub.uy\/portal\/wp-content\/uploads\/2025\/05\/refinanciacion-5-820x547.jpg 820w, https:\/\/www.rivera.gub.uy\/portal\/wp-content\/uploads\/2025\/05\/refinanciacion-5-272x182.jpg 272w\" sizes=\"auto, (max-width: 141px) 100vw, 141px\" \/><\/a>\n\t\t\t<\/div><\/figure><figure class='gallery-item'>\n\t\t\t<div class='gallery-icon landscape'>\n\t\t\t\t<a href='https:\/\/www.rivera.gub.uy\/portal\/wp-content\/uploads\/2025\/05\/refinanciacion-6-scaled.jpg'><img loading=\"lazy\" decoding=\"async\" width=\"141\" height=\"94\" src=\"https:\/\/www.rivera.gub.uy\/portal\/wp-content\/uploads\/2025\/05\/refinanciacion-6-141x94.jpg\" class=\"attachment-thumbnail size-thumbnail\" alt=\"\" srcset=\"https:\/\/www.rivera.gub.uy\/portal\/wp-content\/uploads\/2025\/05\/refinanciacion-6-141x94.jpg 141w, https:\/\/www.rivera.gub.uy\/portal\/wp-content\/uploads\/2025\/05\/refinanciacion-6-282x188.jpg 282w, https:\/\/www.rivera.gub.uy\/portal\/wp-content\/uploads\/2025\/05\/refinanciacion-6-939x626.jpg 939w, https:\/\/www.rivera.gub.uy\/portal\/wp-content\/uploads\/2025\/05\/refinanciacion-6-768x512.jpg 768w, https:\/\/www.rivera.gub.uy\/portal\/wp-content\/uploads\/2025\/05\/refinanciacion-6-1536x1024.jpg 1536w, https:\/\/www.rivera.gub.uy\/portal\/wp-content\/uploads\/2025\/05\/refinanciacion-6-2048x1365.jpg 2048w, https:\/\/www.rivera.gub.uy\/portal\/wp-content\/uploads\/2025\/05\/refinanciacion-6-600x400.jpg 600w, https:\/\/www.rivera.gub.uy\/portal\/wp-content\/uploads\/2025\/05\/refinanciacion-6-820x547.jpg 820w, https:\/\/www.rivera.gub.uy\/portal\/wp-content\/uploads\/2025\/05\/refinanciacion-6-272x182.jpg 272w\" sizes=\"auto, (max-width: 141px) 100vw, 141px\" \/><\/a>\n\t\t\t<\/div><\/figure>\n\t\t<\/div>\n\n<p>&nbsp;<\/p>\n<p>&nbsp;<\/p>\n","protected":false},"excerpt":{"rendered":"<p>En la ma\u00f1ana de hoy el intendente de Rivera Arq. Jos\u00e9 Mazzoni Gollard\u00eda acompa\u00f1ado por la directora General de Hacienda de la IDR, Cra. Daniela Porto Lara, brindaron en conferencia de prensa, detalles del \u201cNuevo R\u00e9gimen de Facilidades\u201d, plan que permite hasta el 100% de exoneraci\u00f3n en multas y recargos pagando en cuotas hasta el [&hellip;]<\/p>\n","protected":false},"author":7,"featured_media":60370,"comment_status":"open","ping_status":"open","sticky":false,"template":"","format":"standard","meta":{"footnotes":""},"categories":[23,1],"tags":[],"class_list":["post-60408","post","type-post","status-publish","format-standard","has-post-thumbnail","hentry","category-bonificacion-de-tributos","category-novedades"],"_links":{"self":[{"href":"https:\/\/www.rivera.gub.uy\/portal\/wp-json\/wp\/v2\/posts\/60408","targetHints":{"allow":["GET"]}}],"collection":[{"href":"https:\/\/www.rivera.gub.uy\/portal\/wp-json\/wp\/v2\/posts"}],"about":[{"href":"https:\/\/www.rivera.gub.uy\/portal\/wp-json\/wp\/v2\/types\/post"}],"author":[{"embeddable":true,"href":"https:\/\/www.rivera.gub.uy\/portal\/wp-json\/wp\/v2\/users\/7"}],"replies":[{"embeddable":true,"href":"https:\/\/www.rivera.gub.uy\/portal\/wp-json\/wp\/v2\/comments?post=60408"}],"version-history":[{"count":1,"href":"https:\/\/www.rivera.gub.uy\/portal\/wp-json\/wp\/v2\/posts\/60408\/revisions"}],"predecessor-version":[{"id":60417,"href":"https:\/\/www.rivera.gub.uy\/portal\/wp-json\/wp\/v2\/posts\/60408\/revisions\/60417"}],"wp:featuredmedia":[{"embeddable":true,"href":"https:\/\/www.rivera.gub.uy\/portal\/wp-json\/wp\/v2\/media\/60370"}],"wp:attachment":[{"href":"https:\/\/www.rivera.gub.uy\/portal\/wp-json\/wp\/v2\/media?parent=60408"}],"wp:term":[{"taxonomy":"category","embeddable":true,"href":"https:\/\/www.rivera.gub.uy\/portal\/wp-json\/wp\/v2\/categories?post=60408"},{"taxonomy":"post_tag","embeddable":true,"href":"https:\/\/www.rivera.gub.uy\/portal\/wp-json\/wp\/v2\/tags?post=60408"}],"curies":[{"name":"wp","href":"https:\/\/api.w.org\/{rel}","templated":true}]}}