{"id":60428,"date":"2025-05-13T14:29:05","date_gmt":"2025-05-13T17:29:05","guid":{"rendered":"https:\/\/www.rivera.gub.uy\/portal\/?p=60428"},"modified":"2025-05-13T14:29:05","modified_gmt":"2025-05-13T17:29:05","slug":"entrega-de-camion-con-volcadora-para-alcaldia-de-tranqueras","status":"publish","type":"post","link":"https:\/\/www.rivera.gub.uy\/portal\/entrega-de-camion-con-volcadora-para-alcaldia-de-tranqueras\/","title":{"rendered":"Entrega de cami\u00f3n con volcadora para Alcald\u00eda de Tranqueras"},"content":{"rendered":"<p>Se realiz\u00f3 \u00e9sta ma\u00f1ana en Plaza Artigas frente a la Intendencia Departamental el acto de entrega de un cami\u00f3n volcadora con capacidad para 10000 kg a la Alcald\u00eda del Municipio de Tranqueras.<!--more--><br \/>\nEl intendente de Rivera Arq. Jos\u00e9 Mazzoni Gollard\u00eda resalt\u00f3: \u201centregando una unidad que fue adquirida en la base de lo que es el Plan Operativo Anual para la ciudad de Tranqueras con recursos que le corresponden a la intendencia pero a trav\u00e9s de la alcald\u00eda, en el plan de mejoras que venimos haciendo hace unos cuantos a\u00f1os de renovaci\u00f3n de la flota. Una unidad muy importante que la necesita much\u00edsimo Tranqueras y complementa el trabajo que venimos haciendo all\u00e1 y lo que est\u00e1 haciendo la alcald\u00eda; ya le hab\u00edamos renovado algunas m\u00e1quinas ahora estamos en \u00e9ste proceso, posiblemente a fin de a\u00f1o sigamos en la renovaci\u00f3n de la flota. Vamos a instrumentar alguna subasta tambi\u00e9n para seguir rematando la maquinaria m\u00e1s vieja para seguir ese proceso de renovaci\u00f3n.- Es un avance para la localidad, una localidad que requiere, que est\u00e1 grande, hoy en d\u00eda son m\u00e1s de 500 cuadras para mantener el pavimento m\u00e1s la caminer\u00eda rural as\u00ed que seguramente es un gran apoyo para la ciudadan\u00eda\u201d.<\/p>\n<p>Por su parte la alcaldesa del municipio de Tranqueras destac\u00f3: \u201cuna alegr\u00eda muy grande, la verdad que Tranqueras merec\u00eda, nosotros somos ciudadanos de primera como todos los ciudadanos del pa\u00eds y tenemos derecho a tener cosas que marchen bien y que el funcionario pueda trabajar c\u00f3modo pues han sido momentos muy dif\u00edciles que a pasado la alcald\u00eda con pedazos de veh\u00edculos y hoy s\u00ed podemos decir que se puede trabajar y se viene trabajando y ahora con un veh\u00edculo nuevo obviamente vamos seguir trabajando y Tranqueras va a seguir avanzando.\u201d<\/p>\n<p>&nbsp;<\/p>\n<div id='gallery-1' class='gallery galleryid-60428 gallery-columns-5 gallery-size-thumbnail'><figure class='gallery-item'>\n\t\t\t<div class='gallery-icon landscape'>\n\t\t\t\t<a href='https:\/\/www.rivera.gub.uy\/portal\/wp-content\/uploads\/2025\/05\/camion-tranqueras-scaled.jpg'><img loading=\"lazy\" decoding=\"async\" width=\"141\" height=\"94\" src=\"https:\/\/www.rivera.gub.uy\/portal\/wp-content\/uploads\/2025\/05\/camion-tranqueras-141x94.jpg\" class=\"attachment-thumbnail size-thumbnail\" alt=\"\" srcset=\"https:\/\/www.rivera.gub.uy\/portal\/wp-content\/uploads\/2025\/05\/camion-tranqueras-141x94.jpg 141w, https:\/\/www.rivera.gub.uy\/portal\/wp-content\/uploads\/2025\/05\/camion-tranqueras-282x188.jpg 282w, https:\/\/www.rivera.gub.uy\/portal\/wp-content\/uploads\/2025\/05\/camion-tranqueras-939x626.jpg 939w, https:\/\/www.rivera.gub.uy\/portal\/wp-content\/uploads\/2025\/05\/camion-tranqueras-768x512.jpg 768w, https:\/\/www.rivera.gub.uy\/portal\/wp-content\/uploads\/2025\/05\/camion-tranqueras-1536x1024.jpg 1536w, https:\/\/www.rivera.gub.uy\/portal\/wp-content\/uploads\/2025\/05\/camion-tranqueras-2048x1365.jpg 2048w, https:\/\/www.rivera.gub.uy\/portal\/wp-content\/uploads\/2025\/05\/camion-tranqueras-600x400.jpg 600w, https:\/\/www.rivera.gub.uy\/portal\/wp-content\/uploads\/2025\/05\/camion-tranqueras-820x547.jpg 820w, https:\/\/www.rivera.gub.uy\/portal\/wp-content\/uploads\/2025\/05\/camion-tranqueras-272x182.jpg 272w\" sizes=\"auto, (max-width: 141px) 100vw, 141px\" \/><\/a>\n\t\t\t<\/div><\/figure><figure class='gallery-item'>\n\t\t\t<div class='gallery-icon landscape'>\n\t\t\t\t<a href='https:\/\/www.rivera.gub.uy\/portal\/wp-content\/uploads\/2025\/05\/camion-tranqueras-2-scaled.jpg'><img loading=\"lazy\" decoding=\"async\" width=\"141\" height=\"94\" src=\"https:\/\/www.rivera.gub.uy\/portal\/wp-content\/uploads\/2025\/05\/camion-tranqueras-2-141x94.jpg\" class=\"attachment-thumbnail size-thumbnail\" alt=\"\" srcset=\"https:\/\/www.rivera.gub.uy\/portal\/wp-content\/uploads\/2025\/05\/camion-tranqueras-2-141x94.jpg 141w, https:\/\/www.rivera.gub.uy\/portal\/wp-content\/uploads\/2025\/05\/camion-tranqueras-2-282x188.jpg 282w, https:\/\/www.rivera.gub.uy\/portal\/wp-content\/uploads\/2025\/05\/camion-tranqueras-2-939x626.jpg 939w, https:\/\/www.rivera.gub.uy\/portal\/wp-content\/uploads\/2025\/05\/camion-tranqueras-2-768x512.jpg 768w, https:\/\/www.rivera.gub.uy\/portal\/wp-content\/uploads\/2025\/05\/camion-tranqueras-2-1536x1024.jpg 1536w, https:\/\/www.rivera.gub.uy\/portal\/wp-content\/uploads\/2025\/05\/camion-tranqueras-2-2048x1365.jpg 2048w, https:\/\/www.rivera.gub.uy\/portal\/wp-content\/uploads\/2025\/05\/camion-tranqueras-2-600x400.jpg 600w, https:\/\/www.rivera.gub.uy\/portal\/wp-content\/uploads\/2025\/05\/camion-tranqueras-2-820x547.jpg 820w, https:\/\/www.rivera.gub.uy\/portal\/wp-content\/uploads\/2025\/05\/camion-tranqueras-2-272x182.jpg 272w\" sizes=\"auto, (max-width: 141px) 100vw, 141px\" \/><\/a>\n\t\t\t<\/div><\/figure><figure class='gallery-item'>\n\t\t\t<div class='gallery-icon landscape'>\n\t\t\t\t<a href='https:\/\/www.rivera.gub.uy\/portal\/wp-content\/uploads\/2025\/05\/camion-tranqueras-3-scaled.jpg'><img loading=\"lazy\" decoding=\"async\" width=\"141\" height=\"94\" src=\"https:\/\/www.rivera.gub.uy\/portal\/wp-content\/uploads\/2025\/05\/camion-tranqueras-3-141x94.jpg\" class=\"attachment-thumbnail size-thumbnail\" alt=\"\" srcset=\"https:\/\/www.rivera.gub.uy\/portal\/wp-content\/uploads\/2025\/05\/camion-tranqueras-3-141x94.jpg 141w, https:\/\/www.rivera.gub.uy\/portal\/wp-content\/uploads\/2025\/05\/camion-tranqueras-3-282x188.jpg 282w, https:\/\/www.rivera.gub.uy\/portal\/wp-content\/uploads\/2025\/05\/camion-tranqueras-3-939x626.jpg 939w, https:\/\/www.rivera.gub.uy\/portal\/wp-content\/uploads\/2025\/05\/camion-tranqueras-3-768x512.jpg 768w, https:\/\/www.rivera.gub.uy\/portal\/wp-content\/uploads\/2025\/05\/camion-tranqueras-3-1536x1024.jpg 1536w, https:\/\/www.rivera.gub.uy\/portal\/wp-content\/uploads\/2025\/05\/camion-tranqueras-3-2048x1365.jpg 2048w, https:\/\/www.rivera.gub.uy\/portal\/wp-content\/uploads\/2025\/05\/camion-tranqueras-3-600x400.jpg 600w, https:\/\/www.rivera.gub.uy\/portal\/wp-content\/uploads\/2025\/05\/camion-tranqueras-3-820x547.jpg 820w, https:\/\/www.rivera.gub.uy\/portal\/wp-content\/uploads\/2025\/05\/camion-tranqueras-3-272x182.jpg 272w\" sizes=\"auto, (max-width: 141px) 100vw, 141px\" \/><\/a>\n\t\t\t<\/div><\/figure><figure class='gallery-item'>\n\t\t\t<div class='gallery-icon landscape'>\n\t\t\t\t<a href='https:\/\/www.rivera.gub.uy\/portal\/wp-content\/uploads\/2025\/05\/camion-tranqueras-4-scaled.jpg'><img loading=\"lazy\" decoding=\"async\" width=\"141\" height=\"94\" src=\"https:\/\/www.rivera.gub.uy\/portal\/wp-content\/uploads\/2025\/05\/camion-tranqueras-4-141x94.jpg\" class=\"attachment-thumbnail size-thumbnail\" alt=\"\" srcset=\"https:\/\/www.rivera.gub.uy\/portal\/wp-content\/uploads\/2025\/05\/camion-tranqueras-4-141x94.jpg 141w, https:\/\/www.rivera.gub.uy\/portal\/wp-content\/uploads\/2025\/05\/camion-tranqueras-4-282x188.jpg 282w, https:\/\/www.rivera.gub.uy\/portal\/wp-content\/uploads\/2025\/05\/camion-tranqueras-4-939x626.jpg 939w, https:\/\/www.rivera.gub.uy\/portal\/wp-content\/uploads\/2025\/05\/camion-tranqueras-4-768x512.jpg 768w, https:\/\/www.rivera.gub.uy\/portal\/wp-content\/uploads\/2025\/05\/camion-tranqueras-4-1536x1024.jpg 1536w, https:\/\/www.rivera.gub.uy\/portal\/wp-content\/uploads\/2025\/05\/camion-tranqueras-4-2048x1365.jpg 2048w, https:\/\/www.rivera.gub.uy\/portal\/wp-content\/uploads\/2025\/05\/camion-tranqueras-4-600x400.jpg 600w, https:\/\/www.rivera.gub.uy\/portal\/wp-content\/uploads\/2025\/05\/camion-tranqueras-4-820x547.jpg 820w, https:\/\/www.rivera.gub.uy\/portal\/wp-content\/uploads\/2025\/05\/camion-tranqueras-4-272x182.jpg 272w\" sizes=\"auto, (max-width: 141px) 100vw, 141px\" \/><\/a>\n\t\t\t<\/div><\/figure><figure class='gallery-item'>\n\t\t\t<div class='gallery-icon landscape'>\n\t\t\t\t<a href='https:\/\/www.rivera.gub.uy\/portal\/wp-content\/uploads\/2025\/05\/camion-tranqueras-5.jpg'><img loading=\"lazy\" decoding=\"async\" width=\"125\" height=\"94\" src=\"https:\/\/www.rivera.gub.uy\/portal\/wp-content\/uploads\/2025\/05\/camion-tranqueras-5-125x94.jpg\" class=\"attachment-thumbnail size-thumbnail\" alt=\"Cami\u00f3n para Tranqueras\" srcset=\"https:\/\/www.rivera.gub.uy\/portal\/wp-content\/uploads\/2025\/05\/camion-tranqueras-5-125x94.jpg 125w, https:\/\/www.rivera.gub.uy\/portal\/wp-content\/uploads\/2025\/05\/camion-tranqueras-5-251x188.jpg 251w, https:\/\/www.rivera.gub.uy\/portal\/wp-content\/uploads\/2025\/05\/camion-tranqueras-5-835x626.jpg 835w, https:\/\/www.rivera.gub.uy\/portal\/wp-content\/uploads\/2025\/05\/camion-tranqueras-5-768x576.jpg 768w, https:\/\/www.rivera.gub.uy\/portal\/wp-content\/uploads\/2025\/05\/camion-tranqueras-5-1536x1152.jpg 1536w, https:\/\/www.rivera.gub.uy\/portal\/wp-content\/uploads\/2025\/05\/camion-tranqueras-5-820x615.jpg 820w, https:\/\/www.rivera.gub.uy\/portal\/wp-content\/uploads\/2025\/05\/camion-tranqueras-5.jpg 1600w\" sizes=\"auto, (max-width: 125px) 100vw, 125px\" \/><\/a>\n\t\t\t<\/div><\/figure>\n\t\t<\/div>\n\n","protected":false},"excerpt":{"rendered":"<p>Se realiz\u00f3 \u00e9sta ma\u00f1ana en Plaza Artigas frente a la Intendencia Departamental el acto de entrega de un cami\u00f3n volcadora con capacidad para 10000 kg a la Alcald\u00eda del Municipio de Tranqueras.<\/p>\n","protected":false},"author":7,"featured_media":60433,"comment_status":"open","ping_status":"open","sticky":false,"template":"","format":"standard","meta":{"footnotes":""},"categories":[1],"tags":[],"class_list":["post-60428","post","type-post","status-publish","format-standard","has-post-thumbnail","hentry","category-novedades"],"_links":{"self":[{"href":"https:\/\/www.rivera.gub.uy\/portal\/wp-json\/wp\/v2\/posts\/60428","targetHints":{"allow":["GET"]}}],"collection":[{"href":"https:\/\/www.rivera.gub.uy\/portal\/wp-json\/wp\/v2\/posts"}],"about":[{"href":"https:\/\/www.rivera.gub.uy\/portal\/wp-json\/wp\/v2\/types\/post"}],"author":[{"embeddable":true,"href":"https:\/\/www.rivera.gub.uy\/portal\/wp-json\/wp\/v2\/users\/7"}],"replies":[{"embeddable":true,"href":"https:\/\/www.rivera.gub.uy\/portal\/wp-json\/wp\/v2\/comments?post=60428"}],"version-history":[{"count":1,"href":"https:\/\/www.rivera.gub.uy\/portal\/wp-json\/wp\/v2\/posts\/60428\/revisions"}],"predecessor-version":[{"id":60434,"href":"https:\/\/www.rivera.gub.uy\/portal\/wp-json\/wp\/v2\/posts\/60428\/revisions\/60434"}],"wp:featuredmedia":[{"embeddable":true,"href":"https:\/\/www.rivera.gub.uy\/portal\/wp-json\/wp\/v2\/media\/60433"}],"wp:attachment":[{"href":"https:\/\/www.rivera.gub.uy\/portal\/wp-json\/wp\/v2\/media?parent=60428"}],"wp:term":[{"taxonomy":"category","embeddable":true,"href":"https:\/\/www.rivera.gub.uy\/portal\/wp-json\/wp\/v2\/categories?post=60428"},{"taxonomy":"post_tag","embeddable":true,"href":"https:\/\/www.rivera.gub.uy\/portal\/wp-json\/wp\/v2\/tags?post=60428"}],"curies":[{"name":"wp","href":"https:\/\/api.w.org\/{rel}","templated":true}]}}