{"id":6044,"date":"2018-06-14T14:34:26","date_gmt":"2018-06-14T17:34:26","guid":{"rendered":"http:\/\/www.rivera.gub.uy\/portal\/?p=6044"},"modified":"2018-06-22T11:40:24","modified_gmt":"2018-06-22T14:40:24","slug":"equipo-de-gestion-encabezado-por-el-mandatario-recorrio-intervenciones-en-pueblo-las-flores","status":"publish","type":"post","link":"https:\/\/www.rivera.gub.uy\/portal\/equipo-de-gestion-encabezado-por-el-mandatario-recorrio-intervenciones-en-pueblo-las-flores\/","title":{"rendered":"Equipo de gesti\u00f3n encabezado por el mandatario recorri\u00f3 intervenciones en Pueblo Las Flores"},"content":{"rendered":"<p class=\"western\"><span style=\"font-size: large\">El Intendente Departamental de Rivera, Dr. Marne Osorio y el Secretario Gral. de la IDR, Cr. Richard Sander, junto a parte del equipo de gobierno, estuvieron este d\u00eda mi\u00e9rcoles 13 de junio, en pueblo Las Flores, localidad ubicada al sureste del departamento, distante a 150 km, de la ciudad de Rivera y con una poblaci\u00f3n cercana a las 500 personas (seg\u00fan Censos 2011), con la finalidad de visitar diversas intervenciones realizados con productores de la zona, entrevistarse con representantes de la comunidad y presentar la obra de remodelaci\u00f3n de las instalaciones de la Junta Local del pueblo.<\/span><!--more--><\/p>\n<p class=\"western\"><span style=\"font-size: large\">La comitiva departamental recorri\u00f3 algunos establecimientos donde la DGDMA, a trav\u00e9s de Divisi\u00f3n Desarrollo Rural, realiz\u00f3 trabajos de limpieza y aperturas de tajamares para solucionar problemas con \u201caguadas\u201d, donde los productores sufr\u00edan por los efectos de la sequ\u00eda.<\/span><\/p>\n<div id='gallery-1' class='gallery galleryid-6044 gallery-columns-3 gallery-size-thumbnail'><figure class='gallery-item'>\n\t\t\t<div class='gallery-icon landscape'>\n\t\t\t\t<a href='https:\/\/www.rivera.gub.uy\/portal\/wp-content\/uploads\/2018\/06\/Secuencia-03.00_03_54_02.Imagen-fija016.jpg'><img loading=\"lazy\" decoding=\"async\" width=\"132\" height=\"94\" src=\"https:\/\/www.rivera.gub.uy\/portal\/wp-content\/uploads\/2018\/06\/Secuencia-03.00_03_54_02.Imagen-fija016-132x94.jpg\" class=\"attachment-thumbnail size-thumbnail\" alt=\"\" srcset=\"https:\/\/www.rivera.gub.uy\/portal\/wp-content\/uploads\/2018\/06\/Secuencia-03.00_03_54_02.Imagen-fija016-132x94.jpg 132w, https:\/\/www.rivera.gub.uy\/portal\/wp-content\/uploads\/2018\/06\/Secuencia-03.00_03_54_02.Imagen-fija016-263x188.jpg 263w, https:\/\/www.rivera.gub.uy\/portal\/wp-content\/uploads\/2018\/06\/Secuencia-03.00_03_54_02.Imagen-fija016-768x549.jpg 768w, https:\/\/www.rivera.gub.uy\/portal\/wp-content\/uploads\/2018\/06\/Secuencia-03.00_03_54_02.Imagen-fija016-876x626.jpg 876w, https:\/\/www.rivera.gub.uy\/portal\/wp-content\/uploads\/2018\/06\/Secuencia-03.00_03_54_02.Imagen-fija016-820x586.jpg 820w\" sizes=\"auto, (max-width: 132px) 100vw, 132px\" \/><\/a>\n\t\t\t<\/div><\/figure><figure class='gallery-item'>\n\t\t\t<div class='gallery-icon landscape'>\n\t\t\t\t<a href='https:\/\/www.rivera.gub.uy\/portal\/wp-content\/uploads\/2018\/06\/Secuencia-03.00_03_33_17.Imagen-fija015-1.jpg'><img loading=\"lazy\" decoding=\"async\" width=\"150\" height=\"87\" src=\"https:\/\/www.rivera.gub.uy\/portal\/wp-content\/uploads\/2018\/06\/Secuencia-03.00_03_33_17.Imagen-fija015-1-150x87.jpg\" class=\"attachment-thumbnail size-thumbnail\" alt=\"\" srcset=\"https:\/\/www.rivera.gub.uy\/portal\/wp-content\/uploads\/2018\/06\/Secuencia-03.00_03_33_17.Imagen-fija015-1-150x87.jpg 150w, https:\/\/www.rivera.gub.uy\/portal\/wp-content\/uploads\/2018\/06\/Secuencia-03.00_03_33_17.Imagen-fija015-1-300x173.jpg 300w, https:\/\/www.rivera.gub.uy\/portal\/wp-content\/uploads\/2018\/06\/Secuencia-03.00_03_33_17.Imagen-fija015-1-768x443.jpg 768w, https:\/\/www.rivera.gub.uy\/portal\/wp-content\/uploads\/2018\/06\/Secuencia-03.00_03_33_17.Imagen-fija015-1-1000x577.jpg 1000w, https:\/\/www.rivera.gub.uy\/portal\/wp-content\/uploads\/2018\/06\/Secuencia-03.00_03_33_17.Imagen-fija015-1-820x473.jpg 820w\" sizes=\"auto, (max-width: 150px) 100vw, 150px\" \/><\/a>\n\t\t\t<\/div><\/figure><figure class='gallery-item'>\n\t\t\t<div class='gallery-icon landscape'>\n\t\t\t\t<a href='https:\/\/www.rivera.gub.uy\/portal\/wp-content\/uploads\/2018\/06\/Secuencia-03.00_03_08_19.Imagen-fija014.jpg'><img loading=\"lazy\" decoding=\"async\" width=\"144\" height=\"94\" src=\"https:\/\/www.rivera.gub.uy\/portal\/wp-content\/uploads\/2018\/06\/Secuencia-03.00_03_08_19.Imagen-fija014-144x94.jpg\" class=\"attachment-thumbnail size-thumbnail\" alt=\"\" srcset=\"https:\/\/www.rivera.gub.uy\/portal\/wp-content\/uploads\/2018\/06\/Secuencia-03.00_03_08_19.Imagen-fija014-144x94.jpg 144w, https:\/\/www.rivera.gub.uy\/portal\/wp-content\/uploads\/2018\/06\/Secuencia-03.00_03_08_19.Imagen-fija014-288x188.jpg 288w, https:\/\/www.rivera.gub.uy\/portal\/wp-content\/uploads\/2018\/06\/Secuencia-03.00_03_08_19.Imagen-fija014-768x501.jpg 768w, https:\/\/www.rivera.gub.uy\/portal\/wp-content\/uploads\/2018\/06\/Secuencia-03.00_03_08_19.Imagen-fija014-960x626.jpg 960w, https:\/\/www.rivera.gub.uy\/portal\/wp-content\/uploads\/2018\/06\/Secuencia-03.00_03_08_19.Imagen-fija014-820x535.jpg 820w\" sizes=\"auto, (max-width: 144px) 100vw, 144px\" \/><\/a>\n\t\t\t<\/div><\/figure><figure class='gallery-item'>\n\t\t\t<div class='gallery-icon landscape'>\n\t\t\t\t<a href='https:\/\/www.rivera.gub.uy\/portal\/wp-content\/uploads\/2018\/06\/Secuencia-03.00_02_23_21.Imagen-fija012.jpg'><img loading=\"lazy\" decoding=\"async\" width=\"132\" height=\"94\" src=\"https:\/\/www.rivera.gub.uy\/portal\/wp-content\/uploads\/2018\/06\/Secuencia-03.00_02_23_21.Imagen-fija012-132x94.jpg\" class=\"attachment-thumbnail size-thumbnail\" alt=\"\" srcset=\"https:\/\/www.rivera.gub.uy\/portal\/wp-content\/uploads\/2018\/06\/Secuencia-03.00_02_23_21.Imagen-fija012-132x94.jpg 132w, https:\/\/www.rivera.gub.uy\/portal\/wp-content\/uploads\/2018\/06\/Secuencia-03.00_02_23_21.Imagen-fija012-263x188.jpg 263w, https:\/\/www.rivera.gub.uy\/portal\/wp-content\/uploads\/2018\/06\/Secuencia-03.00_02_23_21.Imagen-fija012-768x549.jpg 768w, https:\/\/www.rivera.gub.uy\/portal\/wp-content\/uploads\/2018\/06\/Secuencia-03.00_02_23_21.Imagen-fija012-876x626.jpg 876w, https:\/\/www.rivera.gub.uy\/portal\/wp-content\/uploads\/2018\/06\/Secuencia-03.00_02_23_21.Imagen-fija012-820x586.jpg 820w\" sizes=\"auto, (max-width: 132px) 100vw, 132px\" \/><\/a>\n\t\t\t<\/div><\/figure><figure class='gallery-item'>\n\t\t\t<div class='gallery-icon landscape'>\n\t\t\t\t<a href='https:\/\/www.rivera.gub.uy\/portal\/wp-content\/uploads\/2018\/06\/Secuencia-03.00_01_24_22.Imagen-fija011.jpg'><img loading=\"lazy\" decoding=\"async\" width=\"150\" height=\"84\" src=\"https:\/\/www.rivera.gub.uy\/portal\/wp-content\/uploads\/2018\/06\/Secuencia-03.00_01_24_22.Imagen-fija011-150x84.jpg\" class=\"attachment-thumbnail size-thumbnail\" alt=\"\" srcset=\"https:\/\/www.rivera.gub.uy\/portal\/wp-content\/uploads\/2018\/06\/Secuencia-03.00_01_24_22.Imagen-fija011-150x84.jpg 150w, https:\/\/www.rivera.gub.uy\/portal\/wp-content\/uploads\/2018\/06\/Secuencia-03.00_01_24_22.Imagen-fija011-300x169.jpg 300w, https:\/\/www.rivera.gub.uy\/portal\/wp-content\/uploads\/2018\/06\/Secuencia-03.00_01_24_22.Imagen-fija011-768x432.jpg 768w, https:\/\/www.rivera.gub.uy\/portal\/wp-content\/uploads\/2018\/06\/Secuencia-03.00_01_24_22.Imagen-fija011-1000x563.jpg 1000w, https:\/\/www.rivera.gub.uy\/portal\/wp-content\/uploads\/2018\/06\/Secuencia-03.00_01_24_22.Imagen-fija011-820x461.jpg 820w, https:\/\/www.rivera.gub.uy\/portal\/wp-content\/uploads\/2018\/06\/Secuencia-03.00_01_24_22.Imagen-fija011.jpg 1920w\" sizes=\"auto, (max-width: 150px) 100vw, 150px\" \/><\/a>\n\t\t\t<\/div><\/figure><figure class='gallery-item'>\n\t\t\t<div class='gallery-icon landscape'>\n\t\t\t\t<a href='https:\/\/www.rivera.gub.uy\/portal\/wp-content\/uploads\/2018\/06\/Secuencia-03.00_00_44_23.Imagen-fija010.jpg'><img loading=\"lazy\" decoding=\"async\" width=\"132\" height=\"94\" src=\"https:\/\/www.rivera.gub.uy\/portal\/wp-content\/uploads\/2018\/06\/Secuencia-03.00_00_44_23.Imagen-fija010-132x94.jpg\" class=\"attachment-thumbnail size-thumbnail\" alt=\"\" srcset=\"https:\/\/www.rivera.gub.uy\/portal\/wp-content\/uploads\/2018\/06\/Secuencia-03.00_00_44_23.Imagen-fija010-132x94.jpg 132w, https:\/\/www.rivera.gub.uy\/portal\/wp-content\/uploads\/2018\/06\/Secuencia-03.00_00_44_23.Imagen-fija010-263x188.jpg 263w, https:\/\/www.rivera.gub.uy\/portal\/wp-content\/uploads\/2018\/06\/Secuencia-03.00_00_44_23.Imagen-fija010-768x549.jpg 768w, https:\/\/www.rivera.gub.uy\/portal\/wp-content\/uploads\/2018\/06\/Secuencia-03.00_00_44_23.Imagen-fija010-876x626.jpg 876w, https:\/\/www.rivera.gub.uy\/portal\/wp-content\/uploads\/2018\/06\/Secuencia-03.00_00_44_23.Imagen-fija010-820x586.jpg 820w\" sizes=\"auto, (max-width: 132px) 100vw, 132px\" \/><\/a>\n\t\t\t<\/div><\/figure>\n\t\t<\/div>\n\n<p class=\"western\"><span style=\"font-size: large\">A posterior, el mandatario se reuni\u00f3 con el grupo de mujeres \u201cEl Rosedal\u201d, que trabaja con distintos materiales en telar y tejidos a mano, quienes trasladaron al mismo algunas de sus necesidades.<\/span><\/p>\n<p class=\"western\"><span style=\"font-size: large\">Continuando con el recorrido el equipo visit\u00f3 el Bus Expreso Esperanza, que concurri\u00f3 por segunda vez este a\u00f1o a esa localidad, para brindar servicios a la poblaci\u00f3n de esa zona, desde m\u00e9dicos, odontol\u00f3gicos, controles y peluquer\u00eda.<\/span><\/p>\n<p class=\"western\"><span style=\"font-size: large\">El Intendente, Osorio, se reuni\u00f3 con el equipo docente y ni\u00f1os de la Escuela N\u00ba18 \u201cPueblo Las Flores\u201d, que cuenta con una poblaci\u00f3n estudiantil de 98 alumnos, desde inicial a noveno a\u00f1o a los cuales les regal\u00f3, pelota de f\u00fatbol, de voleibol y la bandera de Rivera.<\/span><\/p>\n<p class=\"western\"><span style=\"font-size: large\">El itinerario culmin\u00f3 con la presentaci\u00f3n de la remodelaci\u00f3n de las obras realizadas en el edificio de la Junta Local, a lo cual se le suma el servicio de telefon\u00eda e internet.<\/span><\/p>\n<p><iframe loading=\"lazy\" width=\"1160\" height=\"653\" src=\"https:\/\/www.youtube.com\/embed\/NyKjQX5eYVw?feature=oembed\" frameborder=\"0\" allow=\"autoplay; encrypted-media\" allowfullscreen><\/iframe><\/p>\n","protected":false},"excerpt":{"rendered":"<p>El Intendente Departamental de Rivera, Dr. Marne Osorio y el Secretario Gral. de la IDR, Cr. Richard Sander, junto a parte del equipo de gobierno, estuvieron este d\u00eda mi\u00e9rcoles 13 de junio, en pueblo Las Flores, localidad ubicada al sureste del departamento, distante a 150 km, de la ciudad de Rivera y con una poblaci\u00f3n [&hellip;]<\/p>\n","protected":false},"author":7,"featured_media":6045,"comment_status":"open","ping_status":"open","sticky":false,"template":"","format":"standard","meta":{"footnotes":""},"categories":[3,1],"tags":[178,380,679,678,114,36,495,33],"class_list":["post-6044","post","type-post","status-publish","format-standard","has-post-thumbnail","hentry","category-multimedia","category-novedades","tag-desarrollo-rural","tag-dgdma","tag-el-rosedal","tag-expreso-esperanza","tag-idr","tag-intendencia","tag-las-flores","tag-rivera"],"_links":{"self":[{"href":"https:\/\/www.rivera.gub.uy\/portal\/wp-json\/wp\/v2\/posts\/6044","targetHints":{"allow":["GET"]}}],"collection":[{"href":"https:\/\/www.rivera.gub.uy\/portal\/wp-json\/wp\/v2\/posts"}],"about":[{"href":"https:\/\/www.rivera.gub.uy\/portal\/wp-json\/wp\/v2\/types\/post"}],"author":[{"embeddable":true,"href":"https:\/\/www.rivera.gub.uy\/portal\/wp-json\/wp\/v2\/users\/7"}],"replies":[{"embeddable":true,"href":"https:\/\/www.rivera.gub.uy\/portal\/wp-json\/wp\/v2\/comments?post=6044"}],"version-history":[{"count":1,"href":"https:\/\/www.rivera.gub.uy\/portal\/wp-json\/wp\/v2\/posts\/6044\/revisions"}],"predecessor-version":[{"id":6053,"href":"https:\/\/www.rivera.gub.uy\/portal\/wp-json\/wp\/v2\/posts\/6044\/revisions\/6053"}],"wp:featuredmedia":[{"embeddable":true,"href":"https:\/\/www.rivera.gub.uy\/portal\/wp-json\/wp\/v2\/media\/6045"}],"wp:attachment":[{"href":"https:\/\/www.rivera.gub.uy\/portal\/wp-json\/wp\/v2\/media?parent=6044"}],"wp:term":[{"taxonomy":"category","embeddable":true,"href":"https:\/\/www.rivera.gub.uy\/portal\/wp-json\/wp\/v2\/categories?post=6044"},{"taxonomy":"post_tag","embeddable":true,"href":"https:\/\/www.rivera.gub.uy\/portal\/wp-json\/wp\/v2\/tags?post=6044"}],"curies":[{"name":"wp","href":"https:\/\/api.w.org\/{rel}","templated":true}]}}