{"id":6084,"date":"2018-06-18T18:24:35","date_gmt":"2018-06-18T21:24:35","guid":{"rendered":"http:\/\/www.rivera.gub.uy\/portal\/?p=6084"},"modified":"2018-06-22T11:33:04","modified_gmt":"2018-06-22T14:33:04","slug":"19-de-junio-dia-del-abuelo","status":"publish","type":"post","link":"https:\/\/www.rivera.gub.uy\/portal\/19-de-junio-dia-del-abuelo\/","title":{"rendered":"19 de junio, \u201cD\u00eda del Abuelo\u201d"},"content":{"rendered":"<p>Celebramos juntos, el d\u00eda de todos los abuelos uruguayos.<\/p>\n<p>El D\u00eda del Abuelo en Uruguay se celebra todos los a\u00f1os el 19 de junio. Es un d\u00eda conmemorativo dedicado a los abuelos dentro de la familia.<\/p>\n<p>Se celebra el 19 de junio, porque coincide con el nacimiento del h\u00e9roe nacional Jos\u00e9 Gervasio Artigas.<!--more--><\/p>\n<p>Por tal raz\u00f3n desde la DGPAS, a trav\u00e9s de la Oficina del Adulto Mayor,\u00a0 se realiza en este d\u00eda tan especial una actividad dirigida para todos los adultos mayores y para la familia, \u00a0en el Teatro Municipal \u201c15 de Febrero de 1985\u201d.<\/p>\n<p>En esta oportunidad la Intendencia de Rivera volver\u00e1 a colaborar con A.RI.T.E.A (Asociaci\u00f3n Riverense del\u00a0 Tratamiento del Espectro Autista), donde todo lo recaudado en el valor de las entradas ($50) ser\u00e1 volcado en beneficio de la Asociaci\u00f3n, que trabaja por una sede propia.<\/p>\n<p>La actividad comienza a las 17hs, con la actuaci\u00f3n de la Orquesta Departamental de Rivera, Escuela Municipal de Tango \u201cGerardo Mattos Rodr\u00edguez\u201d, Carmen Leticia, Grupo de Tango \u201cLa Giralda\u201d, Grupo de Teatro de la Oficina Del Adulto Mayor y el Ballet Folcl\u00f3rico Municipal.<\/p>\n<p>En di\u00e1logo con la directora de la Oficina del Adulto Mayor, Sra. Mary Campelo, invit\u00f3 a toda la comunidad a presenciar y colaborar por una buena causa \u201cuniendo lo \u00fatil a lo agradable, festejando el d\u00eda de los abuelos y ayudando a una instituci\u00f3n que tiene muchos objetivos para cumplir\u201d.<\/p>\n<p><iframe loading=\"lazy\" width=\"1160\" height=\"653\" src=\"https:\/\/www.youtube.com\/embed\/fjxUUfj8yWc?feature=oembed\" frameborder=\"0\" allow=\"autoplay; encrypted-media\" allowfullscreen><\/iframe><\/p>\n","protected":false},"excerpt":{"rendered":"<p>Celebramos juntos, el d\u00eda de todos los abuelos uruguayos. El D\u00eda del Abuelo en Uruguay se celebra todos los a\u00f1os el 19 de junio. Es un d\u00eda conmemorativo dedicado a los abuelos dentro de la familia. Se celebra el 19 de junio, porque coincide con el nacimiento del h\u00e9roe nacional Jos\u00e9 Gervasio Artigas.<\/p>\n","protected":false},"author":7,"featured_media":6087,"comment_status":"open","ping_status":"open","sticky":false,"template":"","format":"standard","meta":{"footnotes":""},"categories":[3,1],"tags":[674,345,672,114,36,33,247],"class_list":["post-6084","post","type-post","status-publish","format-standard","has-post-thumbnail","hentry","category-multimedia","category-novedades","tag-aritea","tag-dgpas","tag-dia-del-abuelo","tag-idr","tag-intendencia","tag-rivera","tag-teatro"],"_links":{"self":[{"href":"https:\/\/www.rivera.gub.uy\/portal\/wp-json\/wp\/v2\/posts\/6084","targetHints":{"allow":["GET"]}}],"collection":[{"href":"https:\/\/www.rivera.gub.uy\/portal\/wp-json\/wp\/v2\/posts"}],"about":[{"href":"https:\/\/www.rivera.gub.uy\/portal\/wp-json\/wp\/v2\/types\/post"}],"author":[{"embeddable":true,"href":"https:\/\/www.rivera.gub.uy\/portal\/wp-json\/wp\/v2\/users\/7"}],"replies":[{"embeddable":true,"href":"https:\/\/www.rivera.gub.uy\/portal\/wp-json\/wp\/v2\/comments?post=6084"}],"version-history":[{"count":2,"href":"https:\/\/www.rivera.gub.uy\/portal\/wp-json\/wp\/v2\/posts\/6084\/revisions"}],"predecessor-version":[{"id":6086,"href":"https:\/\/www.rivera.gub.uy\/portal\/wp-json\/wp\/v2\/posts\/6084\/revisions\/6086"}],"wp:featuredmedia":[{"embeddable":true,"href":"https:\/\/www.rivera.gub.uy\/portal\/wp-json\/wp\/v2\/media\/6087"}],"wp:attachment":[{"href":"https:\/\/www.rivera.gub.uy\/portal\/wp-json\/wp\/v2\/media?parent=6084"}],"wp:term":[{"taxonomy":"category","embeddable":true,"href":"https:\/\/www.rivera.gub.uy\/portal\/wp-json\/wp\/v2\/categories?post=6084"},{"taxonomy":"post_tag","embeddable":true,"href":"https:\/\/www.rivera.gub.uy\/portal\/wp-json\/wp\/v2\/tags?post=6084"}],"curies":[{"name":"wp","href":"https:\/\/api.w.org\/{rel}","templated":true}]}}