{"id":6100,"date":"2018-06-20T17:27:17","date_gmt":"2018-06-20T20:27:17","guid":{"rendered":"http:\/\/www.rivera.gub.uy\/portal\/?p=6100"},"modified":"2018-06-28T10:59:03","modified_gmt":"2018-06-28T13:59:03","slug":"intendencia-y-aritea-trabajan-en-pro-de-lograr-objetivos-para-personas-con-autismo-en-rivera","status":"publish","type":"post","link":"https:\/\/www.rivera.gub.uy\/portal\/intendencia-y-aritea-trabajan-en-pro-de-lograr-objetivos-para-personas-con-autismo-en-rivera\/","title":{"rendered":"Intendencia y ARITEA, trabajan en pro de lograr objetivos para personas con autismo en Rivera"},"content":{"rendered":"<p>Este 19 de junio, se celebr\u00f3 el D\u00eda de los abuelos en el Teatro Municipal de Rivera.<\/p>\n<p>Un encuentro con la m\u00fasica, la danza y el teatro, a sala llena y a beneficio de la Asociaci\u00f3n Riverense de Trastornos del Espectro Autista (ARITEA). Organizado desde la DGPAS, de la Intendencia de Rivera, a trav\u00e9s de la Oficina del Adulto Mayor y Divisi\u00f3n Cultura, junto a las madres integrantes de la Asociaci\u00f3n la actividad tuvo como objetivo disfrutar el d\u00eda de los abuelos y ayudar a que la Asociaci\u00f3n ARITEA, pueda lograr sus sue\u00f1os, como el de tener un local propio.<!--more--><\/p>\n<p>Abuelos junto a sus familias se dieron cita para compartir una hermosa y alegre tarde en un espect\u00e1culo preparado especialmente para ellos. La Pte. de la Asociaci\u00f3n, Yeny Rauduviniche, agradeci\u00f3 la participaci\u00f3n de la Intendencia de Rivera, en las actividades que se vienen realizando y que adem\u00e1s han tenido excelente respuesta por parte del p\u00fablico.<\/p>\n<div id='gallery-1' class='gallery galleryid-6100 gallery-columns-4 gallery-size-thumbnail'><figure class='gallery-item'>\n\t\t\t<div class='gallery-icon landscape'>\n\t\t\t\t<a href='https:\/\/www.rivera.gub.uy\/portal\/wp-content\/uploads\/2018\/06\/DSC_0823.jpg'><img loading=\"lazy\" decoding=\"async\" width=\"132\" height=\"94\" src=\"https:\/\/www.rivera.gub.uy\/portal\/wp-content\/uploads\/2018\/06\/DSC_0823-132x94.jpg\" class=\"attachment-thumbnail size-thumbnail\" alt=\"\" srcset=\"https:\/\/www.rivera.gub.uy\/portal\/wp-content\/uploads\/2018\/06\/DSC_0823-132x94.jpg 132w, https:\/\/www.rivera.gub.uy\/portal\/wp-content\/uploads\/2018\/06\/DSC_0823-263x188.jpg 263w, https:\/\/www.rivera.gub.uy\/portal\/wp-content\/uploads\/2018\/06\/DSC_0823-768x549.jpg 768w, https:\/\/www.rivera.gub.uy\/portal\/wp-content\/uploads\/2018\/06\/DSC_0823-876x626.jpg 876w, https:\/\/www.rivera.gub.uy\/portal\/wp-content\/uploads\/2018\/06\/DSC_0823-820x586.jpg 820w\" sizes=\"auto, (max-width: 132px) 100vw, 132px\" \/><\/a>\n\t\t\t<\/div><\/figure><figure class='gallery-item'>\n\t\t\t<div class='gallery-icon landscape'>\n\t\t\t\t<a href='https:\/\/www.rivera.gub.uy\/portal\/wp-content\/uploads\/2018\/06\/DSC_0834.jpg'><img loading=\"lazy\" decoding=\"async\" width=\"132\" height=\"94\" src=\"https:\/\/www.rivera.gub.uy\/portal\/wp-content\/uploads\/2018\/06\/DSC_0834-132x94.jpg\" class=\"attachment-thumbnail size-thumbnail\" alt=\"\" srcset=\"https:\/\/www.rivera.gub.uy\/portal\/wp-content\/uploads\/2018\/06\/DSC_0834-132x94.jpg 132w, https:\/\/www.rivera.gub.uy\/portal\/wp-content\/uploads\/2018\/06\/DSC_0834-263x188.jpg 263w, https:\/\/www.rivera.gub.uy\/portal\/wp-content\/uploads\/2018\/06\/DSC_0834-768x549.jpg 768w, https:\/\/www.rivera.gub.uy\/portal\/wp-content\/uploads\/2018\/06\/DSC_0834-876x626.jpg 876w, https:\/\/www.rivera.gub.uy\/portal\/wp-content\/uploads\/2018\/06\/DSC_0834-820x586.jpg 820w\" sizes=\"auto, (max-width: 132px) 100vw, 132px\" \/><\/a>\n\t\t\t<\/div><\/figure><figure class='gallery-item'>\n\t\t\t<div class='gallery-icon portrait'>\n\t\t\t\t<a href='https:\/\/www.rivera.gub.uy\/portal\/wp-content\/uploads\/2018\/06\/DSC_0882.jpg'><img loading=\"lazy\" decoding=\"async\" width=\"67\" height=\"94\" src=\"https:\/\/www.rivera.gub.uy\/portal\/wp-content\/uploads\/2018\/06\/DSC_0882-67x94.jpg\" class=\"attachment-thumbnail size-thumbnail\" alt=\"\" srcset=\"https:\/\/www.rivera.gub.uy\/portal\/wp-content\/uploads\/2018\/06\/DSC_0882-67x94.jpg 67w, https:\/\/www.rivera.gub.uy\/portal\/wp-content\/uploads\/2018\/06\/DSC_0882-134x188.jpg 134w, https:\/\/www.rivera.gub.uy\/portal\/wp-content\/uploads\/2018\/06\/DSC_0882-768x1075.jpg 768w, https:\/\/www.rivera.gub.uy\/portal\/wp-content\/uploads\/2018\/06\/DSC_0882-447x626.jpg 447w, https:\/\/www.rivera.gub.uy\/portal\/wp-content\/uploads\/2018\/06\/DSC_0882-820x1148.jpg 820w\" sizes=\"auto, (max-width: 67px) 100vw, 67px\" \/><\/a>\n\t\t\t<\/div><\/figure><figure class='gallery-item'>\n\t\t\t<div class='gallery-icon portrait'>\n\t\t\t\t<a href='https:\/\/www.rivera.gub.uy\/portal\/wp-content\/uploads\/2018\/06\/DSC_0953.jpg'><img loading=\"lazy\" decoding=\"async\" width=\"67\" height=\"94\" src=\"https:\/\/www.rivera.gub.uy\/portal\/wp-content\/uploads\/2018\/06\/DSC_0953-67x94.jpg\" class=\"attachment-thumbnail size-thumbnail\" alt=\"\" srcset=\"https:\/\/www.rivera.gub.uy\/portal\/wp-content\/uploads\/2018\/06\/DSC_0953-67x94.jpg 67w, https:\/\/www.rivera.gub.uy\/portal\/wp-content\/uploads\/2018\/06\/DSC_0953-134x188.jpg 134w, https:\/\/www.rivera.gub.uy\/portal\/wp-content\/uploads\/2018\/06\/DSC_0953-768x1075.jpg 768w, https:\/\/www.rivera.gub.uy\/portal\/wp-content\/uploads\/2018\/06\/DSC_0953-447x626.jpg 447w, https:\/\/www.rivera.gub.uy\/portal\/wp-content\/uploads\/2018\/06\/DSC_0953-820x1148.jpg 820w\" sizes=\"auto, (max-width: 67px) 100vw, 67px\" \/><\/a>\n\t\t\t<\/div><\/figure>\n\t\t<\/div>\n\n<p>\u201cUna vez m\u00e1s trabajamos con la Intendencia y esto es muy gratificante, llegando al primer a\u00f1o de vida de ARITEA, el 22 de junio. Esperemos que podamos tener la tan anhelada casa de ARITEA y cuando ese momento llegue, poder contar con los recursos para acondicionarla para tal fin\u201d, expres\u00f3 la Pte. de la Asociaci\u00f3n, que trabaja en la sensibilizaci\u00f3n e informaci\u00f3n del trastorno autista, mejorando la calidad de vida de los mismos.<\/p>\n<p><iframe loading=\"lazy\" width=\"1160\" height=\"653\" src=\"https:\/\/www.youtube.com\/embed\/qF6C-oiW7Tk?feature=oembed\" frameborder=\"0\" allow=\"autoplay; encrypted-media\" allowfullscreen><\/iframe><\/p>\n","protected":false},"excerpt":{"rendered":"<p>Este 19 de junio, se celebr\u00f3 el D\u00eda de los abuelos en el Teatro Municipal de Rivera. Un encuentro con la m\u00fasica, la danza y el teatro, a sala llena y a beneficio de la Asociaci\u00f3n Riverense de Trastornos del Espectro Autista (ARITEA). Organizado desde la DGPAS, de la Intendencia de Rivera, a trav\u00e9s de [&hellip;]<\/p>\n","protected":false},"author":7,"featured_media":6106,"comment_status":"open","ping_status":"open","sticky":false,"template":"","format":"standard","meta":{"footnotes":""},"categories":[3,1],"tags":[674,675,65,345,672,114,36,33,247],"class_list":["post-6100","post","type-post","status-publish","format-standard","has-post-thumbnail","hentry","category-multimedia","category-novedades","tag-aritea","tag-autismo","tag-cultura","tag-dgpas","tag-dia-del-abuelo","tag-idr","tag-intendencia","tag-rivera","tag-teatro"],"_links":{"self":[{"href":"https:\/\/www.rivera.gub.uy\/portal\/wp-json\/wp\/v2\/posts\/6100","targetHints":{"allow":["GET"]}}],"collection":[{"href":"https:\/\/www.rivera.gub.uy\/portal\/wp-json\/wp\/v2\/posts"}],"about":[{"href":"https:\/\/www.rivera.gub.uy\/portal\/wp-json\/wp\/v2\/types\/post"}],"author":[{"embeddable":true,"href":"https:\/\/www.rivera.gub.uy\/portal\/wp-json\/wp\/v2\/users\/7"}],"replies":[{"embeddable":true,"href":"https:\/\/www.rivera.gub.uy\/portal\/wp-json\/wp\/v2\/comments?post=6100"}],"version-history":[{"count":4,"href":"https:\/\/www.rivera.gub.uy\/portal\/wp-json\/wp\/v2\/posts\/6100\/revisions"}],"predecessor-version":[{"id":6125,"href":"https:\/\/www.rivera.gub.uy\/portal\/wp-json\/wp\/v2\/posts\/6100\/revisions\/6125"}],"wp:featuredmedia":[{"embeddable":true,"href":"https:\/\/www.rivera.gub.uy\/portal\/wp-json\/wp\/v2\/media\/6106"}],"wp:attachment":[{"href":"https:\/\/www.rivera.gub.uy\/portal\/wp-json\/wp\/v2\/media?parent=6100"}],"wp:term":[{"taxonomy":"category","embeddable":true,"href":"https:\/\/www.rivera.gub.uy\/portal\/wp-json\/wp\/v2\/categories?post=6100"},{"taxonomy":"post_tag","embeddable":true,"href":"https:\/\/www.rivera.gub.uy\/portal\/wp-json\/wp\/v2\/tags?post=6100"}],"curies":[{"name":"wp","href":"https:\/\/api.w.org\/{rel}","templated":true}]}}