{"id":61319,"date":"2025-06-24T11:24:30","date_gmt":"2025-06-24T14:24:30","guid":{"rendered":"https:\/\/www.rivera.gub.uy\/portal\/?p=61319"},"modified":"2025-06-24T11:25:01","modified_gmt":"2025-06-24T14:25:01","slug":"actividad-gratuita-en-el-mirador-de-aves-del-valle-del-lunarejo","status":"publish","type":"post","link":"https:\/\/www.rivera.gub.uy\/portal\/actividad-gratuita-en-el-mirador-de-aves-del-valle-del-lunarejo\/","title":{"rendered":"Actividad gratuita en el mirador de aves del Valle del Lunarejo"},"content":{"rendered":"<p>En el marco del &#8220;Mes del Medio Ambiente&#8221;, la Intendencia Departamental de Rivera, a trav\u00e9s de la Divisi\u00f3n Medio Ambiente, invita a participar en una actividad gratuita que se llevar\u00e1 a cabo en el mirador de aves del Valle del Lunarejo (Paraje La Palma), el s\u00e1bado 28 de junio, de 9:00 a 13:00 horas.<!--more--><br \/>\nEl objetivo de esta propuesta es promover el conocimiento y la valoraci\u00f3n de las bellezas naturales de la Reserva. La jornada estar\u00e1 guiada por el guardaparque Mateo Senseber.<\/p>\n<p>Para reservar tu lugar, pod\u00e9s comunicarte al 4650 6502, de 9:00 a 16:00 h (Centro de Visitantes del Valle del Lunarejo).<\/p>\n","protected":false},"excerpt":{"rendered":"<p>En el marco del &#8220;Mes del Medio Ambiente&#8221;, la Intendencia Departamental de Rivera, a trav\u00e9s de la Divisi\u00f3n Medio Ambiente, invita a participar en una actividad gratuita que se llevar\u00e1 a cabo en el mirador de aves del Valle del Lunarejo (Paraje La Palma), el s\u00e1bado 28 de junio, de 9:00 a 13:00 horas.<\/p>\n","protected":false},"author":7,"featured_media":61320,"comment_status":"open","ping_status":"open","sticky":false,"template":"","format":"standard","meta":{"footnotes":""},"categories":[1],"tags":[],"class_list":["post-61319","post","type-post","status-publish","format-standard","has-post-thumbnail","hentry","category-novedades"],"_links":{"self":[{"href":"https:\/\/www.rivera.gub.uy\/portal\/wp-json\/wp\/v2\/posts\/61319","targetHints":{"allow":["GET"]}}],"collection":[{"href":"https:\/\/www.rivera.gub.uy\/portal\/wp-json\/wp\/v2\/posts"}],"about":[{"href":"https:\/\/www.rivera.gub.uy\/portal\/wp-json\/wp\/v2\/types\/post"}],"author":[{"embeddable":true,"href":"https:\/\/www.rivera.gub.uy\/portal\/wp-json\/wp\/v2\/users\/7"}],"replies":[{"embeddable":true,"href":"https:\/\/www.rivera.gub.uy\/portal\/wp-json\/wp\/v2\/comments?post=61319"}],"version-history":[{"count":1,"href":"https:\/\/www.rivera.gub.uy\/portal\/wp-json\/wp\/v2\/posts\/61319\/revisions"}],"predecessor-version":[{"id":61321,"href":"https:\/\/www.rivera.gub.uy\/portal\/wp-json\/wp\/v2\/posts\/61319\/revisions\/61321"}],"wp:featuredmedia":[{"embeddable":true,"href":"https:\/\/www.rivera.gub.uy\/portal\/wp-json\/wp\/v2\/media\/61320"}],"wp:attachment":[{"href":"https:\/\/www.rivera.gub.uy\/portal\/wp-json\/wp\/v2\/media?parent=61319"}],"wp:term":[{"taxonomy":"category","embeddable":true,"href":"https:\/\/www.rivera.gub.uy\/portal\/wp-json\/wp\/v2\/categories?post=61319"},{"taxonomy":"post_tag","embeddable":true,"href":"https:\/\/www.rivera.gub.uy\/portal\/wp-json\/wp\/v2\/tags?post=61319"}],"curies":[{"name":"wp","href":"https:\/\/api.w.org\/{rel}","templated":true}]}}