{"id":61493,"date":"2025-07-08T13:45:07","date_gmt":"2025-07-08T16:45:07","guid":{"rendered":"https:\/\/www.rivera.gub.uy\/portal\/?p=61493"},"modified":"2025-07-08T13:45:32","modified_gmt":"2025-07-08T16:45:32","slug":"intendente-entrega-bandera-departamental-a-tres-deportistas-riverenses-que-integran-la-seleccion-uruguaya-de-futbol-femenino-categoria-sub-14","status":"publish","type":"post","link":"https:\/\/www.rivera.gub.uy\/portal\/intendente-entrega-bandera-departamental-a-tres-deportistas-riverenses-que-integran-la-seleccion-uruguaya-de-futbol-femenino-categoria-sub-14\/","title":{"rendered":"Intendente entrega bandera departamental a tres deportistas riverenses que integran la Selecci\u00f3n Uruguaya de F\u00fatbol Femenino categor\u00eda Sub-14"},"content":{"rendered":"<p>Esta ma\u00f1ana, en la Sala de Conferencias de la IDR, el intendente de Rivera, Arq. Jos\u00e9 Mazzoni Gollard\u00eda, hizo entrega de la bandera de Rivera a las atletas riverenses integrantes de la Selecci\u00f3n Uruguaya de F\u00fatbol Femenino, categor\u00eda Sub-14, que participar\u00e1 del torneo USA CUP 2025, en los Estados Unidos de Am\u00e9rica, durante este mes de julio.<!--more--><\/p>\n<p>Este torneo internacional juvenil re\u00fane a m\u00e1s de 1.100 equipos de f\u00fatbol de 20 pa\u00edses, con m\u00e1s de 16.000 atletas que participar\u00e1n en lo que se denomina el \u201cTorneo M\u00e1s Grande del Mundo\u201d en la categor\u00eda.<\/p>\n<p>En la oportunidad, Brenda Rosadilla, Celeste Gonz\u00e1lez y Rafaela Pereira recibieron la bandera de manos de Mazzoni, quien expres\u00f3:<\/p>\n<blockquote><p>\u201cEs un gusto para el gobierno departamental entregar la bandera departamental a las tres atletas que nos van a representar con la selecci\u00f3n de Uruguay en la categor\u00eda Sub-14, en un torneo internacional en los Estados Unidos.<\/p>\n<p>Es un gusto para el gobierno departamental continuar con esta pol\u00edtica de apoyo a las distintas disciplinas. Hoy estamos apoyando a m\u00e1s de 15 disciplinas, y en algunas de ellas con resultados muy auspiciosos como este: tener representantes en una selecci\u00f3n nacional femenina.<\/p>\n<p>Imag\u00ednense que el f\u00fatbol femenino es a\u00fan un deporte incipiente en Uruguay, pero nosotros ya tenemos representantes, gracias al trabajo de ustedes, de sus padres y de las instituciones que vienen trabajando con la comunidad y con la colectividad de j\u00f3venes, buscando que los resultados sean estos: que haya exponentes de esos clubes que hoy puedan ser observados desde una organizaci\u00f3n central como es la Selecci\u00f3n Uruguaya, para disputar campeonatos e intercambiar experiencias con la gurisada de otros lados.\u201d<\/p><\/blockquote>\n<div id='gallery-1' class='gallery galleryid-61493 gallery-columns-4 gallery-size-thumbnail'><figure class='gallery-item'>\n\t\t\t<div class='gallery-icon landscape'>\n\t\t\t\t<a href='https:\/\/www.rivera.gub.uy\/portal\/wp-content\/uploads\/2025\/07\/futbol-femenino-1-scaled.jpg'><img loading=\"lazy\" decoding=\"async\" width=\"141\" height=\"94\" src=\"https:\/\/www.rivera.gub.uy\/portal\/wp-content\/uploads\/2025\/07\/futbol-femenino-1-141x94.jpg\" class=\"attachment-thumbnail size-thumbnail\" alt=\"\" srcset=\"https:\/\/www.rivera.gub.uy\/portal\/wp-content\/uploads\/2025\/07\/futbol-femenino-1-141x94.jpg 141w, https:\/\/www.rivera.gub.uy\/portal\/wp-content\/uploads\/2025\/07\/futbol-femenino-1-282x188.jpg 282w, https:\/\/www.rivera.gub.uy\/portal\/wp-content\/uploads\/2025\/07\/futbol-femenino-1-939x626.jpg 939w, https:\/\/www.rivera.gub.uy\/portal\/wp-content\/uploads\/2025\/07\/futbol-femenino-1-768x512.jpg 768w, https:\/\/www.rivera.gub.uy\/portal\/wp-content\/uploads\/2025\/07\/futbol-femenino-1-1536x1024.jpg 1536w, https:\/\/www.rivera.gub.uy\/portal\/wp-content\/uploads\/2025\/07\/futbol-femenino-1-2048x1365.jpg 2048w, https:\/\/www.rivera.gub.uy\/portal\/wp-content\/uploads\/2025\/07\/futbol-femenino-1-600x400.jpg 600w, https:\/\/www.rivera.gub.uy\/portal\/wp-content\/uploads\/2025\/07\/futbol-femenino-1-820x547.jpg 820w, https:\/\/www.rivera.gub.uy\/portal\/wp-content\/uploads\/2025\/07\/futbol-femenino-1-272x182.jpg 272w\" sizes=\"auto, (max-width: 141px) 100vw, 141px\" \/><\/a>\n\t\t\t<\/div><\/figure><figure class='gallery-item'>\n\t\t\t<div class='gallery-icon landscape'>\n\t\t\t\t<a href='https:\/\/www.rivera.gub.uy\/portal\/wp-content\/uploads\/2025\/07\/futbol-femenino-2-scaled.jpg'><img loading=\"lazy\" decoding=\"async\" width=\"141\" height=\"94\" src=\"https:\/\/www.rivera.gub.uy\/portal\/wp-content\/uploads\/2025\/07\/futbol-femenino-2-141x94.jpg\" class=\"attachment-thumbnail size-thumbnail\" alt=\"\" srcset=\"https:\/\/www.rivera.gub.uy\/portal\/wp-content\/uploads\/2025\/07\/futbol-femenino-2-141x94.jpg 141w, https:\/\/www.rivera.gub.uy\/portal\/wp-content\/uploads\/2025\/07\/futbol-femenino-2-282x188.jpg 282w, https:\/\/www.rivera.gub.uy\/portal\/wp-content\/uploads\/2025\/07\/futbol-femenino-2-939x626.jpg 939w, https:\/\/www.rivera.gub.uy\/portal\/wp-content\/uploads\/2025\/07\/futbol-femenino-2-768x512.jpg 768w, https:\/\/www.rivera.gub.uy\/portal\/wp-content\/uploads\/2025\/07\/futbol-femenino-2-1536x1024.jpg 1536w, https:\/\/www.rivera.gub.uy\/portal\/wp-content\/uploads\/2025\/07\/futbol-femenino-2-2048x1365.jpg 2048w, https:\/\/www.rivera.gub.uy\/portal\/wp-content\/uploads\/2025\/07\/futbol-femenino-2-600x400.jpg 600w, https:\/\/www.rivera.gub.uy\/portal\/wp-content\/uploads\/2025\/07\/futbol-femenino-2-820x547.jpg 820w, https:\/\/www.rivera.gub.uy\/portal\/wp-content\/uploads\/2025\/07\/futbol-femenino-2-272x182.jpg 272w\" sizes=\"auto, (max-width: 141px) 100vw, 141px\" \/><\/a>\n\t\t\t<\/div><\/figure><figure class='gallery-item'>\n\t\t\t<div class='gallery-icon landscape'>\n\t\t\t\t<a href='https:\/\/www.rivera.gub.uy\/portal\/wp-content\/uploads\/2025\/07\/futbol-femenino-3-scaled.jpg'><img loading=\"lazy\" decoding=\"async\" width=\"141\" height=\"94\" src=\"https:\/\/www.rivera.gub.uy\/portal\/wp-content\/uploads\/2025\/07\/futbol-femenino-3-141x94.jpg\" class=\"attachment-thumbnail size-thumbnail\" alt=\"\" srcset=\"https:\/\/www.rivera.gub.uy\/portal\/wp-content\/uploads\/2025\/07\/futbol-femenino-3-141x94.jpg 141w, https:\/\/www.rivera.gub.uy\/portal\/wp-content\/uploads\/2025\/07\/futbol-femenino-3-282x188.jpg 282w, https:\/\/www.rivera.gub.uy\/portal\/wp-content\/uploads\/2025\/07\/futbol-femenino-3-939x626.jpg 939w, https:\/\/www.rivera.gub.uy\/portal\/wp-content\/uploads\/2025\/07\/futbol-femenino-3-768x512.jpg 768w, https:\/\/www.rivera.gub.uy\/portal\/wp-content\/uploads\/2025\/07\/futbol-femenino-3-1536x1024.jpg 1536w, https:\/\/www.rivera.gub.uy\/portal\/wp-content\/uploads\/2025\/07\/futbol-femenino-3-2048x1365.jpg 2048w, https:\/\/www.rivera.gub.uy\/portal\/wp-content\/uploads\/2025\/07\/futbol-femenino-3-600x400.jpg 600w, https:\/\/www.rivera.gub.uy\/portal\/wp-content\/uploads\/2025\/07\/futbol-femenino-3-820x547.jpg 820w, https:\/\/www.rivera.gub.uy\/portal\/wp-content\/uploads\/2025\/07\/futbol-femenino-3-272x182.jpg 272w\" sizes=\"auto, (max-width: 141px) 100vw, 141px\" \/><\/a>\n\t\t\t<\/div><\/figure><figure class='gallery-item'>\n\t\t\t<div class='gallery-icon landscape'>\n\t\t\t\t<a href='https:\/\/www.rivera.gub.uy\/portal\/wp-content\/uploads\/2025\/07\/futbol-femenino-4-scaled.jpg'><img loading=\"lazy\" decoding=\"async\" width=\"141\" height=\"94\" src=\"https:\/\/www.rivera.gub.uy\/portal\/wp-content\/uploads\/2025\/07\/futbol-femenino-4-141x94.jpg\" class=\"attachment-thumbnail size-thumbnail\" alt=\"F\u00fatbol Femenino\" srcset=\"https:\/\/www.rivera.gub.uy\/portal\/wp-content\/uploads\/2025\/07\/futbol-femenino-4-141x94.jpg 141w, https:\/\/www.rivera.gub.uy\/portal\/wp-content\/uploads\/2025\/07\/futbol-femenino-4-282x188.jpg 282w, https:\/\/www.rivera.gub.uy\/portal\/wp-content\/uploads\/2025\/07\/futbol-femenino-4-939x626.jpg 939w, https:\/\/www.rivera.gub.uy\/portal\/wp-content\/uploads\/2025\/07\/futbol-femenino-4-768x512.jpg 768w, https:\/\/www.rivera.gub.uy\/portal\/wp-content\/uploads\/2025\/07\/futbol-femenino-4-1536x1024.jpg 1536w, https:\/\/www.rivera.gub.uy\/portal\/wp-content\/uploads\/2025\/07\/futbol-femenino-4-2048x1365.jpg 2048w, https:\/\/www.rivera.gub.uy\/portal\/wp-content\/uploads\/2025\/07\/futbol-femenino-4-600x400.jpg 600w, https:\/\/www.rivera.gub.uy\/portal\/wp-content\/uploads\/2025\/07\/futbol-femenino-4-820x547.jpg 820w, https:\/\/www.rivera.gub.uy\/portal\/wp-content\/uploads\/2025\/07\/futbol-femenino-4-272x182.jpg 272w\" sizes=\"auto, (max-width: 141px) 100vw, 141px\" \/><\/a>\n\t\t\t<\/div><\/figure>\n\t\t<\/div>\n\n","protected":false},"excerpt":{"rendered":"<p>Esta ma\u00f1ana, en la Sala de Conferencias de la IDR, el intendente de Rivera, Arq. Jos\u00e9 Mazzoni Gollard\u00eda, hizo entrega de la bandera de Rivera a las atletas riverenses integrantes de la Selecci\u00f3n Uruguaya de F\u00fatbol Femenino, categor\u00eda Sub-14, que participar\u00e1 del torneo USA CUP 2025, en los Estados Unidos de Am\u00e9rica, durante este mes [&hellip;]<\/p>\n","protected":false},"author":7,"featured_media":61497,"comment_status":"open","ping_status":"open","sticky":false,"template":"","format":"standard","meta":{"footnotes":""},"categories":[56,1],"tags":[],"class_list":["post-61493","post","type-post","status-publish","format-standard","has-post-thumbnail","hentry","category-deportes","category-novedades"],"_links":{"self":[{"href":"https:\/\/www.rivera.gub.uy\/portal\/wp-json\/wp\/v2\/posts\/61493","targetHints":{"allow":["GET"]}}],"collection":[{"href":"https:\/\/www.rivera.gub.uy\/portal\/wp-json\/wp\/v2\/posts"}],"about":[{"href":"https:\/\/www.rivera.gub.uy\/portal\/wp-json\/wp\/v2\/types\/post"}],"author":[{"embeddable":true,"href":"https:\/\/www.rivera.gub.uy\/portal\/wp-json\/wp\/v2\/users\/7"}],"replies":[{"embeddable":true,"href":"https:\/\/www.rivera.gub.uy\/portal\/wp-json\/wp\/v2\/comments?post=61493"}],"version-history":[{"count":1,"href":"https:\/\/www.rivera.gub.uy\/portal\/wp-json\/wp\/v2\/posts\/61493\/revisions"}],"predecessor-version":[{"id":61498,"href":"https:\/\/www.rivera.gub.uy\/portal\/wp-json\/wp\/v2\/posts\/61493\/revisions\/61498"}],"wp:featuredmedia":[{"embeddable":true,"href":"https:\/\/www.rivera.gub.uy\/portal\/wp-json\/wp\/v2\/media\/61497"}],"wp:attachment":[{"href":"https:\/\/www.rivera.gub.uy\/portal\/wp-json\/wp\/v2\/media?parent=61493"}],"wp:term":[{"taxonomy":"category","embeddable":true,"href":"https:\/\/www.rivera.gub.uy\/portal\/wp-json\/wp\/v2\/categories?post=61493"},{"taxonomy":"post_tag","embeddable":true,"href":"https:\/\/www.rivera.gub.uy\/portal\/wp-json\/wp\/v2\/tags?post=61493"}],"curies":[{"name":"wp","href":"https:\/\/api.w.org\/{rel}","templated":true}]}}