{"id":62187,"date":"2025-08-05T08:54:23","date_gmt":"2025-08-05T11:54:23","guid":{"rendered":"https:\/\/www.rivera.gub.uy\/portal\/?p=62187"},"modified":"2025-08-05T08:54:23","modified_gmt":"2025-08-05T11:54:23","slug":"curso-de-prevencion-de-enfermedades-de-transmision-sexual","status":"publish","type":"post","link":"https:\/\/www.rivera.gub.uy\/portal\/curso-de-prevencion-de-enfermedades-de-transmision-sexual\/","title":{"rendered":"Curso de Prevenci\u00f3n de Enfermedades de Transmisi\u00f3n Sexual"},"content":{"rendered":"<p data-start=\"170\" data-end=\"463\">Esta ma\u00f1ana comenz\u00f3 la propuesta formativa: <em data-start=\"214\" data-end=\"258\">\u201cFormaci\u00f3n para referentes adultos en EIS\u201d<\/em>, impulsada por Iniciativas Sanitarias, con el apoyo del Fondo de Poblaci\u00f3n de las Naciones Unidas (UNFPA), en articulaci\u00f3n con la Intendencia de Rivera, INAU Rivera, MIDES Rivera y organizaciones locales.<!--more--><\/p>\n<p data-start=\"465\" data-end=\"957\">Esta iniciativa surge como respuesta a una demanda concreta del Consejo Asesor y Consultivo departamental de INAU, conformado por adolescentes que han expresado la necesidad de abordar tem\u00e1ticas vinculadas a la sexualidad, el g\u00e9nero, el placer, la violencia digital y las relaciones sexoafectivas. Tambi\u00e9n surge a partir de los Centros Barriales gestionados por la Divisi\u00f3n de Gesti\u00f3n Territorial de la Direcci\u00f3n General de Promoci\u00f3n y Acci\u00f3n Social de la Intendencia Departamental de Rivera.<\/p>\n<p data-start=\"959\" data-end=\"1344\">La formaci\u00f3n est\u00e1 dirigida a personas adultas que trabajan directamente con adolescentes y j\u00f3venes en el departamento de Rivera, desde diversos espacios institucionales y comunitarios. Su objetivo es fortalecer las capacidades locales para garantizar el acceso a una Educaci\u00f3n Integral en Sexualidad (EIS), desde una perspectiva de derechos, g\u00e9nero, interseccionalidad y curso de vida.<\/p>\n<p data-start=\"1346\" data-end=\"1776\">El proyecto se enmarca en la filosof\u00eda del programa <em data-start=\"1398\" data-end=\"1419\">#SexualidadSinFakes<\/em>: considerar la sexualidad como una dimensi\u00f3n fundamental de la experiencia humana y del ejercicio de la ciudadan\u00eda. Desde esta perspectiva, el acceso a informaci\u00f3n confiable, el respeto a la diversidad, el reconocimiento del placer y la vivencia libre de violencias son componentes clave para fortalecer procesos democr\u00e1ticos, equitativos y participativos.<\/p>\n<div id='gallery-1' class='gallery galleryid-62187 gallery-columns-4 gallery-size-thumbnail'><figure class='gallery-item'>\n\t\t\t<div class='gallery-icon landscape'>\n\t\t\t\t<a href='https:\/\/www.rivera.gub.uy\/portal\/wp-content\/uploads\/2025\/08\/ets-1-scaled.jpg'><img loading=\"lazy\" decoding=\"async\" width=\"141\" height=\"94\" src=\"https:\/\/www.rivera.gub.uy\/portal\/wp-content\/uploads\/2025\/08\/ets-1-141x94.jpg\" class=\"attachment-thumbnail size-thumbnail\" alt=\"ETS\" srcset=\"https:\/\/www.rivera.gub.uy\/portal\/wp-content\/uploads\/2025\/08\/ets-1-141x94.jpg 141w, https:\/\/www.rivera.gub.uy\/portal\/wp-content\/uploads\/2025\/08\/ets-1-282x188.jpg 282w, https:\/\/www.rivera.gub.uy\/portal\/wp-content\/uploads\/2025\/08\/ets-1-939x626.jpg 939w, https:\/\/www.rivera.gub.uy\/portal\/wp-content\/uploads\/2025\/08\/ets-1-768x512.jpg 768w, https:\/\/www.rivera.gub.uy\/portal\/wp-content\/uploads\/2025\/08\/ets-1-1536x1024.jpg 1536w, https:\/\/www.rivera.gub.uy\/portal\/wp-content\/uploads\/2025\/08\/ets-1-2048x1365.jpg 2048w, https:\/\/www.rivera.gub.uy\/portal\/wp-content\/uploads\/2025\/08\/ets-1-600x400.jpg 600w, https:\/\/www.rivera.gub.uy\/portal\/wp-content\/uploads\/2025\/08\/ets-1-820x547.jpg 820w, https:\/\/www.rivera.gub.uy\/portal\/wp-content\/uploads\/2025\/08\/ets-1-272x182.jpg 272w\" sizes=\"auto, (max-width: 141px) 100vw, 141px\" \/><\/a>\n\t\t\t<\/div><\/figure><figure class='gallery-item'>\n\t\t\t<div class='gallery-icon landscape'>\n\t\t\t\t<a href='https:\/\/www.rivera.gub.uy\/portal\/wp-content\/uploads\/2025\/08\/ets-2-scaled.jpg'><img loading=\"lazy\" decoding=\"async\" width=\"141\" height=\"94\" src=\"https:\/\/www.rivera.gub.uy\/portal\/wp-content\/uploads\/2025\/08\/ets-2-141x94.jpg\" class=\"attachment-thumbnail size-thumbnail\" alt=\"\" srcset=\"https:\/\/www.rivera.gub.uy\/portal\/wp-content\/uploads\/2025\/08\/ets-2-141x94.jpg 141w, https:\/\/www.rivera.gub.uy\/portal\/wp-content\/uploads\/2025\/08\/ets-2-282x188.jpg 282w, https:\/\/www.rivera.gub.uy\/portal\/wp-content\/uploads\/2025\/08\/ets-2-939x626.jpg 939w, https:\/\/www.rivera.gub.uy\/portal\/wp-content\/uploads\/2025\/08\/ets-2-768x512.jpg 768w, https:\/\/www.rivera.gub.uy\/portal\/wp-content\/uploads\/2025\/08\/ets-2-1536x1024.jpg 1536w, https:\/\/www.rivera.gub.uy\/portal\/wp-content\/uploads\/2025\/08\/ets-2-2048x1365.jpg 2048w, https:\/\/www.rivera.gub.uy\/portal\/wp-content\/uploads\/2025\/08\/ets-2-600x400.jpg 600w, https:\/\/www.rivera.gub.uy\/portal\/wp-content\/uploads\/2025\/08\/ets-2-820x547.jpg 820w, https:\/\/www.rivera.gub.uy\/portal\/wp-content\/uploads\/2025\/08\/ets-2-272x182.jpg 272w\" sizes=\"auto, (max-width: 141px) 100vw, 141px\" \/><\/a>\n\t\t\t<\/div><\/figure><figure class='gallery-item'>\n\t\t\t<div class='gallery-icon landscape'>\n\t\t\t\t<a href='https:\/\/www.rivera.gub.uy\/portal\/wp-content\/uploads\/2025\/08\/ets-3-scaled.jpg'><img loading=\"lazy\" decoding=\"async\" width=\"141\" height=\"94\" src=\"https:\/\/www.rivera.gub.uy\/portal\/wp-content\/uploads\/2025\/08\/ets-3-141x94.jpg\" class=\"attachment-thumbnail size-thumbnail\" alt=\"\" srcset=\"https:\/\/www.rivera.gub.uy\/portal\/wp-content\/uploads\/2025\/08\/ets-3-141x94.jpg 141w, https:\/\/www.rivera.gub.uy\/portal\/wp-content\/uploads\/2025\/08\/ets-3-282x188.jpg 282w, https:\/\/www.rivera.gub.uy\/portal\/wp-content\/uploads\/2025\/08\/ets-3-939x626.jpg 939w, https:\/\/www.rivera.gub.uy\/portal\/wp-content\/uploads\/2025\/08\/ets-3-768x512.jpg 768w, https:\/\/www.rivera.gub.uy\/portal\/wp-content\/uploads\/2025\/08\/ets-3-1536x1024.jpg 1536w, https:\/\/www.rivera.gub.uy\/portal\/wp-content\/uploads\/2025\/08\/ets-3-2048x1365.jpg 2048w, https:\/\/www.rivera.gub.uy\/portal\/wp-content\/uploads\/2025\/08\/ets-3-600x400.jpg 600w, https:\/\/www.rivera.gub.uy\/portal\/wp-content\/uploads\/2025\/08\/ets-3-820x547.jpg 820w, https:\/\/www.rivera.gub.uy\/portal\/wp-content\/uploads\/2025\/08\/ets-3-272x182.jpg 272w\" sizes=\"auto, (max-width: 141px) 100vw, 141px\" \/><\/a>\n\t\t\t<\/div><\/figure><figure class='gallery-item'>\n\t\t\t<div class='gallery-icon landscape'>\n\t\t\t\t<a href='https:\/\/www.rivera.gub.uy\/portal\/wp-content\/uploads\/2025\/08\/ets-4-scaled.jpg'><img loading=\"lazy\" decoding=\"async\" width=\"141\" height=\"94\" src=\"https:\/\/www.rivera.gub.uy\/portal\/wp-content\/uploads\/2025\/08\/ets-4-141x94.jpg\" class=\"attachment-thumbnail size-thumbnail\" alt=\"\" srcset=\"https:\/\/www.rivera.gub.uy\/portal\/wp-content\/uploads\/2025\/08\/ets-4-141x94.jpg 141w, https:\/\/www.rivera.gub.uy\/portal\/wp-content\/uploads\/2025\/08\/ets-4-282x188.jpg 282w, https:\/\/www.rivera.gub.uy\/portal\/wp-content\/uploads\/2025\/08\/ets-4-939x626.jpg 939w, https:\/\/www.rivera.gub.uy\/portal\/wp-content\/uploads\/2025\/08\/ets-4-768x512.jpg 768w, https:\/\/www.rivera.gub.uy\/portal\/wp-content\/uploads\/2025\/08\/ets-4-1536x1024.jpg 1536w, https:\/\/www.rivera.gub.uy\/portal\/wp-content\/uploads\/2025\/08\/ets-4-2048x1365.jpg 2048w, https:\/\/www.rivera.gub.uy\/portal\/wp-content\/uploads\/2025\/08\/ets-4-600x400.jpg 600w, https:\/\/www.rivera.gub.uy\/portal\/wp-content\/uploads\/2025\/08\/ets-4-820x547.jpg 820w, https:\/\/www.rivera.gub.uy\/portal\/wp-content\/uploads\/2025\/08\/ets-4-272x182.jpg 272w\" sizes=\"auto, (max-width: 141px) 100vw, 141px\" \/><\/a>\n\t\t\t<\/div><\/figure>\n\t\t<\/div>\n\n","protected":false},"excerpt":{"rendered":"<p>Esta ma\u00f1ana comenz\u00f3 la propuesta formativa: \u201cFormaci\u00f3n para referentes adultos en EIS\u201d, impulsada por Iniciativas Sanitarias, con el apoyo del Fondo de Poblaci\u00f3n de las Naciones Unidas (UNFPA), en articulaci\u00f3n con la Intendencia de Rivera, INAU Rivera, MIDES Rivera y organizaciones locales.<\/p>\n","protected":false},"author":7,"featured_media":62188,"comment_status":"open","ping_status":"open","sticky":false,"template":"","format":"standard","meta":{"footnotes":""},"categories":[1,18],"tags":[],"class_list":["post-62187","post","type-post","status-publish","format-standard","has-post-thumbnail","hentry","category-novedades","category-participacion"],"_links":{"self":[{"href":"https:\/\/www.rivera.gub.uy\/portal\/wp-json\/wp\/v2\/posts\/62187","targetHints":{"allow":["GET"]}}],"collection":[{"href":"https:\/\/www.rivera.gub.uy\/portal\/wp-json\/wp\/v2\/posts"}],"about":[{"href":"https:\/\/www.rivera.gub.uy\/portal\/wp-json\/wp\/v2\/types\/post"}],"author":[{"embeddable":true,"href":"https:\/\/www.rivera.gub.uy\/portal\/wp-json\/wp\/v2\/users\/7"}],"replies":[{"embeddable":true,"href":"https:\/\/www.rivera.gub.uy\/portal\/wp-json\/wp\/v2\/comments?post=62187"}],"version-history":[{"count":1,"href":"https:\/\/www.rivera.gub.uy\/portal\/wp-json\/wp\/v2\/posts\/62187\/revisions"}],"predecessor-version":[{"id":62192,"href":"https:\/\/www.rivera.gub.uy\/portal\/wp-json\/wp\/v2\/posts\/62187\/revisions\/62192"}],"wp:featuredmedia":[{"embeddable":true,"href":"https:\/\/www.rivera.gub.uy\/portal\/wp-json\/wp\/v2\/media\/62188"}],"wp:attachment":[{"href":"https:\/\/www.rivera.gub.uy\/portal\/wp-json\/wp\/v2\/media?parent=62187"}],"wp:term":[{"taxonomy":"category","embeddable":true,"href":"https:\/\/www.rivera.gub.uy\/portal\/wp-json\/wp\/v2\/categories?post=62187"},{"taxonomy":"post_tag","embeddable":true,"href":"https:\/\/www.rivera.gub.uy\/portal\/wp-json\/wp\/v2\/tags?post=62187"}],"curies":[{"name":"wp","href":"https:\/\/api.w.org\/{rel}","templated":true}]}}