{"id":6225,"date":"2018-06-26T12:52:42","date_gmt":"2018-06-26T15:52:42","guid":{"rendered":"http:\/\/www.rivera.gub.uy\/portal\/?p=6225"},"modified":"2018-06-28T10:42:40","modified_gmt":"2018-06-28T13:42:40","slug":"18-mujeres-recibieron-certificado-al-culminar-curso-de-maquillaje-en-centro-barrial-la-arenera","status":"publish","type":"post","link":"https:\/\/www.rivera.gub.uy\/portal\/18-mujeres-recibieron-certificado-al-culminar-curso-de-maquillaje-en-centro-barrial-la-arenera\/","title":{"rendered":"18 mujeres recibieron certificado al culminar curso de maquillaje, en  Centro barrial La Arenera"},"content":{"rendered":"<p>La ceremonia se realiz\u00f3 este lunes 25 de junio y cont\u00f3 con la presencia del Intendente, Dr. Marne Osorio, Secretario General IDR, Cr. Richard Sander, Director General de Promoci\u00f3n y Acci\u00f3n Social, Cr. Giovani Conti, Director de CERPROS, Pablo Gonz\u00e1lez, Directora de la Oficina de Relacionamiento con la Comunidad, Mtra. Betina Carballo, autoridades del \u00f3rgano del co- gobierno, profesora de maquillaje Solange Icardo, alumnas y vecinos de los barrios Mandub\u00ed y La Arenera.<br \/>\n<!--more--><br \/>\nAl inicio de la parte oratoria, el mandatario riverense destac\u00f3 que los centros barriales seguir\u00e1n, \u201cabriendo puertas para trabajar en soluciones posibles, en lo que refiere a la capacitaci\u00f3n y mejor calidad de vida, para todos los habitantes de la zona buscando la independencia de los mismos donde puedan salir a buscar trabajo por cuenta propia\u201d.<\/p>\n<p>Osorio tambi\u00e9n felicit\u00f3, a cada uno de los que trabajaron para que este curso y las dem\u00e1s actividades que realizan el centro barrial, se hagan posible.<\/p>\n<p>Seguidamente las alumnas presentaron un desfile con modelos maquilladas para la ocasi\u00f3n, mostrando al p\u00fablico presente, todas las t\u00e9cnicas ense\u00f1adas por la Prof. Solange.<\/p>\n<p>Para finalizar, autoridades presentes entregaron certificados a 18 mujeres que realizaron el curso, que ser\u00e1 una nueva oportunidad laboral para todas las que lo concluyeron y que aprendieron otra herramienta de trabajo para mejorar su calidad de vida.<\/p>\n<div id='gallery-1' class='gallery galleryid-6225 gallery-columns-4 gallery-size-thumbnail'><figure class='gallery-item'>\n\t\t\t<div class='gallery-icon landscape'>\n\t\t\t\t<a href='https:\/\/www.rivera.gub.uy\/portal\/wp-content\/uploads\/2018\/06\/ccbb8.jpg'><img loading=\"lazy\" decoding=\"async\" width=\"132\" height=\"94\" src=\"https:\/\/www.rivera.gub.uy\/portal\/wp-content\/uploads\/2018\/06\/ccbb8-132x94.jpg\" class=\"attachment-thumbnail size-thumbnail\" alt=\"\" srcset=\"https:\/\/www.rivera.gub.uy\/portal\/wp-content\/uploads\/2018\/06\/ccbb8-132x94.jpg 132w, https:\/\/www.rivera.gub.uy\/portal\/wp-content\/uploads\/2018\/06\/ccbb8-263x188.jpg 263w, https:\/\/www.rivera.gub.uy\/portal\/wp-content\/uploads\/2018\/06\/ccbb8-768x549.jpg 768w, https:\/\/www.rivera.gub.uy\/portal\/wp-content\/uploads\/2018\/06\/ccbb8-876x626.jpg 876w, https:\/\/www.rivera.gub.uy\/portal\/wp-content\/uploads\/2018\/06\/ccbb8-820x586.jpg 820w\" sizes=\"auto, (max-width: 132px) 100vw, 132px\" \/><\/a>\n\t\t\t<\/div><\/figure><figure class='gallery-item'>\n\t\t\t<div class='gallery-icon landscape'>\n\t\t\t\t<a href='https:\/\/www.rivera.gub.uy\/portal\/wp-content\/uploads\/2018\/06\/ccbb7.jpg'><img loading=\"lazy\" decoding=\"async\" width=\"132\" height=\"94\" src=\"https:\/\/www.rivera.gub.uy\/portal\/wp-content\/uploads\/2018\/06\/ccbb7-132x94.jpg\" class=\"attachment-thumbnail size-thumbnail\" alt=\"\" srcset=\"https:\/\/www.rivera.gub.uy\/portal\/wp-content\/uploads\/2018\/06\/ccbb7-132x94.jpg 132w, https:\/\/www.rivera.gub.uy\/portal\/wp-content\/uploads\/2018\/06\/ccbb7-263x188.jpg 263w, https:\/\/www.rivera.gub.uy\/portal\/wp-content\/uploads\/2018\/06\/ccbb7-768x549.jpg 768w, https:\/\/www.rivera.gub.uy\/portal\/wp-content\/uploads\/2018\/06\/ccbb7-876x626.jpg 876w, https:\/\/www.rivera.gub.uy\/portal\/wp-content\/uploads\/2018\/06\/ccbb7-820x586.jpg 820w\" sizes=\"auto, (max-width: 132px) 100vw, 132px\" \/><\/a>\n\t\t\t<\/div><\/figure><figure class='gallery-item'>\n\t\t\t<div class='gallery-icon portrait'>\n\t\t\t\t<a href='https:\/\/www.rivera.gub.uy\/portal\/wp-content\/uploads\/2018\/06\/ccbb6.jpg'><img loading=\"lazy\" decoding=\"async\" width=\"67\" height=\"94\" src=\"https:\/\/www.rivera.gub.uy\/portal\/wp-content\/uploads\/2018\/06\/ccbb6-67x94.jpg\" class=\"attachment-thumbnail size-thumbnail\" alt=\"\" srcset=\"https:\/\/www.rivera.gub.uy\/portal\/wp-content\/uploads\/2018\/06\/ccbb6-67x94.jpg 67w, https:\/\/www.rivera.gub.uy\/portal\/wp-content\/uploads\/2018\/06\/ccbb6-134x188.jpg 134w, https:\/\/www.rivera.gub.uy\/portal\/wp-content\/uploads\/2018\/06\/ccbb6-768x1075.jpg 768w, https:\/\/www.rivera.gub.uy\/portal\/wp-content\/uploads\/2018\/06\/ccbb6-447x626.jpg 447w, https:\/\/www.rivera.gub.uy\/portal\/wp-content\/uploads\/2018\/06\/ccbb6-820x1148.jpg 820w\" sizes=\"auto, (max-width: 67px) 100vw, 67px\" \/><\/a>\n\t\t\t<\/div><\/figure><figure class='gallery-item'>\n\t\t\t<div class='gallery-icon portrait'>\n\t\t\t\t<a href='https:\/\/www.rivera.gub.uy\/portal\/wp-content\/uploads\/2018\/06\/ccbb4.jpg'><img loading=\"lazy\" decoding=\"async\" width=\"67\" height=\"94\" src=\"https:\/\/www.rivera.gub.uy\/portal\/wp-content\/uploads\/2018\/06\/ccbb4-67x94.jpg\" class=\"attachment-thumbnail size-thumbnail\" alt=\"\" srcset=\"https:\/\/www.rivera.gub.uy\/portal\/wp-content\/uploads\/2018\/06\/ccbb4-67x94.jpg 67w, https:\/\/www.rivera.gub.uy\/portal\/wp-content\/uploads\/2018\/06\/ccbb4-134x188.jpg 134w, https:\/\/www.rivera.gub.uy\/portal\/wp-content\/uploads\/2018\/06\/ccbb4-768x1075.jpg 768w, https:\/\/www.rivera.gub.uy\/portal\/wp-content\/uploads\/2018\/06\/ccbb4-447x626.jpg 447w, https:\/\/www.rivera.gub.uy\/portal\/wp-content\/uploads\/2018\/06\/ccbb4-820x1148.jpg 820w\" sizes=\"auto, (max-width: 67px) 100vw, 67px\" \/><\/a>\n\t\t\t<\/div><\/figure><figure class='gallery-item'>\n\t\t\t<div class='gallery-icon portrait'>\n\t\t\t\t<a href='https:\/\/www.rivera.gub.uy\/portal\/wp-content\/uploads\/2018\/06\/ccbb5.jpg'><img loading=\"lazy\" decoding=\"async\" width=\"67\" height=\"94\" src=\"https:\/\/www.rivera.gub.uy\/portal\/wp-content\/uploads\/2018\/06\/ccbb5-67x94.jpg\" class=\"attachment-thumbnail size-thumbnail\" alt=\"\" srcset=\"https:\/\/www.rivera.gub.uy\/portal\/wp-content\/uploads\/2018\/06\/ccbb5-67x94.jpg 67w, https:\/\/www.rivera.gub.uy\/portal\/wp-content\/uploads\/2018\/06\/ccbb5-134x188.jpg 134w, https:\/\/www.rivera.gub.uy\/portal\/wp-content\/uploads\/2018\/06\/ccbb5-768x1075.jpg 768w, https:\/\/www.rivera.gub.uy\/portal\/wp-content\/uploads\/2018\/06\/ccbb5-447x626.jpg 447w, https:\/\/www.rivera.gub.uy\/portal\/wp-content\/uploads\/2018\/06\/ccbb5-820x1148.jpg 820w\" sizes=\"auto, (max-width: 67px) 100vw, 67px\" \/><\/a>\n\t\t\t<\/div><\/figure><figure class='gallery-item'>\n\t\t\t<div class='gallery-icon portrait'>\n\t\t\t\t<a href='https:\/\/www.rivera.gub.uy\/portal\/wp-content\/uploads\/2018\/06\/ccbb3.jpg'><img loading=\"lazy\" decoding=\"async\" width=\"67\" height=\"94\" src=\"https:\/\/www.rivera.gub.uy\/portal\/wp-content\/uploads\/2018\/06\/ccbb3-67x94.jpg\" class=\"attachment-thumbnail size-thumbnail\" alt=\"\" srcset=\"https:\/\/www.rivera.gub.uy\/portal\/wp-content\/uploads\/2018\/06\/ccbb3-67x94.jpg 67w, https:\/\/www.rivera.gub.uy\/portal\/wp-content\/uploads\/2018\/06\/ccbb3-134x188.jpg 134w, https:\/\/www.rivera.gub.uy\/portal\/wp-content\/uploads\/2018\/06\/ccbb3-768x1075.jpg 768w, https:\/\/www.rivera.gub.uy\/portal\/wp-content\/uploads\/2018\/06\/ccbb3-447x626.jpg 447w, https:\/\/www.rivera.gub.uy\/portal\/wp-content\/uploads\/2018\/06\/ccbb3-820x1148.jpg 820w\" sizes=\"auto, (max-width: 67px) 100vw, 67px\" \/><\/a>\n\t\t\t<\/div><\/figure><figure class='gallery-item'>\n\t\t\t<div class='gallery-icon landscape'>\n\t\t\t\t<a href='https:\/\/www.rivera.gub.uy\/portal\/wp-content\/uploads\/2018\/06\/ccbb2.jpg'><img loading=\"lazy\" decoding=\"async\" width=\"138\" height=\"94\" src=\"https:\/\/www.rivera.gub.uy\/portal\/wp-content\/uploads\/2018\/06\/ccbb2-138x94.jpg\" class=\"attachment-thumbnail size-thumbnail\" alt=\"\" srcset=\"https:\/\/www.rivera.gub.uy\/portal\/wp-content\/uploads\/2018\/06\/ccbb2-138x94.jpg 138w, https:\/\/www.rivera.gub.uy\/portal\/wp-content\/uploads\/2018\/06\/ccbb2-276x188.jpg 276w, https:\/\/www.rivera.gub.uy\/portal\/wp-content\/uploads\/2018\/06\/ccbb2-768x524.jpg 768w, https:\/\/www.rivera.gub.uy\/portal\/wp-content\/uploads\/2018\/06\/ccbb2-918x626.jpg 918w, https:\/\/www.rivera.gub.uy\/portal\/wp-content\/uploads\/2018\/06\/ccbb2-820x559.jpg 820w\" sizes=\"auto, (max-width: 138px) 100vw, 138px\" \/><\/a>\n\t\t\t<\/div><\/figure><figure class='gallery-item'>\n\t\t\t<div class='gallery-icon landscape'>\n\t\t\t\t<a href='https:\/\/www.rivera.gub.uy\/portal\/wp-content\/uploads\/2018\/06\/ccbb1.jpg'><img loading=\"lazy\" decoding=\"async\" width=\"132\" height=\"94\" src=\"https:\/\/www.rivera.gub.uy\/portal\/wp-content\/uploads\/2018\/06\/ccbb1-132x94.jpg\" class=\"attachment-thumbnail size-thumbnail\" alt=\"\" srcset=\"https:\/\/www.rivera.gub.uy\/portal\/wp-content\/uploads\/2018\/06\/ccbb1-132x94.jpg 132w, https:\/\/www.rivera.gub.uy\/portal\/wp-content\/uploads\/2018\/06\/ccbb1-263x188.jpg 263w, https:\/\/www.rivera.gub.uy\/portal\/wp-content\/uploads\/2018\/06\/ccbb1-768x549.jpg 768w, https:\/\/www.rivera.gub.uy\/portal\/wp-content\/uploads\/2018\/06\/ccbb1-876x626.jpg 876w, https:\/\/www.rivera.gub.uy\/portal\/wp-content\/uploads\/2018\/06\/ccbb1-820x586.jpg 820w\" sizes=\"auto, (max-width: 132px) 100vw, 132px\" \/><\/a>\n\t\t\t<\/div><\/figure>\n\t\t<\/div>\n\n","protected":false},"excerpt":{"rendered":"<p>La ceremonia se realiz\u00f3 este lunes 25 de junio y cont\u00f3 con la presencia del Intendente, Dr. Marne Osorio, Secretario General IDR, Cr. Richard Sander, Director General de Promoci\u00f3n y Acci\u00f3n Social, Cr. Giovani Conti, Director de CERPROS, Pablo Gonz\u00e1lez, Directora de la Oficina de Relacionamiento con la Comunidad, Mtra. Betina Carballo, autoridades del \u00f3rgano [&hellip;]<\/p>\n","protected":false},"author":7,"featured_media":6227,"comment_status":"open","ping_status":"open","sticky":false,"template":"","format":"standard","meta":{"footnotes":""},"categories":[1],"tags":[688,150,473,345,114,36,689,687,33],"class_list":["post-6225","post","type-post","status-publish","format-standard","has-post-thumbnail","hentry","category-novedades","tag-ccbb","tag-centros-barriales","tag-curso","tag-dgpas","tag-idr","tag-intendencia","tag-la-renera","tag-maquillaje","tag-rivera"],"_links":{"self":[{"href":"https:\/\/www.rivera.gub.uy\/portal\/wp-json\/wp\/v2\/posts\/6225","targetHints":{"allow":["GET"]}}],"collection":[{"href":"https:\/\/www.rivera.gub.uy\/portal\/wp-json\/wp\/v2\/posts"}],"about":[{"href":"https:\/\/www.rivera.gub.uy\/portal\/wp-json\/wp\/v2\/types\/post"}],"author":[{"embeddable":true,"href":"https:\/\/www.rivera.gub.uy\/portal\/wp-json\/wp\/v2\/users\/7"}],"replies":[{"embeddable":true,"href":"https:\/\/www.rivera.gub.uy\/portal\/wp-json\/wp\/v2\/comments?post=6225"}],"version-history":[{"count":2,"href":"https:\/\/www.rivera.gub.uy\/portal\/wp-json\/wp\/v2\/posts\/6225\/revisions"}],"predecessor-version":[{"id":6235,"href":"https:\/\/www.rivera.gub.uy\/portal\/wp-json\/wp\/v2\/posts\/6225\/revisions\/6235"}],"wp:featuredmedia":[{"embeddable":true,"href":"https:\/\/www.rivera.gub.uy\/portal\/wp-json\/wp\/v2\/media\/6227"}],"wp:attachment":[{"href":"https:\/\/www.rivera.gub.uy\/portal\/wp-json\/wp\/v2\/media?parent=6225"}],"wp:term":[{"taxonomy":"category","embeddable":true,"href":"https:\/\/www.rivera.gub.uy\/portal\/wp-json\/wp\/v2\/categories?post=6225"},{"taxonomy":"post_tag","embeddable":true,"href":"https:\/\/www.rivera.gub.uy\/portal\/wp-json\/wp\/v2\/tags?post=6225"}],"curies":[{"name":"wp","href":"https:\/\/api.w.org\/{rel}","templated":true}]}}