{"id":62263,"date":"2025-08-11T15:18:34","date_gmt":"2025-08-11T18:18:34","guid":{"rendered":"https:\/\/www.rivera.gub.uy\/portal\/?p=62263"},"modified":"2025-08-11T15:18:34","modified_gmt":"2025-08-11T18:18:34","slug":"la-comision-de-genero-del-congreso-de-intendentes-definio-autoridades-para-el-periodo-2025-2030","status":"publish","type":"post","link":"https:\/\/www.rivera.gub.uy\/portal\/la-comision-de-genero-del-congreso-de-intendentes-definio-autoridades-para-el-periodo-2025-2030\/","title":{"rendered":"La Comisi\u00f3n de G\u00e9nero del Congreso de Intendentes defini\u00f3 autoridades para el per\u00edodo 2025-2030"},"content":{"rendered":"<p>En la sala de sesiones del Congreso de Intendentes se llev\u00f3 a cabo la primera reuni\u00f3n de la Comisi\u00f3n de G\u00e9nero (CIG) correspondiente al per\u00edodo 2025-2030. Durante el encuentro se procedi\u00f3 a la elecci\u00f3n de las autoridades que representar\u00e1n a la comisi\u00f3n.<!--more--><\/p>\n<p>En esta instancia, la Comisi\u00f3n aprob\u00f3 la integraci\u00f3n de su plenario y estableci\u00f3 la rotaci\u00f3n de las presidencias para el per\u00edodo quinquenal de la siguiente manera:<\/p>\n<ul>\n<li>2025-2026, Frente Amplio;<\/li>\n<li>2026-2027, Partido Nacional;<\/li>\n<li>2027-2028, Frente Amplio;<\/li>\n<li>2028-2029, Partido Nacional;<\/li>\n<li>2029-2030, Partido Colorado.<\/li>\n<\/ul>\n<p>La Mesa qued\u00f3 integrada por Yliana Zeballos (Gobierno de Lavalleja) como presidenta, Beatriz Eguren (Intendencia de Treinta y Tres) como primera vicepresidenta y Karina Navarro (Intendencia de Rivera) como segunda vicepresidenta.<\/p>\n","protected":false},"excerpt":{"rendered":"<p>En la sala de sesiones del Congreso de Intendentes se llev\u00f3 a cabo la primera reuni\u00f3n de la Comisi\u00f3n de G\u00e9nero (CIG) correspondiente al per\u00edodo 2025-2030. Durante el encuentro se procedi\u00f3 a la elecci\u00f3n de las autoridades que representar\u00e1n a la comisi\u00f3n.<\/p>\n","protected":false},"author":7,"featured_media":62264,"comment_status":"open","ping_status":"open","sticky":false,"template":"","format":"standard","meta":{"footnotes":""},"categories":[1],"tags":[],"class_list":["post-62263","post","type-post","status-publish","format-standard","has-post-thumbnail","hentry","category-novedades"],"_links":{"self":[{"href":"https:\/\/www.rivera.gub.uy\/portal\/wp-json\/wp\/v2\/posts\/62263","targetHints":{"allow":["GET"]}}],"collection":[{"href":"https:\/\/www.rivera.gub.uy\/portal\/wp-json\/wp\/v2\/posts"}],"about":[{"href":"https:\/\/www.rivera.gub.uy\/portal\/wp-json\/wp\/v2\/types\/post"}],"author":[{"embeddable":true,"href":"https:\/\/www.rivera.gub.uy\/portal\/wp-json\/wp\/v2\/users\/7"}],"replies":[{"embeddable":true,"href":"https:\/\/www.rivera.gub.uy\/portal\/wp-json\/wp\/v2\/comments?post=62263"}],"version-history":[{"count":1,"href":"https:\/\/www.rivera.gub.uy\/portal\/wp-json\/wp\/v2\/posts\/62263\/revisions"}],"predecessor-version":[{"id":62265,"href":"https:\/\/www.rivera.gub.uy\/portal\/wp-json\/wp\/v2\/posts\/62263\/revisions\/62265"}],"wp:featuredmedia":[{"embeddable":true,"href":"https:\/\/www.rivera.gub.uy\/portal\/wp-json\/wp\/v2\/media\/62264"}],"wp:attachment":[{"href":"https:\/\/www.rivera.gub.uy\/portal\/wp-json\/wp\/v2\/media?parent=62263"}],"wp:term":[{"taxonomy":"category","embeddable":true,"href":"https:\/\/www.rivera.gub.uy\/portal\/wp-json\/wp\/v2\/categories?post=62263"},{"taxonomy":"post_tag","embeddable":true,"href":"https:\/\/www.rivera.gub.uy\/portal\/wp-json\/wp\/v2\/tags?post=62263"}],"curies":[{"name":"wp","href":"https:\/\/api.w.org\/{rel}","templated":true}]}}