{"id":6301,"date":"2018-06-28T14:15:08","date_gmt":"2018-06-28T17:15:08","guid":{"rendered":"http:\/\/www.rivera.gub.uy\/portal\/?p=6301"},"modified":"2018-06-28T14:16:31","modified_gmt":"2018-06-28T17:16:31","slug":"intedendente-mantuvo-una-reunion-sobre-coordinacion-de-la-copa-truck","status":"publish","type":"post","link":"https:\/\/www.rivera.gub.uy\/portal\/intedendente-mantuvo-una-reunion-sobre-coordinacion-de-la-copa-truck\/","title":{"rendered":"La Copa Truck llega a Rivera"},"content":{"rendered":"<p>El intendente Marne Osorio y el director del Aut\u00f3dromo Jhony Bonilla, se reunieron en el despacho del mandatario comunal, junto al Promotor de las categor\u00edas Copa Truck y Mercedes Benz Challenge.<!--more--><\/p>\n<p>En la oportunidad el promotor Sr. Carlos Col, recorri\u00f3 el Aut\u00f3dromo e indic\u00f3 que se preparan para recibir una importante cantidad de aficionados, en el evento que tendr\u00e1 lugar en octubre de este a\u00f1o.<\/p>\n<p>Con esto el Aut\u00f3dromo Eduardo P. Cabrera, sigue sumando adeptos y diferentes categor\u00edas a las ya habituales carreras binacionales.<\/p>\n","protected":false},"excerpt":{"rendered":"<p>El intendente Marne Osorio y el director del Aut\u00f3dromo Jhony Bonilla, se reunieron en el despacho del mandatario comunal, junto al Promotor de las categor\u00edas Copa Truck y Mercedes Benz Challenge.<\/p>\n","protected":false},"author":7,"featured_media":6302,"comment_status":"open","ping_status":"open","sticky":false,"template":"","format":"standard","meta":{"footnotes":""},"categories":[1],"tags":[146,36,33],"class_list":["post-6301","post","type-post","status-publish","format-standard","has-post-thumbnail","hentry","category-novedades","tag-autodromo","tag-intendencia","tag-rivera"],"_links":{"self":[{"href":"https:\/\/www.rivera.gub.uy\/portal\/wp-json\/wp\/v2\/posts\/6301","targetHints":{"allow":["GET"]}}],"collection":[{"href":"https:\/\/www.rivera.gub.uy\/portal\/wp-json\/wp\/v2\/posts"}],"about":[{"href":"https:\/\/www.rivera.gub.uy\/portal\/wp-json\/wp\/v2\/types\/post"}],"author":[{"embeddable":true,"href":"https:\/\/www.rivera.gub.uy\/portal\/wp-json\/wp\/v2\/users\/7"}],"replies":[{"embeddable":true,"href":"https:\/\/www.rivera.gub.uy\/portal\/wp-json\/wp\/v2\/comments?post=6301"}],"version-history":[{"count":3,"href":"https:\/\/www.rivera.gub.uy\/portal\/wp-json\/wp\/v2\/posts\/6301\/revisions"}],"predecessor-version":[{"id":6305,"href":"https:\/\/www.rivera.gub.uy\/portal\/wp-json\/wp\/v2\/posts\/6301\/revisions\/6305"}],"wp:featuredmedia":[{"embeddable":true,"href":"https:\/\/www.rivera.gub.uy\/portal\/wp-json\/wp\/v2\/media\/6302"}],"wp:attachment":[{"href":"https:\/\/www.rivera.gub.uy\/portal\/wp-json\/wp\/v2\/media?parent=6301"}],"wp:term":[{"taxonomy":"category","embeddable":true,"href":"https:\/\/www.rivera.gub.uy\/portal\/wp-json\/wp\/v2\/categories?post=6301"},{"taxonomy":"post_tag","embeddable":true,"href":"https:\/\/www.rivera.gub.uy\/portal\/wp-json\/wp\/v2\/tags?post=6301"}],"curies":[{"name":"wp","href":"https:\/\/api.w.org\/{rel}","templated":true}]}}