{"id":6313,"date":"2018-06-29T11:02:43","date_gmt":"2018-06-29T14:02:43","guid":{"rendered":"http:\/\/www.rivera.gub.uy\/portal\/?p=6313"},"modified":"2018-06-29T11:02:43","modified_gmt":"2018-06-29T14:02:43","slug":"superbikes-en-el-autodromo-de-rivera","status":"publish","type":"post","link":"https:\/\/www.rivera.gub.uy\/portal\/superbikes-en-el-autodromo-de-rivera\/","title":{"rendered":"Superbikes en el aut\u00f3dromo de Rivera"},"content":{"rendered":"<p>El pr\u00f3ximo s\u00e1bado 7 y domingo 8 de julio, llegan al aut\u00f3dromo Eduardo P. Cabrera el campeonato SBK Ga\u00facho de Motovelocidade, Copa Yamaha R3 y el Campeonato Superbike Uruguayo.<!--more--><\/p>\n<p><iframe loading=\"lazy\" width=\"1160\" height=\"653\" src=\"https:\/\/www.youtube.com\/embed\/YSqrM0XvP4o?feature=oembed\" frameborder=\"0\" allow=\"autoplay; encrypted-media\" allowfullscreen><\/iframe><\/p>\n<p>&nbsp;<\/p>\n","protected":false},"excerpt":{"rendered":"<p>El pr\u00f3ximo s\u00e1bado 7 y domingo 8 de julio, llegan al aut\u00f3dromo Eduardo P. Cabrera el campeonato SBK Ga\u00facho de Motovelocidade, Copa Yamaha R3 y el Campeonato Superbike Uruguayo.<\/p>\n","protected":false},"author":7,"featured_media":6314,"comment_status":"open","ping_status":"open","sticky":false,"template":"","format":"standard","meta":{"footnotes":""},"categories":[3,1],"tags":[146,36,33,210],"class_list":["post-6313","post","type-post","status-publish","format-standard","has-post-thumbnail","hentry","category-multimedia","category-novedades","tag-autodromo","tag-intendencia","tag-rivera","tag-superbike"],"_links":{"self":[{"href":"https:\/\/www.rivera.gub.uy\/portal\/wp-json\/wp\/v2\/posts\/6313","targetHints":{"allow":["GET"]}}],"collection":[{"href":"https:\/\/www.rivera.gub.uy\/portal\/wp-json\/wp\/v2\/posts"}],"about":[{"href":"https:\/\/www.rivera.gub.uy\/portal\/wp-json\/wp\/v2\/types\/post"}],"author":[{"embeddable":true,"href":"https:\/\/www.rivera.gub.uy\/portal\/wp-json\/wp\/v2\/users\/7"}],"replies":[{"embeddable":true,"href":"https:\/\/www.rivera.gub.uy\/portal\/wp-json\/wp\/v2\/comments?post=6313"}],"version-history":[{"count":1,"href":"https:\/\/www.rivera.gub.uy\/portal\/wp-json\/wp\/v2\/posts\/6313\/revisions"}],"predecessor-version":[{"id":6315,"href":"https:\/\/www.rivera.gub.uy\/portal\/wp-json\/wp\/v2\/posts\/6313\/revisions\/6315"}],"wp:featuredmedia":[{"embeddable":true,"href":"https:\/\/www.rivera.gub.uy\/portal\/wp-json\/wp\/v2\/media\/6314"}],"wp:attachment":[{"href":"https:\/\/www.rivera.gub.uy\/portal\/wp-json\/wp\/v2\/media?parent=6313"}],"wp:term":[{"taxonomy":"category","embeddable":true,"href":"https:\/\/www.rivera.gub.uy\/portal\/wp-json\/wp\/v2\/categories?post=6313"},{"taxonomy":"post_tag","embeddable":true,"href":"https:\/\/www.rivera.gub.uy\/portal\/wp-json\/wp\/v2\/tags?post=6313"}],"curies":[{"name":"wp","href":"https:\/\/api.w.org\/{rel}","templated":true}]}}