{"id":63555,"date":"2025-08-29T12:49:09","date_gmt":"2025-08-29T15:49:09","guid":{"rendered":"https:\/\/www.rivera.gub.uy\/portal\/?p=63555"},"modified":"2025-08-29T12:49:45","modified_gmt":"2025-08-29T15:49:45","slug":"un-simbolo-del-rivera-que-vivimos","status":"publish","type":"post","link":"https:\/\/www.rivera.gub.uy\/portal\/un-simbolo-del-rivera-que-vivimos\/","title":{"rendered":"Un s\u00edmbolo del Rivera que vivimos"},"content":{"rendered":"<p>La consolidaci\u00f3n de una de las esculturas m\u00e1s emblem\u00e1ticas de la historia de Rivera, junto al acondicionamiento integral del espacio que la rodea, ya marca un cambio visible en la rotonda de Bulevar Presidente Viera y Avenida Manuel Oribe.<!--more--><\/p>\n<p>All\u00ed va tomando forma el Obelisco, creaci\u00f3n del artista Guillermo Laguna, que se convertir\u00e1 en un s\u00edmbolo del Rivera actual, proyectado hacia el crecimiento y hacia metas cada vez m\u00e1s altas, en beneficio de toda la comunidad riverense.<\/p>\n<p>A medida que avanza el ensamble de las estructuras met\u00e1licas, tambi\u00e9n se va conformando la base, que ser\u00e1 en s\u00ed misma otro atractivo de la obra. Este espacio contar\u00e1 con elementos propios que incorporan juegos de agua y ornamentos, aportando un valor est\u00e9tico y cultural que enriquecer\u00e1 la zona.<\/p>\n<p>&nbsp;<\/p>\n<div id='gallery-1' class='gallery galleryid-63555 gallery-columns-4 gallery-size-thumbnail'><figure class='gallery-item'>\n\t\t\t<div class='gallery-icon landscape'>\n\t\t\t\t<a href='https:\/\/www.rivera.gub.uy\/portal\/wp-content\/uploads\/2025\/08\/obelisco-rotonda-1.jpg'><img loading=\"lazy\" decoding=\"async\" width=\"94\" height=\"94\" src=\"https:\/\/www.rivera.gub.uy\/portal\/wp-content\/uploads\/2025\/08\/obelisco-rotonda-1-94x94.jpg\" class=\"attachment-thumbnail size-thumbnail\" alt=\"Rotonda\" srcset=\"https:\/\/www.rivera.gub.uy\/portal\/wp-content\/uploads\/2025\/08\/obelisco-rotonda-1-94x94.jpg 94w, https:\/\/www.rivera.gub.uy\/portal\/wp-content\/uploads\/2025\/08\/obelisco-rotonda-1-188x188.jpg 188w, https:\/\/www.rivera.gub.uy\/portal\/wp-content\/uploads\/2025\/08\/obelisco-rotonda-1-626x626.jpg 626w, https:\/\/www.rivera.gub.uy\/portal\/wp-content\/uploads\/2025\/08\/obelisco-rotonda-1-768x768.jpg 768w, https:\/\/www.rivera.gub.uy\/portal\/wp-content\/uploads\/2025\/08\/obelisco-rotonda-1-1536x1536.jpg 1536w, https:\/\/www.rivera.gub.uy\/portal\/wp-content\/uploads\/2025\/08\/obelisco-rotonda-1-820x820.jpg 820w, https:\/\/www.rivera.gub.uy\/portal\/wp-content\/uploads\/2025\/08\/obelisco-rotonda-1.jpg 2048w\" sizes=\"auto, (max-width: 94px) 100vw, 94px\" \/><\/a>\n\t\t\t<\/div><\/figure><figure class='gallery-item'>\n\t\t\t<div class='gallery-icon landscape'>\n\t\t\t\t<a href='https:\/\/www.rivera.gub.uy\/portal\/wp-content\/uploads\/2025\/08\/obelisco-rotonda-2.jpg'><img loading=\"lazy\" decoding=\"async\" width=\"94\" height=\"94\" src=\"https:\/\/www.rivera.gub.uy\/portal\/wp-content\/uploads\/2025\/08\/obelisco-rotonda-2-94x94.jpg\" class=\"attachment-thumbnail size-thumbnail\" alt=\"\" srcset=\"https:\/\/www.rivera.gub.uy\/portal\/wp-content\/uploads\/2025\/08\/obelisco-rotonda-2-94x94.jpg 94w, https:\/\/www.rivera.gub.uy\/portal\/wp-content\/uploads\/2025\/08\/obelisco-rotonda-2-188x188.jpg 188w, https:\/\/www.rivera.gub.uy\/portal\/wp-content\/uploads\/2025\/08\/obelisco-rotonda-2-626x626.jpg 626w, https:\/\/www.rivera.gub.uy\/portal\/wp-content\/uploads\/2025\/08\/obelisco-rotonda-2-768x768.jpg 768w, https:\/\/www.rivera.gub.uy\/portal\/wp-content\/uploads\/2025\/08\/obelisco-rotonda-2-1536x1536.jpg 1536w, https:\/\/www.rivera.gub.uy\/portal\/wp-content\/uploads\/2025\/08\/obelisco-rotonda-2-820x820.jpg 820w, https:\/\/www.rivera.gub.uy\/portal\/wp-content\/uploads\/2025\/08\/obelisco-rotonda-2.jpg 2048w\" sizes=\"auto, (max-width: 94px) 100vw, 94px\" \/><\/a>\n\t\t\t<\/div><\/figure><figure class='gallery-item'>\n\t\t\t<div class='gallery-icon landscape'>\n\t\t\t\t<a href='https:\/\/www.rivera.gub.uy\/portal\/wp-content\/uploads\/2025\/08\/obelisco-rotonda-3.jpg'><img loading=\"lazy\" decoding=\"async\" width=\"94\" height=\"94\" src=\"https:\/\/www.rivera.gub.uy\/portal\/wp-content\/uploads\/2025\/08\/obelisco-rotonda-3-94x94.jpg\" class=\"attachment-thumbnail size-thumbnail\" alt=\"\" srcset=\"https:\/\/www.rivera.gub.uy\/portal\/wp-content\/uploads\/2025\/08\/obelisco-rotonda-3-94x94.jpg 94w, https:\/\/www.rivera.gub.uy\/portal\/wp-content\/uploads\/2025\/08\/obelisco-rotonda-3-188x188.jpg 188w, https:\/\/www.rivera.gub.uy\/portal\/wp-content\/uploads\/2025\/08\/obelisco-rotonda-3-626x626.jpg 626w, https:\/\/www.rivera.gub.uy\/portal\/wp-content\/uploads\/2025\/08\/obelisco-rotonda-3-768x768.jpg 768w, https:\/\/www.rivera.gub.uy\/portal\/wp-content\/uploads\/2025\/08\/obelisco-rotonda-3-1536x1536.jpg 1536w, https:\/\/www.rivera.gub.uy\/portal\/wp-content\/uploads\/2025\/08\/obelisco-rotonda-3-820x820.jpg 820w, https:\/\/www.rivera.gub.uy\/portal\/wp-content\/uploads\/2025\/08\/obelisco-rotonda-3.jpg 2048w\" sizes=\"auto, (max-width: 94px) 100vw, 94px\" \/><\/a>\n\t\t\t<\/div><\/figure><figure class='gallery-item'>\n\t\t\t<div class='gallery-icon landscape'>\n\t\t\t\t<a href='https:\/\/www.rivera.gub.uy\/portal\/wp-content\/uploads\/2025\/08\/obelisco-rotonda-4.jpg'><img loading=\"lazy\" decoding=\"async\" width=\"94\" height=\"94\" src=\"https:\/\/www.rivera.gub.uy\/portal\/wp-content\/uploads\/2025\/08\/obelisco-rotonda-4-94x94.jpg\" class=\"attachment-thumbnail size-thumbnail\" alt=\"\" srcset=\"https:\/\/www.rivera.gub.uy\/portal\/wp-content\/uploads\/2025\/08\/obelisco-rotonda-4-94x94.jpg 94w, https:\/\/www.rivera.gub.uy\/portal\/wp-content\/uploads\/2025\/08\/obelisco-rotonda-4-188x188.jpg 188w, https:\/\/www.rivera.gub.uy\/portal\/wp-content\/uploads\/2025\/08\/obelisco-rotonda-4-626x626.jpg 626w, https:\/\/www.rivera.gub.uy\/portal\/wp-content\/uploads\/2025\/08\/obelisco-rotonda-4-768x768.jpg 768w, https:\/\/www.rivera.gub.uy\/portal\/wp-content\/uploads\/2025\/08\/obelisco-rotonda-4-1536x1536.jpg 1536w, https:\/\/www.rivera.gub.uy\/portal\/wp-content\/uploads\/2025\/08\/obelisco-rotonda-4-820x820.jpg 820w, https:\/\/www.rivera.gub.uy\/portal\/wp-content\/uploads\/2025\/08\/obelisco-rotonda-4.jpg 2048w\" sizes=\"auto, (max-width: 94px) 100vw, 94px\" \/><\/a>\n\t\t\t<\/div><\/figure><figure class='gallery-item'>\n\t\t\t<div class='gallery-icon landscape'>\n\t\t\t\t<a href='https:\/\/www.rivera.gub.uy\/portal\/wp-content\/uploads\/2025\/08\/obelisco-rotonda-5.jpg'><img loading=\"lazy\" decoding=\"async\" width=\"94\" height=\"94\" src=\"https:\/\/www.rivera.gub.uy\/portal\/wp-content\/uploads\/2025\/08\/obelisco-rotonda-5-94x94.jpg\" class=\"attachment-thumbnail size-thumbnail\" alt=\"\" srcset=\"https:\/\/www.rivera.gub.uy\/portal\/wp-content\/uploads\/2025\/08\/obelisco-rotonda-5-94x94.jpg 94w, https:\/\/www.rivera.gub.uy\/portal\/wp-content\/uploads\/2025\/08\/obelisco-rotonda-5-188x188.jpg 188w, https:\/\/www.rivera.gub.uy\/portal\/wp-content\/uploads\/2025\/08\/obelisco-rotonda-5-626x626.jpg 626w, https:\/\/www.rivera.gub.uy\/portal\/wp-content\/uploads\/2025\/08\/obelisco-rotonda-5-768x768.jpg 768w, https:\/\/www.rivera.gub.uy\/portal\/wp-content\/uploads\/2025\/08\/obelisco-rotonda-5-1536x1536.jpg 1536w, https:\/\/www.rivera.gub.uy\/portal\/wp-content\/uploads\/2025\/08\/obelisco-rotonda-5-820x820.jpg 820w, https:\/\/www.rivera.gub.uy\/portal\/wp-content\/uploads\/2025\/08\/obelisco-rotonda-5.jpg 2048w\" sizes=\"auto, (max-width: 94px) 100vw, 94px\" \/><\/a>\n\t\t\t<\/div><\/figure><figure class='gallery-item'>\n\t\t\t<div class='gallery-icon landscape'>\n\t\t\t\t<a href='https:\/\/www.rivera.gub.uy\/portal\/wp-content\/uploads\/2025\/08\/obelisco-rotonda-6.jpg'><img loading=\"lazy\" decoding=\"async\" width=\"94\" height=\"94\" src=\"https:\/\/www.rivera.gub.uy\/portal\/wp-content\/uploads\/2025\/08\/obelisco-rotonda-6-94x94.jpg\" class=\"attachment-thumbnail size-thumbnail\" alt=\"\" srcset=\"https:\/\/www.rivera.gub.uy\/portal\/wp-content\/uploads\/2025\/08\/obelisco-rotonda-6-94x94.jpg 94w, https:\/\/www.rivera.gub.uy\/portal\/wp-content\/uploads\/2025\/08\/obelisco-rotonda-6-188x188.jpg 188w, https:\/\/www.rivera.gub.uy\/portal\/wp-content\/uploads\/2025\/08\/obelisco-rotonda-6-626x626.jpg 626w, https:\/\/www.rivera.gub.uy\/portal\/wp-content\/uploads\/2025\/08\/obelisco-rotonda-6-768x768.jpg 768w, https:\/\/www.rivera.gub.uy\/portal\/wp-content\/uploads\/2025\/08\/obelisco-rotonda-6-1536x1536.jpg 1536w, https:\/\/www.rivera.gub.uy\/portal\/wp-content\/uploads\/2025\/08\/obelisco-rotonda-6-820x820.jpg 820w, https:\/\/www.rivera.gub.uy\/portal\/wp-content\/uploads\/2025\/08\/obelisco-rotonda-6.jpg 2048w\" sizes=\"auto, (max-width: 94px) 100vw, 94px\" \/><\/a>\n\t\t\t<\/div><\/figure><figure class='gallery-item'>\n\t\t\t<div class='gallery-icon landscape'>\n\t\t\t\t<a href='https:\/\/www.rivera.gub.uy\/portal\/wp-content\/uploads\/2025\/08\/obelisco-rotonda-7.jpg'><img loading=\"lazy\" decoding=\"async\" width=\"94\" height=\"94\" src=\"https:\/\/www.rivera.gub.uy\/portal\/wp-content\/uploads\/2025\/08\/obelisco-rotonda-7-94x94.jpg\" class=\"attachment-thumbnail size-thumbnail\" alt=\"\" srcset=\"https:\/\/www.rivera.gub.uy\/portal\/wp-content\/uploads\/2025\/08\/obelisco-rotonda-7-94x94.jpg 94w, https:\/\/www.rivera.gub.uy\/portal\/wp-content\/uploads\/2025\/08\/obelisco-rotonda-7-188x188.jpg 188w, https:\/\/www.rivera.gub.uy\/portal\/wp-content\/uploads\/2025\/08\/obelisco-rotonda-7-626x626.jpg 626w, https:\/\/www.rivera.gub.uy\/portal\/wp-content\/uploads\/2025\/08\/obelisco-rotonda-7-768x768.jpg 768w, https:\/\/www.rivera.gub.uy\/portal\/wp-content\/uploads\/2025\/08\/obelisco-rotonda-7-1536x1536.jpg 1536w, https:\/\/www.rivera.gub.uy\/portal\/wp-content\/uploads\/2025\/08\/obelisco-rotonda-7-820x820.jpg 820w, https:\/\/www.rivera.gub.uy\/portal\/wp-content\/uploads\/2025\/08\/obelisco-rotonda-7.jpg 2048w\" sizes=\"auto, (max-width: 94px) 100vw, 94px\" \/><\/a>\n\t\t\t<\/div><\/figure><figure class='gallery-item'>\n\t\t\t<div class='gallery-icon landscape'>\n\t\t\t\t<a href='https:\/\/www.rivera.gub.uy\/portal\/wp-content\/uploads\/2025\/08\/obelisco-rotonda-8.jpg'><img loading=\"lazy\" decoding=\"async\" width=\"94\" height=\"94\" src=\"https:\/\/www.rivera.gub.uy\/portal\/wp-content\/uploads\/2025\/08\/obelisco-rotonda-8-94x94.jpg\" class=\"attachment-thumbnail size-thumbnail\" alt=\"Rotonda\" srcset=\"https:\/\/www.rivera.gub.uy\/portal\/wp-content\/uploads\/2025\/08\/obelisco-rotonda-8-94x94.jpg 94w, https:\/\/www.rivera.gub.uy\/portal\/wp-content\/uploads\/2025\/08\/obelisco-rotonda-8-188x188.jpg 188w, https:\/\/www.rivera.gub.uy\/portal\/wp-content\/uploads\/2025\/08\/obelisco-rotonda-8-626x626.jpg 626w, https:\/\/www.rivera.gub.uy\/portal\/wp-content\/uploads\/2025\/08\/obelisco-rotonda-8-768x768.jpg 768w, https:\/\/www.rivera.gub.uy\/portal\/wp-content\/uploads\/2025\/08\/obelisco-rotonda-8-1536x1536.jpg 1536w, https:\/\/www.rivera.gub.uy\/portal\/wp-content\/uploads\/2025\/08\/obelisco-rotonda-8-820x820.jpg 820w, https:\/\/www.rivera.gub.uy\/portal\/wp-content\/uploads\/2025\/08\/obelisco-rotonda-8.jpg 2048w\" sizes=\"auto, (max-width: 94px) 100vw, 94px\" \/><\/a>\n\t\t\t<\/div><\/figure>\n\t\t<\/div>\n\n","protected":false},"excerpt":{"rendered":"<p>La consolidaci\u00f3n de una de las esculturas m\u00e1s emblem\u00e1ticas de la historia de Rivera, junto al acondicionamiento integral del espacio que la rodea, ya marca un cambio visible en la rotonda de Bulevar Presidente Viera y Avenida Manuel Oribe.<\/p>\n","protected":false},"author":7,"featured_media":63556,"comment_status":"open","ping_status":"open","sticky":false,"template":"","format":"standard","meta":{"footnotes":""},"categories":[1],"tags":[],"class_list":["post-63555","post","type-post","status-publish","format-standard","has-post-thumbnail","hentry","category-novedades"],"_links":{"self":[{"href":"https:\/\/www.rivera.gub.uy\/portal\/wp-json\/wp\/v2\/posts\/63555","targetHints":{"allow":["GET"]}}],"collection":[{"href":"https:\/\/www.rivera.gub.uy\/portal\/wp-json\/wp\/v2\/posts"}],"about":[{"href":"https:\/\/www.rivera.gub.uy\/portal\/wp-json\/wp\/v2\/types\/post"}],"author":[{"embeddable":true,"href":"https:\/\/www.rivera.gub.uy\/portal\/wp-json\/wp\/v2\/users\/7"}],"replies":[{"embeddable":true,"href":"https:\/\/www.rivera.gub.uy\/portal\/wp-json\/wp\/v2\/comments?post=63555"}],"version-history":[{"count":1,"href":"https:\/\/www.rivera.gub.uy\/portal\/wp-json\/wp\/v2\/posts\/63555\/revisions"}],"predecessor-version":[{"id":63564,"href":"https:\/\/www.rivera.gub.uy\/portal\/wp-json\/wp\/v2\/posts\/63555\/revisions\/63564"}],"wp:featuredmedia":[{"embeddable":true,"href":"https:\/\/www.rivera.gub.uy\/portal\/wp-json\/wp\/v2\/media\/63556"}],"wp:attachment":[{"href":"https:\/\/www.rivera.gub.uy\/portal\/wp-json\/wp\/v2\/media?parent=63555"}],"wp:term":[{"taxonomy":"category","embeddable":true,"href":"https:\/\/www.rivera.gub.uy\/portal\/wp-json\/wp\/v2\/categories?post=63555"},{"taxonomy":"post_tag","embeddable":true,"href":"https:\/\/www.rivera.gub.uy\/portal\/wp-json\/wp\/v2\/tags?post=63555"}],"curies":[{"name":"wp","href":"https:\/\/api.w.org\/{rel}","templated":true}]}}