{"id":63565,"date":"2025-09-01T13:37:46","date_gmt":"2025-09-01T16:37:46","guid":{"rendered":"https:\/\/www.rivera.gub.uy\/portal\/?p=63565"},"modified":"2025-09-01T13:37:08","modified_gmt":"2025-09-01T16:37:08","slug":"35-soluciones-de-vida-para-familias-riverenses","status":"publish","type":"post","link":"https:\/\/www.rivera.gub.uy\/portal\/35-soluciones-de-vida-para-familias-riverenses\/","title":{"rendered":"35 soluciones de vida para familias riverenses"},"content":{"rendered":"<p>La construcci\u00f3n de 35 viviendas en el barrio Magisterial, con el trabajo comprometido de los equipos de la Direcci\u00f3n General de Obras, avanza hacia la concreci\u00f3n de una soluci\u00f3n habitacional cada vez m\u00e1s cercana: la casa propia para familias riverenses. Estas familias podr\u00e1n dejar los asentamientos y acceder a un derecho humano fundamental, consagrado por la Constituci\u00f3n de la Rep\u00fablica. Este logro refleja el constante compromiso del Gobierno Departamental de llevar equidad, en su sentido m\u00e1s amplio, a todos los coterr\u00e1neos.<\/p>\n<p><!--more--><\/p>\n<p>&nbsp;<\/p>\n<div id='gallery-1' class='gallery galleryid-63565 gallery-columns-4 gallery-size-thumbnail'><figure class='gallery-item'>\n\t\t\t<div class='gallery-icon landscape'>\n\t\t\t\t<a href='https:\/\/www.rivera.gub.uy\/portal\/wp-content\/uploads\/2025\/08\/viviendas-1.jpg'><img loading=\"lazy\" decoding=\"async\" width=\"94\" height=\"94\" src=\"https:\/\/www.rivera.gub.uy\/portal\/wp-content\/uploads\/2025\/08\/viviendas-1-94x94.jpg\" class=\"attachment-thumbnail size-thumbnail\" alt=\"\" srcset=\"https:\/\/www.rivera.gub.uy\/portal\/wp-content\/uploads\/2025\/08\/viviendas-1-94x94.jpg 94w, https:\/\/www.rivera.gub.uy\/portal\/wp-content\/uploads\/2025\/08\/viviendas-1-188x188.jpg 188w, https:\/\/www.rivera.gub.uy\/portal\/wp-content\/uploads\/2025\/08\/viviendas-1-626x626.jpg 626w, https:\/\/www.rivera.gub.uy\/portal\/wp-content\/uploads\/2025\/08\/viviendas-1-768x768.jpg 768w, https:\/\/www.rivera.gub.uy\/portal\/wp-content\/uploads\/2025\/08\/viviendas-1-1536x1536.jpg 1536w, https:\/\/www.rivera.gub.uy\/portal\/wp-content\/uploads\/2025\/08\/viviendas-1-820x820.jpg 820w, https:\/\/www.rivera.gub.uy\/portal\/wp-content\/uploads\/2025\/08\/viviendas-1.jpg 2048w\" sizes=\"auto, (max-width: 94px) 100vw, 94px\" \/><\/a>\n\t\t\t<\/div><\/figure><figure class='gallery-item'>\n\t\t\t<div class='gallery-icon landscape'>\n\t\t\t\t<a href='https:\/\/www.rivera.gub.uy\/portal\/wp-content\/uploads\/2025\/08\/viviendas-2.jpg'><img loading=\"lazy\" decoding=\"async\" width=\"94\" height=\"94\" src=\"https:\/\/www.rivera.gub.uy\/portal\/wp-content\/uploads\/2025\/08\/viviendas-2-94x94.jpg\" class=\"attachment-thumbnail size-thumbnail\" alt=\"Viviendas\" srcset=\"https:\/\/www.rivera.gub.uy\/portal\/wp-content\/uploads\/2025\/08\/viviendas-2-94x94.jpg 94w, https:\/\/www.rivera.gub.uy\/portal\/wp-content\/uploads\/2025\/08\/viviendas-2-188x188.jpg 188w, https:\/\/www.rivera.gub.uy\/portal\/wp-content\/uploads\/2025\/08\/viviendas-2-626x626.jpg 626w, https:\/\/www.rivera.gub.uy\/portal\/wp-content\/uploads\/2025\/08\/viviendas-2-768x768.jpg 768w, https:\/\/www.rivera.gub.uy\/portal\/wp-content\/uploads\/2025\/08\/viviendas-2-1536x1536.jpg 1536w, https:\/\/www.rivera.gub.uy\/portal\/wp-content\/uploads\/2025\/08\/viviendas-2-820x820.jpg 820w, https:\/\/www.rivera.gub.uy\/portal\/wp-content\/uploads\/2025\/08\/viviendas-2.jpg 2048w\" sizes=\"auto, (max-width: 94px) 100vw, 94px\" \/><\/a>\n\t\t\t<\/div><\/figure><figure class='gallery-item'>\n\t\t\t<div class='gallery-icon landscape'>\n\t\t\t\t<a href='https:\/\/www.rivera.gub.uy\/portal\/wp-content\/uploads\/2025\/08\/viviendas-3.jpg'><img loading=\"lazy\" decoding=\"async\" width=\"94\" height=\"94\" src=\"https:\/\/www.rivera.gub.uy\/portal\/wp-content\/uploads\/2025\/08\/viviendas-3-94x94.jpg\" class=\"attachment-thumbnail size-thumbnail\" alt=\"\" srcset=\"https:\/\/www.rivera.gub.uy\/portal\/wp-content\/uploads\/2025\/08\/viviendas-3-94x94.jpg 94w, https:\/\/www.rivera.gub.uy\/portal\/wp-content\/uploads\/2025\/08\/viviendas-3-188x188.jpg 188w, https:\/\/www.rivera.gub.uy\/portal\/wp-content\/uploads\/2025\/08\/viviendas-3-626x626.jpg 626w, https:\/\/www.rivera.gub.uy\/portal\/wp-content\/uploads\/2025\/08\/viviendas-3-768x768.jpg 768w, https:\/\/www.rivera.gub.uy\/portal\/wp-content\/uploads\/2025\/08\/viviendas-3-1536x1536.jpg 1536w, https:\/\/www.rivera.gub.uy\/portal\/wp-content\/uploads\/2025\/08\/viviendas-3-820x820.jpg 820w, https:\/\/www.rivera.gub.uy\/portal\/wp-content\/uploads\/2025\/08\/viviendas-3.jpg 2048w\" sizes=\"auto, (max-width: 94px) 100vw, 94px\" \/><\/a>\n\t\t\t<\/div><\/figure><figure class='gallery-item'>\n\t\t\t<div class='gallery-icon landscape'>\n\t\t\t\t<a href='https:\/\/www.rivera.gub.uy\/portal\/wp-content\/uploads\/2025\/08\/viviendas-4.jpg'><img loading=\"lazy\" decoding=\"async\" width=\"94\" height=\"94\" src=\"https:\/\/www.rivera.gub.uy\/portal\/wp-content\/uploads\/2025\/08\/viviendas-4-94x94.jpg\" class=\"attachment-thumbnail size-thumbnail\" alt=\"Viviendas\" srcset=\"https:\/\/www.rivera.gub.uy\/portal\/wp-content\/uploads\/2025\/08\/viviendas-4-94x94.jpg 94w, https:\/\/www.rivera.gub.uy\/portal\/wp-content\/uploads\/2025\/08\/viviendas-4-188x188.jpg 188w, https:\/\/www.rivera.gub.uy\/portal\/wp-content\/uploads\/2025\/08\/viviendas-4-626x626.jpg 626w, https:\/\/www.rivera.gub.uy\/portal\/wp-content\/uploads\/2025\/08\/viviendas-4-768x768.jpg 768w, https:\/\/www.rivera.gub.uy\/portal\/wp-content\/uploads\/2025\/08\/viviendas-4-1536x1536.jpg 1536w, https:\/\/www.rivera.gub.uy\/portal\/wp-content\/uploads\/2025\/08\/viviendas-4-820x820.jpg 820w, https:\/\/www.rivera.gub.uy\/portal\/wp-content\/uploads\/2025\/08\/viviendas-4.jpg 2048w\" sizes=\"auto, (max-width: 94px) 100vw, 94px\" \/><\/a>\n\t\t\t<\/div><\/figure>\n\t\t<\/div>\n\n","protected":false},"excerpt":{"rendered":"<p>La construcci\u00f3n de 35 viviendas en el barrio Magisterial, con el trabajo comprometido de los equipos de la Direcci\u00f3n General de Obras, avanza hacia la concreci\u00f3n de una soluci\u00f3n habitacional cada vez m\u00e1s cercana: la casa propia para familias riverenses. Estas familias podr\u00e1n dejar los asentamientos y acceder a un derecho humano fundamental, consagrado por [&hellip;]<\/p>\n","protected":false},"author":7,"featured_media":63568,"comment_status":"open","ping_status":"open","sticky":false,"template":"","format":"standard","meta":{"footnotes":""},"categories":[1],"tags":[],"class_list":["post-63565","post","type-post","status-publish","format-standard","has-post-thumbnail","hentry","category-novedades"],"_links":{"self":[{"href":"https:\/\/www.rivera.gub.uy\/portal\/wp-json\/wp\/v2\/posts\/63565","targetHints":{"allow":["GET"]}}],"collection":[{"href":"https:\/\/www.rivera.gub.uy\/portal\/wp-json\/wp\/v2\/posts"}],"about":[{"href":"https:\/\/www.rivera.gub.uy\/portal\/wp-json\/wp\/v2\/types\/post"}],"author":[{"embeddable":true,"href":"https:\/\/www.rivera.gub.uy\/portal\/wp-json\/wp\/v2\/users\/7"}],"replies":[{"embeddable":true,"href":"https:\/\/www.rivera.gub.uy\/portal\/wp-json\/wp\/v2\/comments?post=63565"}],"version-history":[{"count":2,"href":"https:\/\/www.rivera.gub.uy\/portal\/wp-json\/wp\/v2\/posts\/63565\/revisions"}],"predecessor-version":[{"id":63571,"href":"https:\/\/www.rivera.gub.uy\/portal\/wp-json\/wp\/v2\/posts\/63565\/revisions\/63571"}],"wp:featuredmedia":[{"embeddable":true,"href":"https:\/\/www.rivera.gub.uy\/portal\/wp-json\/wp\/v2\/media\/63568"}],"wp:attachment":[{"href":"https:\/\/www.rivera.gub.uy\/portal\/wp-json\/wp\/v2\/media?parent=63565"}],"wp:term":[{"taxonomy":"category","embeddable":true,"href":"https:\/\/www.rivera.gub.uy\/portal\/wp-json\/wp\/v2\/categories?post=63565"},{"taxonomy":"post_tag","embeddable":true,"href":"https:\/\/www.rivera.gub.uy\/portal\/wp-json\/wp\/v2\/tags?post=63565"}],"curies":[{"name":"wp","href":"https:\/\/api.w.org\/{rel}","templated":true}]}}