{"id":63639,"date":"2025-09-01T13:35:42","date_gmt":"2025-09-01T16:35:42","guid":{"rendered":"https:\/\/www.rivera.gub.uy\/portal\/?p=63639"},"modified":"2026-02-13T11:20:43","modified_gmt":"2026-02-13T14:20:43","slug":"plan-local-de-rivera","status":"publish","type":"post","link":"https:\/\/www.rivera.gub.uy\/portal\/plan-local-de-rivera\/","title":{"rendered":"Plan Local de Rivera (Dec. 4\/2025)"},"content":{"rendered":"<p>El Plan Local de Ordenamiento Territorial y Desarrollo Sostenible de la Microrregi\u00f3n de Rivera busca consolidar un modelo de crecimiento equilibrado, que potencie las oportunidades productivas y tur\u00edsticas del departamento, al tiempo que protege sus recursos naturales y culturales. La iniciativa propone lineamientos estrat\u00e9gicos para mejorar la calidad de vida de la poblaci\u00f3n, integrar el territorio y fomentar un desarrollo sostenible con visi\u00f3n de futuro.<!--more--><\/p>\n<p>Plan (<a href=\"https:\/\/www.rivera.gub.uy\/portal\/wp-content\/uploads\/2025\/09\/PLAN-LOCAL-RIVERA-OCT-2024.pdf\" target=\"_blank\" rel=\"noopener\">descargar<\/a>)<\/p>\n<p>IAE (<a href=\"https:\/\/www.rivera.gub.uy\/portal\/wp-content\/uploads\/2025\/09\/EAE-PLAN-LOCAL-RIVERA-OCT-2024.pdf\" target=\"_blank\" rel=\"noopener\">descargar<\/a>)<\/p>\n<p>Planos (<a href=\"https:\/\/drive.google.com\/drive\/folders\/1YoBMdzAfyZKrjeHk_AEbs_7pDspvIOkE?usp=drive_link\" target=\"_blank\" rel=\"noopener\">descargar<\/a>)<\/p>\n<p>Planos de categorizaci\u00f3n y zonificaci\u00f3n de suelo (<a href=\"https:\/\/drive.google.com\/drive\/folders\/1Do-G7ISCXfATPEiuREB3x_gR5chDJ9YK?usp=drive_link\" target=\"_blank\" rel=\"noopener\">descargar<\/a>)<\/p>\n<p>Fichas normativas (<a href=\"https:\/\/www.rivera.gub.uy\/portal\/wp-content\/uploads\/2025\/09\/ANEXO-2-fichas-normativas.pdf\" target=\"_blank\" rel=\"noopener\">descargar<\/a>)<\/p>\n<p>Padrones Zam (<a href=\"https:\/\/www.rivera.gub.uy\/portal\/wp-content\/uploads\/2025\/09\/ANEXO-3-PADRONES-ZAM.pdf\" target=\"_blank\" rel=\"noopener\">descargar<\/a>)<\/p>\n<p>Tabla de restricciones (<a href=\"https:\/\/www.rivera.gub.uy\/portal\/wp-content\/uploads\/2025\/09\/ANEXO-4-tabla-de-restricciones.pdf\" target=\"_blank\" rel=\"noopener\">descargar<\/a>)<\/p>\n<p>&nbsp;<\/p>\n<p>&nbsp;<\/p>\n<p>&nbsp;<\/p>\n<p>&nbsp;<\/p>\n","protected":false},"excerpt":{"rendered":"<p>El Plan Local de Ordenamiento Territorial y Desarrollo Sostenible de la Microrregi\u00f3n de Rivera busca consolidar un modelo de crecimiento equilibrado, que potencie las oportunidades productivas y tur\u00edsticas del departamento, al tiempo que protege sus recursos naturales y culturales. La iniciativa propone lineamientos estrat\u00e9gicos para mejorar la calidad de vida de la poblaci\u00f3n, integrar el [&hellip;]<\/p>\n","protected":false},"author":7,"featured_media":59702,"comment_status":"open","ping_status":"open","sticky":false,"template":"","format":"standard","meta":{"footnotes":""},"categories":[1257,1,29],"tags":[],"class_list":["post-63639","post","type-post","status-publish","format-standard","has-post-thumbnail","hentry","category-i-o-t-aprobados-plan-de-ordenamiento-territorial","category-novedades","category-plan-de-ordenamiento-territorial"],"_links":{"self":[{"href":"https:\/\/www.rivera.gub.uy\/portal\/wp-json\/wp\/v2\/posts\/63639","targetHints":{"allow":["GET"]}}],"collection":[{"href":"https:\/\/www.rivera.gub.uy\/portal\/wp-json\/wp\/v2\/posts"}],"about":[{"href":"https:\/\/www.rivera.gub.uy\/portal\/wp-json\/wp\/v2\/types\/post"}],"author":[{"embeddable":true,"href":"https:\/\/www.rivera.gub.uy\/portal\/wp-json\/wp\/v2\/users\/7"}],"replies":[{"embeddable":true,"href":"https:\/\/www.rivera.gub.uy\/portal\/wp-json\/wp\/v2\/comments?post=63639"}],"version-history":[{"count":8,"href":"https:\/\/www.rivera.gub.uy\/portal\/wp-json\/wp\/v2\/posts\/63639\/revisions"}],"predecessor-version":[{"id":66639,"href":"https:\/\/www.rivera.gub.uy\/portal\/wp-json\/wp\/v2\/posts\/63639\/revisions\/66639"}],"wp:featuredmedia":[{"embeddable":true,"href":"https:\/\/www.rivera.gub.uy\/portal\/wp-json\/wp\/v2\/media\/59702"}],"wp:attachment":[{"href":"https:\/\/www.rivera.gub.uy\/portal\/wp-json\/wp\/v2\/media?parent=63639"}],"wp:term":[{"taxonomy":"category","embeddable":true,"href":"https:\/\/www.rivera.gub.uy\/portal\/wp-json\/wp\/v2\/categories?post=63639"},{"taxonomy":"post_tag","embeddable":true,"href":"https:\/\/www.rivera.gub.uy\/portal\/wp-json\/wp\/v2\/tags?post=63639"}],"curies":[{"name":"wp","href":"https:\/\/api.w.org\/{rel}","templated":true}]}}