{"id":6381,"date":"2018-07-05T16:47:29","date_gmt":"2018-07-05T19:47:29","guid":{"rendered":"http:\/\/www.rivera.gub.uy\/portal\/?p=6381"},"modified":"2018-07-06T13:43:32","modified_gmt":"2018-07-06T16:43:32","slug":"joven-riverense-vestira-la-celeste-y-representara-nuestro-departamento-en-estados-unidos","status":"publish","type":"post","link":"https:\/\/www.rivera.gub.uy\/portal\/joven-riverense-vestira-la-celeste-y-representara-nuestro-departamento-en-estados-unidos\/","title":{"rendered":"Joven riverense vestir\u00e1 la celeste y representar\u00e1 nuestro departamento en Estados Unidos"},"content":{"rendered":"<p>Marcos Sandes tiene 19 a\u00f1os y forma parte de la selecci\u00f3n de f\u00fatbol uruguaya en las Olimp\u00edadas Especiales en Chicago.<\/p>\n<p>La Selecci\u00f3n Uruguaya de f\u00fatbol prepara su participaci\u00f3n para el 50\u00aa aniversario de las Olimp\u00edadas Especiales en Chicago. El riverense Marcos Sandes, forma parte de la selecci\u00f3n desde enero de este a\u00f1o 2018, y se desempe\u00f1a como delantero la categor\u00eda Sub 20 del Club Oriental en Rivera.<!--more--><br \/>\nEste jueves 5 de julio el intendente (I) Cr. Richard Sander lo recibi\u00f3 en su despacho, junto a su equipo de trabajo entre ellos el Prof. Nelson Acosta, brind\u00e1ndole el apoyo que necesita y en d\u00f3nde le regal\u00f3 adem\u00e1s la bandera de Rivera para que la lleve en su viaje.<\/p>\n<div id='gallery-1' class='gallery galleryid-6381 gallery-columns-3 gallery-size-thumbnail'><figure class='gallery-item'>\n\t\t\t<div class='gallery-icon landscape'>\n\t\t\t\t<a href='https:\/\/www.rivera.gub.uy\/portal\/wp-content\/uploads\/2018\/07\/olimpiadas1.jpg'><img loading=\"lazy\" decoding=\"async\" width=\"150\" height=\"84\" src=\"https:\/\/www.rivera.gub.uy\/portal\/wp-content\/uploads\/2018\/07\/olimpiadas1-150x84.jpg\" class=\"attachment-thumbnail size-thumbnail\" alt=\"\" srcset=\"https:\/\/www.rivera.gub.uy\/portal\/wp-content\/uploads\/2018\/07\/olimpiadas1-150x84.jpg 150w, https:\/\/www.rivera.gub.uy\/portal\/wp-content\/uploads\/2018\/07\/olimpiadas1-300x169.jpg 300w, https:\/\/www.rivera.gub.uy\/portal\/wp-content\/uploads\/2018\/07\/olimpiadas1-768x432.jpg 768w, https:\/\/www.rivera.gub.uy\/portal\/wp-content\/uploads\/2018\/07\/olimpiadas1-1000x563.jpg 1000w, https:\/\/www.rivera.gub.uy\/portal\/wp-content\/uploads\/2018\/07\/olimpiadas1-820x461.jpg 820w, https:\/\/www.rivera.gub.uy\/portal\/wp-content\/uploads\/2018\/07\/olimpiadas1.jpg 1600w\" sizes=\"auto, (max-width: 150px) 100vw, 150px\" \/><\/a>\n\t\t\t<\/div><\/figure><figure class='gallery-item'>\n\t\t\t<div class='gallery-icon landscape'>\n\t\t\t\t<a href='https:\/\/www.rivera.gub.uy\/portal\/wp-content\/uploads\/2018\/07\/olimpiadas2-1.jpg'><img loading=\"lazy\" decoding=\"async\" width=\"150\" height=\"84\" src=\"https:\/\/www.rivera.gub.uy\/portal\/wp-content\/uploads\/2018\/07\/olimpiadas2-1-150x84.jpg\" class=\"attachment-thumbnail size-thumbnail\" alt=\"\" srcset=\"https:\/\/www.rivera.gub.uy\/portal\/wp-content\/uploads\/2018\/07\/olimpiadas2-1-150x84.jpg 150w, https:\/\/www.rivera.gub.uy\/portal\/wp-content\/uploads\/2018\/07\/olimpiadas2-1-300x169.jpg 300w, https:\/\/www.rivera.gub.uy\/portal\/wp-content\/uploads\/2018\/07\/olimpiadas2-1-768x432.jpg 768w, https:\/\/www.rivera.gub.uy\/portal\/wp-content\/uploads\/2018\/07\/olimpiadas2-1-1000x563.jpg 1000w, https:\/\/www.rivera.gub.uy\/portal\/wp-content\/uploads\/2018\/07\/olimpiadas2-1-820x461.jpg 820w, https:\/\/www.rivera.gub.uy\/portal\/wp-content\/uploads\/2018\/07\/olimpiadas2-1.jpg 1600w\" sizes=\"auto, (max-width: 150px) 100vw, 150px\" \/><\/a>\n\t\t\t<\/div><\/figure><figure class='gallery-item'>\n\t\t\t<div class='gallery-icon portrait'>\n\t\t\t\t<a href='https:\/\/www.rivera.gub.uy\/portal\/wp-content\/uploads\/2018\/07\/1.jpg'><img loading=\"lazy\" decoding=\"async\" width=\"63\" height=\"94\" src=\"https:\/\/www.rivera.gub.uy\/portal\/wp-content\/uploads\/2018\/07\/1-63x94.jpg\" class=\"attachment-thumbnail size-thumbnail\" alt=\"\" srcset=\"https:\/\/www.rivera.gub.uy\/portal\/wp-content\/uploads\/2018\/07\/1-63x94.jpg 63w, https:\/\/www.rivera.gub.uy\/portal\/wp-content\/uploads\/2018\/07\/1-125x188.jpg 125w, https:\/\/www.rivera.gub.uy\/portal\/wp-content\/uploads\/2018\/07\/1-768x1152.jpg 768w, https:\/\/www.rivera.gub.uy\/portal\/wp-content\/uploads\/2018\/07\/1-417x626.jpg 417w, https:\/\/www.rivera.gub.uy\/portal\/wp-content\/uploads\/2018\/07\/1-820x1230.jpg 820w\" sizes=\"auto, (max-width: 63px) 100vw, 63px\" \/><\/a>\n\t\t\t<\/div><\/figure><figure class='gallery-item'>\n\t\t\t<div class='gallery-icon landscape'>\n\t\t\t\t<a href='https:\/\/www.rivera.gub.uy\/portal\/wp-content\/uploads\/2018\/07\/2.jpg'><img loading=\"lazy\" decoding=\"async\" width=\"141\" height=\"94\" src=\"https:\/\/www.rivera.gub.uy\/portal\/wp-content\/uploads\/2018\/07\/2-141x94.jpg\" class=\"attachment-thumbnail size-thumbnail\" alt=\"\" srcset=\"https:\/\/www.rivera.gub.uy\/portal\/wp-content\/uploads\/2018\/07\/2-141x94.jpg 141w, https:\/\/www.rivera.gub.uy\/portal\/wp-content\/uploads\/2018\/07\/2-282x188.jpg 282w, https:\/\/www.rivera.gub.uy\/portal\/wp-content\/uploads\/2018\/07\/2-768x512.jpg 768w, https:\/\/www.rivera.gub.uy\/portal\/wp-content\/uploads\/2018\/07\/2-939x626.jpg 939w, https:\/\/www.rivera.gub.uy\/portal\/wp-content\/uploads\/2018\/07\/2-600x400.jpg 600w, https:\/\/www.rivera.gub.uy\/portal\/wp-content\/uploads\/2018\/07\/2-820x547.jpg 820w, https:\/\/www.rivera.gub.uy\/portal\/wp-content\/uploads\/2018\/07\/2-272x182.jpg 272w\" sizes=\"auto, (max-width: 141px) 100vw, 141px\" \/><\/a>\n\t\t\t<\/div><\/figure><figure class='gallery-item'>\n\t\t\t<div class='gallery-icon landscape'>\n\t\t\t\t<a href='https:\/\/www.rivera.gub.uy\/portal\/wp-content\/uploads\/2018\/07\/3.jpg'><img loading=\"lazy\" decoding=\"async\" width=\"141\" height=\"94\" src=\"https:\/\/www.rivera.gub.uy\/portal\/wp-content\/uploads\/2018\/07\/3-141x94.jpg\" class=\"attachment-thumbnail size-thumbnail\" alt=\"\" srcset=\"https:\/\/www.rivera.gub.uy\/portal\/wp-content\/uploads\/2018\/07\/3-141x94.jpg 141w, https:\/\/www.rivera.gub.uy\/portal\/wp-content\/uploads\/2018\/07\/3-282x188.jpg 282w, https:\/\/www.rivera.gub.uy\/portal\/wp-content\/uploads\/2018\/07\/3-768x512.jpg 768w, https:\/\/www.rivera.gub.uy\/portal\/wp-content\/uploads\/2018\/07\/3-939x626.jpg 939w, https:\/\/www.rivera.gub.uy\/portal\/wp-content\/uploads\/2018\/07\/3-600x400.jpg 600w, https:\/\/www.rivera.gub.uy\/portal\/wp-content\/uploads\/2018\/07\/3-820x547.jpg 820w, https:\/\/www.rivera.gub.uy\/portal\/wp-content\/uploads\/2018\/07\/3-272x182.jpg 272w\" sizes=\"auto, (max-width: 141px) 100vw, 141px\" \/><\/a>\n\t\t\t<\/div><\/figure><figure class='gallery-item'>\n\t\t\t<div class='gallery-icon landscape'>\n\t\t\t\t<a href='https:\/\/www.rivera.gub.uy\/portal\/wp-content\/uploads\/2018\/07\/4.jpg'><img loading=\"lazy\" decoding=\"async\" width=\"141\" height=\"94\" src=\"https:\/\/www.rivera.gub.uy\/portal\/wp-content\/uploads\/2018\/07\/4-141x94.jpg\" class=\"attachment-thumbnail size-thumbnail\" alt=\"\" srcset=\"https:\/\/www.rivera.gub.uy\/portal\/wp-content\/uploads\/2018\/07\/4-141x94.jpg 141w, https:\/\/www.rivera.gub.uy\/portal\/wp-content\/uploads\/2018\/07\/4-282x188.jpg 282w, https:\/\/www.rivera.gub.uy\/portal\/wp-content\/uploads\/2018\/07\/4-768x512.jpg 768w, https:\/\/www.rivera.gub.uy\/portal\/wp-content\/uploads\/2018\/07\/4-939x626.jpg 939w, https:\/\/www.rivera.gub.uy\/portal\/wp-content\/uploads\/2018\/07\/4-600x400.jpg 600w, https:\/\/www.rivera.gub.uy\/portal\/wp-content\/uploads\/2018\/07\/4-820x547.jpg 820w, https:\/\/www.rivera.gub.uy\/portal\/wp-content\/uploads\/2018\/07\/4-272x182.jpg 272w\" sizes=\"auto, (max-width: 141px) 100vw, 141px\" \/><\/a>\n\t\t\t<\/div><\/figure>\n\t\t<\/div>\n\n<p>\u201cMe siento muy feliz y agradezco el apoyo de la intendencia por poder representar a Rivera en Chicago\u201d, se\u00f1al\u00f3 el joven Marcos Sandes.<\/p>\n<p><iframe loading=\"lazy\" width=\"1160\" height=\"653\" src=\"https:\/\/www.youtube.com\/embed\/aLWRrO9_NUM?feature=oembed\" frameborder=\"0\" allow=\"autoplay; encrypted-media\" allowfullscreen><\/iframe><\/p>\n","protected":false},"excerpt":{"rendered":"<p>Marcos Sandes tiene 19 a\u00f1os y forma parte de la selecci\u00f3n de f\u00fatbol uruguaya en las Olimp\u00edadas Especiales en Chicago. La Selecci\u00f3n Uruguaya de f\u00fatbol prepara su participaci\u00f3n para el 50\u00aa aniversario de las Olimp\u00edadas Especiales en Chicago. El riverense Marcos Sandes, forma parte de la selecci\u00f3n desde enero de este a\u00f1o 2018, y se [&hellip;]<\/p>\n","protected":false},"author":7,"featured_media":6382,"comment_status":"open","ping_status":"open","sticky":false,"template":"","format":"standard","meta":{"footnotes":""},"categories":[3,1],"tags":[733,732,731,33,104],"class_list":["post-6381","post","type-post","status-publish","format-standard","has-post-thumbnail","hentry","category-multimedia","category-novedades","tag-estados-unidos","tag-marco-sandes","tag-olimpiadas","tag-rivera","tag-uruguay"],"_links":{"self":[{"href":"https:\/\/www.rivera.gub.uy\/portal\/wp-json\/wp\/v2\/posts\/6381","targetHints":{"allow":["GET"]}}],"collection":[{"href":"https:\/\/www.rivera.gub.uy\/portal\/wp-json\/wp\/v2\/posts"}],"about":[{"href":"https:\/\/www.rivera.gub.uy\/portal\/wp-json\/wp\/v2\/types\/post"}],"author":[{"embeddable":true,"href":"https:\/\/www.rivera.gub.uy\/portal\/wp-json\/wp\/v2\/users\/7"}],"replies":[{"embeddable":true,"href":"https:\/\/www.rivera.gub.uy\/portal\/wp-json\/wp\/v2\/comments?post=6381"}],"version-history":[{"count":6,"href":"https:\/\/www.rivera.gub.uy\/portal\/wp-json\/wp\/v2\/posts\/6381\/revisions"}],"predecessor-version":[{"id":6396,"href":"https:\/\/www.rivera.gub.uy\/portal\/wp-json\/wp\/v2\/posts\/6381\/revisions\/6396"}],"wp:featuredmedia":[{"embeddable":true,"href":"https:\/\/www.rivera.gub.uy\/portal\/wp-json\/wp\/v2\/media\/6382"}],"wp:attachment":[{"href":"https:\/\/www.rivera.gub.uy\/portal\/wp-json\/wp\/v2\/media?parent=6381"}],"wp:term":[{"taxonomy":"category","embeddable":true,"href":"https:\/\/www.rivera.gub.uy\/portal\/wp-json\/wp\/v2\/categories?post=6381"},{"taxonomy":"post_tag","embeddable":true,"href":"https:\/\/www.rivera.gub.uy\/portal\/wp-json\/wp\/v2\/tags?post=6381"}],"curies":[{"name":"wp","href":"https:\/\/api.w.org\/{rel}","templated":true}]}}