{"id":63918,"date":"2025-09-19T10:44:32","date_gmt":"2025-09-19T13:44:32","guid":{"rendered":"https:\/\/www.rivera.gub.uy\/portal\/?p=63918"},"modified":"2025-09-19T10:44:32","modified_gmt":"2025-09-19T13:44:32","slug":"rivera-sera-sede-del-motocross-internacional","status":"publish","type":"post","link":"https:\/\/www.rivera.gub.uy\/portal\/rivera-sera-sede-del-motocross-internacional\/","title":{"rendered":"Rivera ser\u00e1 sede del Motocross Internacional"},"content":{"rendered":"<p data-start=\"134\" data-end=\"320\">Uruguay vivir\u00e1 en Rivera una <strong data-start=\"163\" data-end=\"208\">semana in\u00e9dita de motocross internacional<\/strong> durante setiembre de 2025, con dos grandes competencias que reunir\u00e1n a los mejores pilotos de Am\u00e9rica Latina.<\/p>\n<p data-start=\"322\" data-end=\"491\">Los d\u00edas <strong data-start=\"331\" data-end=\"355\">20 y 21 de setiembre<\/strong> se disputar\u00e1 la <strong data-start=\"372\" data-end=\"413\">Copa FIM Latinoamericana de Minicross<\/strong>, con la participaci\u00f3n de los principales pilotos infantiles del continente.<\/p>\n<p data-start=\"493\" data-end=\"733\">Posteriormente, los d\u00edas <strong data-start=\"518\" data-end=\"542\">27 y 28 de setiembre<\/strong>, se desarrollar\u00e1 el <strong data-start=\"563\" data-end=\"589\">Desaf\u00edo Uruguay\u2013Brasil<\/strong>, que reunir\u00e1 a todas las categor\u00edas en una competencia internacional de alto nivel, enfrentando a los mejores representantes de Latinoam\u00e9rica.<\/p>\n<h3 data-start=\"735\" data-end=\"777\">Trilh\u00e3o y m\u00e1s de 500 motos en Rivera<\/h3>\n<p data-start=\"778\" data-end=\"1088\">En paralelo a las competencias, llegar\u00e1n a Rivera pilotos de todo R\u00edo Grande do Sul para participar del <strong data-start=\"883\" data-end=\"894\">Trilh\u00e3o<\/strong>, con alrededor de <strong data-start=\"913\" data-end=\"933\">300 motocicletas<\/strong> que largar\u00e1n desde el Aut\u00f3dromo y recorrer\u00e1n distintos puntos del territorio departamental entre s\u00e1bado y domingo, regresando al mismo punto de partida.<\/p>\n<p data-start=\"1090\" data-end=\"1236\">En total, sumando <strong data-start=\"1108\" data-end=\"1131\">Trilh\u00e3o y Motocross<\/strong>, ser\u00e1n <strong data-start=\"1139\" data-end=\"1166\">m\u00e1s de 500 motocicletas<\/strong> las que se presentar\u00e1n en esta gran semana del motocross en Rivera.<\/p>\n<h3 data-start=\"1238\" data-end=\"1266\">Entradas promocionales<\/h3>\n<p data-start=\"1267\" data-end=\"1496\">A partir del <strong data-start=\"1280\" data-end=\"1309\">mi\u00e9rcoles 10 de setiembre<\/strong>, la Intendencia Departamental de Rivera coloc\u00f3 a la venta un <strong data-start=\"1371\" data-end=\"1409\">lote promocional de 1.000 entradas<\/strong> a un valor de <strong data-start=\"1424\" data-end=\"1432\">$300<\/strong>, que habilitar\u00e1n el acceso a <strong data-start=\"1462\" data-end=\"1493\">los dos eventos principales<\/strong>.<\/p>\n<p data-start=\"1498\" data-end=\"1611\">En tanto, las entradas generales se vender\u00e1n en la puerta del Aut\u00f3dromo a un costo de <strong data-start=\"1584\" data-end=\"1608\">$300 por cada evento<\/strong>.<\/p>\n<p data-start=\"1613\" data-end=\"1721\">Se trata de una oportunidad \u00fanica para disfrutar de la <strong data-start=\"1668\" data-end=\"1708\">fiesta del motocross latinoamericano<\/strong> en Rivera.<\/p>\n<p data-start=\"1613\" data-end=\"1721\">\n<p><iframe loading=\"lazy\" title=\"Semana del Motocross Internacional en el Aut\u00f3dromo Eduardo P. Cabrera de Rivera\" width=\"563\" height=\"1000\" src=\"https:\/\/www.youtube.com\/embed\/aesQlme2vaI?feature=oembed\" frameborder=\"0\" allow=\"accelerometer; autoplay; clipboard-write; encrypted-media; gyroscope; picture-in-picture; web-share\" referrerpolicy=\"strict-origin-when-cross-origin\" allowfullscreen><\/iframe><\/p>\n","protected":false},"excerpt":{"rendered":"<p>Uruguay vivir\u00e1 en Rivera una semana in\u00e9dita de motocross internacional durante setiembre de 2025, con dos grandes competencias que reunir\u00e1n a los mejores pilotos de Am\u00e9rica Latina. Los d\u00edas 20 y 21 de setiembre se disputar\u00e1 la Copa FIM Latinoamericana de Minicross, con la participaci\u00f3n de los principales pilotos infantiles del continente. Posteriormente, los d\u00edas [&hellip;]<\/p>\n","protected":false},"author":7,"featured_media":63920,"comment_status":"open","ping_status":"open","sticky":false,"template":"","format":"standard","meta":{"footnotes":""},"categories":[1],"tags":[],"class_list":["post-63918","post","type-post","status-publish","format-standard","has-post-thumbnail","hentry","category-novedades"],"_links":{"self":[{"href":"https:\/\/www.rivera.gub.uy\/portal\/wp-json\/wp\/v2\/posts\/63918","targetHints":{"allow":["GET"]}}],"collection":[{"href":"https:\/\/www.rivera.gub.uy\/portal\/wp-json\/wp\/v2\/posts"}],"about":[{"href":"https:\/\/www.rivera.gub.uy\/portal\/wp-json\/wp\/v2\/types\/post"}],"author":[{"embeddable":true,"href":"https:\/\/www.rivera.gub.uy\/portal\/wp-json\/wp\/v2\/users\/7"}],"replies":[{"embeddable":true,"href":"https:\/\/www.rivera.gub.uy\/portal\/wp-json\/wp\/v2\/comments?post=63918"}],"version-history":[{"count":2,"href":"https:\/\/www.rivera.gub.uy\/portal\/wp-json\/wp\/v2\/posts\/63918\/revisions"}],"predecessor-version":[{"id":63921,"href":"https:\/\/www.rivera.gub.uy\/portal\/wp-json\/wp\/v2\/posts\/63918\/revisions\/63921"}],"wp:featuredmedia":[{"embeddable":true,"href":"https:\/\/www.rivera.gub.uy\/portal\/wp-json\/wp\/v2\/media\/63920"}],"wp:attachment":[{"href":"https:\/\/www.rivera.gub.uy\/portal\/wp-json\/wp\/v2\/media?parent=63918"}],"wp:term":[{"taxonomy":"category","embeddable":true,"href":"https:\/\/www.rivera.gub.uy\/portal\/wp-json\/wp\/v2\/categories?post=63918"},{"taxonomy":"post_tag","embeddable":true,"href":"https:\/\/www.rivera.gub.uy\/portal\/wp-json\/wp\/v2\/tags?post=63918"}],"curies":[{"name":"wp","href":"https:\/\/api.w.org\/{rel}","templated":true}]}}