{"id":6397,"date":"2018-07-06T15:18:51","date_gmt":"2018-07-06T18:18:51","guid":{"rendered":"http:\/\/www.rivera.gub.uy\/portal\/?p=6397"},"modified":"2018-07-06T16:43:28","modified_gmt":"2018-07-06T19:43:28","slug":"el-7-y-8-de-julio-vuelven-las-carreras-al-autodromo-de-rivera","status":"publish","type":"post","link":"https:\/\/www.rivera.gub.uy\/portal\/el-7-y-8-de-julio-vuelven-las-carreras-al-autodromo-de-rivera\/","title":{"rendered":"El 7 y 8 de julio, vuelven las carreras al Aut\u00f3dromo de Rivera"},"content":{"rendered":"<p>Los 8 ganadores del concurso Superbike, realizado en la <a href=\"https:\/\/www.facebook.com\/IntendenciaRivera\/\" target=\"_blank\" rel=\"noopener\">fan page<\/a> de la IDR, recibieron sus entradas para ver este fin de semana el campeonato SBK Ga\u00facho de Motovelocidade, que se llevar\u00e1 a cabo en el Aut\u00f3dromo Eduardo P. Cabrera.<!--more--><\/p>\n<p>\u201cEstoy muy contenta de haber ganado esta entrada y poder conocer el aut\u00f3dromo\u201d, mencion\u00f3 \u00c9rica, una de las ganadoras.<\/p>\n<p>Por otra parte Johana, quien recibi\u00f3 el premio en nombre de su hija Antonella, nos cont\u00f3 que su familia sigue de cerca los eventos en el aut\u00f3dromo. \u201cMe gusta que hayan estos eventos en Rivera y poder tambi\u00e9n acompa\u00f1ar a mis hijos, que van siempre\u201d, se\u00f1al\u00f3.<\/p>\n<p>Las carreras comenzar\u00e1n a partir de las 14 horas el d\u00eda s\u00e1bado y a las 10:30 horas el domingo, con entradas v\u00e1lidas para ambos d\u00edas.<\/p>\n<div id='gallery-1' class='gallery galleryid-6397 gallery-columns-2 gallery-size-medium'><figure class='gallery-item'>\n\t\t\t<div class='gallery-icon portrait'>\n\t\t\t\t<a href='https:\/\/www.rivera.gub.uy\/portal\/wp-content\/uploads\/2018\/07\/1-1.jpg'><img loading=\"lazy\" decoding=\"async\" width=\"134\" height=\"188\" src=\"https:\/\/www.rivera.gub.uy\/portal\/wp-content\/uploads\/2018\/07\/1-1-134x188.jpg\" class=\"attachment-medium size-medium\" alt=\"\" srcset=\"https:\/\/www.rivera.gub.uy\/portal\/wp-content\/uploads\/2018\/07\/1-1-134x188.jpg 134w, https:\/\/www.rivera.gub.uy\/portal\/wp-content\/uploads\/2018\/07\/1-1-67x94.jpg 67w, https:\/\/www.rivera.gub.uy\/portal\/wp-content\/uploads\/2018\/07\/1-1-768x1075.jpg 768w, https:\/\/www.rivera.gub.uy\/portal\/wp-content\/uploads\/2018\/07\/1-1-447x626.jpg 447w, https:\/\/www.rivera.gub.uy\/portal\/wp-content\/uploads\/2018\/07\/1-1-820x1148.jpg 820w\" sizes=\"auto, (max-width: 134px) 100vw, 134px\" \/><\/a>\n\t\t\t<\/div><\/figure><figure class='gallery-item'>\n\t\t\t<div class='gallery-icon landscape'>\n\t\t\t\t<a href='https:\/\/www.rivera.gub.uy\/portal\/wp-content\/uploads\/2018\/07\/2-1.jpg'><img loading=\"lazy\" decoding=\"async\" width=\"263\" height=\"188\" src=\"https:\/\/www.rivera.gub.uy\/portal\/wp-content\/uploads\/2018\/07\/2-1-263x188.jpg\" class=\"attachment-medium size-medium\" alt=\"\" srcset=\"https:\/\/www.rivera.gub.uy\/portal\/wp-content\/uploads\/2018\/07\/2-1-263x188.jpg 263w, https:\/\/www.rivera.gub.uy\/portal\/wp-content\/uploads\/2018\/07\/2-1-132x94.jpg 132w, https:\/\/www.rivera.gub.uy\/portal\/wp-content\/uploads\/2018\/07\/2-1-768x549.jpg 768w, https:\/\/www.rivera.gub.uy\/portal\/wp-content\/uploads\/2018\/07\/2-1-876x626.jpg 876w, https:\/\/www.rivera.gub.uy\/portal\/wp-content\/uploads\/2018\/07\/2-1-820x586.jpg 820w\" sizes=\"auto, (max-width: 263px) 100vw, 263px\" \/><\/a>\n\t\t\t<\/div><\/figure>\n\t\t<\/div>\n\n","protected":false},"excerpt":{"rendered":"<p>Los 8 ganadores del concurso Superbike, realizado en la fan page de la IDR, recibieron sus entradas para ver este fin de semana el campeonato SBK Ga\u00facho de Motovelocidade, que se llevar\u00e1 a cabo en el Aut\u00f3dromo Eduardo P. Cabrera.<\/p>\n","protected":false},"author":7,"featured_media":6400,"comment_status":"open","ping_status":"open","sticky":false,"template":"","format":"standard","meta":{"footnotes":""},"categories":[3,1],"tags":[146,36,33,210],"class_list":["post-6397","post","type-post","status-publish","format-standard","has-post-thumbnail","hentry","category-multimedia","category-novedades","tag-autodromo","tag-intendencia","tag-rivera","tag-superbike"],"_links":{"self":[{"href":"https:\/\/www.rivera.gub.uy\/portal\/wp-json\/wp\/v2\/posts\/6397","targetHints":{"allow":["GET"]}}],"collection":[{"href":"https:\/\/www.rivera.gub.uy\/portal\/wp-json\/wp\/v2\/posts"}],"about":[{"href":"https:\/\/www.rivera.gub.uy\/portal\/wp-json\/wp\/v2\/types\/post"}],"author":[{"embeddable":true,"href":"https:\/\/www.rivera.gub.uy\/portal\/wp-json\/wp\/v2\/users\/7"}],"replies":[{"embeddable":true,"href":"https:\/\/www.rivera.gub.uy\/portal\/wp-json\/wp\/v2\/comments?post=6397"}],"version-history":[{"count":2,"href":"https:\/\/www.rivera.gub.uy\/portal\/wp-json\/wp\/v2\/posts\/6397\/revisions"}],"predecessor-version":[{"id":6402,"href":"https:\/\/www.rivera.gub.uy\/portal\/wp-json\/wp\/v2\/posts\/6397\/revisions\/6402"}],"wp:featuredmedia":[{"embeddable":true,"href":"https:\/\/www.rivera.gub.uy\/portal\/wp-json\/wp\/v2\/media\/6400"}],"wp:attachment":[{"href":"https:\/\/www.rivera.gub.uy\/portal\/wp-json\/wp\/v2\/media?parent=6397"}],"wp:term":[{"taxonomy":"category","embeddable":true,"href":"https:\/\/www.rivera.gub.uy\/portal\/wp-json\/wp\/v2\/categories?post=6397"},{"taxonomy":"post_tag","embeddable":true,"href":"https:\/\/www.rivera.gub.uy\/portal\/wp-json\/wp\/v2\/tags?post=6397"}],"curies":[{"name":"wp","href":"https:\/\/api.w.org\/{rel}","templated":true}]}}