{"id":64010,"date":"2025-09-26T10:13:03","date_gmt":"2025-09-26T13:13:03","guid":{"rendered":"https:\/\/www.rivera.gub.uy\/portal\/?p=64010"},"modified":"2025-09-26T10:30:47","modified_gmt":"2025-09-26T13:30:47","slug":"rivera-fue-sede-de-la-copa-fim-la-de-minicross-y-se-prepara-para-nuevos-desafios","status":"publish","type":"post","link":"https:\/\/www.rivera.gub.uy\/portal\/rivera-fue-sede-de-la-copa-fim-la-de-minicross-y-se-prepara-para-nuevos-desafios\/","title":{"rendered":"Rivera fue sede de la Copa FIM LA de Minicross y se prepara para nuevos desaf\u00edos"},"content":{"rendered":"<p data-start=\"330\" data-end=\"639\">Rivera se transform\u00f3 en el epicentro del motociclismo latinoamericano los d\u00edas <strong data-start=\"409\" data-end=\"433\">20 y 21 de setiembre<\/strong> al recibir la <strong data-start=\"448\" data-end=\"489\">Copa FIM Latinoamericana de Minicross<\/strong>, un certamen que uni\u00f3 a j\u00f3venes promesas de Brasil, Argentina, Ecuador, Costa Rica y Uruguay en una jornada deportiva cargada de adrenalina y pasi\u00f3n.<!--more--><\/p>\n<p data-start=\"668\" data-end=\"996\">El evento cont\u00f3 con la presencia de autoridades departamentales, entre ellas el <strong data-start=\"748\" data-end=\"817\">Secretario General de la Intendencia de Rivera, Arq. Jos\u00e9 Mazzoni<\/strong>, quien destac\u00f3 la importancia de que Rivera sea sede de competencias de alcance internacional y la oportunidad que representa para proyectar el deporte y el turismo en la regi\u00f3n.<\/p>\n<h3 data-start=\"1495\" data-end=\"1531\">Circuito y condiciones exigentes<\/h3>\n<p data-start=\"1533\" data-end=\"1945\">La pista del Aut\u00f3dromo, dise\u00f1ada por el brasile\u00f1o Zanela, present\u00f3 un trazado de 1.250 metros con secciones t\u00e9cnicas que desafiaron a los pilotos: mesetas, dobles, saltos y zonas de olas. Para la categor\u00eda <strong data-start=\"1739\" data-end=\"1748\">50 cc<\/strong>, el recorrido se recort\u00f3 a 850 metros, de acuerdo con la normativa de la FIM LA. Las lluvias previas complicaron el terreno, sumando barro y resbalones que hicieron a\u00fan m\u00e1s intensa la competencia.<\/p>\n<h3 data-start=\"1947\" data-end=\"1974\">El espect\u00e1culo en pista<\/h3>\n<p data-start=\"1976\" data-end=\"2140\">Se disputaron competencias en tres categor\u00edas: <strong data-start=\"2023\" data-end=\"2047\">50 cc, 65 cc y 85 cc<\/strong>, con participaci\u00f3n de j\u00f3venes talentos de distintos pa\u00edses.<br \/>\nA continuaci\u00f3n, los triunfadores y actuaciones destacadas:<\/p>\n<ul>\n<li data-start=\"2144\" data-end=\"2247\"><strong>50 cc<\/strong><br \/>\n1\u00b0 \u2013 Tob\u00edas Ruarte (Argentina, N\u00ba 333)<br \/>\n2\u00b0 \u2013 Enzo Wiebbelling (Brasil, N\u00ba 8)<br \/>\n3\u00b0 \u2013 Gareth Salas (Costa Rica, N\u00ba 158)<br \/>\nMejor uruguayo: Valentino Filus (N\u00ba 29), ubicado en 5\u00ba puesto<\/li>\n<li data-start=\"2144\" data-end=\"2247\"><strong>65 cc<\/strong><br \/>\n1\u00b0 \u2013 Fausto Mendy (Uruguay, N\u00ba 7)<br \/>\n2\u00b0 \u2013 Pietro Fraga (Brasil, N\u00ba 152)<br \/>\n3\u00b0 \u2013 Tiziano Sep\u00falveda (Argentina, N\u00ba 214)<\/li>\n<li data-start=\"2144\" data-end=\"2247\"><strong>85 cc<\/strong><br \/>\n1\u00b0 \u2013 Lorenzo Ricken (Brasil, N\u00ba 160)<br \/>\n2\u00b0 \u2013 Leonardo Calder\u00f3n (Ecuador, N\u00ba 12)<br \/>\n3\u00b0 \u2013 Jorge Herrera (Argentina, N\u00ba 222)<br \/>\nMejor uruguayo: Filipo Anselmi (N\u00ba 56), en 5\u00ba puesto<\/li>\n<\/ul>\n<div id='gallery-1' class='gallery galleryid-64010 gallery-columns-6 gallery-size-thumbnail'><figure class='gallery-item'>\n\t\t\t<div class='gallery-icon portrait'>\n\t\t\t\t<a href='https:\/\/www.rivera.gub.uy\/portal\/wp-content\/uploads\/2025\/09\/WhatsApp-Image-2025-09-21-at-7.12.32-PM-1.jpeg'><img loading=\"lazy\" decoding=\"async\" width=\"53\" height=\"94\" src=\"https:\/\/www.rivera.gub.uy\/portal\/wp-content\/uploads\/2025\/09\/WhatsApp-Image-2025-09-21-at-7.12.32-PM-1-53x94.jpeg\" class=\"attachment-thumbnail size-thumbnail\" alt=\"\" srcset=\"https:\/\/www.rivera.gub.uy\/portal\/wp-content\/uploads\/2025\/09\/WhatsApp-Image-2025-09-21-at-7.12.32-PM-1-53x94.jpeg 53w, https:\/\/www.rivera.gub.uy\/portal\/wp-content\/uploads\/2025\/09\/WhatsApp-Image-2025-09-21-at-7.12.32-PM-1-106x188.jpeg 106w, https:\/\/www.rivera.gub.uy\/portal\/wp-content\/uploads\/2025\/09\/WhatsApp-Image-2025-09-21-at-7.12.32-PM-1-352x626.jpeg 352w, https:\/\/www.rivera.gub.uy\/portal\/wp-content\/uploads\/2025\/09\/WhatsApp-Image-2025-09-21-at-7.12.32-PM-1-768x1365.jpeg 768w, https:\/\/www.rivera.gub.uy\/portal\/wp-content\/uploads\/2025\/09\/WhatsApp-Image-2025-09-21-at-7.12.32-PM-1-864x1536.jpeg 864w, https:\/\/www.rivera.gub.uy\/portal\/wp-content\/uploads\/2025\/09\/WhatsApp-Image-2025-09-21-at-7.12.32-PM-1-820x1458.jpeg 820w, https:\/\/www.rivera.gub.uy\/portal\/wp-content\/uploads\/2025\/09\/WhatsApp-Image-2025-09-21-at-7.12.32-PM-1.jpeg 900w\" sizes=\"auto, (max-width: 53px) 100vw, 53px\" \/><\/a>\n\t\t\t<\/div><\/figure><figure class='gallery-item'>\n\t\t\t<div class='gallery-icon portrait'>\n\t\t\t\t<a href='https:\/\/www.rivera.gub.uy\/portal\/wp-content\/uploads\/2025\/09\/WhatsApp-Image-2025-09-21-at-7.12.32-PM.jpeg'><img loading=\"lazy\" decoding=\"async\" width=\"53\" height=\"94\" src=\"https:\/\/www.rivera.gub.uy\/portal\/wp-content\/uploads\/2025\/09\/WhatsApp-Image-2025-09-21-at-7.12.32-PM-53x94.jpeg\" class=\"attachment-thumbnail size-thumbnail\" alt=\"\" srcset=\"https:\/\/www.rivera.gub.uy\/portal\/wp-content\/uploads\/2025\/09\/WhatsApp-Image-2025-09-21-at-7.12.32-PM-53x94.jpeg 53w, https:\/\/www.rivera.gub.uy\/portal\/wp-content\/uploads\/2025\/09\/WhatsApp-Image-2025-09-21-at-7.12.32-PM-106x188.jpeg 106w, https:\/\/www.rivera.gub.uy\/portal\/wp-content\/uploads\/2025\/09\/WhatsApp-Image-2025-09-21-at-7.12.32-PM-352x626.jpeg 352w, https:\/\/www.rivera.gub.uy\/portal\/wp-content\/uploads\/2025\/09\/WhatsApp-Image-2025-09-21-at-7.12.32-PM-768x1365.jpeg 768w, https:\/\/www.rivera.gub.uy\/portal\/wp-content\/uploads\/2025\/09\/WhatsApp-Image-2025-09-21-at-7.12.32-PM-864x1536.jpeg 864w, https:\/\/www.rivera.gub.uy\/portal\/wp-content\/uploads\/2025\/09\/WhatsApp-Image-2025-09-21-at-7.12.32-PM-820x1458.jpeg 820w, https:\/\/www.rivera.gub.uy\/portal\/wp-content\/uploads\/2025\/09\/WhatsApp-Image-2025-09-21-at-7.12.32-PM.jpeg 900w\" sizes=\"auto, (max-width: 53px) 100vw, 53px\" \/><\/a>\n\t\t\t<\/div><\/figure><figure class='gallery-item'>\n\t\t\t<div class='gallery-icon portrait'>\n\t\t\t\t<a href='https:\/\/www.rivera.gub.uy\/portal\/wp-content\/uploads\/2025\/09\/WhatsApp-Image-2025-09-21-at-7.12.33-PM-1.jpeg'><img loading=\"lazy\" decoding=\"async\" width=\"53\" height=\"94\" src=\"https:\/\/www.rivera.gub.uy\/portal\/wp-content\/uploads\/2025\/09\/WhatsApp-Image-2025-09-21-at-7.12.33-PM-1-53x94.jpeg\" class=\"attachment-thumbnail size-thumbnail\" alt=\"\" srcset=\"https:\/\/www.rivera.gub.uy\/portal\/wp-content\/uploads\/2025\/09\/WhatsApp-Image-2025-09-21-at-7.12.33-PM-1-53x94.jpeg 53w, https:\/\/www.rivera.gub.uy\/portal\/wp-content\/uploads\/2025\/09\/WhatsApp-Image-2025-09-21-at-7.12.33-PM-1-106x188.jpeg 106w, https:\/\/www.rivera.gub.uy\/portal\/wp-content\/uploads\/2025\/09\/WhatsApp-Image-2025-09-21-at-7.12.33-PM-1-352x626.jpeg 352w, https:\/\/www.rivera.gub.uy\/portal\/wp-content\/uploads\/2025\/09\/WhatsApp-Image-2025-09-21-at-7.12.33-PM-1-768x1365.jpeg 768w, https:\/\/www.rivera.gub.uy\/portal\/wp-content\/uploads\/2025\/09\/WhatsApp-Image-2025-09-21-at-7.12.33-PM-1-864x1536.jpeg 864w, https:\/\/www.rivera.gub.uy\/portal\/wp-content\/uploads\/2025\/09\/WhatsApp-Image-2025-09-21-at-7.12.33-PM-1-820x1458.jpeg 820w, https:\/\/www.rivera.gub.uy\/portal\/wp-content\/uploads\/2025\/09\/WhatsApp-Image-2025-09-21-at-7.12.33-PM-1.jpeg 900w\" sizes=\"auto, (max-width: 53px) 100vw, 53px\" \/><\/a>\n\t\t\t<\/div><\/figure><figure class='gallery-item'>\n\t\t\t<div class='gallery-icon portrait'>\n\t\t\t\t<a href='https:\/\/www.rivera.gub.uy\/portal\/wp-content\/uploads\/2025\/09\/WhatsApp-Image-2025-09-21-at-7.12.33-PM.jpeg'><img loading=\"lazy\" decoding=\"async\" width=\"53\" height=\"94\" src=\"https:\/\/www.rivera.gub.uy\/portal\/wp-content\/uploads\/2025\/09\/WhatsApp-Image-2025-09-21-at-7.12.33-PM-53x94.jpeg\" class=\"attachment-thumbnail size-thumbnail\" alt=\"\" srcset=\"https:\/\/www.rivera.gub.uy\/portal\/wp-content\/uploads\/2025\/09\/WhatsApp-Image-2025-09-21-at-7.12.33-PM-53x94.jpeg 53w, https:\/\/www.rivera.gub.uy\/portal\/wp-content\/uploads\/2025\/09\/WhatsApp-Image-2025-09-21-at-7.12.33-PM-106x188.jpeg 106w, https:\/\/www.rivera.gub.uy\/portal\/wp-content\/uploads\/2025\/09\/WhatsApp-Image-2025-09-21-at-7.12.33-PM-352x626.jpeg 352w, https:\/\/www.rivera.gub.uy\/portal\/wp-content\/uploads\/2025\/09\/WhatsApp-Image-2025-09-21-at-7.12.33-PM-768x1365.jpeg 768w, https:\/\/www.rivera.gub.uy\/portal\/wp-content\/uploads\/2025\/09\/WhatsApp-Image-2025-09-21-at-7.12.33-PM-864x1536.jpeg 864w, https:\/\/www.rivera.gub.uy\/portal\/wp-content\/uploads\/2025\/09\/WhatsApp-Image-2025-09-21-at-7.12.33-PM-820x1458.jpeg 820w, https:\/\/www.rivera.gub.uy\/portal\/wp-content\/uploads\/2025\/09\/WhatsApp-Image-2025-09-21-at-7.12.33-PM.jpeg 900w\" sizes=\"auto, (max-width: 53px) 100vw, 53px\" \/><\/a>\n\t\t\t<\/div><\/figure><figure class='gallery-item'>\n\t\t\t<div class='gallery-icon landscape'>\n\t\t\t\t<a href='https:\/\/www.rivera.gub.uy\/portal\/wp-content\/uploads\/2025\/09\/WhatsApp-Image-2025-09-21-at-7.12.34-PM-1.jpeg'><img loading=\"lazy\" decoding=\"async\" width=\"150\" height=\"84\" src=\"https:\/\/www.rivera.gub.uy\/portal\/wp-content\/uploads\/2025\/09\/WhatsApp-Image-2025-09-21-at-7.12.34-PM-1-150x84.jpeg\" class=\"attachment-thumbnail size-thumbnail\" alt=\"\" srcset=\"https:\/\/www.rivera.gub.uy\/portal\/wp-content\/uploads\/2025\/09\/WhatsApp-Image-2025-09-21-at-7.12.34-PM-1-150x84.jpeg 150w, https:\/\/www.rivera.gub.uy\/portal\/wp-content\/uploads\/2025\/09\/WhatsApp-Image-2025-09-21-at-7.12.34-PM-1-300x169.jpeg 300w, https:\/\/www.rivera.gub.uy\/portal\/wp-content\/uploads\/2025\/09\/WhatsApp-Image-2025-09-21-at-7.12.34-PM-1-1000x563.jpeg 1000w, https:\/\/www.rivera.gub.uy\/portal\/wp-content\/uploads\/2025\/09\/WhatsApp-Image-2025-09-21-at-7.12.34-PM-1-768x432.jpeg 768w, https:\/\/www.rivera.gub.uy\/portal\/wp-content\/uploads\/2025\/09\/WhatsApp-Image-2025-09-21-at-7.12.34-PM-1-1536x864.jpeg 1536w, https:\/\/www.rivera.gub.uy\/portal\/wp-content\/uploads\/2025\/09\/WhatsApp-Image-2025-09-21-at-7.12.34-PM-1-820x461.jpeg 820w, https:\/\/www.rivera.gub.uy\/portal\/wp-content\/uploads\/2025\/09\/WhatsApp-Image-2025-09-21-at-7.12.34-PM-1.jpeg 1600w\" sizes=\"auto, (max-width: 150px) 100vw, 150px\" \/><\/a>\n\t\t\t<\/div><\/figure><figure class='gallery-item'>\n\t\t\t<div class='gallery-icon portrait'>\n\t\t\t\t<a href='https:\/\/www.rivera.gub.uy\/portal\/wp-content\/uploads\/2025\/09\/WhatsApp-Image-2025-09-21-at-7.12.34-PM-2.jpeg'><img loading=\"lazy\" decoding=\"async\" width=\"53\" height=\"94\" src=\"https:\/\/www.rivera.gub.uy\/portal\/wp-content\/uploads\/2025\/09\/WhatsApp-Image-2025-09-21-at-7.12.34-PM-2-53x94.jpeg\" class=\"attachment-thumbnail size-thumbnail\" alt=\"\" srcset=\"https:\/\/www.rivera.gub.uy\/portal\/wp-content\/uploads\/2025\/09\/WhatsApp-Image-2025-09-21-at-7.12.34-PM-2-53x94.jpeg 53w, https:\/\/www.rivera.gub.uy\/portal\/wp-content\/uploads\/2025\/09\/WhatsApp-Image-2025-09-21-at-7.12.34-PM-2-106x188.jpeg 106w, https:\/\/www.rivera.gub.uy\/portal\/wp-content\/uploads\/2025\/09\/WhatsApp-Image-2025-09-21-at-7.12.34-PM-2-352x626.jpeg 352w, https:\/\/www.rivera.gub.uy\/portal\/wp-content\/uploads\/2025\/09\/WhatsApp-Image-2025-09-21-at-7.12.34-PM-2-768x1365.jpeg 768w, https:\/\/www.rivera.gub.uy\/portal\/wp-content\/uploads\/2025\/09\/WhatsApp-Image-2025-09-21-at-7.12.34-PM-2-864x1536.jpeg 864w, https:\/\/www.rivera.gub.uy\/portal\/wp-content\/uploads\/2025\/09\/WhatsApp-Image-2025-09-21-at-7.12.34-PM-2-820x1458.jpeg 820w, https:\/\/www.rivera.gub.uy\/portal\/wp-content\/uploads\/2025\/09\/WhatsApp-Image-2025-09-21-at-7.12.34-PM-2.jpeg 900w\" sizes=\"auto, (max-width: 53px) 100vw, 53px\" \/><\/a>\n\t\t\t<\/div><\/figure><figure class='gallery-item'>\n\t\t\t<div class='gallery-icon portrait'>\n\t\t\t\t<a href='https:\/\/www.rivera.gub.uy\/portal\/wp-content\/uploads\/2025\/09\/WhatsApp-Image-2025-09-21-at-7.12.34-PM-3.jpeg'><img loading=\"lazy\" decoding=\"async\" width=\"53\" height=\"94\" src=\"https:\/\/www.rivera.gub.uy\/portal\/wp-content\/uploads\/2025\/09\/WhatsApp-Image-2025-09-21-at-7.12.34-PM-3-53x94.jpeg\" class=\"attachment-thumbnail size-thumbnail\" alt=\"\" srcset=\"https:\/\/www.rivera.gub.uy\/portal\/wp-content\/uploads\/2025\/09\/WhatsApp-Image-2025-09-21-at-7.12.34-PM-3-53x94.jpeg 53w, https:\/\/www.rivera.gub.uy\/portal\/wp-content\/uploads\/2025\/09\/WhatsApp-Image-2025-09-21-at-7.12.34-PM-3-106x188.jpeg 106w, https:\/\/www.rivera.gub.uy\/portal\/wp-content\/uploads\/2025\/09\/WhatsApp-Image-2025-09-21-at-7.12.34-PM-3-352x626.jpeg 352w, https:\/\/www.rivera.gub.uy\/portal\/wp-content\/uploads\/2025\/09\/WhatsApp-Image-2025-09-21-at-7.12.34-PM-3-768x1365.jpeg 768w, https:\/\/www.rivera.gub.uy\/portal\/wp-content\/uploads\/2025\/09\/WhatsApp-Image-2025-09-21-at-7.12.34-PM-3-864x1536.jpeg 864w, https:\/\/www.rivera.gub.uy\/portal\/wp-content\/uploads\/2025\/09\/WhatsApp-Image-2025-09-21-at-7.12.34-PM-3-820x1458.jpeg 820w, https:\/\/www.rivera.gub.uy\/portal\/wp-content\/uploads\/2025\/09\/WhatsApp-Image-2025-09-21-at-7.12.34-PM-3.jpeg 900w\" sizes=\"auto, (max-width: 53px) 100vw, 53px\" \/><\/a>\n\t\t\t<\/div><\/figure><figure class='gallery-item'>\n\t\t\t<div class='gallery-icon portrait'>\n\t\t\t\t<a href='https:\/\/www.rivera.gub.uy\/portal\/wp-content\/uploads\/2025\/09\/WhatsApp-Image-2025-09-21-at-7.12.34-PM.jpeg'><img loading=\"lazy\" decoding=\"async\" width=\"53\" height=\"94\" src=\"https:\/\/www.rivera.gub.uy\/portal\/wp-content\/uploads\/2025\/09\/WhatsApp-Image-2025-09-21-at-7.12.34-PM-53x94.jpeg\" class=\"attachment-thumbnail size-thumbnail\" alt=\"\" srcset=\"https:\/\/www.rivera.gub.uy\/portal\/wp-content\/uploads\/2025\/09\/WhatsApp-Image-2025-09-21-at-7.12.34-PM-53x94.jpeg 53w, https:\/\/www.rivera.gub.uy\/portal\/wp-content\/uploads\/2025\/09\/WhatsApp-Image-2025-09-21-at-7.12.34-PM-106x188.jpeg 106w, https:\/\/www.rivera.gub.uy\/portal\/wp-content\/uploads\/2025\/09\/WhatsApp-Image-2025-09-21-at-7.12.34-PM-352x626.jpeg 352w, https:\/\/www.rivera.gub.uy\/portal\/wp-content\/uploads\/2025\/09\/WhatsApp-Image-2025-09-21-at-7.12.34-PM-768x1365.jpeg 768w, https:\/\/www.rivera.gub.uy\/portal\/wp-content\/uploads\/2025\/09\/WhatsApp-Image-2025-09-21-at-7.12.34-PM-864x1536.jpeg 864w, https:\/\/www.rivera.gub.uy\/portal\/wp-content\/uploads\/2025\/09\/WhatsApp-Image-2025-09-21-at-7.12.34-PM-820x1458.jpeg 820w, https:\/\/www.rivera.gub.uy\/portal\/wp-content\/uploads\/2025\/09\/WhatsApp-Image-2025-09-21-at-7.12.34-PM.jpeg 900w\" sizes=\"auto, (max-width: 53px) 100vw, 53px\" \/><\/a>\n\t\t\t<\/div><\/figure><figure class='gallery-item'>\n\t\t\t<div class='gallery-icon portrait'>\n\t\t\t\t<a href='https:\/\/www.rivera.gub.uy\/portal\/wp-content\/uploads\/2025\/09\/WhatsApp-Image-2025-09-21-at-7.12.35-PM-1.jpeg'><img loading=\"lazy\" decoding=\"async\" width=\"53\" height=\"94\" src=\"https:\/\/www.rivera.gub.uy\/portal\/wp-content\/uploads\/2025\/09\/WhatsApp-Image-2025-09-21-at-7.12.35-PM-1-53x94.jpeg\" class=\"attachment-thumbnail size-thumbnail\" alt=\"\" srcset=\"https:\/\/www.rivera.gub.uy\/portal\/wp-content\/uploads\/2025\/09\/WhatsApp-Image-2025-09-21-at-7.12.35-PM-1-53x94.jpeg 53w, https:\/\/www.rivera.gub.uy\/portal\/wp-content\/uploads\/2025\/09\/WhatsApp-Image-2025-09-21-at-7.12.35-PM-1-106x188.jpeg 106w, https:\/\/www.rivera.gub.uy\/portal\/wp-content\/uploads\/2025\/09\/WhatsApp-Image-2025-09-21-at-7.12.35-PM-1-352x626.jpeg 352w, https:\/\/www.rivera.gub.uy\/portal\/wp-content\/uploads\/2025\/09\/WhatsApp-Image-2025-09-21-at-7.12.35-PM-1-768x1365.jpeg 768w, https:\/\/www.rivera.gub.uy\/portal\/wp-content\/uploads\/2025\/09\/WhatsApp-Image-2025-09-21-at-7.12.35-PM-1-864x1536.jpeg 864w, https:\/\/www.rivera.gub.uy\/portal\/wp-content\/uploads\/2025\/09\/WhatsApp-Image-2025-09-21-at-7.12.35-PM-1-820x1458.jpeg 820w, https:\/\/www.rivera.gub.uy\/portal\/wp-content\/uploads\/2025\/09\/WhatsApp-Image-2025-09-21-at-7.12.35-PM-1.jpeg 900w\" sizes=\"auto, (max-width: 53px) 100vw, 53px\" \/><\/a>\n\t\t\t<\/div><\/figure><figure class='gallery-item'>\n\t\t\t<div class='gallery-icon landscape'>\n\t\t\t\t<a href='https:\/\/www.rivera.gub.uy\/portal\/wp-content\/uploads\/2025\/09\/WhatsApp-Image-2025-09-21-at-7.12.35-PM-2.jpeg'><img loading=\"lazy\" decoding=\"async\" width=\"150\" height=\"84\" src=\"https:\/\/www.rivera.gub.uy\/portal\/wp-content\/uploads\/2025\/09\/WhatsApp-Image-2025-09-21-at-7.12.35-PM-2-150x84.jpeg\" class=\"attachment-thumbnail size-thumbnail\" alt=\"\" srcset=\"https:\/\/www.rivera.gub.uy\/portal\/wp-content\/uploads\/2025\/09\/WhatsApp-Image-2025-09-21-at-7.12.35-PM-2-150x84.jpeg 150w, https:\/\/www.rivera.gub.uy\/portal\/wp-content\/uploads\/2025\/09\/WhatsApp-Image-2025-09-21-at-7.12.35-PM-2-300x169.jpeg 300w, https:\/\/www.rivera.gub.uy\/portal\/wp-content\/uploads\/2025\/09\/WhatsApp-Image-2025-09-21-at-7.12.35-PM-2-1000x563.jpeg 1000w, https:\/\/www.rivera.gub.uy\/portal\/wp-content\/uploads\/2025\/09\/WhatsApp-Image-2025-09-21-at-7.12.35-PM-2-768x432.jpeg 768w, https:\/\/www.rivera.gub.uy\/portal\/wp-content\/uploads\/2025\/09\/WhatsApp-Image-2025-09-21-at-7.12.35-PM-2-1536x864.jpeg 1536w, https:\/\/www.rivera.gub.uy\/portal\/wp-content\/uploads\/2025\/09\/WhatsApp-Image-2025-09-21-at-7.12.35-PM-2-820x461.jpeg 820w, https:\/\/www.rivera.gub.uy\/portal\/wp-content\/uploads\/2025\/09\/WhatsApp-Image-2025-09-21-at-7.12.35-PM-2.jpeg 1600w\" sizes=\"auto, (max-width: 150px) 100vw, 150px\" \/><\/a>\n\t\t\t<\/div><\/figure><figure class='gallery-item'>\n\t\t\t<div class='gallery-icon landscape'>\n\t\t\t\t<a href='https:\/\/www.rivera.gub.uy\/portal\/wp-content\/uploads\/2025\/09\/WhatsApp-Image-2025-09-21-at-7.12.35-PM-3.jpeg'><img loading=\"lazy\" decoding=\"async\" width=\"150\" height=\"84\" src=\"https:\/\/www.rivera.gub.uy\/portal\/wp-content\/uploads\/2025\/09\/WhatsApp-Image-2025-09-21-at-7.12.35-PM-3-150x84.jpeg\" class=\"attachment-thumbnail size-thumbnail\" alt=\"\" srcset=\"https:\/\/www.rivera.gub.uy\/portal\/wp-content\/uploads\/2025\/09\/WhatsApp-Image-2025-09-21-at-7.12.35-PM-3-150x84.jpeg 150w, https:\/\/www.rivera.gub.uy\/portal\/wp-content\/uploads\/2025\/09\/WhatsApp-Image-2025-09-21-at-7.12.35-PM-3-300x169.jpeg 300w, https:\/\/www.rivera.gub.uy\/portal\/wp-content\/uploads\/2025\/09\/WhatsApp-Image-2025-09-21-at-7.12.35-PM-3-1000x563.jpeg 1000w, https:\/\/www.rivera.gub.uy\/portal\/wp-content\/uploads\/2025\/09\/WhatsApp-Image-2025-09-21-at-7.12.35-PM-3-768x432.jpeg 768w, https:\/\/www.rivera.gub.uy\/portal\/wp-content\/uploads\/2025\/09\/WhatsApp-Image-2025-09-21-at-7.12.35-PM-3-1536x864.jpeg 1536w, https:\/\/www.rivera.gub.uy\/portal\/wp-content\/uploads\/2025\/09\/WhatsApp-Image-2025-09-21-at-7.12.35-PM-3-820x461.jpeg 820w, https:\/\/www.rivera.gub.uy\/portal\/wp-content\/uploads\/2025\/09\/WhatsApp-Image-2025-09-21-at-7.12.35-PM-3.jpeg 1600w\" sizes=\"auto, (max-width: 150px) 100vw, 150px\" \/><\/a>\n\t\t\t<\/div><\/figure><figure class='gallery-item'>\n\t\t\t<div class='gallery-icon landscape'>\n\t\t\t\t<a href='https:\/\/www.rivera.gub.uy\/portal\/wp-content\/uploads\/2025\/09\/WhatsApp-Image-2025-09-21-at-7.12.35-PM.jpeg'><img loading=\"lazy\" decoding=\"async\" width=\"150\" height=\"84\" src=\"https:\/\/www.rivera.gub.uy\/portal\/wp-content\/uploads\/2025\/09\/WhatsApp-Image-2025-09-21-at-7.12.35-PM-150x84.jpeg\" class=\"attachment-thumbnail size-thumbnail\" alt=\"Minicross\" srcset=\"https:\/\/www.rivera.gub.uy\/portal\/wp-content\/uploads\/2025\/09\/WhatsApp-Image-2025-09-21-at-7.12.35-PM-150x84.jpeg 150w, https:\/\/www.rivera.gub.uy\/portal\/wp-content\/uploads\/2025\/09\/WhatsApp-Image-2025-09-21-at-7.12.35-PM-300x169.jpeg 300w, https:\/\/www.rivera.gub.uy\/portal\/wp-content\/uploads\/2025\/09\/WhatsApp-Image-2025-09-21-at-7.12.35-PM-1000x563.jpeg 1000w, https:\/\/www.rivera.gub.uy\/portal\/wp-content\/uploads\/2025\/09\/WhatsApp-Image-2025-09-21-at-7.12.35-PM-768x432.jpeg 768w, https:\/\/www.rivera.gub.uy\/portal\/wp-content\/uploads\/2025\/09\/WhatsApp-Image-2025-09-21-at-7.12.35-PM-1536x864.jpeg 1536w, https:\/\/www.rivera.gub.uy\/portal\/wp-content\/uploads\/2025\/09\/WhatsApp-Image-2025-09-21-at-7.12.35-PM-820x461.jpeg 820w, https:\/\/www.rivera.gub.uy\/portal\/wp-content\/uploads\/2025\/09\/WhatsApp-Image-2025-09-21-at-7.12.35-PM.jpeg 1600w\" sizes=\"auto, (max-width: 150px) 100vw, 150px\" \/><\/a>\n\t\t\t<\/div><\/figure><figure class='gallery-item'>\n\t\t\t<div class='gallery-icon landscape'>\n\t\t\t\t<a href='https:\/\/www.rivera.gub.uy\/portal\/wp-content\/uploads\/2025\/09\/WhatsApp-Image-2025-09-21-at-7.12.36-PM-1.jpeg'><img loading=\"lazy\" decoding=\"async\" width=\"150\" height=\"84\" src=\"https:\/\/www.rivera.gub.uy\/portal\/wp-content\/uploads\/2025\/09\/WhatsApp-Image-2025-09-21-at-7.12.36-PM-1-150x84.jpeg\" class=\"attachment-thumbnail size-thumbnail\" alt=\"\" srcset=\"https:\/\/www.rivera.gub.uy\/portal\/wp-content\/uploads\/2025\/09\/WhatsApp-Image-2025-09-21-at-7.12.36-PM-1-150x84.jpeg 150w, https:\/\/www.rivera.gub.uy\/portal\/wp-content\/uploads\/2025\/09\/WhatsApp-Image-2025-09-21-at-7.12.36-PM-1-300x169.jpeg 300w, https:\/\/www.rivera.gub.uy\/portal\/wp-content\/uploads\/2025\/09\/WhatsApp-Image-2025-09-21-at-7.12.36-PM-1-1000x563.jpeg 1000w, https:\/\/www.rivera.gub.uy\/portal\/wp-content\/uploads\/2025\/09\/WhatsApp-Image-2025-09-21-at-7.12.36-PM-1-768x432.jpeg 768w, https:\/\/www.rivera.gub.uy\/portal\/wp-content\/uploads\/2025\/09\/WhatsApp-Image-2025-09-21-at-7.12.36-PM-1-1536x864.jpeg 1536w, https:\/\/www.rivera.gub.uy\/portal\/wp-content\/uploads\/2025\/09\/WhatsApp-Image-2025-09-21-at-7.12.36-PM-1-820x461.jpeg 820w, https:\/\/www.rivera.gub.uy\/portal\/wp-content\/uploads\/2025\/09\/WhatsApp-Image-2025-09-21-at-7.12.36-PM-1.jpeg 1600w\" sizes=\"auto, (max-width: 150px) 100vw, 150px\" \/><\/a>\n\t\t\t<\/div><\/figure><figure class='gallery-item'>\n\t\t\t<div class='gallery-icon landscape'>\n\t\t\t\t<a href='https:\/\/www.rivera.gub.uy\/portal\/wp-content\/uploads\/2025\/09\/WhatsApp-Image-2025-09-21-at-7.12.36-PM-2.jpeg'><img loading=\"lazy\" decoding=\"async\" width=\"150\" height=\"84\" src=\"https:\/\/www.rivera.gub.uy\/portal\/wp-content\/uploads\/2025\/09\/WhatsApp-Image-2025-09-21-at-7.12.36-PM-2-150x84.jpeg\" class=\"attachment-thumbnail size-thumbnail\" alt=\"\" srcset=\"https:\/\/www.rivera.gub.uy\/portal\/wp-content\/uploads\/2025\/09\/WhatsApp-Image-2025-09-21-at-7.12.36-PM-2-150x84.jpeg 150w, https:\/\/www.rivera.gub.uy\/portal\/wp-content\/uploads\/2025\/09\/WhatsApp-Image-2025-09-21-at-7.12.36-PM-2-300x169.jpeg 300w, https:\/\/www.rivera.gub.uy\/portal\/wp-content\/uploads\/2025\/09\/WhatsApp-Image-2025-09-21-at-7.12.36-PM-2-1000x563.jpeg 1000w, https:\/\/www.rivera.gub.uy\/portal\/wp-content\/uploads\/2025\/09\/WhatsApp-Image-2025-09-21-at-7.12.36-PM-2-768x432.jpeg 768w, https:\/\/www.rivera.gub.uy\/portal\/wp-content\/uploads\/2025\/09\/WhatsApp-Image-2025-09-21-at-7.12.36-PM-2-1536x864.jpeg 1536w, https:\/\/www.rivera.gub.uy\/portal\/wp-content\/uploads\/2025\/09\/WhatsApp-Image-2025-09-21-at-7.12.36-PM-2-820x461.jpeg 820w, https:\/\/www.rivera.gub.uy\/portal\/wp-content\/uploads\/2025\/09\/WhatsApp-Image-2025-09-21-at-7.12.36-PM-2.jpeg 1600w\" sizes=\"auto, (max-width: 150px) 100vw, 150px\" \/><\/a>\n\t\t\t<\/div><\/figure><figure class='gallery-item'>\n\t\t\t<div class='gallery-icon landscape'>\n\t\t\t\t<a href='https:\/\/www.rivera.gub.uy\/portal\/wp-content\/uploads\/2025\/09\/WhatsApp-Image-2025-09-21-at-7.12.36-PM-3.jpeg'><img loading=\"lazy\" decoding=\"async\" width=\"150\" height=\"84\" src=\"https:\/\/www.rivera.gub.uy\/portal\/wp-content\/uploads\/2025\/09\/WhatsApp-Image-2025-09-21-at-7.12.36-PM-3-150x84.jpeg\" class=\"attachment-thumbnail size-thumbnail\" alt=\"\" srcset=\"https:\/\/www.rivera.gub.uy\/portal\/wp-content\/uploads\/2025\/09\/WhatsApp-Image-2025-09-21-at-7.12.36-PM-3-150x84.jpeg 150w, https:\/\/www.rivera.gub.uy\/portal\/wp-content\/uploads\/2025\/09\/WhatsApp-Image-2025-09-21-at-7.12.36-PM-3-300x169.jpeg 300w, https:\/\/www.rivera.gub.uy\/portal\/wp-content\/uploads\/2025\/09\/WhatsApp-Image-2025-09-21-at-7.12.36-PM-3-1000x563.jpeg 1000w, https:\/\/www.rivera.gub.uy\/portal\/wp-content\/uploads\/2025\/09\/WhatsApp-Image-2025-09-21-at-7.12.36-PM-3-768x432.jpeg 768w, https:\/\/www.rivera.gub.uy\/portal\/wp-content\/uploads\/2025\/09\/WhatsApp-Image-2025-09-21-at-7.12.36-PM-3-1536x864.jpeg 1536w, https:\/\/www.rivera.gub.uy\/portal\/wp-content\/uploads\/2025\/09\/WhatsApp-Image-2025-09-21-at-7.12.36-PM-3-820x461.jpeg 820w, https:\/\/www.rivera.gub.uy\/portal\/wp-content\/uploads\/2025\/09\/WhatsApp-Image-2025-09-21-at-7.12.36-PM-3.jpeg 1600w\" sizes=\"auto, (max-width: 150px) 100vw, 150px\" \/><\/a>\n\t\t\t<\/div><\/figure><figure class='gallery-item'>\n\t\t\t<div class='gallery-icon landscape'>\n\t\t\t\t<a href='https:\/\/www.rivera.gub.uy\/portal\/wp-content\/uploads\/2025\/09\/WhatsApp-Image-2025-09-21-at-7.12.36-PM.jpeg'><img loading=\"lazy\" decoding=\"async\" width=\"150\" height=\"84\" src=\"https:\/\/www.rivera.gub.uy\/portal\/wp-content\/uploads\/2025\/09\/WhatsApp-Image-2025-09-21-at-7.12.36-PM-150x84.jpeg\" class=\"attachment-thumbnail size-thumbnail\" alt=\"\" srcset=\"https:\/\/www.rivera.gub.uy\/portal\/wp-content\/uploads\/2025\/09\/WhatsApp-Image-2025-09-21-at-7.12.36-PM-150x84.jpeg 150w, https:\/\/www.rivera.gub.uy\/portal\/wp-content\/uploads\/2025\/09\/WhatsApp-Image-2025-09-21-at-7.12.36-PM-300x169.jpeg 300w, https:\/\/www.rivera.gub.uy\/portal\/wp-content\/uploads\/2025\/09\/WhatsApp-Image-2025-09-21-at-7.12.36-PM-1000x563.jpeg 1000w, https:\/\/www.rivera.gub.uy\/portal\/wp-content\/uploads\/2025\/09\/WhatsApp-Image-2025-09-21-at-7.12.36-PM-768x432.jpeg 768w, https:\/\/www.rivera.gub.uy\/portal\/wp-content\/uploads\/2025\/09\/WhatsApp-Image-2025-09-21-at-7.12.36-PM-1536x864.jpeg 1536w, https:\/\/www.rivera.gub.uy\/portal\/wp-content\/uploads\/2025\/09\/WhatsApp-Image-2025-09-21-at-7.12.36-PM-820x461.jpeg 820w, https:\/\/www.rivera.gub.uy\/portal\/wp-content\/uploads\/2025\/09\/WhatsApp-Image-2025-09-21-at-7.12.36-PM.jpeg 1600w\" sizes=\"auto, (max-width: 150px) 100vw, 150px\" \/><\/a>\n\t\t\t<\/div><\/figure><figure class='gallery-item'>\n\t\t\t<div class='gallery-icon landscape'>\n\t\t\t\t<a href='https:\/\/www.rivera.gub.uy\/portal\/wp-content\/uploads\/2025\/09\/WhatsApp-Image-2025-09-21-at-7.12.37-PM-1.jpeg'><img loading=\"lazy\" decoding=\"async\" width=\"150\" height=\"84\" src=\"https:\/\/www.rivera.gub.uy\/portal\/wp-content\/uploads\/2025\/09\/WhatsApp-Image-2025-09-21-at-7.12.37-PM-1-150x84.jpeg\" class=\"attachment-thumbnail size-thumbnail\" alt=\"\" srcset=\"https:\/\/www.rivera.gub.uy\/portal\/wp-content\/uploads\/2025\/09\/WhatsApp-Image-2025-09-21-at-7.12.37-PM-1-150x84.jpeg 150w, https:\/\/www.rivera.gub.uy\/portal\/wp-content\/uploads\/2025\/09\/WhatsApp-Image-2025-09-21-at-7.12.37-PM-1-300x169.jpeg 300w, https:\/\/www.rivera.gub.uy\/portal\/wp-content\/uploads\/2025\/09\/WhatsApp-Image-2025-09-21-at-7.12.37-PM-1-1000x563.jpeg 1000w, https:\/\/www.rivera.gub.uy\/portal\/wp-content\/uploads\/2025\/09\/WhatsApp-Image-2025-09-21-at-7.12.37-PM-1-768x432.jpeg 768w, https:\/\/www.rivera.gub.uy\/portal\/wp-content\/uploads\/2025\/09\/WhatsApp-Image-2025-09-21-at-7.12.37-PM-1-1536x864.jpeg 1536w, https:\/\/www.rivera.gub.uy\/portal\/wp-content\/uploads\/2025\/09\/WhatsApp-Image-2025-09-21-at-7.12.37-PM-1-820x461.jpeg 820w, https:\/\/www.rivera.gub.uy\/portal\/wp-content\/uploads\/2025\/09\/WhatsApp-Image-2025-09-21-at-7.12.37-PM-1.jpeg 1600w\" sizes=\"auto, (max-width: 150px) 100vw, 150px\" \/><\/a>\n\t\t\t<\/div><\/figure><figure class='gallery-item'>\n\t\t\t<div class='gallery-icon landscape'>\n\t\t\t\t<a href='https:\/\/www.rivera.gub.uy\/portal\/wp-content\/uploads\/2025\/09\/WhatsApp-Image-2025-09-21-at-7.12.37-PM-2.jpeg'><img loading=\"lazy\" decoding=\"async\" width=\"150\" height=\"84\" src=\"https:\/\/www.rivera.gub.uy\/portal\/wp-content\/uploads\/2025\/09\/WhatsApp-Image-2025-09-21-at-7.12.37-PM-2-150x84.jpeg\" class=\"attachment-thumbnail size-thumbnail\" alt=\"\" srcset=\"https:\/\/www.rivera.gub.uy\/portal\/wp-content\/uploads\/2025\/09\/WhatsApp-Image-2025-09-21-at-7.12.37-PM-2-150x84.jpeg 150w, https:\/\/www.rivera.gub.uy\/portal\/wp-content\/uploads\/2025\/09\/WhatsApp-Image-2025-09-21-at-7.12.37-PM-2-300x169.jpeg 300w, https:\/\/www.rivera.gub.uy\/portal\/wp-content\/uploads\/2025\/09\/WhatsApp-Image-2025-09-21-at-7.12.37-PM-2-1000x563.jpeg 1000w, https:\/\/www.rivera.gub.uy\/portal\/wp-content\/uploads\/2025\/09\/WhatsApp-Image-2025-09-21-at-7.12.37-PM-2-768x432.jpeg 768w, https:\/\/www.rivera.gub.uy\/portal\/wp-content\/uploads\/2025\/09\/WhatsApp-Image-2025-09-21-at-7.12.37-PM-2-1536x864.jpeg 1536w, https:\/\/www.rivera.gub.uy\/portal\/wp-content\/uploads\/2025\/09\/WhatsApp-Image-2025-09-21-at-7.12.37-PM-2-820x461.jpeg 820w, https:\/\/www.rivera.gub.uy\/portal\/wp-content\/uploads\/2025\/09\/WhatsApp-Image-2025-09-21-at-7.12.37-PM-2.jpeg 1600w\" sizes=\"auto, (max-width: 150px) 100vw, 150px\" \/><\/a>\n\t\t\t<\/div><\/figure><figure class='gallery-item'>\n\t\t\t<div class='gallery-icon landscape'>\n\t\t\t\t<a href='https:\/\/www.rivera.gub.uy\/portal\/wp-content\/uploads\/2025\/09\/WhatsApp-Image-2025-09-21-at-7.12.37-PM-3.jpeg'><img loading=\"lazy\" decoding=\"async\" width=\"150\" height=\"84\" src=\"https:\/\/www.rivera.gub.uy\/portal\/wp-content\/uploads\/2025\/09\/WhatsApp-Image-2025-09-21-at-7.12.37-PM-3-150x84.jpeg\" class=\"attachment-thumbnail size-thumbnail\" alt=\"\" srcset=\"https:\/\/www.rivera.gub.uy\/portal\/wp-content\/uploads\/2025\/09\/WhatsApp-Image-2025-09-21-at-7.12.37-PM-3-150x84.jpeg 150w, https:\/\/www.rivera.gub.uy\/portal\/wp-content\/uploads\/2025\/09\/WhatsApp-Image-2025-09-21-at-7.12.37-PM-3-300x169.jpeg 300w, https:\/\/www.rivera.gub.uy\/portal\/wp-content\/uploads\/2025\/09\/WhatsApp-Image-2025-09-21-at-7.12.37-PM-3-1000x563.jpeg 1000w, https:\/\/www.rivera.gub.uy\/portal\/wp-content\/uploads\/2025\/09\/WhatsApp-Image-2025-09-21-at-7.12.37-PM-3-768x432.jpeg 768w, https:\/\/www.rivera.gub.uy\/portal\/wp-content\/uploads\/2025\/09\/WhatsApp-Image-2025-09-21-at-7.12.37-PM-3-1536x864.jpeg 1536w, https:\/\/www.rivera.gub.uy\/portal\/wp-content\/uploads\/2025\/09\/WhatsApp-Image-2025-09-21-at-7.12.37-PM-3-820x461.jpeg 820w, https:\/\/www.rivera.gub.uy\/portal\/wp-content\/uploads\/2025\/09\/WhatsApp-Image-2025-09-21-at-7.12.37-PM-3.jpeg 1600w\" sizes=\"auto, (max-width: 150px) 100vw, 150px\" \/><\/a>\n\t\t\t<\/div><\/figure><figure class='gallery-item'>\n\t\t\t<div class='gallery-icon landscape'>\n\t\t\t\t<a href='https:\/\/www.rivera.gub.uy\/portal\/wp-content\/uploads\/2025\/09\/WhatsApp-Image-2025-09-21-at-7.12.37-PM.jpeg'><img loading=\"lazy\" decoding=\"async\" width=\"150\" height=\"84\" src=\"https:\/\/www.rivera.gub.uy\/portal\/wp-content\/uploads\/2025\/09\/WhatsApp-Image-2025-09-21-at-7.12.37-PM-150x84.jpeg\" class=\"attachment-thumbnail size-thumbnail\" alt=\"\" srcset=\"https:\/\/www.rivera.gub.uy\/portal\/wp-content\/uploads\/2025\/09\/WhatsApp-Image-2025-09-21-at-7.12.37-PM-150x84.jpeg 150w, https:\/\/www.rivera.gub.uy\/portal\/wp-content\/uploads\/2025\/09\/WhatsApp-Image-2025-09-21-at-7.12.37-PM-300x169.jpeg 300w, https:\/\/www.rivera.gub.uy\/portal\/wp-content\/uploads\/2025\/09\/WhatsApp-Image-2025-09-21-at-7.12.37-PM-1000x563.jpeg 1000w, https:\/\/www.rivera.gub.uy\/portal\/wp-content\/uploads\/2025\/09\/WhatsApp-Image-2025-09-21-at-7.12.37-PM-768x432.jpeg 768w, https:\/\/www.rivera.gub.uy\/portal\/wp-content\/uploads\/2025\/09\/WhatsApp-Image-2025-09-21-at-7.12.37-PM-1536x864.jpeg 1536w, https:\/\/www.rivera.gub.uy\/portal\/wp-content\/uploads\/2025\/09\/WhatsApp-Image-2025-09-21-at-7.12.37-PM-820x461.jpeg 820w, https:\/\/www.rivera.gub.uy\/portal\/wp-content\/uploads\/2025\/09\/WhatsApp-Image-2025-09-21-at-7.12.37-PM.jpeg 1600w\" sizes=\"auto, (max-width: 150px) 100vw, 150px\" \/><\/a>\n\t\t\t<\/div><\/figure><figure class='gallery-item'>\n\t\t\t<div class='gallery-icon portrait'>\n\t\t\t\t<a href='https:\/\/www.rivera.gub.uy\/portal\/wp-content\/uploads\/2025\/09\/WhatsApp-Image-2025-09-21-at-7.12.38-PM-1.jpeg'><img loading=\"lazy\" decoding=\"async\" width=\"53\" height=\"94\" src=\"https:\/\/www.rivera.gub.uy\/portal\/wp-content\/uploads\/2025\/09\/WhatsApp-Image-2025-09-21-at-7.12.38-PM-1-53x94.jpeg\" class=\"attachment-thumbnail size-thumbnail\" alt=\"\" srcset=\"https:\/\/www.rivera.gub.uy\/portal\/wp-content\/uploads\/2025\/09\/WhatsApp-Image-2025-09-21-at-7.12.38-PM-1-53x94.jpeg 53w, https:\/\/www.rivera.gub.uy\/portal\/wp-content\/uploads\/2025\/09\/WhatsApp-Image-2025-09-21-at-7.12.38-PM-1-106x188.jpeg 106w, https:\/\/www.rivera.gub.uy\/portal\/wp-content\/uploads\/2025\/09\/WhatsApp-Image-2025-09-21-at-7.12.38-PM-1-352x626.jpeg 352w, https:\/\/www.rivera.gub.uy\/portal\/wp-content\/uploads\/2025\/09\/WhatsApp-Image-2025-09-21-at-7.12.38-PM-1-768x1365.jpeg 768w, https:\/\/www.rivera.gub.uy\/portal\/wp-content\/uploads\/2025\/09\/WhatsApp-Image-2025-09-21-at-7.12.38-PM-1-864x1536.jpeg 864w, https:\/\/www.rivera.gub.uy\/portal\/wp-content\/uploads\/2025\/09\/WhatsApp-Image-2025-09-21-at-7.12.38-PM-1-820x1458.jpeg 820w, https:\/\/www.rivera.gub.uy\/portal\/wp-content\/uploads\/2025\/09\/WhatsApp-Image-2025-09-21-at-7.12.38-PM-1.jpeg 900w\" sizes=\"auto, (max-width: 53px) 100vw, 53px\" \/><\/a>\n\t\t\t<\/div><\/figure><figure class='gallery-item'>\n\t\t\t<div class='gallery-icon portrait'>\n\t\t\t\t<a href='https:\/\/www.rivera.gub.uy\/portal\/wp-content\/uploads\/2025\/09\/WhatsApp-Image-2025-09-21-at-7.12.38-PM-2.jpeg'><img loading=\"lazy\" decoding=\"async\" width=\"53\" height=\"94\" src=\"https:\/\/www.rivera.gub.uy\/portal\/wp-content\/uploads\/2025\/09\/WhatsApp-Image-2025-09-21-at-7.12.38-PM-2-53x94.jpeg\" class=\"attachment-thumbnail size-thumbnail\" alt=\"\" srcset=\"https:\/\/www.rivera.gub.uy\/portal\/wp-content\/uploads\/2025\/09\/WhatsApp-Image-2025-09-21-at-7.12.38-PM-2-53x94.jpeg 53w, https:\/\/www.rivera.gub.uy\/portal\/wp-content\/uploads\/2025\/09\/WhatsApp-Image-2025-09-21-at-7.12.38-PM-2-106x188.jpeg 106w, https:\/\/www.rivera.gub.uy\/portal\/wp-content\/uploads\/2025\/09\/WhatsApp-Image-2025-09-21-at-7.12.38-PM-2-352x626.jpeg 352w, https:\/\/www.rivera.gub.uy\/portal\/wp-content\/uploads\/2025\/09\/WhatsApp-Image-2025-09-21-at-7.12.38-PM-2-768x1365.jpeg 768w, https:\/\/www.rivera.gub.uy\/portal\/wp-content\/uploads\/2025\/09\/WhatsApp-Image-2025-09-21-at-7.12.38-PM-2-864x1536.jpeg 864w, https:\/\/www.rivera.gub.uy\/portal\/wp-content\/uploads\/2025\/09\/WhatsApp-Image-2025-09-21-at-7.12.38-PM-2-820x1458.jpeg 820w, https:\/\/www.rivera.gub.uy\/portal\/wp-content\/uploads\/2025\/09\/WhatsApp-Image-2025-09-21-at-7.12.38-PM-2.jpeg 900w\" sizes=\"auto, (max-width: 53px) 100vw, 53px\" \/><\/a>\n\t\t\t<\/div><\/figure><figure class='gallery-item'>\n\t\t\t<div class='gallery-icon portrait'>\n\t\t\t\t<a href='https:\/\/www.rivera.gub.uy\/portal\/wp-content\/uploads\/2025\/09\/WhatsApp-Image-2025-09-21-at-7.12.38-PM.jpeg'><img loading=\"lazy\" decoding=\"async\" width=\"53\" height=\"94\" src=\"https:\/\/www.rivera.gub.uy\/portal\/wp-content\/uploads\/2025\/09\/WhatsApp-Image-2025-09-21-at-7.12.38-PM-53x94.jpeg\" class=\"attachment-thumbnail size-thumbnail\" alt=\"\" srcset=\"https:\/\/www.rivera.gub.uy\/portal\/wp-content\/uploads\/2025\/09\/WhatsApp-Image-2025-09-21-at-7.12.38-PM-53x94.jpeg 53w, https:\/\/www.rivera.gub.uy\/portal\/wp-content\/uploads\/2025\/09\/WhatsApp-Image-2025-09-21-at-7.12.38-PM-106x188.jpeg 106w, https:\/\/www.rivera.gub.uy\/portal\/wp-content\/uploads\/2025\/09\/WhatsApp-Image-2025-09-21-at-7.12.38-PM-352x626.jpeg 352w, https:\/\/www.rivera.gub.uy\/portal\/wp-content\/uploads\/2025\/09\/WhatsApp-Image-2025-09-21-at-7.12.38-PM-768x1365.jpeg 768w, https:\/\/www.rivera.gub.uy\/portal\/wp-content\/uploads\/2025\/09\/WhatsApp-Image-2025-09-21-at-7.12.38-PM-864x1536.jpeg 864w, https:\/\/www.rivera.gub.uy\/portal\/wp-content\/uploads\/2025\/09\/WhatsApp-Image-2025-09-21-at-7.12.38-PM-820x1458.jpeg 820w, https:\/\/www.rivera.gub.uy\/portal\/wp-content\/uploads\/2025\/09\/WhatsApp-Image-2025-09-21-at-7.12.38-PM.jpeg 900w\" sizes=\"auto, (max-width: 53px) 100vw, 53px\" \/><\/a>\n\t\t\t<\/div><\/figure><figure class='gallery-item'>\n\t\t\t<div class='gallery-icon portrait'>\n\t\t\t\t<a href='https:\/\/www.rivera.gub.uy\/portal\/wp-content\/uploads\/2025\/09\/WhatsApp-Image-2025-09-21-at-7.12.39-PM-1.jpeg'><img loading=\"lazy\" decoding=\"async\" width=\"53\" height=\"94\" src=\"https:\/\/www.rivera.gub.uy\/portal\/wp-content\/uploads\/2025\/09\/WhatsApp-Image-2025-09-21-at-7.12.39-PM-1-53x94.jpeg\" class=\"attachment-thumbnail size-thumbnail\" alt=\"\" srcset=\"https:\/\/www.rivera.gub.uy\/portal\/wp-content\/uploads\/2025\/09\/WhatsApp-Image-2025-09-21-at-7.12.39-PM-1-53x94.jpeg 53w, https:\/\/www.rivera.gub.uy\/portal\/wp-content\/uploads\/2025\/09\/WhatsApp-Image-2025-09-21-at-7.12.39-PM-1-106x188.jpeg 106w, https:\/\/www.rivera.gub.uy\/portal\/wp-content\/uploads\/2025\/09\/WhatsApp-Image-2025-09-21-at-7.12.39-PM-1-352x626.jpeg 352w, https:\/\/www.rivera.gub.uy\/portal\/wp-content\/uploads\/2025\/09\/WhatsApp-Image-2025-09-21-at-7.12.39-PM-1-768x1365.jpeg 768w, https:\/\/www.rivera.gub.uy\/portal\/wp-content\/uploads\/2025\/09\/WhatsApp-Image-2025-09-21-at-7.12.39-PM-1-864x1536.jpeg 864w, https:\/\/www.rivera.gub.uy\/portal\/wp-content\/uploads\/2025\/09\/WhatsApp-Image-2025-09-21-at-7.12.39-PM-1-820x1458.jpeg 820w, https:\/\/www.rivera.gub.uy\/portal\/wp-content\/uploads\/2025\/09\/WhatsApp-Image-2025-09-21-at-7.12.39-PM-1.jpeg 900w\" sizes=\"auto, (max-width: 53px) 100vw, 53px\" \/><\/a>\n\t\t\t<\/div><\/figure><figure class='gallery-item'>\n\t\t\t<div class='gallery-icon portrait'>\n\t\t\t\t<a href='https:\/\/www.rivera.gub.uy\/portal\/wp-content\/uploads\/2025\/09\/WhatsApp-Image-2025-09-21-at-7.12.39-PM-2.jpeg'><img loading=\"lazy\" decoding=\"async\" width=\"53\" height=\"94\" src=\"https:\/\/www.rivera.gub.uy\/portal\/wp-content\/uploads\/2025\/09\/WhatsApp-Image-2025-09-21-at-7.12.39-PM-2-53x94.jpeg\" class=\"attachment-thumbnail size-thumbnail\" alt=\"\" srcset=\"https:\/\/www.rivera.gub.uy\/portal\/wp-content\/uploads\/2025\/09\/WhatsApp-Image-2025-09-21-at-7.12.39-PM-2-53x94.jpeg 53w, https:\/\/www.rivera.gub.uy\/portal\/wp-content\/uploads\/2025\/09\/WhatsApp-Image-2025-09-21-at-7.12.39-PM-2-106x188.jpeg 106w, https:\/\/www.rivera.gub.uy\/portal\/wp-content\/uploads\/2025\/09\/WhatsApp-Image-2025-09-21-at-7.12.39-PM-2-352x626.jpeg 352w, https:\/\/www.rivera.gub.uy\/portal\/wp-content\/uploads\/2025\/09\/WhatsApp-Image-2025-09-21-at-7.12.39-PM-2-768x1365.jpeg 768w, https:\/\/www.rivera.gub.uy\/portal\/wp-content\/uploads\/2025\/09\/WhatsApp-Image-2025-09-21-at-7.12.39-PM-2-864x1536.jpeg 864w, https:\/\/www.rivera.gub.uy\/portal\/wp-content\/uploads\/2025\/09\/WhatsApp-Image-2025-09-21-at-7.12.39-PM-2-820x1458.jpeg 820w, https:\/\/www.rivera.gub.uy\/portal\/wp-content\/uploads\/2025\/09\/WhatsApp-Image-2025-09-21-at-7.12.39-PM-2.jpeg 900w\" sizes=\"auto, (max-width: 53px) 100vw, 53px\" \/><\/a>\n\t\t\t<\/div><\/figure><figure class='gallery-item'>\n\t\t\t<div class='gallery-icon portrait'>\n\t\t\t\t<a href='https:\/\/www.rivera.gub.uy\/portal\/wp-content\/uploads\/2025\/09\/WhatsApp-Image-2025-09-21-at-7.12.39-PM-3.jpeg'><img loading=\"lazy\" decoding=\"async\" width=\"53\" height=\"94\" src=\"https:\/\/www.rivera.gub.uy\/portal\/wp-content\/uploads\/2025\/09\/WhatsApp-Image-2025-09-21-at-7.12.39-PM-3-53x94.jpeg\" class=\"attachment-thumbnail size-thumbnail\" alt=\"\" srcset=\"https:\/\/www.rivera.gub.uy\/portal\/wp-content\/uploads\/2025\/09\/WhatsApp-Image-2025-09-21-at-7.12.39-PM-3-53x94.jpeg 53w, https:\/\/www.rivera.gub.uy\/portal\/wp-content\/uploads\/2025\/09\/WhatsApp-Image-2025-09-21-at-7.12.39-PM-3-106x188.jpeg 106w, https:\/\/www.rivera.gub.uy\/portal\/wp-content\/uploads\/2025\/09\/WhatsApp-Image-2025-09-21-at-7.12.39-PM-3-352x626.jpeg 352w, https:\/\/www.rivera.gub.uy\/portal\/wp-content\/uploads\/2025\/09\/WhatsApp-Image-2025-09-21-at-7.12.39-PM-3-768x1365.jpeg 768w, https:\/\/www.rivera.gub.uy\/portal\/wp-content\/uploads\/2025\/09\/WhatsApp-Image-2025-09-21-at-7.12.39-PM-3-864x1536.jpeg 864w, https:\/\/www.rivera.gub.uy\/portal\/wp-content\/uploads\/2025\/09\/WhatsApp-Image-2025-09-21-at-7.12.39-PM-3-820x1458.jpeg 820w, https:\/\/www.rivera.gub.uy\/portal\/wp-content\/uploads\/2025\/09\/WhatsApp-Image-2025-09-21-at-7.12.39-PM-3.jpeg 900w\" sizes=\"auto, (max-width: 53px) 100vw, 53px\" \/><\/a>\n\t\t\t<\/div><\/figure><figure class='gallery-item'>\n\t\t\t<div class='gallery-icon portrait'>\n\t\t\t\t<a href='https:\/\/www.rivera.gub.uy\/portal\/wp-content\/uploads\/2025\/09\/WhatsApp-Image-2025-09-21-at-7.12.39-PM.jpeg'><img loading=\"lazy\" decoding=\"async\" width=\"53\" height=\"94\" src=\"https:\/\/www.rivera.gub.uy\/portal\/wp-content\/uploads\/2025\/09\/WhatsApp-Image-2025-09-21-at-7.12.39-PM-53x94.jpeg\" class=\"attachment-thumbnail size-thumbnail\" alt=\"\" srcset=\"https:\/\/www.rivera.gub.uy\/portal\/wp-content\/uploads\/2025\/09\/WhatsApp-Image-2025-09-21-at-7.12.39-PM-53x94.jpeg 53w, https:\/\/www.rivera.gub.uy\/portal\/wp-content\/uploads\/2025\/09\/WhatsApp-Image-2025-09-21-at-7.12.39-PM-106x188.jpeg 106w, https:\/\/www.rivera.gub.uy\/portal\/wp-content\/uploads\/2025\/09\/WhatsApp-Image-2025-09-21-at-7.12.39-PM-352x626.jpeg 352w, https:\/\/www.rivera.gub.uy\/portal\/wp-content\/uploads\/2025\/09\/WhatsApp-Image-2025-09-21-at-7.12.39-PM-768x1365.jpeg 768w, https:\/\/www.rivera.gub.uy\/portal\/wp-content\/uploads\/2025\/09\/WhatsApp-Image-2025-09-21-at-7.12.39-PM-864x1536.jpeg 864w, https:\/\/www.rivera.gub.uy\/portal\/wp-content\/uploads\/2025\/09\/WhatsApp-Image-2025-09-21-at-7.12.39-PM-820x1458.jpeg 820w, https:\/\/www.rivera.gub.uy\/portal\/wp-content\/uploads\/2025\/09\/WhatsApp-Image-2025-09-21-at-7.12.39-PM.jpeg 900w\" sizes=\"auto, (max-width: 53px) 100vw, 53px\" \/><\/a>\n\t\t\t<\/div><\/figure><figure class='gallery-item'>\n\t\t\t<div class='gallery-icon portrait'>\n\t\t\t\t<a href='https:\/\/www.rivera.gub.uy\/portal\/wp-content\/uploads\/2025\/09\/WhatsApp-Image-2025-09-21-at-7.12.40-PM-1.jpeg'><img loading=\"lazy\" decoding=\"async\" width=\"53\" height=\"94\" src=\"https:\/\/www.rivera.gub.uy\/portal\/wp-content\/uploads\/2025\/09\/WhatsApp-Image-2025-09-21-at-7.12.40-PM-1-53x94.jpeg\" class=\"attachment-thumbnail size-thumbnail\" alt=\"\" srcset=\"https:\/\/www.rivera.gub.uy\/portal\/wp-content\/uploads\/2025\/09\/WhatsApp-Image-2025-09-21-at-7.12.40-PM-1-53x94.jpeg 53w, https:\/\/www.rivera.gub.uy\/portal\/wp-content\/uploads\/2025\/09\/WhatsApp-Image-2025-09-21-at-7.12.40-PM-1-106x188.jpeg 106w, https:\/\/www.rivera.gub.uy\/portal\/wp-content\/uploads\/2025\/09\/WhatsApp-Image-2025-09-21-at-7.12.40-PM-1-352x626.jpeg 352w, https:\/\/www.rivera.gub.uy\/portal\/wp-content\/uploads\/2025\/09\/WhatsApp-Image-2025-09-21-at-7.12.40-PM-1-768x1365.jpeg 768w, https:\/\/www.rivera.gub.uy\/portal\/wp-content\/uploads\/2025\/09\/WhatsApp-Image-2025-09-21-at-7.12.40-PM-1-864x1536.jpeg 864w, https:\/\/www.rivera.gub.uy\/portal\/wp-content\/uploads\/2025\/09\/WhatsApp-Image-2025-09-21-at-7.12.40-PM-1-820x1458.jpeg 820w, https:\/\/www.rivera.gub.uy\/portal\/wp-content\/uploads\/2025\/09\/WhatsApp-Image-2025-09-21-at-7.12.40-PM-1.jpeg 900w\" sizes=\"auto, (max-width: 53px) 100vw, 53px\" \/><\/a>\n\t\t\t<\/div><\/figure><figure class='gallery-item'>\n\t\t\t<div class='gallery-icon portrait'>\n\t\t\t\t<a href='https:\/\/www.rivera.gub.uy\/portal\/wp-content\/uploads\/2025\/09\/WhatsApp-Image-2025-09-21-at-7.12.40-PM-2.jpeg'><img loading=\"lazy\" decoding=\"async\" width=\"53\" height=\"94\" src=\"https:\/\/www.rivera.gub.uy\/portal\/wp-content\/uploads\/2025\/09\/WhatsApp-Image-2025-09-21-at-7.12.40-PM-2-53x94.jpeg\" class=\"attachment-thumbnail size-thumbnail\" alt=\"\" srcset=\"https:\/\/www.rivera.gub.uy\/portal\/wp-content\/uploads\/2025\/09\/WhatsApp-Image-2025-09-21-at-7.12.40-PM-2-53x94.jpeg 53w, https:\/\/www.rivera.gub.uy\/portal\/wp-content\/uploads\/2025\/09\/WhatsApp-Image-2025-09-21-at-7.12.40-PM-2-106x188.jpeg 106w, https:\/\/www.rivera.gub.uy\/portal\/wp-content\/uploads\/2025\/09\/WhatsApp-Image-2025-09-21-at-7.12.40-PM-2-352x626.jpeg 352w, https:\/\/www.rivera.gub.uy\/portal\/wp-content\/uploads\/2025\/09\/WhatsApp-Image-2025-09-21-at-7.12.40-PM-2-768x1365.jpeg 768w, https:\/\/www.rivera.gub.uy\/portal\/wp-content\/uploads\/2025\/09\/WhatsApp-Image-2025-09-21-at-7.12.40-PM-2-864x1536.jpeg 864w, https:\/\/www.rivera.gub.uy\/portal\/wp-content\/uploads\/2025\/09\/WhatsApp-Image-2025-09-21-at-7.12.40-PM-2-820x1458.jpeg 820w, https:\/\/www.rivera.gub.uy\/portal\/wp-content\/uploads\/2025\/09\/WhatsApp-Image-2025-09-21-at-7.12.40-PM-2.jpeg 900w\" sizes=\"auto, (max-width: 53px) 100vw, 53px\" \/><\/a>\n\t\t\t<\/div><\/figure><figure class='gallery-item'>\n\t\t\t<div class='gallery-icon portrait'>\n\t\t\t\t<a href='https:\/\/www.rivera.gub.uy\/portal\/wp-content\/uploads\/2025\/09\/WhatsApp-Image-2025-09-21-at-7.12.40-PM-3.jpeg'><img loading=\"lazy\" decoding=\"async\" width=\"53\" height=\"94\" src=\"https:\/\/www.rivera.gub.uy\/portal\/wp-content\/uploads\/2025\/09\/WhatsApp-Image-2025-09-21-at-7.12.40-PM-3-53x94.jpeg\" class=\"attachment-thumbnail size-thumbnail\" alt=\"\" srcset=\"https:\/\/www.rivera.gub.uy\/portal\/wp-content\/uploads\/2025\/09\/WhatsApp-Image-2025-09-21-at-7.12.40-PM-3-53x94.jpeg 53w, https:\/\/www.rivera.gub.uy\/portal\/wp-content\/uploads\/2025\/09\/WhatsApp-Image-2025-09-21-at-7.12.40-PM-3-106x188.jpeg 106w, https:\/\/www.rivera.gub.uy\/portal\/wp-content\/uploads\/2025\/09\/WhatsApp-Image-2025-09-21-at-7.12.40-PM-3-352x626.jpeg 352w, https:\/\/www.rivera.gub.uy\/portal\/wp-content\/uploads\/2025\/09\/WhatsApp-Image-2025-09-21-at-7.12.40-PM-3-768x1365.jpeg 768w, https:\/\/www.rivera.gub.uy\/portal\/wp-content\/uploads\/2025\/09\/WhatsApp-Image-2025-09-21-at-7.12.40-PM-3-864x1536.jpeg 864w, https:\/\/www.rivera.gub.uy\/portal\/wp-content\/uploads\/2025\/09\/WhatsApp-Image-2025-09-21-at-7.12.40-PM-3-820x1458.jpeg 820w, https:\/\/www.rivera.gub.uy\/portal\/wp-content\/uploads\/2025\/09\/WhatsApp-Image-2025-09-21-at-7.12.40-PM-3.jpeg 900w\" sizes=\"auto, (max-width: 53px) 100vw, 53px\" \/><\/a>\n\t\t\t<\/div><\/figure><figure class='gallery-item'>\n\t\t\t<div class='gallery-icon portrait'>\n\t\t\t\t<a href='https:\/\/www.rivera.gub.uy\/portal\/wp-content\/uploads\/2025\/09\/WhatsApp-Image-2025-09-21-at-7.12.40-PM.jpeg'><img loading=\"lazy\" decoding=\"async\" width=\"53\" height=\"94\" src=\"https:\/\/www.rivera.gub.uy\/portal\/wp-content\/uploads\/2025\/09\/WhatsApp-Image-2025-09-21-at-7.12.40-PM-53x94.jpeg\" class=\"attachment-thumbnail size-thumbnail\" alt=\"\" srcset=\"https:\/\/www.rivera.gub.uy\/portal\/wp-content\/uploads\/2025\/09\/WhatsApp-Image-2025-09-21-at-7.12.40-PM-53x94.jpeg 53w, https:\/\/www.rivera.gub.uy\/portal\/wp-content\/uploads\/2025\/09\/WhatsApp-Image-2025-09-21-at-7.12.40-PM-106x188.jpeg 106w, https:\/\/www.rivera.gub.uy\/portal\/wp-content\/uploads\/2025\/09\/WhatsApp-Image-2025-09-21-at-7.12.40-PM-352x626.jpeg 352w, https:\/\/www.rivera.gub.uy\/portal\/wp-content\/uploads\/2025\/09\/WhatsApp-Image-2025-09-21-at-7.12.40-PM-768x1365.jpeg 768w, https:\/\/www.rivera.gub.uy\/portal\/wp-content\/uploads\/2025\/09\/WhatsApp-Image-2025-09-21-at-7.12.40-PM-864x1536.jpeg 864w, https:\/\/www.rivera.gub.uy\/portal\/wp-content\/uploads\/2025\/09\/WhatsApp-Image-2025-09-21-at-7.12.40-PM-820x1458.jpeg 820w, https:\/\/www.rivera.gub.uy\/portal\/wp-content\/uploads\/2025\/09\/WhatsApp-Image-2025-09-21-at-7.12.40-PM.jpeg 900w\" sizes=\"auto, (max-width: 53px) 100vw, 53px\" \/><\/a>\n\t\t\t<\/div><\/figure><figure class='gallery-item'>\n\t\t\t<div class='gallery-icon portrait'>\n\t\t\t\t<a href='https:\/\/www.rivera.gub.uy\/portal\/wp-content\/uploads\/2025\/09\/WhatsApp-Image-2025-09-21-at-7.12.41-PM-1.jpeg'><img loading=\"lazy\" decoding=\"async\" width=\"53\" height=\"94\" src=\"https:\/\/www.rivera.gub.uy\/portal\/wp-content\/uploads\/2025\/09\/WhatsApp-Image-2025-09-21-at-7.12.41-PM-1-53x94.jpeg\" class=\"attachment-thumbnail size-thumbnail\" alt=\"\" srcset=\"https:\/\/www.rivera.gub.uy\/portal\/wp-content\/uploads\/2025\/09\/WhatsApp-Image-2025-09-21-at-7.12.41-PM-1-53x94.jpeg 53w, https:\/\/www.rivera.gub.uy\/portal\/wp-content\/uploads\/2025\/09\/WhatsApp-Image-2025-09-21-at-7.12.41-PM-1-106x188.jpeg 106w, https:\/\/www.rivera.gub.uy\/portal\/wp-content\/uploads\/2025\/09\/WhatsApp-Image-2025-09-21-at-7.12.41-PM-1-352x626.jpeg 352w, https:\/\/www.rivera.gub.uy\/portal\/wp-content\/uploads\/2025\/09\/WhatsApp-Image-2025-09-21-at-7.12.41-PM-1-768x1365.jpeg 768w, https:\/\/www.rivera.gub.uy\/portal\/wp-content\/uploads\/2025\/09\/WhatsApp-Image-2025-09-21-at-7.12.41-PM-1-864x1536.jpeg 864w, https:\/\/www.rivera.gub.uy\/portal\/wp-content\/uploads\/2025\/09\/WhatsApp-Image-2025-09-21-at-7.12.41-PM-1-820x1458.jpeg 820w, https:\/\/www.rivera.gub.uy\/portal\/wp-content\/uploads\/2025\/09\/WhatsApp-Image-2025-09-21-at-7.12.41-PM-1.jpeg 900w\" sizes=\"auto, (max-width: 53px) 100vw, 53px\" \/><\/a>\n\t\t\t<\/div><\/figure><figure class='gallery-item'>\n\t\t\t<div class='gallery-icon portrait'>\n\t\t\t\t<a href='https:\/\/www.rivera.gub.uy\/portal\/wp-content\/uploads\/2025\/09\/WhatsApp-Image-2025-09-21-at-7.12.41-PM-2.jpeg'><img loading=\"lazy\" decoding=\"async\" width=\"53\" height=\"94\" src=\"https:\/\/www.rivera.gub.uy\/portal\/wp-content\/uploads\/2025\/09\/WhatsApp-Image-2025-09-21-at-7.12.41-PM-2-53x94.jpeg\" class=\"attachment-thumbnail size-thumbnail\" alt=\"\" srcset=\"https:\/\/www.rivera.gub.uy\/portal\/wp-content\/uploads\/2025\/09\/WhatsApp-Image-2025-09-21-at-7.12.41-PM-2-53x94.jpeg 53w, https:\/\/www.rivera.gub.uy\/portal\/wp-content\/uploads\/2025\/09\/WhatsApp-Image-2025-09-21-at-7.12.41-PM-2-106x188.jpeg 106w, https:\/\/www.rivera.gub.uy\/portal\/wp-content\/uploads\/2025\/09\/WhatsApp-Image-2025-09-21-at-7.12.41-PM-2-352x626.jpeg 352w, https:\/\/www.rivera.gub.uy\/portal\/wp-content\/uploads\/2025\/09\/WhatsApp-Image-2025-09-21-at-7.12.41-PM-2-768x1365.jpeg 768w, https:\/\/www.rivera.gub.uy\/portal\/wp-content\/uploads\/2025\/09\/WhatsApp-Image-2025-09-21-at-7.12.41-PM-2-864x1536.jpeg 864w, https:\/\/www.rivera.gub.uy\/portal\/wp-content\/uploads\/2025\/09\/WhatsApp-Image-2025-09-21-at-7.12.41-PM-2-820x1458.jpeg 820w, https:\/\/www.rivera.gub.uy\/portal\/wp-content\/uploads\/2025\/09\/WhatsApp-Image-2025-09-21-at-7.12.41-PM-2.jpeg 900w\" sizes=\"auto, (max-width: 53px) 100vw, 53px\" \/><\/a>\n\t\t\t<\/div><\/figure><figure class='gallery-item'>\n\t\t\t<div class='gallery-icon portrait'>\n\t\t\t\t<a href='https:\/\/www.rivera.gub.uy\/portal\/wp-content\/uploads\/2025\/09\/WhatsApp-Image-2025-09-21-at-7.12.41-PM-3.jpeg'><img loading=\"lazy\" decoding=\"async\" width=\"53\" height=\"94\" src=\"https:\/\/www.rivera.gub.uy\/portal\/wp-content\/uploads\/2025\/09\/WhatsApp-Image-2025-09-21-at-7.12.41-PM-3-53x94.jpeg\" class=\"attachment-thumbnail size-thumbnail\" alt=\"\" srcset=\"https:\/\/www.rivera.gub.uy\/portal\/wp-content\/uploads\/2025\/09\/WhatsApp-Image-2025-09-21-at-7.12.41-PM-3-53x94.jpeg 53w, https:\/\/www.rivera.gub.uy\/portal\/wp-content\/uploads\/2025\/09\/WhatsApp-Image-2025-09-21-at-7.12.41-PM-3-106x188.jpeg 106w, https:\/\/www.rivera.gub.uy\/portal\/wp-content\/uploads\/2025\/09\/WhatsApp-Image-2025-09-21-at-7.12.41-PM-3-352x626.jpeg 352w, https:\/\/www.rivera.gub.uy\/portal\/wp-content\/uploads\/2025\/09\/WhatsApp-Image-2025-09-21-at-7.12.41-PM-3-768x1365.jpeg 768w, https:\/\/www.rivera.gub.uy\/portal\/wp-content\/uploads\/2025\/09\/WhatsApp-Image-2025-09-21-at-7.12.41-PM-3-864x1536.jpeg 864w, https:\/\/www.rivera.gub.uy\/portal\/wp-content\/uploads\/2025\/09\/WhatsApp-Image-2025-09-21-at-7.12.41-PM-3-820x1458.jpeg 820w, https:\/\/www.rivera.gub.uy\/portal\/wp-content\/uploads\/2025\/09\/WhatsApp-Image-2025-09-21-at-7.12.41-PM-3.jpeg 900w\" sizes=\"auto, (max-width: 53px) 100vw, 53px\" \/><\/a>\n\t\t\t<\/div><\/figure><figure class='gallery-item'>\n\t\t\t<div class='gallery-icon portrait'>\n\t\t\t\t<a href='https:\/\/www.rivera.gub.uy\/portal\/wp-content\/uploads\/2025\/09\/WhatsApp-Image-2025-09-21-at-7.12.41-PM.jpeg'><img loading=\"lazy\" decoding=\"async\" width=\"53\" height=\"94\" src=\"https:\/\/www.rivera.gub.uy\/portal\/wp-content\/uploads\/2025\/09\/WhatsApp-Image-2025-09-21-at-7.12.41-PM-53x94.jpeg\" class=\"attachment-thumbnail size-thumbnail\" alt=\"\" srcset=\"https:\/\/www.rivera.gub.uy\/portal\/wp-content\/uploads\/2025\/09\/WhatsApp-Image-2025-09-21-at-7.12.41-PM-53x94.jpeg 53w, https:\/\/www.rivera.gub.uy\/portal\/wp-content\/uploads\/2025\/09\/WhatsApp-Image-2025-09-21-at-7.12.41-PM-106x188.jpeg 106w, https:\/\/www.rivera.gub.uy\/portal\/wp-content\/uploads\/2025\/09\/WhatsApp-Image-2025-09-21-at-7.12.41-PM-352x626.jpeg 352w, https:\/\/www.rivera.gub.uy\/portal\/wp-content\/uploads\/2025\/09\/WhatsApp-Image-2025-09-21-at-7.12.41-PM-768x1365.jpeg 768w, https:\/\/www.rivera.gub.uy\/portal\/wp-content\/uploads\/2025\/09\/WhatsApp-Image-2025-09-21-at-7.12.41-PM-864x1536.jpeg 864w, https:\/\/www.rivera.gub.uy\/portal\/wp-content\/uploads\/2025\/09\/WhatsApp-Image-2025-09-21-at-7.12.41-PM-820x1458.jpeg 820w, https:\/\/www.rivera.gub.uy\/portal\/wp-content\/uploads\/2025\/09\/WhatsApp-Image-2025-09-21-at-7.12.41-PM.jpeg 900w\" sizes=\"auto, (max-width: 53px) 100vw, 53px\" \/><\/a>\n\t\t\t<\/div><\/figure>\n\t\t<\/div>\n\n<h3 data-start=\"2464\" data-end=\"2490\">Lo que viene en Rivera<\/h3>\n<p data-start=\"2492\" data-end=\"2652\">El motociclismo sigue siendo protagonista en el departamento: para los d\u00edas <strong data-start=\"2568\" data-end=\"2592\">27 y 28 de setiembre<\/strong> ya est\u00e1n confirmados dos grandes eventos internacionales:<\/p>\n<ul>\n<li data-start=\"2655\" data-end=\"2733\"><strong data-start=\"2655\" data-end=\"2684\">El Desaf\u00edo Uruguay\u2013Brasil<\/strong>, que reunir\u00e1 a m\u00e1s categor\u00edas en el aut\u00f3dromo.<\/li>\n<li data-start=\"2736\" data-end=\"2846\"><strong data-start=\"2736\" data-end=\"2750\">El Trilh\u00e3o<\/strong>, con un recorrido especial que volver\u00e1 a atraer a cientos de motociclistas de toda la regi\u00f3n.<\/li>\n<\/ul>\n<p data-start=\"2848\" data-end=\"2993\">Ambas propuestas consolidan a Rivera como punto clave del motociclismo latinoamericano y refuerzan su lugar en la agenda deportiva internacional.<\/p>\n<p><iframe loading=\"lazy\" title=\"Desaf\u00edo Binacional de Motocross en Rivera\" width=\"1160\" height=\"653\" src=\"https:\/\/www.youtube.com\/embed\/6_6LF-wVS1w?feature=oembed\" frameborder=\"0\" allow=\"accelerometer; autoplay; clipboard-write; encrypted-media; gyroscope; picture-in-picture; web-share\" referrerpolicy=\"strict-origin-when-cross-origin\" allowfullscreen><\/iframe><\/p>\n","protected":false},"excerpt":{"rendered":"<p>Rivera se transform\u00f3 en el epicentro del motociclismo latinoamericano los d\u00edas 20 y 21 de setiembre al recibir la Copa FIM Latinoamericana de Minicross, un certamen que uni\u00f3 a j\u00f3venes promesas de Brasil, Argentina, Ecuador, Costa Rica y Uruguay en una jornada deportiva cargada de adrenalina y pasi\u00f3n.<\/p>\n","protected":false},"author":7,"featured_media":64022,"comment_status":"open","ping_status":"open","sticky":false,"template":"","format":"standard","meta":{"footnotes":""},"categories":[56,1],"tags":[],"class_list":["post-64010","post","type-post","status-publish","format-standard","has-post-thumbnail","hentry","category-deportes","category-novedades"],"_links":{"self":[{"href":"https:\/\/www.rivera.gub.uy\/portal\/wp-json\/wp\/v2\/posts\/64010","targetHints":{"allow":["GET"]}}],"collection":[{"href":"https:\/\/www.rivera.gub.uy\/portal\/wp-json\/wp\/v2\/posts"}],"about":[{"href":"https:\/\/www.rivera.gub.uy\/portal\/wp-json\/wp\/v2\/types\/post"}],"author":[{"embeddable":true,"href":"https:\/\/www.rivera.gub.uy\/portal\/wp-json\/wp\/v2\/users\/7"}],"replies":[{"embeddable":true,"href":"https:\/\/www.rivera.gub.uy\/portal\/wp-json\/wp\/v2\/comments?post=64010"}],"version-history":[{"count":3,"href":"https:\/\/www.rivera.gub.uy\/portal\/wp-json\/wp\/v2\/posts\/64010\/revisions"}],"predecessor-version":[{"id":64048,"href":"https:\/\/www.rivera.gub.uy\/portal\/wp-json\/wp\/v2\/posts\/64010\/revisions\/64048"}],"wp:featuredmedia":[{"embeddable":true,"href":"https:\/\/www.rivera.gub.uy\/portal\/wp-json\/wp\/v2\/media\/64022"}],"wp:attachment":[{"href":"https:\/\/www.rivera.gub.uy\/portal\/wp-json\/wp\/v2\/media?parent=64010"}],"wp:term":[{"taxonomy":"category","embeddable":true,"href":"https:\/\/www.rivera.gub.uy\/portal\/wp-json\/wp\/v2\/categories?post=64010"},{"taxonomy":"post_tag","embeddable":true,"href":"https:\/\/www.rivera.gub.uy\/portal\/wp-json\/wp\/v2\/tags?post=64010"}],"curies":[{"name":"wp","href":"https:\/\/api.w.org\/{rel}","templated":true}]}}