{"id":64097,"date":"2025-09-29T09:09:50","date_gmt":"2025-09-29T12:09:50","guid":{"rendered":"https:\/\/www.rivera.gub.uy\/portal\/?p=64097"},"modified":"2025-09-29T09:09:50","modified_gmt":"2025-09-29T12:09:50","slug":"desafio-uruguay-brasil-y-trilhao-2025","status":"publish","type":"post","link":"https:\/\/www.rivera.gub.uy\/portal\/desafio-uruguay-brasil-y-trilhao-2025\/","title":{"rendered":"Desaf\u00edo Uruguay-Brasil y Trilh\u00e3o 2025"},"content":{"rendered":"<p data-start=\"121\" data-end=\"621\">El pasado fin de semana, los d\u00edas 27 y 28 de setiembre, Rivera vivi\u00f3 una verdadera fiesta del motociclismo con la celebraci\u00f3n de dos grandes eventos internacionales que atrajeron a miles de aficionados y competidores de toda la regi\u00f3n: el<strong data-start=\"358\" data-end=\"387\"> Desaf\u00edo Uruguay-Brasil<\/strong> y el <strong data-start=\"393\" data-end=\"409\">Trilh\u00e3o 2025<\/strong>. La presencia del Secretario General Arq. Jos\u00e9 Mazzoni, quien estuvo presente en ambas actividades, destac\u00f3 el compromiso de la ciudad con el deporte y su creciente relevancia en el motociclismo latinoamericano.<!--more--><\/p>\n<h3 data-start=\"623\" data-end=\"649\">Desaf\u00edo Uruguay\u2013Brasil<\/h3>\n<p data-start=\"651\" data-end=\"1120\">El <strong data-start=\"654\" data-end=\"680\">Desaf\u00edo Uruguay-Brasil<\/strong>, que se llev\u00f3 a cabo en el Aut\u00f3dromo de Rivera, fue una verdadera fiesta del motociclismo internacional. Con la participaci\u00f3n de diversas categor\u00edas y pilotos de \u00e9lite de ambos pa\u00edses, la competencia demostr\u00f3 la calidad de la infraestructura de Rivera y su capacidad para albergar eventos de talla internacional.<\/p>\n<h3 data-start=\"1122\" data-end=\"1138\">Trilh\u00e3o 2025<\/h3>\n<p data-start=\"1140\" data-end=\"1812\">Por su parte, el <strong data-start=\"1157\" data-end=\"1168\">Trilh\u00e3o<\/strong> 2025, uno de los eventos m\u00e1s esperados por los motociclistas de la regi\u00f3n, arranc\u00f3 con gran \u00e9xito el domingo 28 de setiembre. Con un recorrido desafiante y especial, el Trilh\u00e3o se consolid\u00f3 nuevamente como una de las competencias m\u00e1s exigentes de Am\u00e9rica Latina. Miles de motociclistas se reunieron para participar de este recorrido \u00fanico, que no solo destac\u00f3 por la destreza de los competidores, sino tambi\u00e9n por el paisaje y la conectividad de la regi\u00f3n.<\/p>\n<div id='gallery-1' class='gallery galleryid-64097 gallery-columns-7 gallery-size-thumbnail'><figure class='gallery-item'>\n\t\t\t<div class='gallery-icon portrait'>\n\t\t\t\t<a href='https:\/\/www.rivera.gub.uy\/portal\/wp-content\/uploads\/2025\/09\/WhatsApp-Image-2025-09-27-at-1.21.01-PM-1.jpeg'><img loading=\"lazy\" decoding=\"async\" width=\"53\" height=\"94\" src=\"https:\/\/www.rivera.gub.uy\/portal\/wp-content\/uploads\/2025\/09\/WhatsApp-Image-2025-09-27-at-1.21.01-PM-1-53x94.jpeg\" class=\"attachment-thumbnail size-thumbnail\" alt=\"\" srcset=\"https:\/\/www.rivera.gub.uy\/portal\/wp-content\/uploads\/2025\/09\/WhatsApp-Image-2025-09-27-at-1.21.01-PM-1-53x94.jpeg 53w, https:\/\/www.rivera.gub.uy\/portal\/wp-content\/uploads\/2025\/09\/WhatsApp-Image-2025-09-27-at-1.21.01-PM-1-106x188.jpeg 106w, https:\/\/www.rivera.gub.uy\/portal\/wp-content\/uploads\/2025\/09\/WhatsApp-Image-2025-09-27-at-1.21.01-PM-1-351x626.jpeg 351w, https:\/\/www.rivera.gub.uy\/portal\/wp-content\/uploads\/2025\/09\/WhatsApp-Image-2025-09-27-at-1.21.01-PM-1-768x1368.jpeg 768w, https:\/\/www.rivera.gub.uy\/portal\/wp-content\/uploads\/2025\/09\/WhatsApp-Image-2025-09-27-at-1.21.01-PM-1-862x1536.jpeg 862w, https:\/\/www.rivera.gub.uy\/portal\/wp-content\/uploads\/2025\/09\/WhatsApp-Image-2025-09-27-at-1.21.01-PM-1-820x1461.jpeg 820w, https:\/\/www.rivera.gub.uy\/portal\/wp-content\/uploads\/2025\/09\/WhatsApp-Image-2025-09-27-at-1.21.01-PM-1.jpeg 898w\" sizes=\"auto, (max-width: 53px) 100vw, 53px\" \/><\/a>\n\t\t\t<\/div><\/figure><figure class='gallery-item'>\n\t\t\t<div class='gallery-icon portrait'>\n\t\t\t\t<a href='https:\/\/www.rivera.gub.uy\/portal\/wp-content\/uploads\/2025\/09\/WhatsApp-Image-2025-09-27-at-1.21.01-PM-2.jpeg'><img loading=\"lazy\" decoding=\"async\" width=\"53\" height=\"94\" src=\"https:\/\/www.rivera.gub.uy\/portal\/wp-content\/uploads\/2025\/09\/WhatsApp-Image-2025-09-27-at-1.21.01-PM-2-53x94.jpeg\" class=\"attachment-thumbnail size-thumbnail\" alt=\"\" srcset=\"https:\/\/www.rivera.gub.uy\/portal\/wp-content\/uploads\/2025\/09\/WhatsApp-Image-2025-09-27-at-1.21.01-PM-2-53x94.jpeg 53w, https:\/\/www.rivera.gub.uy\/portal\/wp-content\/uploads\/2025\/09\/WhatsApp-Image-2025-09-27-at-1.21.01-PM-2-106x188.jpeg 106w, https:\/\/www.rivera.gub.uy\/portal\/wp-content\/uploads\/2025\/09\/WhatsApp-Image-2025-09-27-at-1.21.01-PM-2-351x626.jpeg 351w, https:\/\/www.rivera.gub.uy\/portal\/wp-content\/uploads\/2025\/09\/WhatsApp-Image-2025-09-27-at-1.21.01-PM-2-768x1368.jpeg 768w, https:\/\/www.rivera.gub.uy\/portal\/wp-content\/uploads\/2025\/09\/WhatsApp-Image-2025-09-27-at-1.21.01-PM-2-862x1536.jpeg 862w, https:\/\/www.rivera.gub.uy\/portal\/wp-content\/uploads\/2025\/09\/WhatsApp-Image-2025-09-27-at-1.21.01-PM-2-820x1461.jpeg 820w, https:\/\/www.rivera.gub.uy\/portal\/wp-content\/uploads\/2025\/09\/WhatsApp-Image-2025-09-27-at-1.21.01-PM-2.jpeg 898w\" sizes=\"auto, (max-width: 53px) 100vw, 53px\" \/><\/a>\n\t\t\t<\/div><\/figure><figure class='gallery-item'>\n\t\t\t<div class='gallery-icon portrait'>\n\t\t\t\t<a href='https:\/\/www.rivera.gub.uy\/portal\/wp-content\/uploads\/2025\/09\/WhatsApp-Image-2025-09-27-at-1.21.01-PM.jpeg'><img loading=\"lazy\" decoding=\"async\" width=\"53\" height=\"94\" src=\"https:\/\/www.rivera.gub.uy\/portal\/wp-content\/uploads\/2025\/09\/WhatsApp-Image-2025-09-27-at-1.21.01-PM-53x94.jpeg\" class=\"attachment-thumbnail size-thumbnail\" alt=\"\" srcset=\"https:\/\/www.rivera.gub.uy\/portal\/wp-content\/uploads\/2025\/09\/WhatsApp-Image-2025-09-27-at-1.21.01-PM-53x94.jpeg 53w, https:\/\/www.rivera.gub.uy\/portal\/wp-content\/uploads\/2025\/09\/WhatsApp-Image-2025-09-27-at-1.21.01-PM-106x188.jpeg 106w, https:\/\/www.rivera.gub.uy\/portal\/wp-content\/uploads\/2025\/09\/WhatsApp-Image-2025-09-27-at-1.21.01-PM-351x626.jpeg 351w, https:\/\/www.rivera.gub.uy\/portal\/wp-content\/uploads\/2025\/09\/WhatsApp-Image-2025-09-27-at-1.21.01-PM-768x1368.jpeg 768w, https:\/\/www.rivera.gub.uy\/portal\/wp-content\/uploads\/2025\/09\/WhatsApp-Image-2025-09-27-at-1.21.01-PM-862x1536.jpeg 862w, https:\/\/www.rivera.gub.uy\/portal\/wp-content\/uploads\/2025\/09\/WhatsApp-Image-2025-09-27-at-1.21.01-PM-820x1461.jpeg 820w, https:\/\/www.rivera.gub.uy\/portal\/wp-content\/uploads\/2025\/09\/WhatsApp-Image-2025-09-27-at-1.21.01-PM.jpeg 898w\" sizes=\"auto, (max-width: 53px) 100vw, 53px\" \/><\/a>\n\t\t\t<\/div><\/figure><figure class='gallery-item'>\n\t\t\t<div class='gallery-icon portrait'>\n\t\t\t\t<a href='https:\/\/www.rivera.gub.uy\/portal\/wp-content\/uploads\/2025\/09\/WhatsApp-Image-2025-09-27-at-1.21.02-PM-1.jpeg'><img loading=\"lazy\" decoding=\"async\" width=\"53\" height=\"94\" src=\"https:\/\/www.rivera.gub.uy\/portal\/wp-content\/uploads\/2025\/09\/WhatsApp-Image-2025-09-27-at-1.21.02-PM-1-53x94.jpeg\" class=\"attachment-thumbnail size-thumbnail\" alt=\"\" srcset=\"https:\/\/www.rivera.gub.uy\/portal\/wp-content\/uploads\/2025\/09\/WhatsApp-Image-2025-09-27-at-1.21.02-PM-1-53x94.jpeg 53w, https:\/\/www.rivera.gub.uy\/portal\/wp-content\/uploads\/2025\/09\/WhatsApp-Image-2025-09-27-at-1.21.02-PM-1-106x188.jpeg 106w, https:\/\/www.rivera.gub.uy\/portal\/wp-content\/uploads\/2025\/09\/WhatsApp-Image-2025-09-27-at-1.21.02-PM-1-351x626.jpeg 351w, https:\/\/www.rivera.gub.uy\/portal\/wp-content\/uploads\/2025\/09\/WhatsApp-Image-2025-09-27-at-1.21.02-PM-1-768x1368.jpeg 768w, https:\/\/www.rivera.gub.uy\/portal\/wp-content\/uploads\/2025\/09\/WhatsApp-Image-2025-09-27-at-1.21.02-PM-1-862x1536.jpeg 862w, https:\/\/www.rivera.gub.uy\/portal\/wp-content\/uploads\/2025\/09\/WhatsApp-Image-2025-09-27-at-1.21.02-PM-1-820x1461.jpeg 820w, https:\/\/www.rivera.gub.uy\/portal\/wp-content\/uploads\/2025\/09\/WhatsApp-Image-2025-09-27-at-1.21.02-PM-1.jpeg 898w\" sizes=\"auto, (max-width: 53px) 100vw, 53px\" \/><\/a>\n\t\t\t<\/div><\/figure><figure class='gallery-item'>\n\t\t\t<div class='gallery-icon portrait'>\n\t\t\t\t<a href='https:\/\/www.rivera.gub.uy\/portal\/wp-content\/uploads\/2025\/09\/WhatsApp-Image-2025-09-27-at-1.21.02-PM.jpeg'><img loading=\"lazy\" decoding=\"async\" width=\"53\" height=\"94\" src=\"https:\/\/www.rivera.gub.uy\/portal\/wp-content\/uploads\/2025\/09\/WhatsApp-Image-2025-09-27-at-1.21.02-PM-53x94.jpeg\" class=\"attachment-thumbnail size-thumbnail\" alt=\"\" srcset=\"https:\/\/www.rivera.gub.uy\/portal\/wp-content\/uploads\/2025\/09\/WhatsApp-Image-2025-09-27-at-1.21.02-PM-53x94.jpeg 53w, https:\/\/www.rivera.gub.uy\/portal\/wp-content\/uploads\/2025\/09\/WhatsApp-Image-2025-09-27-at-1.21.02-PM-106x188.jpeg 106w, https:\/\/www.rivera.gub.uy\/portal\/wp-content\/uploads\/2025\/09\/WhatsApp-Image-2025-09-27-at-1.21.02-PM-351x626.jpeg 351w, https:\/\/www.rivera.gub.uy\/portal\/wp-content\/uploads\/2025\/09\/WhatsApp-Image-2025-09-27-at-1.21.02-PM-768x1368.jpeg 768w, https:\/\/www.rivera.gub.uy\/portal\/wp-content\/uploads\/2025\/09\/WhatsApp-Image-2025-09-27-at-1.21.02-PM-862x1536.jpeg 862w, https:\/\/www.rivera.gub.uy\/portal\/wp-content\/uploads\/2025\/09\/WhatsApp-Image-2025-09-27-at-1.21.02-PM-820x1461.jpeg 820w, https:\/\/www.rivera.gub.uy\/portal\/wp-content\/uploads\/2025\/09\/WhatsApp-Image-2025-09-27-at-1.21.02-PM.jpeg 898w\" sizes=\"auto, (max-width: 53px) 100vw, 53px\" \/><\/a>\n\t\t\t<\/div><\/figure><figure class='gallery-item'>\n\t\t\t<div class='gallery-icon portrait'>\n\t\t\t\t<a href='https:\/\/www.rivera.gub.uy\/portal\/wp-content\/uploads\/2025\/09\/WhatsApp-Image-2025-09-27-at-1.21.03-PM-1.jpeg'><img loading=\"lazy\" decoding=\"async\" width=\"53\" height=\"94\" src=\"https:\/\/www.rivera.gub.uy\/portal\/wp-content\/uploads\/2025\/09\/WhatsApp-Image-2025-09-27-at-1.21.03-PM-1-53x94.jpeg\" class=\"attachment-thumbnail size-thumbnail\" alt=\"\" srcset=\"https:\/\/www.rivera.gub.uy\/portal\/wp-content\/uploads\/2025\/09\/WhatsApp-Image-2025-09-27-at-1.21.03-PM-1-53x94.jpeg 53w, https:\/\/www.rivera.gub.uy\/portal\/wp-content\/uploads\/2025\/09\/WhatsApp-Image-2025-09-27-at-1.21.03-PM-1-106x188.jpeg 106w, https:\/\/www.rivera.gub.uy\/portal\/wp-content\/uploads\/2025\/09\/WhatsApp-Image-2025-09-27-at-1.21.03-PM-1-351x626.jpeg 351w, https:\/\/www.rivera.gub.uy\/portal\/wp-content\/uploads\/2025\/09\/WhatsApp-Image-2025-09-27-at-1.21.03-PM-1-768x1368.jpeg 768w, https:\/\/www.rivera.gub.uy\/portal\/wp-content\/uploads\/2025\/09\/WhatsApp-Image-2025-09-27-at-1.21.03-PM-1-862x1536.jpeg 862w, https:\/\/www.rivera.gub.uy\/portal\/wp-content\/uploads\/2025\/09\/WhatsApp-Image-2025-09-27-at-1.21.03-PM-1-820x1461.jpeg 820w, https:\/\/www.rivera.gub.uy\/portal\/wp-content\/uploads\/2025\/09\/WhatsApp-Image-2025-09-27-at-1.21.03-PM-1.jpeg 898w\" sizes=\"auto, (max-width: 53px) 100vw, 53px\" \/><\/a>\n\t\t\t<\/div><\/figure><figure class='gallery-item'>\n\t\t\t<div class='gallery-icon portrait'>\n\t\t\t\t<a href='https:\/\/www.rivera.gub.uy\/portal\/wp-content\/uploads\/2025\/09\/WhatsApp-Image-2025-09-27-at-1.21.03-PM-2.jpeg'><img loading=\"lazy\" decoding=\"async\" width=\"53\" height=\"94\" src=\"https:\/\/www.rivera.gub.uy\/portal\/wp-content\/uploads\/2025\/09\/WhatsApp-Image-2025-09-27-at-1.21.03-PM-2-53x94.jpeg\" class=\"attachment-thumbnail size-thumbnail\" alt=\"\" srcset=\"https:\/\/www.rivera.gub.uy\/portal\/wp-content\/uploads\/2025\/09\/WhatsApp-Image-2025-09-27-at-1.21.03-PM-2-53x94.jpeg 53w, https:\/\/www.rivera.gub.uy\/portal\/wp-content\/uploads\/2025\/09\/WhatsApp-Image-2025-09-27-at-1.21.03-PM-2-106x188.jpeg 106w, https:\/\/www.rivera.gub.uy\/portal\/wp-content\/uploads\/2025\/09\/WhatsApp-Image-2025-09-27-at-1.21.03-PM-2-351x626.jpeg 351w, https:\/\/www.rivera.gub.uy\/portal\/wp-content\/uploads\/2025\/09\/WhatsApp-Image-2025-09-27-at-1.21.03-PM-2-768x1368.jpeg 768w, https:\/\/www.rivera.gub.uy\/portal\/wp-content\/uploads\/2025\/09\/WhatsApp-Image-2025-09-27-at-1.21.03-PM-2-862x1536.jpeg 862w, https:\/\/www.rivera.gub.uy\/portal\/wp-content\/uploads\/2025\/09\/WhatsApp-Image-2025-09-27-at-1.21.03-PM-2-820x1461.jpeg 820w, https:\/\/www.rivera.gub.uy\/portal\/wp-content\/uploads\/2025\/09\/WhatsApp-Image-2025-09-27-at-1.21.03-PM-2.jpeg 898w\" sizes=\"auto, (max-width: 53px) 100vw, 53px\" \/><\/a>\n\t\t\t<\/div><\/figure><figure class='gallery-item'>\n\t\t\t<div class='gallery-icon portrait'>\n\t\t\t\t<a href='https:\/\/www.rivera.gub.uy\/portal\/wp-content\/uploads\/2025\/09\/WhatsApp-Image-2025-09-27-at-1.21.03-PM.jpeg'><img loading=\"lazy\" decoding=\"async\" width=\"53\" height=\"94\" src=\"https:\/\/www.rivera.gub.uy\/portal\/wp-content\/uploads\/2025\/09\/WhatsApp-Image-2025-09-27-at-1.21.03-PM-53x94.jpeg\" class=\"attachment-thumbnail size-thumbnail\" alt=\"\" srcset=\"https:\/\/www.rivera.gub.uy\/portal\/wp-content\/uploads\/2025\/09\/WhatsApp-Image-2025-09-27-at-1.21.03-PM-53x94.jpeg 53w, https:\/\/www.rivera.gub.uy\/portal\/wp-content\/uploads\/2025\/09\/WhatsApp-Image-2025-09-27-at-1.21.03-PM-106x188.jpeg 106w, https:\/\/www.rivera.gub.uy\/portal\/wp-content\/uploads\/2025\/09\/WhatsApp-Image-2025-09-27-at-1.21.03-PM-351x626.jpeg 351w, https:\/\/www.rivera.gub.uy\/portal\/wp-content\/uploads\/2025\/09\/WhatsApp-Image-2025-09-27-at-1.21.03-PM-768x1368.jpeg 768w, https:\/\/www.rivera.gub.uy\/portal\/wp-content\/uploads\/2025\/09\/WhatsApp-Image-2025-09-27-at-1.21.03-PM-862x1536.jpeg 862w, https:\/\/www.rivera.gub.uy\/portal\/wp-content\/uploads\/2025\/09\/WhatsApp-Image-2025-09-27-at-1.21.03-PM-820x1461.jpeg 820w, https:\/\/www.rivera.gub.uy\/portal\/wp-content\/uploads\/2025\/09\/WhatsApp-Image-2025-09-27-at-1.21.03-PM.jpeg 898w\" sizes=\"auto, (max-width: 53px) 100vw, 53px\" \/><\/a>\n\t\t\t<\/div><\/figure><figure class='gallery-item'>\n\t\t\t<div class='gallery-icon portrait'>\n\t\t\t\t<a href='https:\/\/www.rivera.gub.uy\/portal\/wp-content\/uploads\/2025\/09\/WhatsApp-Image-2025-09-27-at-1.21.04-PM-1.jpeg'><img loading=\"lazy\" decoding=\"async\" width=\"53\" height=\"94\" src=\"https:\/\/www.rivera.gub.uy\/portal\/wp-content\/uploads\/2025\/09\/WhatsApp-Image-2025-09-27-at-1.21.04-PM-1-53x94.jpeg\" class=\"attachment-thumbnail size-thumbnail\" alt=\"\" srcset=\"https:\/\/www.rivera.gub.uy\/portal\/wp-content\/uploads\/2025\/09\/WhatsApp-Image-2025-09-27-at-1.21.04-PM-1-53x94.jpeg 53w, https:\/\/www.rivera.gub.uy\/portal\/wp-content\/uploads\/2025\/09\/WhatsApp-Image-2025-09-27-at-1.21.04-PM-1-106x188.jpeg 106w, https:\/\/www.rivera.gub.uy\/portal\/wp-content\/uploads\/2025\/09\/WhatsApp-Image-2025-09-27-at-1.21.04-PM-1-351x626.jpeg 351w, https:\/\/www.rivera.gub.uy\/portal\/wp-content\/uploads\/2025\/09\/WhatsApp-Image-2025-09-27-at-1.21.04-PM-1-768x1368.jpeg 768w, https:\/\/www.rivera.gub.uy\/portal\/wp-content\/uploads\/2025\/09\/WhatsApp-Image-2025-09-27-at-1.21.04-PM-1-862x1536.jpeg 862w, https:\/\/www.rivera.gub.uy\/portal\/wp-content\/uploads\/2025\/09\/WhatsApp-Image-2025-09-27-at-1.21.04-PM-1-820x1461.jpeg 820w, https:\/\/www.rivera.gub.uy\/portal\/wp-content\/uploads\/2025\/09\/WhatsApp-Image-2025-09-27-at-1.21.04-PM-1.jpeg 898w\" sizes=\"auto, (max-width: 53px) 100vw, 53px\" \/><\/a>\n\t\t\t<\/div><\/figure><figure class='gallery-item'>\n\t\t\t<div class='gallery-icon portrait'>\n\t\t\t\t<a href='https:\/\/www.rivera.gub.uy\/portal\/wp-content\/uploads\/2025\/09\/WhatsApp-Image-2025-09-27-at-1.21.04-PM.jpeg'><img loading=\"lazy\" decoding=\"async\" width=\"53\" height=\"94\" src=\"https:\/\/www.rivera.gub.uy\/portal\/wp-content\/uploads\/2025\/09\/WhatsApp-Image-2025-09-27-at-1.21.04-PM-53x94.jpeg\" class=\"attachment-thumbnail size-thumbnail\" alt=\"\" srcset=\"https:\/\/www.rivera.gub.uy\/portal\/wp-content\/uploads\/2025\/09\/WhatsApp-Image-2025-09-27-at-1.21.04-PM-53x94.jpeg 53w, https:\/\/www.rivera.gub.uy\/portal\/wp-content\/uploads\/2025\/09\/WhatsApp-Image-2025-09-27-at-1.21.04-PM-106x188.jpeg 106w, https:\/\/www.rivera.gub.uy\/portal\/wp-content\/uploads\/2025\/09\/WhatsApp-Image-2025-09-27-at-1.21.04-PM-351x626.jpeg 351w, https:\/\/www.rivera.gub.uy\/portal\/wp-content\/uploads\/2025\/09\/WhatsApp-Image-2025-09-27-at-1.21.04-PM-768x1368.jpeg 768w, https:\/\/www.rivera.gub.uy\/portal\/wp-content\/uploads\/2025\/09\/WhatsApp-Image-2025-09-27-at-1.21.04-PM-862x1536.jpeg 862w, https:\/\/www.rivera.gub.uy\/portal\/wp-content\/uploads\/2025\/09\/WhatsApp-Image-2025-09-27-at-1.21.04-PM-820x1461.jpeg 820w, https:\/\/www.rivera.gub.uy\/portal\/wp-content\/uploads\/2025\/09\/WhatsApp-Image-2025-09-27-at-1.21.04-PM.jpeg 898w\" sizes=\"auto, (max-width: 53px) 100vw, 53px\" \/><\/a>\n\t\t\t<\/div><\/figure><figure class='gallery-item'>\n\t\t\t<div class='gallery-icon portrait'>\n\t\t\t\t<a href='https:\/\/www.rivera.gub.uy\/portal\/wp-content\/uploads\/2025\/09\/WhatsApp-Image-2025-09-27-at-1.21.05-PM-1.jpeg'><img loading=\"lazy\" decoding=\"async\" width=\"53\" height=\"94\" src=\"https:\/\/www.rivera.gub.uy\/portal\/wp-content\/uploads\/2025\/09\/WhatsApp-Image-2025-09-27-at-1.21.05-PM-1-53x94.jpeg\" class=\"attachment-thumbnail size-thumbnail\" alt=\"\" srcset=\"https:\/\/www.rivera.gub.uy\/portal\/wp-content\/uploads\/2025\/09\/WhatsApp-Image-2025-09-27-at-1.21.05-PM-1-53x94.jpeg 53w, https:\/\/www.rivera.gub.uy\/portal\/wp-content\/uploads\/2025\/09\/WhatsApp-Image-2025-09-27-at-1.21.05-PM-1-106x188.jpeg 106w, https:\/\/www.rivera.gub.uy\/portal\/wp-content\/uploads\/2025\/09\/WhatsApp-Image-2025-09-27-at-1.21.05-PM-1-351x626.jpeg 351w, https:\/\/www.rivera.gub.uy\/portal\/wp-content\/uploads\/2025\/09\/WhatsApp-Image-2025-09-27-at-1.21.05-PM-1-768x1368.jpeg 768w, https:\/\/www.rivera.gub.uy\/portal\/wp-content\/uploads\/2025\/09\/WhatsApp-Image-2025-09-27-at-1.21.05-PM-1-862x1536.jpeg 862w, https:\/\/www.rivera.gub.uy\/portal\/wp-content\/uploads\/2025\/09\/WhatsApp-Image-2025-09-27-at-1.21.05-PM-1-820x1461.jpeg 820w, https:\/\/www.rivera.gub.uy\/portal\/wp-content\/uploads\/2025\/09\/WhatsApp-Image-2025-09-27-at-1.21.05-PM-1.jpeg 898w\" sizes=\"auto, (max-width: 53px) 100vw, 53px\" \/><\/a>\n\t\t\t<\/div><\/figure><figure class='gallery-item'>\n\t\t\t<div class='gallery-icon portrait'>\n\t\t\t\t<a href='https:\/\/www.rivera.gub.uy\/portal\/wp-content\/uploads\/2025\/09\/WhatsApp-Image-2025-09-27-at-1.21.05-PM-2.jpeg'><img loading=\"lazy\" decoding=\"async\" width=\"53\" height=\"94\" src=\"https:\/\/www.rivera.gub.uy\/portal\/wp-content\/uploads\/2025\/09\/WhatsApp-Image-2025-09-27-at-1.21.05-PM-2-53x94.jpeg\" class=\"attachment-thumbnail size-thumbnail\" alt=\"\" srcset=\"https:\/\/www.rivera.gub.uy\/portal\/wp-content\/uploads\/2025\/09\/WhatsApp-Image-2025-09-27-at-1.21.05-PM-2-53x94.jpeg 53w, https:\/\/www.rivera.gub.uy\/portal\/wp-content\/uploads\/2025\/09\/WhatsApp-Image-2025-09-27-at-1.21.05-PM-2-106x188.jpeg 106w, https:\/\/www.rivera.gub.uy\/portal\/wp-content\/uploads\/2025\/09\/WhatsApp-Image-2025-09-27-at-1.21.05-PM-2-351x626.jpeg 351w, https:\/\/www.rivera.gub.uy\/portal\/wp-content\/uploads\/2025\/09\/WhatsApp-Image-2025-09-27-at-1.21.05-PM-2-768x1368.jpeg 768w, https:\/\/www.rivera.gub.uy\/portal\/wp-content\/uploads\/2025\/09\/WhatsApp-Image-2025-09-27-at-1.21.05-PM-2-862x1536.jpeg 862w, https:\/\/www.rivera.gub.uy\/portal\/wp-content\/uploads\/2025\/09\/WhatsApp-Image-2025-09-27-at-1.21.05-PM-2-820x1461.jpeg 820w, https:\/\/www.rivera.gub.uy\/portal\/wp-content\/uploads\/2025\/09\/WhatsApp-Image-2025-09-27-at-1.21.05-PM-2.jpeg 898w\" sizes=\"auto, (max-width: 53px) 100vw, 53px\" \/><\/a>\n\t\t\t<\/div><\/figure><figure class='gallery-item'>\n\t\t\t<div class='gallery-icon portrait'>\n\t\t\t\t<a href='https:\/\/www.rivera.gub.uy\/portal\/wp-content\/uploads\/2025\/09\/WhatsApp-Image-2025-09-27-at-1.21.05-PM.jpeg'><img loading=\"lazy\" decoding=\"async\" width=\"53\" height=\"94\" src=\"https:\/\/www.rivera.gub.uy\/portal\/wp-content\/uploads\/2025\/09\/WhatsApp-Image-2025-09-27-at-1.21.05-PM-53x94.jpeg\" class=\"attachment-thumbnail size-thumbnail\" alt=\"\" srcset=\"https:\/\/www.rivera.gub.uy\/portal\/wp-content\/uploads\/2025\/09\/WhatsApp-Image-2025-09-27-at-1.21.05-PM-53x94.jpeg 53w, https:\/\/www.rivera.gub.uy\/portal\/wp-content\/uploads\/2025\/09\/WhatsApp-Image-2025-09-27-at-1.21.05-PM-106x188.jpeg 106w, https:\/\/www.rivera.gub.uy\/portal\/wp-content\/uploads\/2025\/09\/WhatsApp-Image-2025-09-27-at-1.21.05-PM-351x626.jpeg 351w, https:\/\/www.rivera.gub.uy\/portal\/wp-content\/uploads\/2025\/09\/WhatsApp-Image-2025-09-27-at-1.21.05-PM-768x1368.jpeg 768w, https:\/\/www.rivera.gub.uy\/portal\/wp-content\/uploads\/2025\/09\/WhatsApp-Image-2025-09-27-at-1.21.05-PM-862x1536.jpeg 862w, https:\/\/www.rivera.gub.uy\/portal\/wp-content\/uploads\/2025\/09\/WhatsApp-Image-2025-09-27-at-1.21.05-PM-820x1461.jpeg 820w, https:\/\/www.rivera.gub.uy\/portal\/wp-content\/uploads\/2025\/09\/WhatsApp-Image-2025-09-27-at-1.21.05-PM.jpeg 898w\" sizes=\"auto, (max-width: 53px) 100vw, 53px\" \/><\/a>\n\t\t\t<\/div><\/figure><figure class='gallery-item'>\n\t\t\t<div class='gallery-icon portrait'>\n\t\t\t\t<a href='https:\/\/www.rivera.gub.uy\/portal\/wp-content\/uploads\/2025\/09\/WhatsApp-Image-2025-09-27-at-1.21.06-PM-1.jpeg'><img loading=\"lazy\" decoding=\"async\" width=\"53\" height=\"94\" src=\"https:\/\/www.rivera.gub.uy\/portal\/wp-content\/uploads\/2025\/09\/WhatsApp-Image-2025-09-27-at-1.21.06-PM-1-53x94.jpeg\" class=\"attachment-thumbnail size-thumbnail\" alt=\"\" srcset=\"https:\/\/www.rivera.gub.uy\/portal\/wp-content\/uploads\/2025\/09\/WhatsApp-Image-2025-09-27-at-1.21.06-PM-1-53x94.jpeg 53w, https:\/\/www.rivera.gub.uy\/portal\/wp-content\/uploads\/2025\/09\/WhatsApp-Image-2025-09-27-at-1.21.06-PM-1-106x188.jpeg 106w, https:\/\/www.rivera.gub.uy\/portal\/wp-content\/uploads\/2025\/09\/WhatsApp-Image-2025-09-27-at-1.21.06-PM-1-351x626.jpeg 351w, https:\/\/www.rivera.gub.uy\/portal\/wp-content\/uploads\/2025\/09\/WhatsApp-Image-2025-09-27-at-1.21.06-PM-1-768x1368.jpeg 768w, https:\/\/www.rivera.gub.uy\/portal\/wp-content\/uploads\/2025\/09\/WhatsApp-Image-2025-09-27-at-1.21.06-PM-1-862x1536.jpeg 862w, https:\/\/www.rivera.gub.uy\/portal\/wp-content\/uploads\/2025\/09\/WhatsApp-Image-2025-09-27-at-1.21.06-PM-1-820x1461.jpeg 820w, https:\/\/www.rivera.gub.uy\/portal\/wp-content\/uploads\/2025\/09\/WhatsApp-Image-2025-09-27-at-1.21.06-PM-1.jpeg 898w\" sizes=\"auto, (max-width: 53px) 100vw, 53px\" \/><\/a>\n\t\t\t<\/div><\/figure><figure class='gallery-item'>\n\t\t\t<div class='gallery-icon portrait'>\n\t\t\t\t<a href='https:\/\/www.rivera.gub.uy\/portal\/wp-content\/uploads\/2025\/09\/WhatsApp-Image-2025-09-27-at-1.21.06-PM.jpeg'><img loading=\"lazy\" decoding=\"async\" width=\"53\" height=\"94\" src=\"https:\/\/www.rivera.gub.uy\/portal\/wp-content\/uploads\/2025\/09\/WhatsApp-Image-2025-09-27-at-1.21.06-PM-53x94.jpeg\" class=\"attachment-thumbnail size-thumbnail\" alt=\"\" srcset=\"https:\/\/www.rivera.gub.uy\/portal\/wp-content\/uploads\/2025\/09\/WhatsApp-Image-2025-09-27-at-1.21.06-PM-53x94.jpeg 53w, https:\/\/www.rivera.gub.uy\/portal\/wp-content\/uploads\/2025\/09\/WhatsApp-Image-2025-09-27-at-1.21.06-PM-106x188.jpeg 106w, https:\/\/www.rivera.gub.uy\/portal\/wp-content\/uploads\/2025\/09\/WhatsApp-Image-2025-09-27-at-1.21.06-PM-351x626.jpeg 351w, https:\/\/www.rivera.gub.uy\/portal\/wp-content\/uploads\/2025\/09\/WhatsApp-Image-2025-09-27-at-1.21.06-PM-768x1368.jpeg 768w, https:\/\/www.rivera.gub.uy\/portal\/wp-content\/uploads\/2025\/09\/WhatsApp-Image-2025-09-27-at-1.21.06-PM-862x1536.jpeg 862w, https:\/\/www.rivera.gub.uy\/portal\/wp-content\/uploads\/2025\/09\/WhatsApp-Image-2025-09-27-at-1.21.06-PM-820x1461.jpeg 820w, https:\/\/www.rivera.gub.uy\/portal\/wp-content\/uploads\/2025\/09\/WhatsApp-Image-2025-09-27-at-1.21.06-PM.jpeg 898w\" sizes=\"auto, (max-width: 53px) 100vw, 53px\" \/><\/a>\n\t\t\t<\/div><\/figure><figure class='gallery-item'>\n\t\t\t<div class='gallery-icon portrait'>\n\t\t\t\t<a href='https:\/\/www.rivera.gub.uy\/portal\/wp-content\/uploads\/2025\/09\/WhatsApp-Image-2025-09-27-at-1.21.07-PM-1.jpeg'><img loading=\"lazy\" decoding=\"async\" width=\"53\" height=\"94\" src=\"https:\/\/www.rivera.gub.uy\/portal\/wp-content\/uploads\/2025\/09\/WhatsApp-Image-2025-09-27-at-1.21.07-PM-1-53x94.jpeg\" class=\"attachment-thumbnail size-thumbnail\" alt=\"\" srcset=\"https:\/\/www.rivera.gub.uy\/portal\/wp-content\/uploads\/2025\/09\/WhatsApp-Image-2025-09-27-at-1.21.07-PM-1-53x94.jpeg 53w, https:\/\/www.rivera.gub.uy\/portal\/wp-content\/uploads\/2025\/09\/WhatsApp-Image-2025-09-27-at-1.21.07-PM-1-106x188.jpeg 106w, https:\/\/www.rivera.gub.uy\/portal\/wp-content\/uploads\/2025\/09\/WhatsApp-Image-2025-09-27-at-1.21.07-PM-1-351x626.jpeg 351w, https:\/\/www.rivera.gub.uy\/portal\/wp-content\/uploads\/2025\/09\/WhatsApp-Image-2025-09-27-at-1.21.07-PM-1-768x1368.jpeg 768w, https:\/\/www.rivera.gub.uy\/portal\/wp-content\/uploads\/2025\/09\/WhatsApp-Image-2025-09-27-at-1.21.07-PM-1-862x1536.jpeg 862w, https:\/\/www.rivera.gub.uy\/portal\/wp-content\/uploads\/2025\/09\/WhatsApp-Image-2025-09-27-at-1.21.07-PM-1-820x1461.jpeg 820w, https:\/\/www.rivera.gub.uy\/portal\/wp-content\/uploads\/2025\/09\/WhatsApp-Image-2025-09-27-at-1.21.07-PM-1.jpeg 898w\" sizes=\"auto, (max-width: 53px) 100vw, 53px\" \/><\/a>\n\t\t\t<\/div><\/figure><figure class='gallery-item'>\n\t\t\t<div class='gallery-icon portrait'>\n\t\t\t\t<a href='https:\/\/www.rivera.gub.uy\/portal\/wp-content\/uploads\/2025\/09\/WhatsApp-Image-2025-09-27-at-1.21.07-PM.jpeg'><img loading=\"lazy\" decoding=\"async\" width=\"53\" height=\"94\" src=\"https:\/\/www.rivera.gub.uy\/portal\/wp-content\/uploads\/2025\/09\/WhatsApp-Image-2025-09-27-at-1.21.07-PM-53x94.jpeg\" class=\"attachment-thumbnail size-thumbnail\" alt=\"\" srcset=\"https:\/\/www.rivera.gub.uy\/portal\/wp-content\/uploads\/2025\/09\/WhatsApp-Image-2025-09-27-at-1.21.07-PM-53x94.jpeg 53w, https:\/\/www.rivera.gub.uy\/portal\/wp-content\/uploads\/2025\/09\/WhatsApp-Image-2025-09-27-at-1.21.07-PM-106x188.jpeg 106w, https:\/\/www.rivera.gub.uy\/portal\/wp-content\/uploads\/2025\/09\/WhatsApp-Image-2025-09-27-at-1.21.07-PM-351x626.jpeg 351w, https:\/\/www.rivera.gub.uy\/portal\/wp-content\/uploads\/2025\/09\/WhatsApp-Image-2025-09-27-at-1.21.07-PM-768x1368.jpeg 768w, https:\/\/www.rivera.gub.uy\/portal\/wp-content\/uploads\/2025\/09\/WhatsApp-Image-2025-09-27-at-1.21.07-PM-862x1536.jpeg 862w, https:\/\/www.rivera.gub.uy\/portal\/wp-content\/uploads\/2025\/09\/WhatsApp-Image-2025-09-27-at-1.21.07-PM-820x1461.jpeg 820w, https:\/\/www.rivera.gub.uy\/portal\/wp-content\/uploads\/2025\/09\/WhatsApp-Image-2025-09-27-at-1.21.07-PM.jpeg 898w\" sizes=\"auto, (max-width: 53px) 100vw, 53px\" \/><\/a>\n\t\t\t<\/div><\/figure><figure class='gallery-item'>\n\t\t\t<div class='gallery-icon portrait'>\n\t\t\t\t<a href='https:\/\/www.rivera.gub.uy\/portal\/wp-content\/uploads\/2025\/09\/WhatsApp-Image-2025-09-27-at-1.21.08-PM-1.jpeg'><img loading=\"lazy\" decoding=\"async\" width=\"53\" height=\"94\" src=\"https:\/\/www.rivera.gub.uy\/portal\/wp-content\/uploads\/2025\/09\/WhatsApp-Image-2025-09-27-at-1.21.08-PM-1-53x94.jpeg\" class=\"attachment-thumbnail size-thumbnail\" alt=\"\" srcset=\"https:\/\/www.rivera.gub.uy\/portal\/wp-content\/uploads\/2025\/09\/WhatsApp-Image-2025-09-27-at-1.21.08-PM-1-53x94.jpeg 53w, https:\/\/www.rivera.gub.uy\/portal\/wp-content\/uploads\/2025\/09\/WhatsApp-Image-2025-09-27-at-1.21.08-PM-1-106x188.jpeg 106w, https:\/\/www.rivera.gub.uy\/portal\/wp-content\/uploads\/2025\/09\/WhatsApp-Image-2025-09-27-at-1.21.08-PM-1-351x626.jpeg 351w, https:\/\/www.rivera.gub.uy\/portal\/wp-content\/uploads\/2025\/09\/WhatsApp-Image-2025-09-27-at-1.21.08-PM-1-768x1368.jpeg 768w, https:\/\/www.rivera.gub.uy\/portal\/wp-content\/uploads\/2025\/09\/WhatsApp-Image-2025-09-27-at-1.21.08-PM-1-862x1536.jpeg 862w, https:\/\/www.rivera.gub.uy\/portal\/wp-content\/uploads\/2025\/09\/WhatsApp-Image-2025-09-27-at-1.21.08-PM-1-820x1461.jpeg 820w, https:\/\/www.rivera.gub.uy\/portal\/wp-content\/uploads\/2025\/09\/WhatsApp-Image-2025-09-27-at-1.21.08-PM-1.jpeg 898w\" sizes=\"auto, (max-width: 53px) 100vw, 53px\" \/><\/a>\n\t\t\t<\/div><\/figure><figure class='gallery-item'>\n\t\t\t<div class='gallery-icon portrait'>\n\t\t\t\t<a href='https:\/\/www.rivera.gub.uy\/portal\/wp-content\/uploads\/2025\/09\/WhatsApp-Image-2025-09-27-at-1.21.08-PM.jpeg'><img loading=\"lazy\" decoding=\"async\" width=\"53\" height=\"94\" src=\"https:\/\/www.rivera.gub.uy\/portal\/wp-content\/uploads\/2025\/09\/WhatsApp-Image-2025-09-27-at-1.21.08-PM-53x94.jpeg\" class=\"attachment-thumbnail size-thumbnail\" alt=\"\" srcset=\"https:\/\/www.rivera.gub.uy\/portal\/wp-content\/uploads\/2025\/09\/WhatsApp-Image-2025-09-27-at-1.21.08-PM-53x94.jpeg 53w, https:\/\/www.rivera.gub.uy\/portal\/wp-content\/uploads\/2025\/09\/WhatsApp-Image-2025-09-27-at-1.21.08-PM-106x188.jpeg 106w, https:\/\/www.rivera.gub.uy\/portal\/wp-content\/uploads\/2025\/09\/WhatsApp-Image-2025-09-27-at-1.21.08-PM-351x626.jpeg 351w, https:\/\/www.rivera.gub.uy\/portal\/wp-content\/uploads\/2025\/09\/WhatsApp-Image-2025-09-27-at-1.21.08-PM-768x1368.jpeg 768w, https:\/\/www.rivera.gub.uy\/portal\/wp-content\/uploads\/2025\/09\/WhatsApp-Image-2025-09-27-at-1.21.08-PM-862x1536.jpeg 862w, https:\/\/www.rivera.gub.uy\/portal\/wp-content\/uploads\/2025\/09\/WhatsApp-Image-2025-09-27-at-1.21.08-PM-820x1461.jpeg 820w, https:\/\/www.rivera.gub.uy\/portal\/wp-content\/uploads\/2025\/09\/WhatsApp-Image-2025-09-27-at-1.21.08-PM.jpeg 898w\" sizes=\"auto, (max-width: 53px) 100vw, 53px\" \/><\/a>\n\t\t\t<\/div><\/figure><figure class='gallery-item'>\n\t\t\t<div class='gallery-icon portrait'>\n\t\t\t\t<a href='https:\/\/www.rivera.gub.uy\/portal\/wp-content\/uploads\/2025\/09\/WhatsApp-Image-2025-09-27-at-1.21.09-PM.jpeg'><img loading=\"lazy\" decoding=\"async\" width=\"53\" height=\"94\" src=\"https:\/\/www.rivera.gub.uy\/portal\/wp-content\/uploads\/2025\/09\/WhatsApp-Image-2025-09-27-at-1.21.09-PM-53x94.jpeg\" class=\"attachment-thumbnail size-thumbnail\" alt=\"\" srcset=\"https:\/\/www.rivera.gub.uy\/portal\/wp-content\/uploads\/2025\/09\/WhatsApp-Image-2025-09-27-at-1.21.09-PM-53x94.jpeg 53w, https:\/\/www.rivera.gub.uy\/portal\/wp-content\/uploads\/2025\/09\/WhatsApp-Image-2025-09-27-at-1.21.09-PM-106x188.jpeg 106w, https:\/\/www.rivera.gub.uy\/portal\/wp-content\/uploads\/2025\/09\/WhatsApp-Image-2025-09-27-at-1.21.09-PM-351x626.jpeg 351w, https:\/\/www.rivera.gub.uy\/portal\/wp-content\/uploads\/2025\/09\/WhatsApp-Image-2025-09-27-at-1.21.09-PM-768x1368.jpeg 768w, https:\/\/www.rivera.gub.uy\/portal\/wp-content\/uploads\/2025\/09\/WhatsApp-Image-2025-09-27-at-1.21.09-PM-862x1536.jpeg 862w, https:\/\/www.rivera.gub.uy\/portal\/wp-content\/uploads\/2025\/09\/WhatsApp-Image-2025-09-27-at-1.21.09-PM-820x1461.jpeg 820w, https:\/\/www.rivera.gub.uy\/portal\/wp-content\/uploads\/2025\/09\/WhatsApp-Image-2025-09-27-at-1.21.09-PM.jpeg 898w\" sizes=\"auto, (max-width: 53px) 100vw, 53px\" \/><\/a>\n\t\t\t<\/div><\/figure><figure class='gallery-item'>\n\t\t\t<div class='gallery-icon portrait'>\n\t\t\t\t<a href='https:\/\/www.rivera.gub.uy\/portal\/wp-content\/uploads\/2025\/09\/WhatsApp-Image-2025-09-27-at-1.21.10-PM-1.jpeg'><img loading=\"lazy\" decoding=\"async\" width=\"53\" height=\"94\" src=\"https:\/\/www.rivera.gub.uy\/portal\/wp-content\/uploads\/2025\/09\/WhatsApp-Image-2025-09-27-at-1.21.10-PM-1-53x94.jpeg\" class=\"attachment-thumbnail size-thumbnail\" alt=\"\" srcset=\"https:\/\/www.rivera.gub.uy\/portal\/wp-content\/uploads\/2025\/09\/WhatsApp-Image-2025-09-27-at-1.21.10-PM-1-53x94.jpeg 53w, https:\/\/www.rivera.gub.uy\/portal\/wp-content\/uploads\/2025\/09\/WhatsApp-Image-2025-09-27-at-1.21.10-PM-1-106x188.jpeg 106w, https:\/\/www.rivera.gub.uy\/portal\/wp-content\/uploads\/2025\/09\/WhatsApp-Image-2025-09-27-at-1.21.10-PM-1-351x626.jpeg 351w, https:\/\/www.rivera.gub.uy\/portal\/wp-content\/uploads\/2025\/09\/WhatsApp-Image-2025-09-27-at-1.21.10-PM-1-768x1368.jpeg 768w, https:\/\/www.rivera.gub.uy\/portal\/wp-content\/uploads\/2025\/09\/WhatsApp-Image-2025-09-27-at-1.21.10-PM-1-862x1536.jpeg 862w, https:\/\/www.rivera.gub.uy\/portal\/wp-content\/uploads\/2025\/09\/WhatsApp-Image-2025-09-27-at-1.21.10-PM-1-820x1461.jpeg 820w, https:\/\/www.rivera.gub.uy\/portal\/wp-content\/uploads\/2025\/09\/WhatsApp-Image-2025-09-27-at-1.21.10-PM-1.jpeg 898w\" sizes=\"auto, (max-width: 53px) 100vw, 53px\" \/><\/a>\n\t\t\t<\/div><\/figure><figure class='gallery-item'>\n\t\t\t<div class='gallery-icon portrait'>\n\t\t\t\t<a href='https:\/\/www.rivera.gub.uy\/portal\/wp-content\/uploads\/2025\/09\/WhatsApp-Image-2025-09-27-at-1.21.10-PM.jpeg'><img loading=\"lazy\" decoding=\"async\" width=\"53\" height=\"94\" src=\"https:\/\/www.rivera.gub.uy\/portal\/wp-content\/uploads\/2025\/09\/WhatsApp-Image-2025-09-27-at-1.21.10-PM-53x94.jpeg\" class=\"attachment-thumbnail size-thumbnail\" alt=\"\" srcset=\"https:\/\/www.rivera.gub.uy\/portal\/wp-content\/uploads\/2025\/09\/WhatsApp-Image-2025-09-27-at-1.21.10-PM-53x94.jpeg 53w, https:\/\/www.rivera.gub.uy\/portal\/wp-content\/uploads\/2025\/09\/WhatsApp-Image-2025-09-27-at-1.21.10-PM-106x188.jpeg 106w, https:\/\/www.rivera.gub.uy\/portal\/wp-content\/uploads\/2025\/09\/WhatsApp-Image-2025-09-27-at-1.21.10-PM-351x626.jpeg 351w, https:\/\/www.rivera.gub.uy\/portal\/wp-content\/uploads\/2025\/09\/WhatsApp-Image-2025-09-27-at-1.21.10-PM-768x1368.jpeg 768w, https:\/\/www.rivera.gub.uy\/portal\/wp-content\/uploads\/2025\/09\/WhatsApp-Image-2025-09-27-at-1.21.10-PM-862x1536.jpeg 862w, https:\/\/www.rivera.gub.uy\/portal\/wp-content\/uploads\/2025\/09\/WhatsApp-Image-2025-09-27-at-1.21.10-PM-820x1461.jpeg 820w, https:\/\/www.rivera.gub.uy\/portal\/wp-content\/uploads\/2025\/09\/WhatsApp-Image-2025-09-27-at-1.21.10-PM.jpeg 898w\" sizes=\"auto, (max-width: 53px) 100vw, 53px\" \/><\/a>\n\t\t\t<\/div><\/figure><figure class='gallery-item'>\n\t\t\t<div class='gallery-icon portrait'>\n\t\t\t\t<a href='https:\/\/www.rivera.gub.uy\/portal\/wp-content\/uploads\/2025\/09\/WhatsApp-Image-2025-09-27-at-1.21.11-PM-1.jpeg'><img loading=\"lazy\" decoding=\"async\" width=\"53\" height=\"94\" src=\"https:\/\/www.rivera.gub.uy\/portal\/wp-content\/uploads\/2025\/09\/WhatsApp-Image-2025-09-27-at-1.21.11-PM-1-53x94.jpeg\" class=\"attachment-thumbnail size-thumbnail\" alt=\"\" srcset=\"https:\/\/www.rivera.gub.uy\/portal\/wp-content\/uploads\/2025\/09\/WhatsApp-Image-2025-09-27-at-1.21.11-PM-1-53x94.jpeg 53w, https:\/\/www.rivera.gub.uy\/portal\/wp-content\/uploads\/2025\/09\/WhatsApp-Image-2025-09-27-at-1.21.11-PM-1-106x188.jpeg 106w, https:\/\/www.rivera.gub.uy\/portal\/wp-content\/uploads\/2025\/09\/WhatsApp-Image-2025-09-27-at-1.21.11-PM-1-351x626.jpeg 351w, https:\/\/www.rivera.gub.uy\/portal\/wp-content\/uploads\/2025\/09\/WhatsApp-Image-2025-09-27-at-1.21.11-PM-1-768x1368.jpeg 768w, https:\/\/www.rivera.gub.uy\/portal\/wp-content\/uploads\/2025\/09\/WhatsApp-Image-2025-09-27-at-1.21.11-PM-1-862x1536.jpeg 862w, https:\/\/www.rivera.gub.uy\/portal\/wp-content\/uploads\/2025\/09\/WhatsApp-Image-2025-09-27-at-1.21.11-PM-1-820x1461.jpeg 820w, https:\/\/www.rivera.gub.uy\/portal\/wp-content\/uploads\/2025\/09\/WhatsApp-Image-2025-09-27-at-1.21.11-PM-1.jpeg 898w\" sizes=\"auto, (max-width: 53px) 100vw, 53px\" \/><\/a>\n\t\t\t<\/div><\/figure><figure class='gallery-item'>\n\t\t\t<div class='gallery-icon portrait'>\n\t\t\t\t<a href='https:\/\/www.rivera.gub.uy\/portal\/wp-content\/uploads\/2025\/09\/WhatsApp-Image-2025-09-27-at-1.21.11-PM.jpeg'><img loading=\"lazy\" decoding=\"async\" width=\"53\" height=\"94\" src=\"https:\/\/www.rivera.gub.uy\/portal\/wp-content\/uploads\/2025\/09\/WhatsApp-Image-2025-09-27-at-1.21.11-PM-53x94.jpeg\" class=\"attachment-thumbnail size-thumbnail\" alt=\"\" srcset=\"https:\/\/www.rivera.gub.uy\/portal\/wp-content\/uploads\/2025\/09\/WhatsApp-Image-2025-09-27-at-1.21.11-PM-53x94.jpeg 53w, https:\/\/www.rivera.gub.uy\/portal\/wp-content\/uploads\/2025\/09\/WhatsApp-Image-2025-09-27-at-1.21.11-PM-106x188.jpeg 106w, https:\/\/www.rivera.gub.uy\/portal\/wp-content\/uploads\/2025\/09\/WhatsApp-Image-2025-09-27-at-1.21.11-PM-351x626.jpeg 351w, https:\/\/www.rivera.gub.uy\/portal\/wp-content\/uploads\/2025\/09\/WhatsApp-Image-2025-09-27-at-1.21.11-PM-768x1368.jpeg 768w, https:\/\/www.rivera.gub.uy\/portal\/wp-content\/uploads\/2025\/09\/WhatsApp-Image-2025-09-27-at-1.21.11-PM-862x1536.jpeg 862w, https:\/\/www.rivera.gub.uy\/portal\/wp-content\/uploads\/2025\/09\/WhatsApp-Image-2025-09-27-at-1.21.11-PM-820x1461.jpeg 820w, https:\/\/www.rivera.gub.uy\/portal\/wp-content\/uploads\/2025\/09\/WhatsApp-Image-2025-09-27-at-1.21.11-PM.jpeg 898w\" sizes=\"auto, (max-width: 53px) 100vw, 53px\" \/><\/a>\n\t\t\t<\/div><\/figure><figure class='gallery-item'>\n\t\t\t<div class='gallery-icon portrait'>\n\t\t\t\t<a href='https:\/\/www.rivera.gub.uy\/portal\/wp-content\/uploads\/2025\/09\/WhatsApp-Image-2025-09-27-at-1.21.12-PM-1.jpeg'><img loading=\"lazy\" decoding=\"async\" width=\"53\" height=\"94\" src=\"https:\/\/www.rivera.gub.uy\/portal\/wp-content\/uploads\/2025\/09\/WhatsApp-Image-2025-09-27-at-1.21.12-PM-1-53x94.jpeg\" class=\"attachment-thumbnail size-thumbnail\" alt=\"\" srcset=\"https:\/\/www.rivera.gub.uy\/portal\/wp-content\/uploads\/2025\/09\/WhatsApp-Image-2025-09-27-at-1.21.12-PM-1-53x94.jpeg 53w, https:\/\/www.rivera.gub.uy\/portal\/wp-content\/uploads\/2025\/09\/WhatsApp-Image-2025-09-27-at-1.21.12-PM-1-106x188.jpeg 106w, https:\/\/www.rivera.gub.uy\/portal\/wp-content\/uploads\/2025\/09\/WhatsApp-Image-2025-09-27-at-1.21.12-PM-1-351x626.jpeg 351w, https:\/\/www.rivera.gub.uy\/portal\/wp-content\/uploads\/2025\/09\/WhatsApp-Image-2025-09-27-at-1.21.12-PM-1-768x1368.jpeg 768w, https:\/\/www.rivera.gub.uy\/portal\/wp-content\/uploads\/2025\/09\/WhatsApp-Image-2025-09-27-at-1.21.12-PM-1-862x1536.jpeg 862w, https:\/\/www.rivera.gub.uy\/portal\/wp-content\/uploads\/2025\/09\/WhatsApp-Image-2025-09-27-at-1.21.12-PM-1-820x1461.jpeg 820w, https:\/\/www.rivera.gub.uy\/portal\/wp-content\/uploads\/2025\/09\/WhatsApp-Image-2025-09-27-at-1.21.12-PM-1.jpeg 898w\" sizes=\"auto, (max-width: 53px) 100vw, 53px\" \/><\/a>\n\t\t\t<\/div><\/figure><figure class='gallery-item'>\n\t\t\t<div class='gallery-icon portrait'>\n\t\t\t\t<a href='https:\/\/www.rivera.gub.uy\/portal\/wp-content\/uploads\/2025\/09\/WhatsApp-Image-2025-09-27-at-1.21.12-PM.jpeg'><img loading=\"lazy\" decoding=\"async\" width=\"53\" height=\"94\" src=\"https:\/\/www.rivera.gub.uy\/portal\/wp-content\/uploads\/2025\/09\/WhatsApp-Image-2025-09-27-at-1.21.12-PM-53x94.jpeg\" class=\"attachment-thumbnail size-thumbnail\" alt=\"\" srcset=\"https:\/\/www.rivera.gub.uy\/portal\/wp-content\/uploads\/2025\/09\/WhatsApp-Image-2025-09-27-at-1.21.12-PM-53x94.jpeg 53w, https:\/\/www.rivera.gub.uy\/portal\/wp-content\/uploads\/2025\/09\/WhatsApp-Image-2025-09-27-at-1.21.12-PM-106x188.jpeg 106w, https:\/\/www.rivera.gub.uy\/portal\/wp-content\/uploads\/2025\/09\/WhatsApp-Image-2025-09-27-at-1.21.12-PM-351x626.jpeg 351w, https:\/\/www.rivera.gub.uy\/portal\/wp-content\/uploads\/2025\/09\/WhatsApp-Image-2025-09-27-at-1.21.12-PM-768x1368.jpeg 768w, https:\/\/www.rivera.gub.uy\/portal\/wp-content\/uploads\/2025\/09\/WhatsApp-Image-2025-09-27-at-1.21.12-PM-862x1536.jpeg 862w, https:\/\/www.rivera.gub.uy\/portal\/wp-content\/uploads\/2025\/09\/WhatsApp-Image-2025-09-27-at-1.21.12-PM-820x1461.jpeg 820w, https:\/\/www.rivera.gub.uy\/portal\/wp-content\/uploads\/2025\/09\/WhatsApp-Image-2025-09-27-at-1.21.12-PM.jpeg 898w\" sizes=\"auto, (max-width: 53px) 100vw, 53px\" \/><\/a>\n\t\t\t<\/div><\/figure><figure class='gallery-item'>\n\t\t\t<div class='gallery-icon portrait'>\n\t\t\t\t<a href='https:\/\/www.rivera.gub.uy\/portal\/wp-content\/uploads\/2025\/09\/WhatsApp-Image-2025-09-27-at-1.21.13-PM-1.jpeg'><img loading=\"lazy\" decoding=\"async\" width=\"53\" height=\"94\" src=\"https:\/\/www.rivera.gub.uy\/portal\/wp-content\/uploads\/2025\/09\/WhatsApp-Image-2025-09-27-at-1.21.13-PM-1-53x94.jpeg\" class=\"attachment-thumbnail size-thumbnail\" alt=\"\" srcset=\"https:\/\/www.rivera.gub.uy\/portal\/wp-content\/uploads\/2025\/09\/WhatsApp-Image-2025-09-27-at-1.21.13-PM-1-53x94.jpeg 53w, https:\/\/www.rivera.gub.uy\/portal\/wp-content\/uploads\/2025\/09\/WhatsApp-Image-2025-09-27-at-1.21.13-PM-1-106x188.jpeg 106w, https:\/\/www.rivera.gub.uy\/portal\/wp-content\/uploads\/2025\/09\/WhatsApp-Image-2025-09-27-at-1.21.13-PM-1-351x626.jpeg 351w, https:\/\/www.rivera.gub.uy\/portal\/wp-content\/uploads\/2025\/09\/WhatsApp-Image-2025-09-27-at-1.21.13-PM-1-768x1368.jpeg 768w, https:\/\/www.rivera.gub.uy\/portal\/wp-content\/uploads\/2025\/09\/WhatsApp-Image-2025-09-27-at-1.21.13-PM-1-862x1536.jpeg 862w, https:\/\/www.rivera.gub.uy\/portal\/wp-content\/uploads\/2025\/09\/WhatsApp-Image-2025-09-27-at-1.21.13-PM-1-820x1461.jpeg 820w, https:\/\/www.rivera.gub.uy\/portal\/wp-content\/uploads\/2025\/09\/WhatsApp-Image-2025-09-27-at-1.21.13-PM-1.jpeg 898w\" sizes=\"auto, (max-width: 53px) 100vw, 53px\" \/><\/a>\n\t\t\t<\/div><\/figure><figure class='gallery-item'>\n\t\t\t<div class='gallery-icon portrait'>\n\t\t\t\t<a href='https:\/\/www.rivera.gub.uy\/portal\/wp-content\/uploads\/2025\/09\/WhatsApp-Image-2025-09-27-at-1.21.13-PM-2.jpeg'><img loading=\"lazy\" decoding=\"async\" width=\"53\" height=\"94\" src=\"https:\/\/www.rivera.gub.uy\/portal\/wp-content\/uploads\/2025\/09\/WhatsApp-Image-2025-09-27-at-1.21.13-PM-2-53x94.jpeg\" class=\"attachment-thumbnail size-thumbnail\" alt=\"\" srcset=\"https:\/\/www.rivera.gub.uy\/portal\/wp-content\/uploads\/2025\/09\/WhatsApp-Image-2025-09-27-at-1.21.13-PM-2-53x94.jpeg 53w, https:\/\/www.rivera.gub.uy\/portal\/wp-content\/uploads\/2025\/09\/WhatsApp-Image-2025-09-27-at-1.21.13-PM-2-106x188.jpeg 106w, https:\/\/www.rivera.gub.uy\/portal\/wp-content\/uploads\/2025\/09\/WhatsApp-Image-2025-09-27-at-1.21.13-PM-2-351x626.jpeg 351w, https:\/\/www.rivera.gub.uy\/portal\/wp-content\/uploads\/2025\/09\/WhatsApp-Image-2025-09-27-at-1.21.13-PM-2-768x1368.jpeg 768w, https:\/\/www.rivera.gub.uy\/portal\/wp-content\/uploads\/2025\/09\/WhatsApp-Image-2025-09-27-at-1.21.13-PM-2-862x1536.jpeg 862w, https:\/\/www.rivera.gub.uy\/portal\/wp-content\/uploads\/2025\/09\/WhatsApp-Image-2025-09-27-at-1.21.13-PM-2-820x1461.jpeg 820w, https:\/\/www.rivera.gub.uy\/portal\/wp-content\/uploads\/2025\/09\/WhatsApp-Image-2025-09-27-at-1.21.13-PM-2.jpeg 898w\" sizes=\"auto, (max-width: 53px) 100vw, 53px\" \/><\/a>\n\t\t\t<\/div><\/figure><figure class='gallery-item'>\n\t\t\t<div class='gallery-icon portrait'>\n\t\t\t\t<a href='https:\/\/www.rivera.gub.uy\/portal\/wp-content\/uploads\/2025\/09\/WhatsApp-Image-2025-09-27-at-1.21.13-PM.jpeg'><img loading=\"lazy\" decoding=\"async\" width=\"53\" height=\"94\" src=\"https:\/\/www.rivera.gub.uy\/portal\/wp-content\/uploads\/2025\/09\/WhatsApp-Image-2025-09-27-at-1.21.13-PM-53x94.jpeg\" class=\"attachment-thumbnail size-thumbnail\" alt=\"\" srcset=\"https:\/\/www.rivera.gub.uy\/portal\/wp-content\/uploads\/2025\/09\/WhatsApp-Image-2025-09-27-at-1.21.13-PM-53x94.jpeg 53w, https:\/\/www.rivera.gub.uy\/portal\/wp-content\/uploads\/2025\/09\/WhatsApp-Image-2025-09-27-at-1.21.13-PM-106x188.jpeg 106w, https:\/\/www.rivera.gub.uy\/portal\/wp-content\/uploads\/2025\/09\/WhatsApp-Image-2025-09-27-at-1.21.13-PM-351x626.jpeg 351w, https:\/\/www.rivera.gub.uy\/portal\/wp-content\/uploads\/2025\/09\/WhatsApp-Image-2025-09-27-at-1.21.13-PM-768x1368.jpeg 768w, https:\/\/www.rivera.gub.uy\/portal\/wp-content\/uploads\/2025\/09\/WhatsApp-Image-2025-09-27-at-1.21.13-PM-862x1536.jpeg 862w, https:\/\/www.rivera.gub.uy\/portal\/wp-content\/uploads\/2025\/09\/WhatsApp-Image-2025-09-27-at-1.21.13-PM-820x1461.jpeg 820w, https:\/\/www.rivera.gub.uy\/portal\/wp-content\/uploads\/2025\/09\/WhatsApp-Image-2025-09-27-at-1.21.13-PM.jpeg 898w\" sizes=\"auto, (max-width: 53px) 100vw, 53px\" \/><\/a>\n\t\t\t<\/div><\/figure><figure class='gallery-item'>\n\t\t\t<div class='gallery-icon portrait'>\n\t\t\t\t<a href='https:\/\/www.rivera.gub.uy\/portal\/wp-content\/uploads\/2025\/09\/WhatsApp-Image-2025-09-27-at-1.21.14-PM-1.jpeg'><img loading=\"lazy\" decoding=\"async\" width=\"53\" height=\"94\" src=\"https:\/\/www.rivera.gub.uy\/portal\/wp-content\/uploads\/2025\/09\/WhatsApp-Image-2025-09-27-at-1.21.14-PM-1-53x94.jpeg\" class=\"attachment-thumbnail size-thumbnail\" alt=\"\" srcset=\"https:\/\/www.rivera.gub.uy\/portal\/wp-content\/uploads\/2025\/09\/WhatsApp-Image-2025-09-27-at-1.21.14-PM-1-53x94.jpeg 53w, https:\/\/www.rivera.gub.uy\/portal\/wp-content\/uploads\/2025\/09\/WhatsApp-Image-2025-09-27-at-1.21.14-PM-1-106x188.jpeg 106w, https:\/\/www.rivera.gub.uy\/portal\/wp-content\/uploads\/2025\/09\/WhatsApp-Image-2025-09-27-at-1.21.14-PM-1-351x626.jpeg 351w, https:\/\/www.rivera.gub.uy\/portal\/wp-content\/uploads\/2025\/09\/WhatsApp-Image-2025-09-27-at-1.21.14-PM-1-768x1368.jpeg 768w, https:\/\/www.rivera.gub.uy\/portal\/wp-content\/uploads\/2025\/09\/WhatsApp-Image-2025-09-27-at-1.21.14-PM-1-862x1536.jpeg 862w, https:\/\/www.rivera.gub.uy\/portal\/wp-content\/uploads\/2025\/09\/WhatsApp-Image-2025-09-27-at-1.21.14-PM-1-820x1461.jpeg 820w, https:\/\/www.rivera.gub.uy\/portal\/wp-content\/uploads\/2025\/09\/WhatsApp-Image-2025-09-27-at-1.21.14-PM-1.jpeg 898w\" sizes=\"auto, (max-width: 53px) 100vw, 53px\" \/><\/a>\n\t\t\t<\/div><\/figure><figure class='gallery-item'>\n\t\t\t<div class='gallery-icon portrait'>\n\t\t\t\t<a href='https:\/\/www.rivera.gub.uy\/portal\/wp-content\/uploads\/2025\/09\/WhatsApp-Image-2025-09-27-at-1.21.14-PM.jpeg'><img loading=\"lazy\" decoding=\"async\" width=\"53\" height=\"94\" src=\"https:\/\/www.rivera.gub.uy\/portal\/wp-content\/uploads\/2025\/09\/WhatsApp-Image-2025-09-27-at-1.21.14-PM-53x94.jpeg\" class=\"attachment-thumbnail size-thumbnail\" alt=\"\" srcset=\"https:\/\/www.rivera.gub.uy\/portal\/wp-content\/uploads\/2025\/09\/WhatsApp-Image-2025-09-27-at-1.21.14-PM-53x94.jpeg 53w, https:\/\/www.rivera.gub.uy\/portal\/wp-content\/uploads\/2025\/09\/WhatsApp-Image-2025-09-27-at-1.21.14-PM-106x188.jpeg 106w, https:\/\/www.rivera.gub.uy\/portal\/wp-content\/uploads\/2025\/09\/WhatsApp-Image-2025-09-27-at-1.21.14-PM-351x626.jpeg 351w, https:\/\/www.rivera.gub.uy\/portal\/wp-content\/uploads\/2025\/09\/WhatsApp-Image-2025-09-27-at-1.21.14-PM-768x1368.jpeg 768w, https:\/\/www.rivera.gub.uy\/portal\/wp-content\/uploads\/2025\/09\/WhatsApp-Image-2025-09-27-at-1.21.14-PM-862x1536.jpeg 862w, https:\/\/www.rivera.gub.uy\/portal\/wp-content\/uploads\/2025\/09\/WhatsApp-Image-2025-09-27-at-1.21.14-PM-820x1461.jpeg 820w, https:\/\/www.rivera.gub.uy\/portal\/wp-content\/uploads\/2025\/09\/WhatsApp-Image-2025-09-27-at-1.21.14-PM.jpeg 898w\" sizes=\"auto, (max-width: 53px) 100vw, 53px\" \/><\/a>\n\t\t\t<\/div><\/figure><figure class='gallery-item'>\n\t\t\t<div class='gallery-icon portrait'>\n\t\t\t\t<a href='https:\/\/www.rivera.gub.uy\/portal\/wp-content\/uploads\/2025\/09\/WhatsApp-Image-2025-09-27-at-1.21.15-PM-1.jpeg'><img loading=\"lazy\" decoding=\"async\" width=\"53\" height=\"94\" src=\"https:\/\/www.rivera.gub.uy\/portal\/wp-content\/uploads\/2025\/09\/WhatsApp-Image-2025-09-27-at-1.21.15-PM-1-53x94.jpeg\" class=\"attachment-thumbnail size-thumbnail\" alt=\"\" srcset=\"https:\/\/www.rivera.gub.uy\/portal\/wp-content\/uploads\/2025\/09\/WhatsApp-Image-2025-09-27-at-1.21.15-PM-1-53x94.jpeg 53w, https:\/\/www.rivera.gub.uy\/portal\/wp-content\/uploads\/2025\/09\/WhatsApp-Image-2025-09-27-at-1.21.15-PM-1-106x188.jpeg 106w, https:\/\/www.rivera.gub.uy\/portal\/wp-content\/uploads\/2025\/09\/WhatsApp-Image-2025-09-27-at-1.21.15-PM-1-351x626.jpeg 351w, https:\/\/www.rivera.gub.uy\/portal\/wp-content\/uploads\/2025\/09\/WhatsApp-Image-2025-09-27-at-1.21.15-PM-1-768x1368.jpeg 768w, https:\/\/www.rivera.gub.uy\/portal\/wp-content\/uploads\/2025\/09\/WhatsApp-Image-2025-09-27-at-1.21.15-PM-1-862x1536.jpeg 862w, https:\/\/www.rivera.gub.uy\/portal\/wp-content\/uploads\/2025\/09\/WhatsApp-Image-2025-09-27-at-1.21.15-PM-1-820x1461.jpeg 820w, https:\/\/www.rivera.gub.uy\/portal\/wp-content\/uploads\/2025\/09\/WhatsApp-Image-2025-09-27-at-1.21.15-PM-1.jpeg 898w\" sizes=\"auto, (max-width: 53px) 100vw, 53px\" \/><\/a>\n\t\t\t<\/div><\/figure><figure class='gallery-item'>\n\t\t\t<div class='gallery-icon portrait'>\n\t\t\t\t<a href='https:\/\/www.rivera.gub.uy\/portal\/wp-content\/uploads\/2025\/09\/WhatsApp-Image-2025-09-27-at-1.21.15-PM-2.jpeg'><img loading=\"lazy\" decoding=\"async\" width=\"53\" height=\"94\" src=\"https:\/\/www.rivera.gub.uy\/portal\/wp-content\/uploads\/2025\/09\/WhatsApp-Image-2025-09-27-at-1.21.15-PM-2-53x94.jpeg\" class=\"attachment-thumbnail size-thumbnail\" alt=\"\" srcset=\"https:\/\/www.rivera.gub.uy\/portal\/wp-content\/uploads\/2025\/09\/WhatsApp-Image-2025-09-27-at-1.21.15-PM-2-53x94.jpeg 53w, https:\/\/www.rivera.gub.uy\/portal\/wp-content\/uploads\/2025\/09\/WhatsApp-Image-2025-09-27-at-1.21.15-PM-2-106x188.jpeg 106w, https:\/\/www.rivera.gub.uy\/portal\/wp-content\/uploads\/2025\/09\/WhatsApp-Image-2025-09-27-at-1.21.15-PM-2-351x626.jpeg 351w, https:\/\/www.rivera.gub.uy\/portal\/wp-content\/uploads\/2025\/09\/WhatsApp-Image-2025-09-27-at-1.21.15-PM-2-768x1368.jpeg 768w, https:\/\/www.rivera.gub.uy\/portal\/wp-content\/uploads\/2025\/09\/WhatsApp-Image-2025-09-27-at-1.21.15-PM-2-862x1536.jpeg 862w, https:\/\/www.rivera.gub.uy\/portal\/wp-content\/uploads\/2025\/09\/WhatsApp-Image-2025-09-27-at-1.21.15-PM-2-820x1461.jpeg 820w, https:\/\/www.rivera.gub.uy\/portal\/wp-content\/uploads\/2025\/09\/WhatsApp-Image-2025-09-27-at-1.21.15-PM-2.jpeg 898w\" sizes=\"auto, (max-width: 53px) 100vw, 53px\" \/><\/a>\n\t\t\t<\/div><\/figure><figure class='gallery-item'>\n\t\t\t<div class='gallery-icon portrait'>\n\t\t\t\t<a href='https:\/\/www.rivera.gub.uy\/portal\/wp-content\/uploads\/2025\/09\/WhatsApp-Image-2025-09-27-at-1.21.15-PM.jpeg'><img loading=\"lazy\" decoding=\"async\" width=\"53\" height=\"94\" src=\"https:\/\/www.rivera.gub.uy\/portal\/wp-content\/uploads\/2025\/09\/WhatsApp-Image-2025-09-27-at-1.21.15-PM-53x94.jpeg\" class=\"attachment-thumbnail size-thumbnail\" alt=\"\" srcset=\"https:\/\/www.rivera.gub.uy\/portal\/wp-content\/uploads\/2025\/09\/WhatsApp-Image-2025-09-27-at-1.21.15-PM-53x94.jpeg 53w, https:\/\/www.rivera.gub.uy\/portal\/wp-content\/uploads\/2025\/09\/WhatsApp-Image-2025-09-27-at-1.21.15-PM-106x188.jpeg 106w, https:\/\/www.rivera.gub.uy\/portal\/wp-content\/uploads\/2025\/09\/WhatsApp-Image-2025-09-27-at-1.21.15-PM-351x626.jpeg 351w, https:\/\/www.rivera.gub.uy\/portal\/wp-content\/uploads\/2025\/09\/WhatsApp-Image-2025-09-27-at-1.21.15-PM-768x1368.jpeg 768w, https:\/\/www.rivera.gub.uy\/portal\/wp-content\/uploads\/2025\/09\/WhatsApp-Image-2025-09-27-at-1.21.15-PM-862x1536.jpeg 862w, https:\/\/www.rivera.gub.uy\/portal\/wp-content\/uploads\/2025\/09\/WhatsApp-Image-2025-09-27-at-1.21.15-PM-820x1461.jpeg 820w, https:\/\/www.rivera.gub.uy\/portal\/wp-content\/uploads\/2025\/09\/WhatsApp-Image-2025-09-27-at-1.21.15-PM.jpeg 898w\" sizes=\"auto, (max-width: 53px) 100vw, 53px\" \/><\/a>\n\t\t\t<\/div><\/figure><figure class='gallery-item'>\n\t\t\t<div class='gallery-icon portrait'>\n\t\t\t\t<a href='https:\/\/www.rivera.gub.uy\/portal\/wp-content\/uploads\/2025\/09\/WhatsApp-Image-2025-09-27-at-1.21.16-PM-1.jpeg'><img loading=\"lazy\" decoding=\"async\" width=\"53\" height=\"94\" src=\"https:\/\/www.rivera.gub.uy\/portal\/wp-content\/uploads\/2025\/09\/WhatsApp-Image-2025-09-27-at-1.21.16-PM-1-53x94.jpeg\" class=\"attachment-thumbnail size-thumbnail\" alt=\"\" srcset=\"https:\/\/www.rivera.gub.uy\/portal\/wp-content\/uploads\/2025\/09\/WhatsApp-Image-2025-09-27-at-1.21.16-PM-1-53x94.jpeg 53w, https:\/\/www.rivera.gub.uy\/portal\/wp-content\/uploads\/2025\/09\/WhatsApp-Image-2025-09-27-at-1.21.16-PM-1-106x188.jpeg 106w, https:\/\/www.rivera.gub.uy\/portal\/wp-content\/uploads\/2025\/09\/WhatsApp-Image-2025-09-27-at-1.21.16-PM-1-351x626.jpeg 351w, https:\/\/www.rivera.gub.uy\/portal\/wp-content\/uploads\/2025\/09\/WhatsApp-Image-2025-09-27-at-1.21.16-PM-1-768x1368.jpeg 768w, https:\/\/www.rivera.gub.uy\/portal\/wp-content\/uploads\/2025\/09\/WhatsApp-Image-2025-09-27-at-1.21.16-PM-1-862x1536.jpeg 862w, https:\/\/www.rivera.gub.uy\/portal\/wp-content\/uploads\/2025\/09\/WhatsApp-Image-2025-09-27-at-1.21.16-PM-1-820x1461.jpeg 820w, https:\/\/www.rivera.gub.uy\/portal\/wp-content\/uploads\/2025\/09\/WhatsApp-Image-2025-09-27-at-1.21.16-PM-1.jpeg 898w\" sizes=\"auto, (max-width: 53px) 100vw, 53px\" \/><\/a>\n\t\t\t<\/div><\/figure><figure class='gallery-item'>\n\t\t\t<div class='gallery-icon portrait'>\n\t\t\t\t<a href='https:\/\/www.rivera.gub.uy\/portal\/wp-content\/uploads\/2025\/09\/WhatsApp-Image-2025-09-27-at-1.21.16-PM-2.jpeg'><img loading=\"lazy\" decoding=\"async\" width=\"53\" height=\"94\" src=\"https:\/\/www.rivera.gub.uy\/portal\/wp-content\/uploads\/2025\/09\/WhatsApp-Image-2025-09-27-at-1.21.16-PM-2-53x94.jpeg\" class=\"attachment-thumbnail size-thumbnail\" alt=\"\" srcset=\"https:\/\/www.rivera.gub.uy\/portal\/wp-content\/uploads\/2025\/09\/WhatsApp-Image-2025-09-27-at-1.21.16-PM-2-53x94.jpeg 53w, https:\/\/www.rivera.gub.uy\/portal\/wp-content\/uploads\/2025\/09\/WhatsApp-Image-2025-09-27-at-1.21.16-PM-2-106x188.jpeg 106w, https:\/\/www.rivera.gub.uy\/portal\/wp-content\/uploads\/2025\/09\/WhatsApp-Image-2025-09-27-at-1.21.16-PM-2-351x626.jpeg 351w, https:\/\/www.rivera.gub.uy\/portal\/wp-content\/uploads\/2025\/09\/WhatsApp-Image-2025-09-27-at-1.21.16-PM-2-768x1368.jpeg 768w, https:\/\/www.rivera.gub.uy\/portal\/wp-content\/uploads\/2025\/09\/WhatsApp-Image-2025-09-27-at-1.21.16-PM-2-862x1536.jpeg 862w, https:\/\/www.rivera.gub.uy\/portal\/wp-content\/uploads\/2025\/09\/WhatsApp-Image-2025-09-27-at-1.21.16-PM-2-820x1461.jpeg 820w, https:\/\/www.rivera.gub.uy\/portal\/wp-content\/uploads\/2025\/09\/WhatsApp-Image-2025-09-27-at-1.21.16-PM-2.jpeg 898w\" sizes=\"auto, (max-width: 53px) 100vw, 53px\" \/><\/a>\n\t\t\t<\/div><\/figure><figure class='gallery-item'>\n\t\t\t<div class='gallery-icon portrait'>\n\t\t\t\t<a href='https:\/\/www.rivera.gub.uy\/portal\/wp-content\/uploads\/2025\/09\/WhatsApp-Image-2025-09-27-at-1.21.16-PM.jpeg'><img loading=\"lazy\" decoding=\"async\" width=\"53\" height=\"94\" src=\"https:\/\/www.rivera.gub.uy\/portal\/wp-content\/uploads\/2025\/09\/WhatsApp-Image-2025-09-27-at-1.21.16-PM-53x94.jpeg\" class=\"attachment-thumbnail size-thumbnail\" alt=\"\" srcset=\"https:\/\/www.rivera.gub.uy\/portal\/wp-content\/uploads\/2025\/09\/WhatsApp-Image-2025-09-27-at-1.21.16-PM-53x94.jpeg 53w, https:\/\/www.rivera.gub.uy\/portal\/wp-content\/uploads\/2025\/09\/WhatsApp-Image-2025-09-27-at-1.21.16-PM-106x188.jpeg 106w, https:\/\/www.rivera.gub.uy\/portal\/wp-content\/uploads\/2025\/09\/WhatsApp-Image-2025-09-27-at-1.21.16-PM-351x626.jpeg 351w, https:\/\/www.rivera.gub.uy\/portal\/wp-content\/uploads\/2025\/09\/WhatsApp-Image-2025-09-27-at-1.21.16-PM-768x1368.jpeg 768w, https:\/\/www.rivera.gub.uy\/portal\/wp-content\/uploads\/2025\/09\/WhatsApp-Image-2025-09-27-at-1.21.16-PM-862x1536.jpeg 862w, https:\/\/www.rivera.gub.uy\/portal\/wp-content\/uploads\/2025\/09\/WhatsApp-Image-2025-09-27-at-1.21.16-PM-820x1461.jpeg 820w, https:\/\/www.rivera.gub.uy\/portal\/wp-content\/uploads\/2025\/09\/WhatsApp-Image-2025-09-27-at-1.21.16-PM.jpeg 898w\" sizes=\"auto, (max-width: 53px) 100vw, 53px\" \/><\/a>\n\t\t\t<\/div><\/figure><figure class='gallery-item'>\n\t\t\t<div class='gallery-icon portrait'>\n\t\t\t\t<a href='https:\/\/www.rivera.gub.uy\/portal\/wp-content\/uploads\/2025\/09\/WhatsApp-Image-2025-09-27-at-1.21.17-PM-1.jpeg'><img loading=\"lazy\" decoding=\"async\" width=\"53\" height=\"94\" src=\"https:\/\/www.rivera.gub.uy\/portal\/wp-content\/uploads\/2025\/09\/WhatsApp-Image-2025-09-27-at-1.21.17-PM-1-53x94.jpeg\" class=\"attachment-thumbnail size-thumbnail\" alt=\"\" srcset=\"https:\/\/www.rivera.gub.uy\/portal\/wp-content\/uploads\/2025\/09\/WhatsApp-Image-2025-09-27-at-1.21.17-PM-1-53x94.jpeg 53w, https:\/\/www.rivera.gub.uy\/portal\/wp-content\/uploads\/2025\/09\/WhatsApp-Image-2025-09-27-at-1.21.17-PM-1-106x188.jpeg 106w, https:\/\/www.rivera.gub.uy\/portal\/wp-content\/uploads\/2025\/09\/WhatsApp-Image-2025-09-27-at-1.21.17-PM-1-351x626.jpeg 351w, https:\/\/www.rivera.gub.uy\/portal\/wp-content\/uploads\/2025\/09\/WhatsApp-Image-2025-09-27-at-1.21.17-PM-1-768x1368.jpeg 768w, https:\/\/www.rivera.gub.uy\/portal\/wp-content\/uploads\/2025\/09\/WhatsApp-Image-2025-09-27-at-1.21.17-PM-1-862x1536.jpeg 862w, https:\/\/www.rivera.gub.uy\/portal\/wp-content\/uploads\/2025\/09\/WhatsApp-Image-2025-09-27-at-1.21.17-PM-1-820x1461.jpeg 820w, https:\/\/www.rivera.gub.uy\/portal\/wp-content\/uploads\/2025\/09\/WhatsApp-Image-2025-09-27-at-1.21.17-PM-1.jpeg 898w\" sizes=\"auto, (max-width: 53px) 100vw, 53px\" \/><\/a>\n\t\t\t<\/div><\/figure><figure class='gallery-item'>\n\t\t\t<div class='gallery-icon portrait'>\n\t\t\t\t<a href='https:\/\/www.rivera.gub.uy\/portal\/wp-content\/uploads\/2025\/09\/WhatsApp-Image-2025-09-27-at-1.21.17-PM.jpeg'><img loading=\"lazy\" decoding=\"async\" width=\"53\" height=\"94\" src=\"https:\/\/www.rivera.gub.uy\/portal\/wp-content\/uploads\/2025\/09\/WhatsApp-Image-2025-09-27-at-1.21.17-PM-53x94.jpeg\" class=\"attachment-thumbnail size-thumbnail\" alt=\"\" srcset=\"https:\/\/www.rivera.gub.uy\/portal\/wp-content\/uploads\/2025\/09\/WhatsApp-Image-2025-09-27-at-1.21.17-PM-53x94.jpeg 53w, https:\/\/www.rivera.gub.uy\/portal\/wp-content\/uploads\/2025\/09\/WhatsApp-Image-2025-09-27-at-1.21.17-PM-106x188.jpeg 106w, https:\/\/www.rivera.gub.uy\/portal\/wp-content\/uploads\/2025\/09\/WhatsApp-Image-2025-09-27-at-1.21.17-PM-351x626.jpeg 351w, https:\/\/www.rivera.gub.uy\/portal\/wp-content\/uploads\/2025\/09\/WhatsApp-Image-2025-09-27-at-1.21.17-PM-768x1368.jpeg 768w, https:\/\/www.rivera.gub.uy\/portal\/wp-content\/uploads\/2025\/09\/WhatsApp-Image-2025-09-27-at-1.21.17-PM-862x1536.jpeg 862w, https:\/\/www.rivera.gub.uy\/portal\/wp-content\/uploads\/2025\/09\/WhatsApp-Image-2025-09-27-at-1.21.17-PM-820x1461.jpeg 820w, https:\/\/www.rivera.gub.uy\/portal\/wp-content\/uploads\/2025\/09\/WhatsApp-Image-2025-09-27-at-1.21.17-PM.jpeg 898w\" sizes=\"auto, (max-width: 53px) 100vw, 53px\" \/><\/a>\n\t\t\t<\/div><\/figure><figure class='gallery-item'>\n\t\t\t<div class='gallery-icon portrait'>\n\t\t\t\t<a href='https:\/\/www.rivera.gub.uy\/portal\/wp-content\/uploads\/2025\/09\/WhatsApp-Image-2025-09-27-at-1.21.18-PM-1.jpeg'><img loading=\"lazy\" decoding=\"async\" width=\"53\" height=\"94\" src=\"https:\/\/www.rivera.gub.uy\/portal\/wp-content\/uploads\/2025\/09\/WhatsApp-Image-2025-09-27-at-1.21.18-PM-1-53x94.jpeg\" class=\"attachment-thumbnail size-thumbnail\" alt=\"\" srcset=\"https:\/\/www.rivera.gub.uy\/portal\/wp-content\/uploads\/2025\/09\/WhatsApp-Image-2025-09-27-at-1.21.18-PM-1-53x94.jpeg 53w, https:\/\/www.rivera.gub.uy\/portal\/wp-content\/uploads\/2025\/09\/WhatsApp-Image-2025-09-27-at-1.21.18-PM-1-106x188.jpeg 106w, https:\/\/www.rivera.gub.uy\/portal\/wp-content\/uploads\/2025\/09\/WhatsApp-Image-2025-09-27-at-1.21.18-PM-1-351x626.jpeg 351w, https:\/\/www.rivera.gub.uy\/portal\/wp-content\/uploads\/2025\/09\/WhatsApp-Image-2025-09-27-at-1.21.18-PM-1-768x1368.jpeg 768w, https:\/\/www.rivera.gub.uy\/portal\/wp-content\/uploads\/2025\/09\/WhatsApp-Image-2025-09-27-at-1.21.18-PM-1-862x1536.jpeg 862w, https:\/\/www.rivera.gub.uy\/portal\/wp-content\/uploads\/2025\/09\/WhatsApp-Image-2025-09-27-at-1.21.18-PM-1-820x1461.jpeg 820w, https:\/\/www.rivera.gub.uy\/portal\/wp-content\/uploads\/2025\/09\/WhatsApp-Image-2025-09-27-at-1.21.18-PM-1.jpeg 898w\" sizes=\"auto, (max-width: 53px) 100vw, 53px\" \/><\/a>\n\t\t\t<\/div><\/figure><figure class='gallery-item'>\n\t\t\t<div class='gallery-icon portrait'>\n\t\t\t\t<a href='https:\/\/www.rivera.gub.uy\/portal\/wp-content\/uploads\/2025\/09\/WhatsApp-Image-2025-09-27-at-1.21.18-PM.jpeg'><img loading=\"lazy\" decoding=\"async\" width=\"53\" height=\"94\" src=\"https:\/\/www.rivera.gub.uy\/portal\/wp-content\/uploads\/2025\/09\/WhatsApp-Image-2025-09-27-at-1.21.18-PM-53x94.jpeg\" class=\"attachment-thumbnail size-thumbnail\" alt=\"\" srcset=\"https:\/\/www.rivera.gub.uy\/portal\/wp-content\/uploads\/2025\/09\/WhatsApp-Image-2025-09-27-at-1.21.18-PM-53x94.jpeg 53w, https:\/\/www.rivera.gub.uy\/portal\/wp-content\/uploads\/2025\/09\/WhatsApp-Image-2025-09-27-at-1.21.18-PM-106x188.jpeg 106w, https:\/\/www.rivera.gub.uy\/portal\/wp-content\/uploads\/2025\/09\/WhatsApp-Image-2025-09-27-at-1.21.18-PM-351x626.jpeg 351w, https:\/\/www.rivera.gub.uy\/portal\/wp-content\/uploads\/2025\/09\/WhatsApp-Image-2025-09-27-at-1.21.18-PM-768x1368.jpeg 768w, https:\/\/www.rivera.gub.uy\/portal\/wp-content\/uploads\/2025\/09\/WhatsApp-Image-2025-09-27-at-1.21.18-PM-862x1536.jpeg 862w, https:\/\/www.rivera.gub.uy\/portal\/wp-content\/uploads\/2025\/09\/WhatsApp-Image-2025-09-27-at-1.21.18-PM-820x1461.jpeg 820w, https:\/\/www.rivera.gub.uy\/portal\/wp-content\/uploads\/2025\/09\/WhatsApp-Image-2025-09-27-at-1.21.18-PM.jpeg 898w\" sizes=\"auto, (max-width: 53px) 100vw, 53px\" \/><\/a>\n\t\t\t<\/div><\/figure><figure class='gallery-item'>\n\t\t\t<div class='gallery-icon portrait'>\n\t\t\t\t<a href='https:\/\/www.rivera.gub.uy\/portal\/wp-content\/uploads\/2025\/09\/WhatsApp-Image-2025-09-27-at-1.21.19-PM.jpeg'><img loading=\"lazy\" decoding=\"async\" width=\"53\" height=\"94\" src=\"https:\/\/www.rivera.gub.uy\/portal\/wp-content\/uploads\/2025\/09\/WhatsApp-Image-2025-09-27-at-1.21.19-PM-53x94.jpeg\" class=\"attachment-thumbnail size-thumbnail\" alt=\"\" srcset=\"https:\/\/www.rivera.gub.uy\/portal\/wp-content\/uploads\/2025\/09\/WhatsApp-Image-2025-09-27-at-1.21.19-PM-53x94.jpeg 53w, https:\/\/www.rivera.gub.uy\/portal\/wp-content\/uploads\/2025\/09\/WhatsApp-Image-2025-09-27-at-1.21.19-PM-106x188.jpeg 106w, https:\/\/www.rivera.gub.uy\/portal\/wp-content\/uploads\/2025\/09\/WhatsApp-Image-2025-09-27-at-1.21.19-PM-351x626.jpeg 351w, https:\/\/www.rivera.gub.uy\/portal\/wp-content\/uploads\/2025\/09\/WhatsApp-Image-2025-09-27-at-1.21.19-PM-768x1368.jpeg 768w, https:\/\/www.rivera.gub.uy\/portal\/wp-content\/uploads\/2025\/09\/WhatsApp-Image-2025-09-27-at-1.21.19-PM-862x1536.jpeg 862w, https:\/\/www.rivera.gub.uy\/portal\/wp-content\/uploads\/2025\/09\/WhatsApp-Image-2025-09-27-at-1.21.19-PM-820x1461.jpeg 820w, https:\/\/www.rivera.gub.uy\/portal\/wp-content\/uploads\/2025\/09\/WhatsApp-Image-2025-09-27-at-1.21.19-PM.jpeg 898w\" sizes=\"auto, (max-width: 53px) 100vw, 53px\" \/><\/a>\n\t\t\t<\/div><\/figure><figure class='gallery-item'>\n\t\t\t<div class='gallery-icon portrait'>\n\t\t\t\t<a href='https:\/\/www.rivera.gub.uy\/portal\/wp-content\/uploads\/2025\/09\/WhatsApp-Image-2025-09-27-at-1.21.20-PM.jpeg'><img loading=\"lazy\" decoding=\"async\" width=\"53\" height=\"94\" src=\"https:\/\/www.rivera.gub.uy\/portal\/wp-content\/uploads\/2025\/09\/WhatsApp-Image-2025-09-27-at-1.21.20-PM-53x94.jpeg\" class=\"attachment-thumbnail size-thumbnail\" alt=\"\" srcset=\"https:\/\/www.rivera.gub.uy\/portal\/wp-content\/uploads\/2025\/09\/WhatsApp-Image-2025-09-27-at-1.21.20-PM-53x94.jpeg 53w, https:\/\/www.rivera.gub.uy\/portal\/wp-content\/uploads\/2025\/09\/WhatsApp-Image-2025-09-27-at-1.21.20-PM-106x188.jpeg 106w, https:\/\/www.rivera.gub.uy\/portal\/wp-content\/uploads\/2025\/09\/WhatsApp-Image-2025-09-27-at-1.21.20-PM-351x626.jpeg 351w, https:\/\/www.rivera.gub.uy\/portal\/wp-content\/uploads\/2025\/09\/WhatsApp-Image-2025-09-27-at-1.21.20-PM-768x1368.jpeg 768w, https:\/\/www.rivera.gub.uy\/portal\/wp-content\/uploads\/2025\/09\/WhatsApp-Image-2025-09-27-at-1.21.20-PM-862x1536.jpeg 862w, https:\/\/www.rivera.gub.uy\/portal\/wp-content\/uploads\/2025\/09\/WhatsApp-Image-2025-09-27-at-1.21.20-PM-820x1461.jpeg 820w, https:\/\/www.rivera.gub.uy\/portal\/wp-content\/uploads\/2025\/09\/WhatsApp-Image-2025-09-27-at-1.21.20-PM.jpeg 898w\" sizes=\"auto, (max-width: 53px) 100vw, 53px\" \/><\/a>\n\t\t\t<\/div><\/figure>\n\t\t<\/div>\n\n<p data-start=\"3028\" data-end=\"3308\">\n","protected":false},"excerpt":{"rendered":"<p>El pasado fin de semana, los d\u00edas 27 y 28 de setiembre, Rivera vivi\u00f3 una verdadera fiesta del motociclismo con la celebraci\u00f3n de dos grandes eventos internacionales que atrajeron a miles de aficionados y competidores de toda la regi\u00f3n: el Desaf\u00edo Uruguay-Brasil y el Trilh\u00e3o 2025. La presencia del Secretario General Arq. Jos\u00e9 Mazzoni, quien [&hellip;]<\/p>\n","protected":false},"author":7,"featured_media":64141,"comment_status":"open","ping_status":"open","sticky":false,"template":"","format":"standard","meta":{"footnotes":""},"categories":[56,1],"tags":[],"class_list":["post-64097","post","type-post","status-publish","format-standard","has-post-thumbnail","hentry","category-deportes","category-novedades"],"_links":{"self":[{"href":"https:\/\/www.rivera.gub.uy\/portal\/wp-json\/wp\/v2\/posts\/64097","targetHints":{"allow":["GET"]}}],"collection":[{"href":"https:\/\/www.rivera.gub.uy\/portal\/wp-json\/wp\/v2\/posts"}],"about":[{"href":"https:\/\/www.rivera.gub.uy\/portal\/wp-json\/wp\/v2\/types\/post"}],"author":[{"embeddable":true,"href":"https:\/\/www.rivera.gub.uy\/portal\/wp-json\/wp\/v2\/users\/7"}],"replies":[{"embeddable":true,"href":"https:\/\/www.rivera.gub.uy\/portal\/wp-json\/wp\/v2\/comments?post=64097"}],"version-history":[{"count":2,"href":"https:\/\/www.rivera.gub.uy\/portal\/wp-json\/wp\/v2\/posts\/64097\/revisions"}],"predecessor-version":[{"id":64143,"href":"https:\/\/www.rivera.gub.uy\/portal\/wp-json\/wp\/v2\/posts\/64097\/revisions\/64143"}],"wp:featuredmedia":[{"embeddable":true,"href":"https:\/\/www.rivera.gub.uy\/portal\/wp-json\/wp\/v2\/media\/64141"}],"wp:attachment":[{"href":"https:\/\/www.rivera.gub.uy\/portal\/wp-json\/wp\/v2\/media?parent=64097"}],"wp:term":[{"taxonomy":"category","embeddable":true,"href":"https:\/\/www.rivera.gub.uy\/portal\/wp-json\/wp\/v2\/categories?post=64097"},{"taxonomy":"post_tag","embeddable":true,"href":"https:\/\/www.rivera.gub.uy\/portal\/wp-json\/wp\/v2\/tags?post=64097"}],"curies":[{"name":"wp","href":"https:\/\/api.w.org\/{rel}","templated":true}]}}