{"id":64144,"date":"2025-09-29T09:20:54","date_gmt":"2025-09-29T12:20:54","guid":{"rendered":"https:\/\/www.rivera.gub.uy\/portal\/?p=64144"},"modified":"2025-10-01T11:28:39","modified_gmt":"2025-10-01T14:28:39","slug":"auvo-llega-a-rivera-con-un-fin-de-semana-a-pura-velocidad","status":"publish","type":"post","link":"https:\/\/www.rivera.gub.uy\/portal\/auvo-llega-a-rivera-con-un-fin-de-semana-a-pura-velocidad\/","title":{"rendered":"AUVO llega a Rivera con un fin de semana a pura velocidad"},"content":{"rendered":"<p data-start=\"145\" data-end=\"472\">El <strong data-start=\"148\" data-end=\"187\">aut\u00f3dromo Eduardo P. Cabrera<\/strong> de Rivera volver\u00e1 a vibrar con el rugir de los motores los d\u00edas <strong data-start=\"252\" data-end=\"272\">4 y 5 de octubre<\/strong>, cuando la <strong data-start=\"284\" data-end=\"326\">Asociaci\u00f3n Uruguaya de Volantes (AUVO)<\/strong> desembarque en la ciudad con todas sus categor\u00edas, en el marco del <strong data-start=\"394\" data-end=\"431\">Gran Premio Horizonte Autom\u00f3viles<\/strong> y la <strong data-start=\"437\" data-end=\"469\">Copa 85\u00ba Aniversario de AUVO<\/strong>.<!--more--><\/p>\n<p data-start=\"474\" data-end=\"672\">Ser\u00e1 un <strong data-start=\"482\" data-end=\"520\">fin de semana a puro automovilismo<\/strong>, con la participaci\u00f3n de <strong data-start=\"546\" data-end=\"567\">m\u00e1s de 60 pilotos<\/strong> que competir\u00e1n en un circuito que se ha convertido en uno de los favoritos por su trazado y exigencia.<\/p>\n<h3 data-start=\"674\" data-end=\"703\">Categor\u00edas en competencia<\/h3>\n<ul>\n<li data-start=\"706\" data-end=\"724\"><strong data-start=\"706\" data-end=\"722\">Superturismo<\/strong><\/li>\n<li data-start=\"727\" data-end=\"749\"><strong data-start=\"727\" data-end=\"747\">Superescarabajos<\/strong><\/li>\n<li data-start=\"752\" data-end=\"778\"><strong data-start=\"752\" data-end=\"776\">Turismo AUVO Clase 1<\/strong><\/li>\n<li data-start=\"781\" data-end=\"807\"><strong data-start=\"781\" data-end=\"805\">Turismo AUVO Clase 2<\/strong><\/li>\n<\/ul>\n<h3 data-start=\"809\" data-end=\"821\">Entradas<\/h3>\n<p data-start=\"822\" data-end=\"953\">Las entradas estar\u00e1n disponibles durante el fin de semana en la <strong data-start=\"886\" data-end=\"913\">boleter\u00eda del aut\u00f3dromo<\/strong>, as\u00ed como en puntos de venta previos:<\/p>\n<ul>\n<li data-start=\"956\" data-end=\"974\"><strong data-start=\"956\" data-end=\"972\">$300 P\u00fablico<\/strong><\/li>\n<li data-start=\"977\" data-end=\"991\"><strong data-start=\"977\" data-end=\"989\">$600 Box<\/strong><\/li>\n<li data-start=\"994\" data-end=\"1128\"><strong data-start=\"994\" data-end=\"1023\">V\u00e1lidas para los dos d\u00edas<\/strong><br data-start=\"1023\" data-end=\"1026\" \/>En venta en <strong>Horizonte Autom\u00f3viles<\/strong>, <strong data-start=\"1038\" data-end=\"1125\">La Mira, Cajas de la Intendencia Departamental de Rivera y boleter\u00edas del Aut\u00f3dromo<\/strong>.<\/li>\n<\/ul>\n<p>&nbsp;<\/p>\n<p><a href=\"https:\/\/www.rivera.gub.uy\/portal\/wp-content\/uploads\/2025\/09\/auvo.jpeg\"><img loading=\"lazy\" decoding=\"async\" class=\"aligncenter wp-image-64145 size-medium\" src=\"https:\/\/www.rivera.gub.uy\/portal\/wp-content\/uploads\/2025\/09\/auvo-150x188.jpeg\" alt=\"\" width=\"150\" height=\"188\" srcset=\"https:\/\/www.rivera.gub.uy\/portal\/wp-content\/uploads\/2025\/09\/auvo-150x188.jpeg 150w, https:\/\/www.rivera.gub.uy\/portal\/wp-content\/uploads\/2025\/09\/auvo-501x626.jpeg 501w, https:\/\/www.rivera.gub.uy\/portal\/wp-content\/uploads\/2025\/09\/auvo-75x94.jpeg 75w, https:\/\/www.rivera.gub.uy\/portal\/wp-content\/uploads\/2025\/09\/auvo-768x960.jpeg 768w, https:\/\/www.rivera.gub.uy\/portal\/wp-content\/uploads\/2025\/09\/auvo-820x1025.jpeg 820w, https:\/\/www.rivera.gub.uy\/portal\/wp-content\/uploads\/2025\/09\/auvo.jpeg 1080w\" sizes=\"auto, (max-width: 150px) 100vw, 150px\" \/><\/a><\/p>\n<p>&nbsp;<\/p>\n<p><iframe loading=\"lazy\" title=\"AUVO llega a Rivera con un fin de semana a pura velocidad\" width=\"1160\" height=\"653\" src=\"https:\/\/www.youtube.com\/embed\/p3qtupZ0vuU?feature=oembed\" frameborder=\"0\" allow=\"accelerometer; autoplay; clipboard-write; encrypted-media; gyroscope; picture-in-picture; web-share\" referrerpolicy=\"strict-origin-when-cross-origin\" allowfullscreen><\/iframe><\/p>\n","protected":false},"excerpt":{"rendered":"<p>El aut\u00f3dromo Eduardo P. Cabrera de Rivera volver\u00e1 a vibrar con el rugir de los motores los d\u00edas 4 y 5 de octubre, cuando la Asociaci\u00f3n Uruguaya de Volantes (AUVO) desembarque en la ciudad con todas sus categor\u00edas, en el marco del Gran Premio Horizonte Autom\u00f3viles y la Copa 85\u00ba Aniversario de AUVO.<\/p>\n","protected":false},"author":7,"featured_media":64146,"comment_status":"open","ping_status":"open","sticky":false,"template":"","format":"standard","meta":{"footnotes":""},"categories":[56,1],"tags":[],"class_list":["post-64144","post","type-post","status-publish","format-standard","has-post-thumbnail","hentry","category-deportes","category-novedades"],"_links":{"self":[{"href":"https:\/\/www.rivera.gub.uy\/portal\/wp-json\/wp\/v2\/posts\/64144","targetHints":{"allow":["GET"]}}],"collection":[{"href":"https:\/\/www.rivera.gub.uy\/portal\/wp-json\/wp\/v2\/posts"}],"about":[{"href":"https:\/\/www.rivera.gub.uy\/portal\/wp-json\/wp\/v2\/types\/post"}],"author":[{"embeddable":true,"href":"https:\/\/www.rivera.gub.uy\/portal\/wp-json\/wp\/v2\/users\/7"}],"replies":[{"embeddable":true,"href":"https:\/\/www.rivera.gub.uy\/portal\/wp-json\/wp\/v2\/comments?post=64144"}],"version-history":[{"count":3,"href":"https:\/\/www.rivera.gub.uy\/portal\/wp-json\/wp\/v2\/posts\/64144\/revisions"}],"predecessor-version":[{"id":64168,"href":"https:\/\/www.rivera.gub.uy\/portal\/wp-json\/wp\/v2\/posts\/64144\/revisions\/64168"}],"wp:featuredmedia":[{"embeddable":true,"href":"https:\/\/www.rivera.gub.uy\/portal\/wp-json\/wp\/v2\/media\/64146"}],"wp:attachment":[{"href":"https:\/\/www.rivera.gub.uy\/portal\/wp-json\/wp\/v2\/media?parent=64144"}],"wp:term":[{"taxonomy":"category","embeddable":true,"href":"https:\/\/www.rivera.gub.uy\/portal\/wp-json\/wp\/v2\/categories?post=64144"},{"taxonomy":"post_tag","embeddable":true,"href":"https:\/\/www.rivera.gub.uy\/portal\/wp-json\/wp\/v2\/tags?post=64144"}],"curies":[{"name":"wp","href":"https:\/\/api.w.org\/{rel}","templated":true}]}}