{"id":64165,"date":"2025-10-01T11:26:01","date_gmt":"2025-10-01T14:26:01","guid":{"rendered":"https:\/\/www.rivera.gub.uy\/portal\/?p=64165"},"modified":"2025-10-01T11:27:42","modified_gmt":"2025-10-01T14:27:42","slug":"retiran-del-mercado-varios-quesos-rallados-por-incumplir-la-normativa-sanitaria","status":"publish","type":"post","link":"https:\/\/www.rivera.gub.uy\/portal\/retiran-del-mercado-varios-quesos-rallados-por-incumplir-la-normativa-sanitaria\/","title":{"rendered":"Retiran del mercado varios quesos rallados por incumplir la normativa sanitaria"},"content":{"rendered":"<p>El Registro \u00danico Nacional de Alimentos, Empresas y Veh\u00edculos (RUNAEV), en coordinaci\u00f3n con las bromatolog\u00edas departamentales e inspecciones del Laboratorio Tecnol\u00f3gico del Uruguay (LATU), inform\u00f3 el retiro del mercado de m\u00faltiples marcas de quesos rallados y procesados rallados tras confirmarse la presencia de aditivos y porcentajes de almid\u00f3n y conservantes por encima de lo permitido.<!--more--><\/p>\n<p>La medida se tom\u00f3 luego de una denuncia recibida en la Comisi\u00f3n de Seguimiento del RUNAEV del Congreso de Intendentes. Se realiz\u00f3 un rastreo, muestreo y an\u00e1lisis de los productos se\u00f1alados como sospechosos, y los ex\u00e1menes de LATU mostraron incumplimientos con la normativa vigente: detecci\u00f3n de almid\u00f3n en quesos rallados (prohibido para ese producto) y porcentajes de almid\u00f3n superiores al 3% en quesos procesados rallados, adem\u00e1s de niveles de \u00e1cido s\u00f3rbico (conservante) por encima de los autorizados.<\/p>\n<h3 data-start=\"1070\" data-end=\"1107\">Marcas afectadas (listado parcial)<\/h3>\n<p data-start=\"1108\" data-end=\"1256\">Las intendencias est\u00e1n procediendo al retiro de las marcas a medida que se localizan en puntos de venta. Entre las marcas se\u00f1aladas se encuentran:<\/p>\n<ul>\n<li data-start=\"1259\" data-end=\"1295\">Do\u00f1a Teresita (origen desconocido)<\/li>\n<li data-start=\"1298\" data-end=\"1332\">Pradera Sur (origen desconocido)<\/li>\n<li data-start=\"1335\" data-end=\"1357\">Queso rallado Mamita<\/li>\n<li data-start=\"1360\" data-end=\"1397\">Queso procesado rallado Carmelitana<\/li>\n<li data-start=\"1400\" data-end=\"1437\">Queso procesado rallado Do\u00f1a Carmen<\/li>\n<li data-start=\"1440\" data-end=\"1474\">Queso procesado rallado Don Ra\u00fal<\/li>\n<li data-start=\"1477\" data-end=\"1511\">Queso procesado rallado Rebenque<\/li>\n<li data-start=\"1514\" data-end=\"1549\">Queso procesado rallado Campestre<\/li>\n<li data-start=\"1552\" data-end=\"1584\">Queso procesado rallado Reggio<\/li>\n<li data-start=\"1587\" data-end=\"1628\">Queso procesado rallado Aguilera &amp; Cia.<\/li>\n<li data-start=\"1631\" data-end=\"1653\">Queso rallado Qsomos<\/li>\n<li data-start=\"1656\" data-end=\"1692\">Queso procesado rallado La Juanita<\/li>\n<li data-start=\"1695\" data-end=\"1768\">Queso procesado rallado Las Palmas.<\/li>\n<\/ul>\n<h3 data-start=\"1770\" data-end=\"1810\">Medidas adoptadas por las autoridades<\/h3>\n<ol data-start=\"1811\" data-end=\"2442\">\n<li data-start=\"1811\" data-end=\"1990\">\n<p data-start=\"1814\" data-end=\"1990\">Retiro inmediato del mercado de productos sin habilitaci\u00f3n ni registro bromatol\u00f3gico, especialmente de las marcas de procedencia dudosa.<\/p>\n<\/li>\n<li data-start=\"1811\" data-end=\"1990\">\n<p data-start=\"1814\" data-end=\"1990\">Notificaci\u00f3n formal a empresas registradas; retenciones preventivas, inspecciones en plantas y solicitud de descargos o devoluciones por parte de los fabricantes.<\/p>\n<\/li>\n<li data-start=\"1811\" data-end=\"1990\">Solicitud a las intendencias de retirar los productos adulterados localizados para su posterior destrucci\u00f3n; evaluaci\u00f3n sobre la posible suspensi\u00f3n de habilitaciones o registros de las plantas implicadas.<\/li>\n<\/ol>\n<h3 data-start=\"2444\" data-end=\"2480\">Recomendaciones para la poblaci\u00f3n<\/h3>\n<ul>\n<li data-start=\"2483\" data-end=\"2590\">Evitar consumir quesos rallados de marcas que no indiquen un registro bromatol\u00f3gico visible en el envase.<\/li>\n<li data-start=\"2593\" data-end=\"2717\">Verificar que el envase incluya la raz\u00f3n social del elaborador, n\u00famero de registro, listado de ingredientes y procedencia.<\/li>\n<li data-start=\"2720\" data-end=\"2863\">Si adquiri\u00f3 alguna de las marcas notificadas, no consumir el producto y devolverlo en el punto de compra.<\/li>\n<\/ul>\n<p>RUNAEV y las intendencias continuar\u00e1n publicando comunicados oficiales con las resoluciones y actualizaciones del listado de marcas afectadas. Se exhorta a la ciudadan\u00eda y a los medios a guiarse \u00fanicamente por la informaci\u00f3n oficial para evitar desinformaci\u00f3n y alarmas innecesarias.<\/p>\n<p>&nbsp;<\/p>\n<p>Comunicado (<a href=\"https:\/\/www.rivera.gub.uy\/portal\/wp-content\/uploads\/2025\/10\/COMUNICADO-OFICIAL-23.09.25-Tema-Control-de-Quesos-Rallados.pdf\" target=\"_blank\" rel=\"noopener\">descargar<\/a>)<\/p>\n","protected":false},"excerpt":{"rendered":"<p>El Registro \u00danico Nacional de Alimentos, Empresas y Veh\u00edculos (RUNAEV), en coordinaci\u00f3n con las bromatolog\u00edas departamentales e inspecciones del Laboratorio Tecnol\u00f3gico del Uruguay (LATU), inform\u00f3 el retiro del mercado de m\u00faltiples marcas de quesos rallados y procesados rallados tras confirmarse la presencia de aditivos y porcentajes de almid\u00f3n y conservantes por encima de lo permitido.<\/p>\n","protected":false},"author":7,"featured_media":63937,"comment_status":"open","ping_status":"open","sticky":false,"template":"","format":"standard","meta":{"footnotes":""},"categories":[1],"tags":[],"class_list":["post-64165","post","type-post","status-publish","format-standard","has-post-thumbnail","hentry","category-novedades"],"_links":{"self":[{"href":"https:\/\/www.rivera.gub.uy\/portal\/wp-json\/wp\/v2\/posts\/64165","targetHints":{"allow":["GET"]}}],"collection":[{"href":"https:\/\/www.rivera.gub.uy\/portal\/wp-json\/wp\/v2\/posts"}],"about":[{"href":"https:\/\/www.rivera.gub.uy\/portal\/wp-json\/wp\/v2\/types\/post"}],"author":[{"embeddable":true,"href":"https:\/\/www.rivera.gub.uy\/portal\/wp-json\/wp\/v2\/users\/7"}],"replies":[{"embeddable":true,"href":"https:\/\/www.rivera.gub.uy\/portal\/wp-json\/wp\/v2\/comments?post=64165"}],"version-history":[{"count":1,"href":"https:\/\/www.rivera.gub.uy\/portal\/wp-json\/wp\/v2\/posts\/64165\/revisions"}],"predecessor-version":[{"id":64167,"href":"https:\/\/www.rivera.gub.uy\/portal\/wp-json\/wp\/v2\/posts\/64165\/revisions\/64167"}],"wp:featuredmedia":[{"embeddable":true,"href":"https:\/\/www.rivera.gub.uy\/portal\/wp-json\/wp\/v2\/media\/63937"}],"wp:attachment":[{"href":"https:\/\/www.rivera.gub.uy\/portal\/wp-json\/wp\/v2\/media?parent=64165"}],"wp:term":[{"taxonomy":"category","embeddable":true,"href":"https:\/\/www.rivera.gub.uy\/portal\/wp-json\/wp\/v2\/categories?post=64165"},{"taxonomy":"post_tag","embeddable":true,"href":"https:\/\/www.rivera.gub.uy\/portal\/wp-json\/wp\/v2\/tags?post=64165"}],"curies":[{"name":"wp","href":"https:\/\/api.w.org\/{rel}","templated":true}]}}