{"id":6506,"date":"2018-07-17T15:13:13","date_gmt":"2018-07-17T18:13:13","guid":{"rendered":"http:\/\/www.rivera.gub.uy\/portal\/?p=6506"},"modified":"2018-07-17T15:13:13","modified_gmt":"2018-07-17T18:13:13","slug":"lanzamiento-del-calendario-de-ciclismo-departamental","status":"publish","type":"post","link":"https:\/\/www.rivera.gub.uy\/portal\/lanzamiento-del-calendario-de-ciclismo-departamental\/","title":{"rendered":"Lanzamiento del calendario de Ciclismo Departamental"},"content":{"rendered":"<p>En horas de la ma\u00f1ana del d\u00eda martes 17 de julio, se realiz\u00f3 en sala de conferencias del edificio municipal, el \u201cLanzamiento del calendario 2018 de ciclismo de LICIDERI (Liga de ciclismo departamental de Rivera)\u201d.<!--more--><\/p>\n<p>En la oportunidad el Intendente, Dr. Marne Osorio, acompa\u00f1ado por Dir. Gral. de Tr\u00e1nsito y Transporte, Sr. Mauricio Gonz\u00e1lez, el Dir. de Divisi\u00f3n Deportes, Prof. Horacio Hern\u00e1ndez, Secretario de LICIDERI, Sr. Carlos Rodr\u00edguez y organizador del evento Cuchilla Negra, Sr. Cristian Batista, informaron a los presentes sobre las actividades programadas para este a\u00f1o en esta disciplina deportiva.<\/p>\n<div id='gallery-1' class='gallery galleryid-6506 gallery-columns-3 gallery-size-thumbnail'><figure class='gallery-item'>\n\t\t\t<div class='gallery-icon landscape'>\n\t\t\t\t<a href='https:\/\/www.rivera.gub.uy\/portal\/wp-content\/uploads\/2018\/07\/DSC_0614-bbb.jpg'><img loading=\"lazy\" decoding=\"async\" width=\"132\" height=\"94\" src=\"https:\/\/www.rivera.gub.uy\/portal\/wp-content\/uploads\/2018\/07\/DSC_0614-bbb-132x94.jpg\" class=\"attachment-thumbnail size-thumbnail\" alt=\"\" srcset=\"https:\/\/www.rivera.gub.uy\/portal\/wp-content\/uploads\/2018\/07\/DSC_0614-bbb-132x94.jpg 132w, https:\/\/www.rivera.gub.uy\/portal\/wp-content\/uploads\/2018\/07\/DSC_0614-bbb-263x188.jpg 263w, https:\/\/www.rivera.gub.uy\/portal\/wp-content\/uploads\/2018\/07\/DSC_0614-bbb-768x549.jpg 768w, https:\/\/www.rivera.gub.uy\/portal\/wp-content\/uploads\/2018\/07\/DSC_0614-bbb-876x626.jpg 876w, https:\/\/www.rivera.gub.uy\/portal\/wp-content\/uploads\/2018\/07\/DSC_0614-bbb-820x586.jpg 820w\" sizes=\"auto, (max-width: 132px) 100vw, 132px\" \/><\/a>\n\t\t\t<\/div><\/figure><figure class='gallery-item'>\n\t\t\t<div class='gallery-icon landscape'>\n\t\t\t\t<a href='https:\/\/www.rivera.gub.uy\/portal\/wp-content\/uploads\/2018\/07\/DSC_0621-bb.jpg'><img loading=\"lazy\" decoding=\"async\" width=\"144\" height=\"94\" src=\"https:\/\/www.rivera.gub.uy\/portal\/wp-content\/uploads\/2018\/07\/DSC_0621-bb-144x94.jpg\" class=\"attachment-thumbnail size-thumbnail\" alt=\"\" srcset=\"https:\/\/www.rivera.gub.uy\/portal\/wp-content\/uploads\/2018\/07\/DSC_0621-bb-144x94.jpg 144w, https:\/\/www.rivera.gub.uy\/portal\/wp-content\/uploads\/2018\/07\/DSC_0621-bb-288x188.jpg 288w, https:\/\/www.rivera.gub.uy\/portal\/wp-content\/uploads\/2018\/07\/DSC_0621-bb-768x501.jpg 768w, https:\/\/www.rivera.gub.uy\/portal\/wp-content\/uploads\/2018\/07\/DSC_0621-bb-960x626.jpg 960w, https:\/\/www.rivera.gub.uy\/portal\/wp-content\/uploads\/2018\/07\/DSC_0621-bb-820x535.jpg 820w\" sizes=\"auto, (max-width: 144px) 100vw, 144px\" \/><\/a>\n\t\t\t<\/div><\/figure><figure class='gallery-item'>\n\t\t\t<div class='gallery-icon landscape'>\n\t\t\t\t<a href='https:\/\/www.rivera.gub.uy\/portal\/wp-content\/uploads\/2018\/07\/DSC_6783-BB.jpg'><img loading=\"lazy\" decoding=\"async\" width=\"132\" height=\"94\" src=\"https:\/\/www.rivera.gub.uy\/portal\/wp-content\/uploads\/2018\/07\/DSC_6783-BB-132x94.jpg\" class=\"attachment-thumbnail size-thumbnail\" alt=\"\" srcset=\"https:\/\/www.rivera.gub.uy\/portal\/wp-content\/uploads\/2018\/07\/DSC_6783-BB-132x94.jpg 132w, https:\/\/www.rivera.gub.uy\/portal\/wp-content\/uploads\/2018\/07\/DSC_6783-BB-263x188.jpg 263w, https:\/\/www.rivera.gub.uy\/portal\/wp-content\/uploads\/2018\/07\/DSC_6783-BB-768x549.jpg 768w, https:\/\/www.rivera.gub.uy\/portal\/wp-content\/uploads\/2018\/07\/DSC_6783-BB-876x626.jpg 876w, https:\/\/www.rivera.gub.uy\/portal\/wp-content\/uploads\/2018\/07\/DSC_6783-BB-820x586.jpg 820w\" sizes=\"auto, (max-width: 132px) 100vw, 132px\" \/><\/a>\n\t\t\t<\/div><\/figure>\n\t\t<\/div>\n\n<p>El Prof. Horacio Hern\u00e1ndez, manifest\u00f3 que, \u201cSe ha logrado organizar un calendario deportivo y principalmente coordinarlo con algunas direcciones de la IDR, como Tr\u00e1nsito y Transporte, para poder cumplir no solo con el ciclismo sino tambi\u00e9n con otras actividades. Est\u00e1n programadas 9 carreras, 6 en circuito urbano y las otras en el aut\u00f3dromo Eduardo P. Cabrera y para domingo 22 de julio, se realizar\u00e1 la prueba de Mountain Bike, \u201cCuchilla Negra\u201d, evento muy importante que punt\u00faa para el \u201cFronteir\u00f3n\u201d.<\/p>\n<p><iframe loading=\"lazy\" width=\"1160\" height=\"653\" src=\"https:\/\/www.youtube.com\/embed\/Mgg9B-T4DGc?feature=oembed\" frameborder=\"0\" allow=\"autoplay; encrypted-media\" allowfullscreen><\/iframe><\/p>\n","protected":false},"excerpt":{"rendered":"<p>En horas de la ma\u00f1ana del d\u00eda martes 17 de julio, se realiz\u00f3 en sala de conferencias del edificio municipal, el \u201cLanzamiento del calendario 2018 de ciclismo de LICIDERI (Liga de ciclismo departamental de Rivera)\u201d.<\/p>\n","protected":false},"author":7,"featured_media":6509,"comment_status":"open","ping_status":"open","sticky":false,"template":"","format":"standard","meta":{"footnotes":""},"categories":[1],"tags":[749,47,750,345,36,751,33],"class_list":["post-6506","post","type-post","status-publish","format-standard","has-post-thumbnail","hentry","category-novedades","tag-ciclismo","tag-deportes","tag-deportes-rivera","tag-dgpas","tag-intendencia","tag-licideri","tag-rivera"],"_links":{"self":[{"href":"https:\/\/www.rivera.gub.uy\/portal\/wp-json\/wp\/v2\/posts\/6506","targetHints":{"allow":["GET"]}}],"collection":[{"href":"https:\/\/www.rivera.gub.uy\/portal\/wp-json\/wp\/v2\/posts"}],"about":[{"href":"https:\/\/www.rivera.gub.uy\/portal\/wp-json\/wp\/v2\/types\/post"}],"author":[{"embeddable":true,"href":"https:\/\/www.rivera.gub.uy\/portal\/wp-json\/wp\/v2\/users\/7"}],"replies":[{"embeddable":true,"href":"https:\/\/www.rivera.gub.uy\/portal\/wp-json\/wp\/v2\/comments?post=6506"}],"version-history":[{"count":1,"href":"https:\/\/www.rivera.gub.uy\/portal\/wp-json\/wp\/v2\/posts\/6506\/revisions"}],"predecessor-version":[{"id":6510,"href":"https:\/\/www.rivera.gub.uy\/portal\/wp-json\/wp\/v2\/posts\/6506\/revisions\/6510"}],"wp:featuredmedia":[{"embeddable":true,"href":"https:\/\/www.rivera.gub.uy\/portal\/wp-json\/wp\/v2\/media\/6509"}],"wp:attachment":[{"href":"https:\/\/www.rivera.gub.uy\/portal\/wp-json\/wp\/v2\/media?parent=6506"}],"wp:term":[{"taxonomy":"category","embeddable":true,"href":"https:\/\/www.rivera.gub.uy\/portal\/wp-json\/wp\/v2\/categories?post=6506"},{"taxonomy":"post_tag","embeddable":true,"href":"https:\/\/www.rivera.gub.uy\/portal\/wp-json\/wp\/v2\/tags?post=6506"}],"curies":[{"name":"wp","href":"https:\/\/api.w.org\/{rel}","templated":true}]}}