{"id":65162,"date":"2025-12-07T14:06:25","date_gmt":"2025-12-07T17:06:25","guid":{"rendered":"https:\/\/www.rivera.gub.uy\/portal\/?p=65162"},"modified":"2025-12-07T14:06:25","modified_gmt":"2025-12-07T17:06:25","slug":"a-40-anos-de-su-creacion-el-ballet-folklorico-departamental-celebra-una-historia-que-marca-a-rivera","status":"publish","type":"post","link":"https:\/\/www.rivera.gub.uy\/portal\/a-40-anos-de-su-creacion-el-ballet-folklorico-departamental-celebra-una-historia-que-marca-a-rivera\/","title":{"rendered":"A 40 a\u00f1os de su creaci\u00f3n, el Ballet Folkl\u00f3rico Departamental celebra una historia que marca a Rivera"},"content":{"rendered":"<p>Los primeros vientos de renovaci\u00f3n que trajo la recuperaci\u00f3n democr\u00e1tica en 1985 sembraron tambi\u00e9n la semilla de lo que, con el paso del tiempo, se convertir\u00eda en una de las expresiones art\u00edsticas m\u00e1s representativas del departamento: el Ballet Folkl\u00f3rico Departamental de Rivera.<!--more--><\/p>\n<p>En aquellos a\u00f1os, la primera administraci\u00f3n municipal electa tras el Gobierno Militar \u2014encabezada por el intendente Dr. Altivo Esteves\u2014 asum\u00eda entre sus objetivos el fortalecimiento del v\u00ednculo entre la comunidad y el arte. Fue en ese contexto que, con la participaci\u00f3n del Dr. Nery C\u00e1ceres, se dio forma a un Elenco de Danzas que, tras los ajustes necesarios y la visi\u00f3n de la Prof. Mar\u00eda Cristina Albornoz, comenz\u00f3 a convocar a m\u00fasicos y cantantes como el Mtro. Darci Carneiro, Bluette Pereira, V\u00edctor Buere y Juan Carlos Castro.<\/p>\n<p>Ese impulso inicial deriv\u00f3 en la creaci\u00f3n del Ballet Municipal de Rivera. La convivencia entre Danza Moderna y Folklore marc\u00f3 los primeros pasos de un proyecto que r\u00e1pidamente gan\u00f3 espacios locales y departamentales, consolid\u00e1ndose como referencia cultural y sumando al esfuerzo de decenas de integrantes que encontraron all\u00ed un lugar para desarrollar su vocaci\u00f3n.<\/p>\n<p>Con los a\u00f1os, nuevos cap\u00edtulos se fueron escribiendo en esta historia. El arribo del Prof. Rub\u00e9n Dantaz y, posteriormente, la coordinaci\u00f3n de Marcelo Chapital, ahora Director del elenco, ampliaron el alcance del Ballet Folkl\u00f3rico Departamental. Se incorporaron el Ballet de Ni\u00f1os, Ballet Danza Joven, el Taller de Adultos y el Elenco Principal, lo que permiti\u00f3 llevar la m\u00fasica y la danza tradicional uruguaya a escenarios de todo el pa\u00eds y de la regi\u00f3n.<\/p>\n<p>El crecimiento art\u00edstico tambi\u00e9n tuvo reconocimiento fuera de fronteras. En 2013, el elenco particip\u00f3 de un Encuentro Latinoamericano en Colombia, donde obtuvo destacadas valoraciones por su presencia esc\u00e9nica, su defensa de la cultura uruguaya y la disciplina de sus bailarines; participando activamente en festivales en R\u00edo Grande do Sul y en forma virtual en el Festival Internacional de Cuba.<\/p>\n<p>El Ballet Folkl\u00f3rico recibi\u00f3 el Marco de Oro, siendo el \u00fanico elenco municipal de Rivera en alcanzar esa distinci\u00f3n.<\/p>\n<p>Cuatro d\u00e9cadas despu\u00e9s de aquella siembra inicial, el Ballet Folkl\u00f3rico Departamental contin\u00faa como un verdadero embajador cultural de Rivera. Recorre barrios, localidades del interior, festivales nacionales y encuentros internacionales llevando el mensaje, los colores y la identidad de nuestra gente. Una historia que se ha construido con el aporte de todos \u2014ni\u00f1os, j\u00f3venes, adultos, profesores y colaboradores\u2014 y que mantiene viva la llama de la tradici\u00f3n cada vez que sus integrantes suben al escenario.<\/p>\n<p>Cuarenta a\u00f1os despu\u00e9s, el Ballet Folkl\u00f3rico Departamental sigue siendo un orgullo riverense y una de las expresiones m\u00e1s aut\u00e9nticas de nuestra cultura.<\/p>\n<p>&nbsp;<\/p>\n<p>&nbsp;<\/p>\n","protected":false},"excerpt":{"rendered":"<p>Los primeros vientos de renovaci\u00f3n que trajo la recuperaci\u00f3n democr\u00e1tica en 1985 sembraron tambi\u00e9n la semilla de lo que, con el paso del tiempo, se convertir\u00eda en una de las expresiones art\u00edsticas m\u00e1s representativas del departamento: el Ballet Folkl\u00f3rico Departamental de Rivera.<\/p>\n","protected":false},"author":7,"featured_media":65163,"comment_status":"open","ping_status":"open","sticky":false,"template":"","format":"standard","meta":{"footnotes":""},"categories":[6,1],"tags":[],"class_list":["post-65162","post","type-post","status-publish","format-standard","has-post-thumbnail","hentry","category-cultura","category-novedades"],"_links":{"self":[{"href":"https:\/\/www.rivera.gub.uy\/portal\/wp-json\/wp\/v2\/posts\/65162","targetHints":{"allow":["GET"]}}],"collection":[{"href":"https:\/\/www.rivera.gub.uy\/portal\/wp-json\/wp\/v2\/posts"}],"about":[{"href":"https:\/\/www.rivera.gub.uy\/portal\/wp-json\/wp\/v2\/types\/post"}],"author":[{"embeddable":true,"href":"https:\/\/www.rivera.gub.uy\/portal\/wp-json\/wp\/v2\/users\/7"}],"replies":[{"embeddable":true,"href":"https:\/\/www.rivera.gub.uy\/portal\/wp-json\/wp\/v2\/comments?post=65162"}],"version-history":[{"count":2,"href":"https:\/\/www.rivera.gub.uy\/portal\/wp-json\/wp\/v2\/posts\/65162\/revisions"}],"predecessor-version":[{"id":65471,"href":"https:\/\/www.rivera.gub.uy\/portal\/wp-json\/wp\/v2\/posts\/65162\/revisions\/65471"}],"wp:featuredmedia":[{"embeddable":true,"href":"https:\/\/www.rivera.gub.uy\/portal\/wp-json\/wp\/v2\/media\/65163"}],"wp:attachment":[{"href":"https:\/\/www.rivera.gub.uy\/portal\/wp-json\/wp\/v2\/media?parent=65162"}],"wp:term":[{"taxonomy":"category","embeddable":true,"href":"https:\/\/www.rivera.gub.uy\/portal\/wp-json\/wp\/v2\/categories?post=65162"},{"taxonomy":"post_tag","embeddable":true,"href":"https:\/\/www.rivera.gub.uy\/portal\/wp-json\/wp\/v2\/tags?post=65162"}],"curies":[{"name":"wp","href":"https:\/\/api.w.org\/{rel}","templated":true}]}}