{"id":65169,"date":"2025-12-08T14:00:56","date_gmt":"2025-12-08T17:00:56","guid":{"rendered":"https:\/\/www.rivera.gub.uy\/portal\/?p=65169"},"modified":"2025-12-08T16:01:01","modified_gmt":"2025-12-08T19:01:01","slug":"gran-fiesta-del-futbol-infantil-el-barrialito-2025","status":"publish","type":"post","link":"https:\/\/www.rivera.gub.uy\/portal\/gran-fiesta-del-futbol-infantil-el-barrialito-2025\/","title":{"rendered":"Gran fiesta del f\u00fatbol infantil: \u201cEl Barrialito 2025\u201d"},"content":{"rendered":"<p>El pasado fin de semana, el Estadio Atilio Paiva Olivera fue escenario de una nueva edici\u00f3n de \u201cEl Barrialito 2025\u201d, actividad que reuni\u00f3 a los equipos de la Liga Infantil de los Barrios, junto a instituciones deportivas y educativas, as\u00ed como escuelitas de f\u00fatbol de Rivera, del interior del departamento y de Santana do Livramento.<!--more--><\/p>\n<p>M\u00e1s de 500 ni\u00f1os y ni\u00f1as participaron de esta jornada que celebr\u00f3 el deporte formativo y promovi\u00f3 valores fundamentales como el compa\u00f1erismo, el respeto y el trabajo en equipo.<\/p>\n<p>La propuesta tuvo como finalidad fortalecer la integraci\u00f3n barrial y el desarrollo comunitario a trav\u00e9s del deporte.<\/p>\n<p>La Intendencia de Rivera agradece a todas las instituciones y organizaciones que se sumaron a esta iniciativa, cuyo aporte fue esencial para el \u00e9xito del evento.<\/p>\n<p>Continuamos trabajando para impulsar y acompa\u00f1ar las actividades deportivas que fortalecen el crecimiento saludable de nuestros ni\u00f1os y ni\u00f1as, y la uni\u00f3n de nuestros barrios.<\/p>\n<p>&nbsp;<\/p>\n<div id='gallery-1' class='gallery galleryid-65169 gallery-columns-6 gallery-size-thumbnail'><figure class='gallery-item'>\n\t\t\t<div class='gallery-icon landscape'>\n\t\t\t\t<a href='https:\/\/www.rivera.gub.uy\/portal\/wp-content\/uploads\/2025\/12\/barrialito-1.jpg'><img loading=\"lazy\" decoding=\"async\" width=\"125\" height=\"94\" src=\"https:\/\/www.rivera.gub.uy\/portal\/wp-content\/uploads\/2025\/12\/barrialito-1-125x94.jpg\" class=\"attachment-thumbnail size-thumbnail\" alt=\"Barrialito\" srcset=\"https:\/\/www.rivera.gub.uy\/portal\/wp-content\/uploads\/2025\/12\/barrialito-1-125x94.jpg 125w, https:\/\/www.rivera.gub.uy\/portal\/wp-content\/uploads\/2025\/12\/barrialito-1-251x188.jpg 251w, https:\/\/www.rivera.gub.uy\/portal\/wp-content\/uploads\/2025\/12\/barrialito-1-835x626.jpg 835w, https:\/\/www.rivera.gub.uy\/portal\/wp-content\/uploads\/2025\/12\/barrialito-1-768x576.jpg 768w, https:\/\/www.rivera.gub.uy\/portal\/wp-content\/uploads\/2025\/12\/barrialito-1-1536x1152.jpg 1536w, https:\/\/www.rivera.gub.uy\/portal\/wp-content\/uploads\/2025\/12\/barrialito-1-820x615.jpg 820w, https:\/\/www.rivera.gub.uy\/portal\/wp-content\/uploads\/2025\/12\/barrialito-1.jpg 2048w\" sizes=\"auto, (max-width: 125px) 100vw, 125px\" \/><\/a>\n\t\t\t<\/div><\/figure><figure class='gallery-item'>\n\t\t\t<div class='gallery-icon landscape'>\n\t\t\t\t<a href='https:\/\/www.rivera.gub.uy\/portal\/wp-content\/uploads\/2025\/12\/barrialito-2.jpg'><img loading=\"lazy\" decoding=\"async\" width=\"125\" height=\"94\" src=\"https:\/\/www.rivera.gub.uy\/portal\/wp-content\/uploads\/2025\/12\/barrialito-2-125x94.jpg\" class=\"attachment-thumbnail size-thumbnail\" alt=\"\" srcset=\"https:\/\/www.rivera.gub.uy\/portal\/wp-content\/uploads\/2025\/12\/barrialito-2-125x94.jpg 125w, https:\/\/www.rivera.gub.uy\/portal\/wp-content\/uploads\/2025\/12\/barrialito-2-251x188.jpg 251w, https:\/\/www.rivera.gub.uy\/portal\/wp-content\/uploads\/2025\/12\/barrialito-2-835x626.jpg 835w, https:\/\/www.rivera.gub.uy\/portal\/wp-content\/uploads\/2025\/12\/barrialito-2-768x576.jpg 768w, https:\/\/www.rivera.gub.uy\/portal\/wp-content\/uploads\/2025\/12\/barrialito-2-1536x1152.jpg 1536w, https:\/\/www.rivera.gub.uy\/portal\/wp-content\/uploads\/2025\/12\/barrialito-2-820x615.jpg 820w, https:\/\/www.rivera.gub.uy\/portal\/wp-content\/uploads\/2025\/12\/barrialito-2.jpg 2048w\" sizes=\"auto, (max-width: 125px) 100vw, 125px\" \/><\/a>\n\t\t\t<\/div><\/figure><figure class='gallery-item'>\n\t\t\t<div class='gallery-icon landscape'>\n\t\t\t\t<a href='https:\/\/www.rivera.gub.uy\/portal\/wp-content\/uploads\/2025\/12\/barrialito-3.jpg'><img loading=\"lazy\" decoding=\"async\" width=\"125\" height=\"94\" src=\"https:\/\/www.rivera.gub.uy\/portal\/wp-content\/uploads\/2025\/12\/barrialito-3-125x94.jpg\" class=\"attachment-thumbnail size-thumbnail\" alt=\"\" srcset=\"https:\/\/www.rivera.gub.uy\/portal\/wp-content\/uploads\/2025\/12\/barrialito-3-125x94.jpg 125w, https:\/\/www.rivera.gub.uy\/portal\/wp-content\/uploads\/2025\/12\/barrialito-3-251x188.jpg 251w, https:\/\/www.rivera.gub.uy\/portal\/wp-content\/uploads\/2025\/12\/barrialito-3-835x626.jpg 835w, https:\/\/www.rivera.gub.uy\/portal\/wp-content\/uploads\/2025\/12\/barrialito-3-768x576.jpg 768w, https:\/\/www.rivera.gub.uy\/portal\/wp-content\/uploads\/2025\/12\/barrialito-3-1536x1152.jpg 1536w, https:\/\/www.rivera.gub.uy\/portal\/wp-content\/uploads\/2025\/12\/barrialito-3-820x615.jpg 820w, https:\/\/www.rivera.gub.uy\/portal\/wp-content\/uploads\/2025\/12\/barrialito-3.jpg 2048w\" sizes=\"auto, (max-width: 125px) 100vw, 125px\" \/><\/a>\n\t\t\t<\/div><\/figure><figure class='gallery-item'>\n\t\t\t<div class='gallery-icon landscape'>\n\t\t\t\t<a href='https:\/\/www.rivera.gub.uy\/portal\/wp-content\/uploads\/2025\/12\/barrialito-4.jpg'><img loading=\"lazy\" decoding=\"async\" width=\"125\" height=\"94\" src=\"https:\/\/www.rivera.gub.uy\/portal\/wp-content\/uploads\/2025\/12\/barrialito-4-125x94.jpg\" class=\"attachment-thumbnail size-thumbnail\" alt=\"\" srcset=\"https:\/\/www.rivera.gub.uy\/portal\/wp-content\/uploads\/2025\/12\/barrialito-4-125x94.jpg 125w, https:\/\/www.rivera.gub.uy\/portal\/wp-content\/uploads\/2025\/12\/barrialito-4-251x188.jpg 251w, https:\/\/www.rivera.gub.uy\/portal\/wp-content\/uploads\/2025\/12\/barrialito-4-835x626.jpg 835w, https:\/\/www.rivera.gub.uy\/portal\/wp-content\/uploads\/2025\/12\/barrialito-4-768x576.jpg 768w, https:\/\/www.rivera.gub.uy\/portal\/wp-content\/uploads\/2025\/12\/barrialito-4-1536x1152.jpg 1536w, https:\/\/www.rivera.gub.uy\/portal\/wp-content\/uploads\/2025\/12\/barrialito-4-820x615.jpg 820w, https:\/\/www.rivera.gub.uy\/portal\/wp-content\/uploads\/2025\/12\/barrialito-4.jpg 2048w\" sizes=\"auto, (max-width: 125px) 100vw, 125px\" \/><\/a>\n\t\t\t<\/div><\/figure><figure class='gallery-item'>\n\t\t\t<div class='gallery-icon landscape'>\n\t\t\t\t<a href='https:\/\/www.rivera.gub.uy\/portal\/wp-content\/uploads\/2025\/12\/barrialito-5.jpg'><img loading=\"lazy\" decoding=\"async\" width=\"125\" height=\"94\" src=\"https:\/\/www.rivera.gub.uy\/portal\/wp-content\/uploads\/2025\/12\/barrialito-5-125x94.jpg\" class=\"attachment-thumbnail size-thumbnail\" alt=\"\" srcset=\"https:\/\/www.rivera.gub.uy\/portal\/wp-content\/uploads\/2025\/12\/barrialito-5-125x94.jpg 125w, https:\/\/www.rivera.gub.uy\/portal\/wp-content\/uploads\/2025\/12\/barrialito-5-251x188.jpg 251w, https:\/\/www.rivera.gub.uy\/portal\/wp-content\/uploads\/2025\/12\/barrialito-5-835x626.jpg 835w, https:\/\/www.rivera.gub.uy\/portal\/wp-content\/uploads\/2025\/12\/barrialito-5-768x576.jpg 768w, https:\/\/www.rivera.gub.uy\/portal\/wp-content\/uploads\/2025\/12\/barrialito-5-1536x1152.jpg 1536w, https:\/\/www.rivera.gub.uy\/portal\/wp-content\/uploads\/2025\/12\/barrialito-5-820x615.jpg 820w, https:\/\/www.rivera.gub.uy\/portal\/wp-content\/uploads\/2025\/12\/barrialito-5.jpg 2048w\" sizes=\"auto, (max-width: 125px) 100vw, 125px\" \/><\/a>\n\t\t\t<\/div><\/figure><figure class='gallery-item'>\n\t\t\t<div class='gallery-icon portrait'>\n\t\t\t\t<a href='https:\/\/www.rivera.gub.uy\/portal\/wp-content\/uploads\/2025\/12\/barrialito-6.jpg'><img loading=\"lazy\" decoding=\"async\" width=\"53\" height=\"94\" src=\"https:\/\/www.rivera.gub.uy\/portal\/wp-content\/uploads\/2025\/12\/barrialito-6-53x94.jpg\" class=\"attachment-thumbnail size-thumbnail\" alt=\"\" srcset=\"https:\/\/www.rivera.gub.uy\/portal\/wp-content\/uploads\/2025\/12\/barrialito-6-53x94.jpg 53w, https:\/\/www.rivera.gub.uy\/portal\/wp-content\/uploads\/2025\/12\/barrialito-6-106x188.jpg 106w, https:\/\/www.rivera.gub.uy\/portal\/wp-content\/uploads\/2025\/12\/barrialito-6-352x626.jpg 352w, https:\/\/www.rivera.gub.uy\/portal\/wp-content\/uploads\/2025\/12\/barrialito-6-768x1365.jpg 768w, https:\/\/www.rivera.gub.uy\/portal\/wp-content\/uploads\/2025\/12\/barrialito-6-864x1536.jpg 864w, https:\/\/www.rivera.gub.uy\/portal\/wp-content\/uploads\/2025\/12\/barrialito-6-820x1458.jpg 820w, https:\/\/www.rivera.gub.uy\/portal\/wp-content\/uploads\/2025\/12\/barrialito-6.jpg 1152w\" sizes=\"auto, (max-width: 53px) 100vw, 53px\" \/><\/a>\n\t\t\t<\/div><\/figure><figure class='gallery-item'>\n\t\t\t<div class='gallery-icon landscape'>\n\t\t\t\t<a href='https:\/\/www.rivera.gub.uy\/portal\/wp-content\/uploads\/2025\/12\/barrialito-7.jpg'><img loading=\"lazy\" decoding=\"async\" width=\"125\" height=\"94\" src=\"https:\/\/www.rivera.gub.uy\/portal\/wp-content\/uploads\/2025\/12\/barrialito-7-125x94.jpg\" class=\"attachment-thumbnail size-thumbnail\" alt=\"\" srcset=\"https:\/\/www.rivera.gub.uy\/portal\/wp-content\/uploads\/2025\/12\/barrialito-7-125x94.jpg 125w, https:\/\/www.rivera.gub.uy\/portal\/wp-content\/uploads\/2025\/12\/barrialito-7-251x188.jpg 251w, https:\/\/www.rivera.gub.uy\/portal\/wp-content\/uploads\/2025\/12\/barrialito-7-835x626.jpg 835w, https:\/\/www.rivera.gub.uy\/portal\/wp-content\/uploads\/2025\/12\/barrialito-7-768x576.jpg 768w, https:\/\/www.rivera.gub.uy\/portal\/wp-content\/uploads\/2025\/12\/barrialito-7-1536x1152.jpg 1536w, https:\/\/www.rivera.gub.uy\/portal\/wp-content\/uploads\/2025\/12\/barrialito-7-820x615.jpg 820w, https:\/\/www.rivera.gub.uy\/portal\/wp-content\/uploads\/2025\/12\/barrialito-7.jpg 2048w\" sizes=\"auto, (max-width: 125px) 100vw, 125px\" \/><\/a>\n\t\t\t<\/div><\/figure><figure class='gallery-item'>\n\t\t\t<div class='gallery-icon landscape'>\n\t\t\t\t<a href='https:\/\/www.rivera.gub.uy\/portal\/wp-content\/uploads\/2025\/12\/barrialito-8.jpg'><img loading=\"lazy\" decoding=\"async\" width=\"125\" height=\"94\" src=\"https:\/\/www.rivera.gub.uy\/portal\/wp-content\/uploads\/2025\/12\/barrialito-8-125x94.jpg\" class=\"attachment-thumbnail size-thumbnail\" alt=\"\" srcset=\"https:\/\/www.rivera.gub.uy\/portal\/wp-content\/uploads\/2025\/12\/barrialito-8-125x94.jpg 125w, https:\/\/www.rivera.gub.uy\/portal\/wp-content\/uploads\/2025\/12\/barrialito-8-251x188.jpg 251w, https:\/\/www.rivera.gub.uy\/portal\/wp-content\/uploads\/2025\/12\/barrialito-8-835x626.jpg 835w, https:\/\/www.rivera.gub.uy\/portal\/wp-content\/uploads\/2025\/12\/barrialito-8-768x576.jpg 768w, https:\/\/www.rivera.gub.uy\/portal\/wp-content\/uploads\/2025\/12\/barrialito-8-1536x1152.jpg 1536w, https:\/\/www.rivera.gub.uy\/portal\/wp-content\/uploads\/2025\/12\/barrialito-8-820x615.jpg 820w, https:\/\/www.rivera.gub.uy\/portal\/wp-content\/uploads\/2025\/12\/barrialito-8.jpg 2048w\" sizes=\"auto, (max-width: 125px) 100vw, 125px\" \/><\/a>\n\t\t\t<\/div><\/figure><figure class='gallery-item'>\n\t\t\t<div class='gallery-icon landscape'>\n\t\t\t\t<a href='https:\/\/www.rivera.gub.uy\/portal\/wp-content\/uploads\/2025\/12\/barrialito-9.jpg'><img loading=\"lazy\" decoding=\"async\" width=\"125\" height=\"94\" src=\"https:\/\/www.rivera.gub.uy\/portal\/wp-content\/uploads\/2025\/12\/barrialito-9-125x94.jpg\" class=\"attachment-thumbnail size-thumbnail\" alt=\"\" srcset=\"https:\/\/www.rivera.gub.uy\/portal\/wp-content\/uploads\/2025\/12\/barrialito-9-125x94.jpg 125w, https:\/\/www.rivera.gub.uy\/portal\/wp-content\/uploads\/2025\/12\/barrialito-9-251x188.jpg 251w, https:\/\/www.rivera.gub.uy\/portal\/wp-content\/uploads\/2025\/12\/barrialito-9-835x626.jpg 835w, https:\/\/www.rivera.gub.uy\/portal\/wp-content\/uploads\/2025\/12\/barrialito-9-768x576.jpg 768w, https:\/\/www.rivera.gub.uy\/portal\/wp-content\/uploads\/2025\/12\/barrialito-9-1536x1152.jpg 1536w, https:\/\/www.rivera.gub.uy\/portal\/wp-content\/uploads\/2025\/12\/barrialito-9-820x615.jpg 820w, https:\/\/www.rivera.gub.uy\/portal\/wp-content\/uploads\/2025\/12\/barrialito-9.jpg 2048w\" sizes=\"auto, (max-width: 125px) 100vw, 125px\" \/><\/a>\n\t\t\t<\/div><\/figure><figure class='gallery-item'>\n\t\t\t<div class='gallery-icon landscape'>\n\t\t\t\t<a href='https:\/\/www.rivera.gub.uy\/portal\/wp-content\/uploads\/2025\/12\/barrialito-10.jpg'><img loading=\"lazy\" decoding=\"async\" width=\"125\" height=\"94\" src=\"https:\/\/www.rivera.gub.uy\/portal\/wp-content\/uploads\/2025\/12\/barrialito-10-125x94.jpg\" class=\"attachment-thumbnail size-thumbnail\" alt=\"\" srcset=\"https:\/\/www.rivera.gub.uy\/portal\/wp-content\/uploads\/2025\/12\/barrialito-10-125x94.jpg 125w, https:\/\/www.rivera.gub.uy\/portal\/wp-content\/uploads\/2025\/12\/barrialito-10-251x188.jpg 251w, https:\/\/www.rivera.gub.uy\/portal\/wp-content\/uploads\/2025\/12\/barrialito-10-835x626.jpg 835w, https:\/\/www.rivera.gub.uy\/portal\/wp-content\/uploads\/2025\/12\/barrialito-10-768x576.jpg 768w, https:\/\/www.rivera.gub.uy\/portal\/wp-content\/uploads\/2025\/12\/barrialito-10-820x615.jpg 820w, https:\/\/www.rivera.gub.uy\/portal\/wp-content\/uploads\/2025\/12\/barrialito-10.jpg 960w\" sizes=\"auto, (max-width: 125px) 100vw, 125px\" \/><\/a>\n\t\t\t<\/div><\/figure><figure class='gallery-item'>\n\t\t\t<div class='gallery-icon landscape'>\n\t\t\t\t<a href='https:\/\/www.rivera.gub.uy\/portal\/wp-content\/uploads\/2025\/12\/barrialito-11.jpg'><img loading=\"lazy\" decoding=\"async\" width=\"125\" height=\"94\" src=\"https:\/\/www.rivera.gub.uy\/portal\/wp-content\/uploads\/2025\/12\/barrialito-11-125x94.jpg\" class=\"attachment-thumbnail size-thumbnail\" alt=\"Barrialito\" srcset=\"https:\/\/www.rivera.gub.uy\/portal\/wp-content\/uploads\/2025\/12\/barrialito-11-125x94.jpg 125w, https:\/\/www.rivera.gub.uy\/portal\/wp-content\/uploads\/2025\/12\/barrialito-11-251x188.jpg 251w, https:\/\/www.rivera.gub.uy\/portal\/wp-content\/uploads\/2025\/12\/barrialito-11-835x626.jpg 835w, https:\/\/www.rivera.gub.uy\/portal\/wp-content\/uploads\/2025\/12\/barrialito-11-768x576.jpg 768w, https:\/\/www.rivera.gub.uy\/portal\/wp-content\/uploads\/2025\/12\/barrialito-11-1536x1152.jpg 1536w, https:\/\/www.rivera.gub.uy\/portal\/wp-content\/uploads\/2025\/12\/barrialito-11-820x615.jpg 820w, https:\/\/www.rivera.gub.uy\/portal\/wp-content\/uploads\/2025\/12\/barrialito-11.jpg 2048w\" sizes=\"auto, (max-width: 125px) 100vw, 125px\" \/><\/a>\n\t\t\t<\/div><\/figure><figure class='gallery-item'>\n\t\t\t<div class='gallery-icon landscape'>\n\t\t\t\t<a href='https:\/\/www.rivera.gub.uy\/portal\/wp-content\/uploads\/2025\/12\/barrialito-1-1-scaled.jpg'><img loading=\"lazy\" decoding=\"async\" width=\"141\" height=\"94\" src=\"https:\/\/www.rivera.gub.uy\/portal\/wp-content\/uploads\/2025\/12\/barrialito-1-1-141x94.jpg\" class=\"attachment-thumbnail size-thumbnail\" alt=\"\" srcset=\"https:\/\/www.rivera.gub.uy\/portal\/wp-content\/uploads\/2025\/12\/barrialito-1-1-141x94.jpg 141w, https:\/\/www.rivera.gub.uy\/portal\/wp-content\/uploads\/2025\/12\/barrialito-1-1-282x188.jpg 282w, https:\/\/www.rivera.gub.uy\/portal\/wp-content\/uploads\/2025\/12\/barrialito-1-1-939x626.jpg 939w, https:\/\/www.rivera.gub.uy\/portal\/wp-content\/uploads\/2025\/12\/barrialito-1-1-768x512.jpg 768w, https:\/\/www.rivera.gub.uy\/portal\/wp-content\/uploads\/2025\/12\/barrialito-1-1-1536x1024.jpg 1536w, https:\/\/www.rivera.gub.uy\/portal\/wp-content\/uploads\/2025\/12\/barrialito-1-1-2048x1365.jpg 2048w, https:\/\/www.rivera.gub.uy\/portal\/wp-content\/uploads\/2025\/12\/barrialito-1-1-600x400.jpg 600w, https:\/\/www.rivera.gub.uy\/portal\/wp-content\/uploads\/2025\/12\/barrialito-1-1-820x547.jpg 820w, https:\/\/www.rivera.gub.uy\/portal\/wp-content\/uploads\/2025\/12\/barrialito-1-1-272x182.jpg 272w\" sizes=\"auto, (max-width: 141px) 100vw, 141px\" \/><\/a>\n\t\t\t<\/div><\/figure><figure class='gallery-item'>\n\t\t\t<div class='gallery-icon landscape'>\n\t\t\t\t<a href='https:\/\/www.rivera.gub.uy\/portal\/wp-content\/uploads\/2025\/12\/barrialito-2-1-scaled.jpg'><img loading=\"lazy\" decoding=\"async\" width=\"141\" height=\"94\" src=\"https:\/\/www.rivera.gub.uy\/portal\/wp-content\/uploads\/2025\/12\/barrialito-2-1-141x94.jpg\" class=\"attachment-thumbnail size-thumbnail\" alt=\"\" srcset=\"https:\/\/www.rivera.gub.uy\/portal\/wp-content\/uploads\/2025\/12\/barrialito-2-1-141x94.jpg 141w, https:\/\/www.rivera.gub.uy\/portal\/wp-content\/uploads\/2025\/12\/barrialito-2-1-282x188.jpg 282w, https:\/\/www.rivera.gub.uy\/portal\/wp-content\/uploads\/2025\/12\/barrialito-2-1-939x626.jpg 939w, https:\/\/www.rivera.gub.uy\/portal\/wp-content\/uploads\/2025\/12\/barrialito-2-1-768x512.jpg 768w, https:\/\/www.rivera.gub.uy\/portal\/wp-content\/uploads\/2025\/12\/barrialito-2-1-1536x1024.jpg 1536w, https:\/\/www.rivera.gub.uy\/portal\/wp-content\/uploads\/2025\/12\/barrialito-2-1-2048x1365.jpg 2048w, https:\/\/www.rivera.gub.uy\/portal\/wp-content\/uploads\/2025\/12\/barrialito-2-1-600x400.jpg 600w, https:\/\/www.rivera.gub.uy\/portal\/wp-content\/uploads\/2025\/12\/barrialito-2-1-820x547.jpg 820w, https:\/\/www.rivera.gub.uy\/portal\/wp-content\/uploads\/2025\/12\/barrialito-2-1-272x182.jpg 272w\" sizes=\"auto, (max-width: 141px) 100vw, 141px\" \/><\/a>\n\t\t\t<\/div><\/figure><figure class='gallery-item'>\n\t\t\t<div class='gallery-icon landscape'>\n\t\t\t\t<a href='https:\/\/www.rivera.gub.uy\/portal\/wp-content\/uploads\/2025\/12\/barrialito-3-1-scaled.jpg'><img loading=\"lazy\" decoding=\"async\" width=\"141\" height=\"94\" src=\"https:\/\/www.rivera.gub.uy\/portal\/wp-content\/uploads\/2025\/12\/barrialito-3-1-141x94.jpg\" class=\"attachment-thumbnail size-thumbnail\" alt=\"\" srcset=\"https:\/\/www.rivera.gub.uy\/portal\/wp-content\/uploads\/2025\/12\/barrialito-3-1-141x94.jpg 141w, https:\/\/www.rivera.gub.uy\/portal\/wp-content\/uploads\/2025\/12\/barrialito-3-1-282x188.jpg 282w, https:\/\/www.rivera.gub.uy\/portal\/wp-content\/uploads\/2025\/12\/barrialito-3-1-939x626.jpg 939w, https:\/\/www.rivera.gub.uy\/portal\/wp-content\/uploads\/2025\/12\/barrialito-3-1-768x512.jpg 768w, https:\/\/www.rivera.gub.uy\/portal\/wp-content\/uploads\/2025\/12\/barrialito-3-1-1536x1024.jpg 1536w, https:\/\/www.rivera.gub.uy\/portal\/wp-content\/uploads\/2025\/12\/barrialito-3-1-2048x1365.jpg 2048w, https:\/\/www.rivera.gub.uy\/portal\/wp-content\/uploads\/2025\/12\/barrialito-3-1-600x400.jpg 600w, https:\/\/www.rivera.gub.uy\/portal\/wp-content\/uploads\/2025\/12\/barrialito-3-1-820x547.jpg 820w, https:\/\/www.rivera.gub.uy\/portal\/wp-content\/uploads\/2025\/12\/barrialito-3-1-272x182.jpg 272w\" sizes=\"auto, (max-width: 141px) 100vw, 141px\" \/><\/a>\n\t\t\t<\/div><\/figure><figure class='gallery-item'>\n\t\t\t<div class='gallery-icon landscape'>\n\t\t\t\t<a href='https:\/\/www.rivera.gub.uy\/portal\/wp-content\/uploads\/2025\/12\/barrialito-4-1-scaled.jpg'><img loading=\"lazy\" decoding=\"async\" width=\"141\" height=\"94\" src=\"https:\/\/www.rivera.gub.uy\/portal\/wp-content\/uploads\/2025\/12\/barrialito-4-1-141x94.jpg\" class=\"attachment-thumbnail size-thumbnail\" alt=\"\" srcset=\"https:\/\/www.rivera.gub.uy\/portal\/wp-content\/uploads\/2025\/12\/barrialito-4-1-141x94.jpg 141w, https:\/\/www.rivera.gub.uy\/portal\/wp-content\/uploads\/2025\/12\/barrialito-4-1-282x188.jpg 282w, https:\/\/www.rivera.gub.uy\/portal\/wp-content\/uploads\/2025\/12\/barrialito-4-1-939x626.jpg 939w, https:\/\/www.rivera.gub.uy\/portal\/wp-content\/uploads\/2025\/12\/barrialito-4-1-768x512.jpg 768w, https:\/\/www.rivera.gub.uy\/portal\/wp-content\/uploads\/2025\/12\/barrialito-4-1-1536x1024.jpg 1536w, https:\/\/www.rivera.gub.uy\/portal\/wp-content\/uploads\/2025\/12\/barrialito-4-1-2048x1365.jpg 2048w, https:\/\/www.rivera.gub.uy\/portal\/wp-content\/uploads\/2025\/12\/barrialito-4-1-600x400.jpg 600w, https:\/\/www.rivera.gub.uy\/portal\/wp-content\/uploads\/2025\/12\/barrialito-4-1-820x547.jpg 820w, https:\/\/www.rivera.gub.uy\/portal\/wp-content\/uploads\/2025\/12\/barrialito-4-1-272x182.jpg 272w\" sizes=\"auto, (max-width: 141px) 100vw, 141px\" \/><\/a>\n\t\t\t<\/div><\/figure><figure class='gallery-item'>\n\t\t\t<div class='gallery-icon landscape'>\n\t\t\t\t<a href='https:\/\/www.rivera.gub.uy\/portal\/wp-content\/uploads\/2025\/12\/barrialito-5-1-scaled.jpg'><img loading=\"lazy\" decoding=\"async\" width=\"141\" height=\"94\" src=\"https:\/\/www.rivera.gub.uy\/portal\/wp-content\/uploads\/2025\/12\/barrialito-5-1-141x94.jpg\" class=\"attachment-thumbnail size-thumbnail\" alt=\"\" srcset=\"https:\/\/www.rivera.gub.uy\/portal\/wp-content\/uploads\/2025\/12\/barrialito-5-1-141x94.jpg 141w, https:\/\/www.rivera.gub.uy\/portal\/wp-content\/uploads\/2025\/12\/barrialito-5-1-282x188.jpg 282w, https:\/\/www.rivera.gub.uy\/portal\/wp-content\/uploads\/2025\/12\/barrialito-5-1-939x626.jpg 939w, https:\/\/www.rivera.gub.uy\/portal\/wp-content\/uploads\/2025\/12\/barrialito-5-1-768x512.jpg 768w, https:\/\/www.rivera.gub.uy\/portal\/wp-content\/uploads\/2025\/12\/barrialito-5-1-1536x1024.jpg 1536w, https:\/\/www.rivera.gub.uy\/portal\/wp-content\/uploads\/2025\/12\/barrialito-5-1-2048x1365.jpg 2048w, https:\/\/www.rivera.gub.uy\/portal\/wp-content\/uploads\/2025\/12\/barrialito-5-1-600x400.jpg 600w, https:\/\/www.rivera.gub.uy\/portal\/wp-content\/uploads\/2025\/12\/barrialito-5-1-820x547.jpg 820w, https:\/\/www.rivera.gub.uy\/portal\/wp-content\/uploads\/2025\/12\/barrialito-5-1-272x182.jpg 272w\" sizes=\"auto, (max-width: 141px) 100vw, 141px\" \/><\/a>\n\t\t\t<\/div><\/figure><figure class='gallery-item'>\n\t\t\t<div class='gallery-icon landscape'>\n\t\t\t\t<a href='https:\/\/www.rivera.gub.uy\/portal\/wp-content\/uploads\/2025\/12\/barrialito-6-1-scaled.jpg'><img loading=\"lazy\" decoding=\"async\" width=\"141\" height=\"94\" src=\"https:\/\/www.rivera.gub.uy\/portal\/wp-content\/uploads\/2025\/12\/barrialito-6-1-141x94.jpg\" class=\"attachment-thumbnail size-thumbnail\" alt=\"\" srcset=\"https:\/\/www.rivera.gub.uy\/portal\/wp-content\/uploads\/2025\/12\/barrialito-6-1-141x94.jpg 141w, https:\/\/www.rivera.gub.uy\/portal\/wp-content\/uploads\/2025\/12\/barrialito-6-1-282x188.jpg 282w, https:\/\/www.rivera.gub.uy\/portal\/wp-content\/uploads\/2025\/12\/barrialito-6-1-939x626.jpg 939w, https:\/\/www.rivera.gub.uy\/portal\/wp-content\/uploads\/2025\/12\/barrialito-6-1-768x512.jpg 768w, https:\/\/www.rivera.gub.uy\/portal\/wp-content\/uploads\/2025\/12\/barrialito-6-1-1536x1024.jpg 1536w, https:\/\/www.rivera.gub.uy\/portal\/wp-content\/uploads\/2025\/12\/barrialito-6-1-2048x1365.jpg 2048w, https:\/\/www.rivera.gub.uy\/portal\/wp-content\/uploads\/2025\/12\/barrialito-6-1-600x400.jpg 600w, https:\/\/www.rivera.gub.uy\/portal\/wp-content\/uploads\/2025\/12\/barrialito-6-1-820x547.jpg 820w, https:\/\/www.rivera.gub.uy\/portal\/wp-content\/uploads\/2025\/12\/barrialito-6-1-272x182.jpg 272w\" sizes=\"auto, (max-width: 141px) 100vw, 141px\" \/><\/a>\n\t\t\t<\/div><\/figure><figure class='gallery-item'>\n\t\t\t<div class='gallery-icon landscape'>\n\t\t\t\t<a href='https:\/\/www.rivera.gub.uy\/portal\/wp-content\/uploads\/2025\/12\/barrialito-7-1-scaled.jpg'><img loading=\"lazy\" decoding=\"async\" width=\"141\" height=\"94\" src=\"https:\/\/www.rivera.gub.uy\/portal\/wp-content\/uploads\/2025\/12\/barrialito-7-1-141x94.jpg\" class=\"attachment-thumbnail size-thumbnail\" alt=\"\" srcset=\"https:\/\/www.rivera.gub.uy\/portal\/wp-content\/uploads\/2025\/12\/barrialito-7-1-141x94.jpg 141w, https:\/\/www.rivera.gub.uy\/portal\/wp-content\/uploads\/2025\/12\/barrialito-7-1-282x188.jpg 282w, https:\/\/www.rivera.gub.uy\/portal\/wp-content\/uploads\/2025\/12\/barrialito-7-1-939x626.jpg 939w, https:\/\/www.rivera.gub.uy\/portal\/wp-content\/uploads\/2025\/12\/barrialito-7-1-768x512.jpg 768w, https:\/\/www.rivera.gub.uy\/portal\/wp-content\/uploads\/2025\/12\/barrialito-7-1-1536x1024.jpg 1536w, https:\/\/www.rivera.gub.uy\/portal\/wp-content\/uploads\/2025\/12\/barrialito-7-1-2048x1365.jpg 2048w, https:\/\/www.rivera.gub.uy\/portal\/wp-content\/uploads\/2025\/12\/barrialito-7-1-600x400.jpg 600w, https:\/\/www.rivera.gub.uy\/portal\/wp-content\/uploads\/2025\/12\/barrialito-7-1-820x547.jpg 820w, https:\/\/www.rivera.gub.uy\/portal\/wp-content\/uploads\/2025\/12\/barrialito-7-1-272x182.jpg 272w\" sizes=\"auto, (max-width: 141px) 100vw, 141px\" \/><\/a>\n\t\t\t<\/div><\/figure><figure class='gallery-item'>\n\t\t\t<div class='gallery-icon landscape'>\n\t\t\t\t<a href='https:\/\/www.rivera.gub.uy\/portal\/wp-content\/uploads\/2025\/12\/barrialito-8-1-scaled.jpg'><img loading=\"lazy\" decoding=\"async\" width=\"141\" height=\"94\" src=\"https:\/\/www.rivera.gub.uy\/portal\/wp-content\/uploads\/2025\/12\/barrialito-8-1-141x94.jpg\" class=\"attachment-thumbnail size-thumbnail\" alt=\"\" srcset=\"https:\/\/www.rivera.gub.uy\/portal\/wp-content\/uploads\/2025\/12\/barrialito-8-1-141x94.jpg 141w, https:\/\/www.rivera.gub.uy\/portal\/wp-content\/uploads\/2025\/12\/barrialito-8-1-282x188.jpg 282w, https:\/\/www.rivera.gub.uy\/portal\/wp-content\/uploads\/2025\/12\/barrialito-8-1-939x626.jpg 939w, https:\/\/www.rivera.gub.uy\/portal\/wp-content\/uploads\/2025\/12\/barrialito-8-1-768x512.jpg 768w, https:\/\/www.rivera.gub.uy\/portal\/wp-content\/uploads\/2025\/12\/barrialito-8-1-1536x1024.jpg 1536w, https:\/\/www.rivera.gub.uy\/portal\/wp-content\/uploads\/2025\/12\/barrialito-8-1-2048x1365.jpg 2048w, https:\/\/www.rivera.gub.uy\/portal\/wp-content\/uploads\/2025\/12\/barrialito-8-1-600x400.jpg 600w, https:\/\/www.rivera.gub.uy\/portal\/wp-content\/uploads\/2025\/12\/barrialito-8-1-820x547.jpg 820w, https:\/\/www.rivera.gub.uy\/portal\/wp-content\/uploads\/2025\/12\/barrialito-8-1-272x182.jpg 272w\" sizes=\"auto, (max-width: 141px) 100vw, 141px\" \/><\/a>\n\t\t\t<\/div><\/figure><figure class='gallery-item'>\n\t\t\t<div class='gallery-icon landscape'>\n\t\t\t\t<a href='https:\/\/www.rivera.gub.uy\/portal\/wp-content\/uploads\/2025\/12\/barrialito-9-1-scaled.jpg'><img loading=\"lazy\" decoding=\"async\" width=\"141\" height=\"94\" src=\"https:\/\/www.rivera.gub.uy\/portal\/wp-content\/uploads\/2025\/12\/barrialito-9-1-141x94.jpg\" class=\"attachment-thumbnail size-thumbnail\" alt=\"\" srcset=\"https:\/\/www.rivera.gub.uy\/portal\/wp-content\/uploads\/2025\/12\/barrialito-9-1-141x94.jpg 141w, https:\/\/www.rivera.gub.uy\/portal\/wp-content\/uploads\/2025\/12\/barrialito-9-1-282x188.jpg 282w, https:\/\/www.rivera.gub.uy\/portal\/wp-content\/uploads\/2025\/12\/barrialito-9-1-939x626.jpg 939w, https:\/\/www.rivera.gub.uy\/portal\/wp-content\/uploads\/2025\/12\/barrialito-9-1-768x512.jpg 768w, https:\/\/www.rivera.gub.uy\/portal\/wp-content\/uploads\/2025\/12\/barrialito-9-1-1536x1024.jpg 1536w, https:\/\/www.rivera.gub.uy\/portal\/wp-content\/uploads\/2025\/12\/barrialito-9-1-2048x1365.jpg 2048w, https:\/\/www.rivera.gub.uy\/portal\/wp-content\/uploads\/2025\/12\/barrialito-9-1-600x400.jpg 600w, https:\/\/www.rivera.gub.uy\/portal\/wp-content\/uploads\/2025\/12\/barrialito-9-1-820x547.jpg 820w, https:\/\/www.rivera.gub.uy\/portal\/wp-content\/uploads\/2025\/12\/barrialito-9-1-272x182.jpg 272w\" sizes=\"auto, (max-width: 141px) 100vw, 141px\" \/><\/a>\n\t\t\t<\/div><\/figure><figure class='gallery-item'>\n\t\t\t<div class='gallery-icon landscape'>\n\t\t\t\t<a href='https:\/\/www.rivera.gub.uy\/portal\/wp-content\/uploads\/2025\/12\/barrialito-10-1-scaled.jpg'><img loading=\"lazy\" decoding=\"async\" width=\"141\" height=\"94\" src=\"https:\/\/www.rivera.gub.uy\/portal\/wp-content\/uploads\/2025\/12\/barrialito-10-1-141x94.jpg\" class=\"attachment-thumbnail size-thumbnail\" alt=\"\" srcset=\"https:\/\/www.rivera.gub.uy\/portal\/wp-content\/uploads\/2025\/12\/barrialito-10-1-141x94.jpg 141w, https:\/\/www.rivera.gub.uy\/portal\/wp-content\/uploads\/2025\/12\/barrialito-10-1-282x188.jpg 282w, https:\/\/www.rivera.gub.uy\/portal\/wp-content\/uploads\/2025\/12\/barrialito-10-1-939x626.jpg 939w, https:\/\/www.rivera.gub.uy\/portal\/wp-content\/uploads\/2025\/12\/barrialito-10-1-768x512.jpg 768w, https:\/\/www.rivera.gub.uy\/portal\/wp-content\/uploads\/2025\/12\/barrialito-10-1-1536x1024.jpg 1536w, https:\/\/www.rivera.gub.uy\/portal\/wp-content\/uploads\/2025\/12\/barrialito-10-1-2048x1365.jpg 2048w, https:\/\/www.rivera.gub.uy\/portal\/wp-content\/uploads\/2025\/12\/barrialito-10-1-600x400.jpg 600w, https:\/\/www.rivera.gub.uy\/portal\/wp-content\/uploads\/2025\/12\/barrialito-10-1-820x547.jpg 820w, https:\/\/www.rivera.gub.uy\/portal\/wp-content\/uploads\/2025\/12\/barrialito-10-1-272x182.jpg 272w\" sizes=\"auto, (max-width: 141px) 100vw, 141px\" \/><\/a>\n\t\t\t<\/div><\/figure><figure class='gallery-item'>\n\t\t\t<div class='gallery-icon landscape'>\n\t\t\t\t<a href='https:\/\/www.rivera.gub.uy\/portal\/wp-content\/uploads\/2025\/12\/barrialito-11-1-scaled.jpg'><img loading=\"lazy\" decoding=\"async\" width=\"141\" height=\"94\" src=\"https:\/\/www.rivera.gub.uy\/portal\/wp-content\/uploads\/2025\/12\/barrialito-11-1-141x94.jpg\" class=\"attachment-thumbnail size-thumbnail\" alt=\"\" srcset=\"https:\/\/www.rivera.gub.uy\/portal\/wp-content\/uploads\/2025\/12\/barrialito-11-1-141x94.jpg 141w, https:\/\/www.rivera.gub.uy\/portal\/wp-content\/uploads\/2025\/12\/barrialito-11-1-282x188.jpg 282w, https:\/\/www.rivera.gub.uy\/portal\/wp-content\/uploads\/2025\/12\/barrialito-11-1-939x626.jpg 939w, https:\/\/www.rivera.gub.uy\/portal\/wp-content\/uploads\/2025\/12\/barrialito-11-1-768x512.jpg 768w, https:\/\/www.rivera.gub.uy\/portal\/wp-content\/uploads\/2025\/12\/barrialito-11-1-1536x1024.jpg 1536w, https:\/\/www.rivera.gub.uy\/portal\/wp-content\/uploads\/2025\/12\/barrialito-11-1-2048x1365.jpg 2048w, https:\/\/www.rivera.gub.uy\/portal\/wp-content\/uploads\/2025\/12\/barrialito-11-1-600x400.jpg 600w, https:\/\/www.rivera.gub.uy\/portal\/wp-content\/uploads\/2025\/12\/barrialito-11-1-820x547.jpg 820w, https:\/\/www.rivera.gub.uy\/portal\/wp-content\/uploads\/2025\/12\/barrialito-11-1-272x182.jpg 272w\" sizes=\"auto, (max-width: 141px) 100vw, 141px\" \/><\/a>\n\t\t\t<\/div><\/figure><figure class='gallery-item'>\n\t\t\t<div class='gallery-icon landscape'>\n\t\t\t\t<a href='https:\/\/www.rivera.gub.uy\/portal\/wp-content\/uploads\/2025\/12\/barrialito-12-scaled.jpg'><img loading=\"lazy\" decoding=\"async\" width=\"141\" height=\"94\" src=\"https:\/\/www.rivera.gub.uy\/portal\/wp-content\/uploads\/2025\/12\/barrialito-12-141x94.jpg\" class=\"attachment-thumbnail size-thumbnail\" alt=\"\" srcset=\"https:\/\/www.rivera.gub.uy\/portal\/wp-content\/uploads\/2025\/12\/barrialito-12-141x94.jpg 141w, https:\/\/www.rivera.gub.uy\/portal\/wp-content\/uploads\/2025\/12\/barrialito-12-282x188.jpg 282w, https:\/\/www.rivera.gub.uy\/portal\/wp-content\/uploads\/2025\/12\/barrialito-12-939x626.jpg 939w, https:\/\/www.rivera.gub.uy\/portal\/wp-content\/uploads\/2025\/12\/barrialito-12-768x512.jpg 768w, https:\/\/www.rivera.gub.uy\/portal\/wp-content\/uploads\/2025\/12\/barrialito-12-1536x1024.jpg 1536w, https:\/\/www.rivera.gub.uy\/portal\/wp-content\/uploads\/2025\/12\/barrialito-12-2048x1365.jpg 2048w, https:\/\/www.rivera.gub.uy\/portal\/wp-content\/uploads\/2025\/12\/barrialito-12-600x400.jpg 600w, https:\/\/www.rivera.gub.uy\/portal\/wp-content\/uploads\/2025\/12\/barrialito-12-820x547.jpg 820w, https:\/\/www.rivera.gub.uy\/portal\/wp-content\/uploads\/2025\/12\/barrialito-12-272x182.jpg 272w\" sizes=\"auto, (max-width: 141px) 100vw, 141px\" \/><\/a>\n\t\t\t<\/div><\/figure><figure class='gallery-item'>\n\t\t\t<div class='gallery-icon landscape'>\n\t\t\t\t<a href='https:\/\/www.rivera.gub.uy\/portal\/wp-content\/uploads\/2025\/12\/barrialito-13-scaled.jpg'><img loading=\"lazy\" decoding=\"async\" width=\"141\" height=\"94\" src=\"https:\/\/www.rivera.gub.uy\/portal\/wp-content\/uploads\/2025\/12\/barrialito-13-141x94.jpg\" class=\"attachment-thumbnail size-thumbnail\" alt=\"\" srcset=\"https:\/\/www.rivera.gub.uy\/portal\/wp-content\/uploads\/2025\/12\/barrialito-13-141x94.jpg 141w, https:\/\/www.rivera.gub.uy\/portal\/wp-content\/uploads\/2025\/12\/barrialito-13-282x188.jpg 282w, https:\/\/www.rivera.gub.uy\/portal\/wp-content\/uploads\/2025\/12\/barrialito-13-939x626.jpg 939w, https:\/\/www.rivera.gub.uy\/portal\/wp-content\/uploads\/2025\/12\/barrialito-13-768x512.jpg 768w, https:\/\/www.rivera.gub.uy\/portal\/wp-content\/uploads\/2025\/12\/barrialito-13-1536x1024.jpg 1536w, https:\/\/www.rivera.gub.uy\/portal\/wp-content\/uploads\/2025\/12\/barrialito-13-2048x1365.jpg 2048w, https:\/\/www.rivera.gub.uy\/portal\/wp-content\/uploads\/2025\/12\/barrialito-13-600x400.jpg 600w, https:\/\/www.rivera.gub.uy\/portal\/wp-content\/uploads\/2025\/12\/barrialito-13-820x547.jpg 820w, https:\/\/www.rivera.gub.uy\/portal\/wp-content\/uploads\/2025\/12\/barrialito-13-272x182.jpg 272w\" sizes=\"auto, (max-width: 141px) 100vw, 141px\" \/><\/a>\n\t\t\t<\/div><\/figure><figure class='gallery-item'>\n\t\t\t<div class='gallery-icon landscape'>\n\t\t\t\t<a href='https:\/\/www.rivera.gub.uy\/portal\/wp-content\/uploads\/2025\/12\/barrialito-14-scaled.jpg'><img loading=\"lazy\" decoding=\"async\" width=\"141\" height=\"94\" src=\"https:\/\/www.rivera.gub.uy\/portal\/wp-content\/uploads\/2025\/12\/barrialito-14-141x94.jpg\" class=\"attachment-thumbnail size-thumbnail\" alt=\"\" srcset=\"https:\/\/www.rivera.gub.uy\/portal\/wp-content\/uploads\/2025\/12\/barrialito-14-141x94.jpg 141w, https:\/\/www.rivera.gub.uy\/portal\/wp-content\/uploads\/2025\/12\/barrialito-14-282x188.jpg 282w, https:\/\/www.rivera.gub.uy\/portal\/wp-content\/uploads\/2025\/12\/barrialito-14-939x626.jpg 939w, https:\/\/www.rivera.gub.uy\/portal\/wp-content\/uploads\/2025\/12\/barrialito-14-768x512.jpg 768w, https:\/\/www.rivera.gub.uy\/portal\/wp-content\/uploads\/2025\/12\/barrialito-14-1536x1024.jpg 1536w, https:\/\/www.rivera.gub.uy\/portal\/wp-content\/uploads\/2025\/12\/barrialito-14-2048x1365.jpg 2048w, https:\/\/www.rivera.gub.uy\/portal\/wp-content\/uploads\/2025\/12\/barrialito-14-600x400.jpg 600w, https:\/\/www.rivera.gub.uy\/portal\/wp-content\/uploads\/2025\/12\/barrialito-14-820x547.jpg 820w, https:\/\/www.rivera.gub.uy\/portal\/wp-content\/uploads\/2025\/12\/barrialito-14-272x182.jpg 272w\" sizes=\"auto, (max-width: 141px) 100vw, 141px\" \/><\/a>\n\t\t\t<\/div><\/figure><figure class='gallery-item'>\n\t\t\t<div class='gallery-icon landscape'>\n\t\t\t\t<a href='https:\/\/www.rivera.gub.uy\/portal\/wp-content\/uploads\/2025\/12\/barrialito-15-scaled.jpg'><img loading=\"lazy\" decoding=\"async\" width=\"141\" height=\"94\" src=\"https:\/\/www.rivera.gub.uy\/portal\/wp-content\/uploads\/2025\/12\/barrialito-15-141x94.jpg\" class=\"attachment-thumbnail size-thumbnail\" alt=\"\" srcset=\"https:\/\/www.rivera.gub.uy\/portal\/wp-content\/uploads\/2025\/12\/barrialito-15-141x94.jpg 141w, https:\/\/www.rivera.gub.uy\/portal\/wp-content\/uploads\/2025\/12\/barrialito-15-282x188.jpg 282w, https:\/\/www.rivera.gub.uy\/portal\/wp-content\/uploads\/2025\/12\/barrialito-15-939x626.jpg 939w, https:\/\/www.rivera.gub.uy\/portal\/wp-content\/uploads\/2025\/12\/barrialito-15-768x512.jpg 768w, https:\/\/www.rivera.gub.uy\/portal\/wp-content\/uploads\/2025\/12\/barrialito-15-1536x1024.jpg 1536w, https:\/\/www.rivera.gub.uy\/portal\/wp-content\/uploads\/2025\/12\/barrialito-15-2048x1365.jpg 2048w, https:\/\/www.rivera.gub.uy\/portal\/wp-content\/uploads\/2025\/12\/barrialito-15-600x400.jpg 600w, https:\/\/www.rivera.gub.uy\/portal\/wp-content\/uploads\/2025\/12\/barrialito-15-820x547.jpg 820w, https:\/\/www.rivera.gub.uy\/portal\/wp-content\/uploads\/2025\/12\/barrialito-15-272x182.jpg 272w\" sizes=\"auto, (max-width: 141px) 100vw, 141px\" \/><\/a>\n\t\t\t<\/div><\/figure><figure class='gallery-item'>\n\t\t\t<div class='gallery-icon landscape'>\n\t\t\t\t<a href='https:\/\/www.rivera.gub.uy\/portal\/wp-content\/uploads\/2025\/12\/barrialito-16-scaled.jpg'><img loading=\"lazy\" decoding=\"async\" width=\"141\" height=\"94\" src=\"https:\/\/www.rivera.gub.uy\/portal\/wp-content\/uploads\/2025\/12\/barrialito-16-141x94.jpg\" class=\"attachment-thumbnail size-thumbnail\" alt=\"\" srcset=\"https:\/\/www.rivera.gub.uy\/portal\/wp-content\/uploads\/2025\/12\/barrialito-16-141x94.jpg 141w, https:\/\/www.rivera.gub.uy\/portal\/wp-content\/uploads\/2025\/12\/barrialito-16-282x188.jpg 282w, https:\/\/www.rivera.gub.uy\/portal\/wp-content\/uploads\/2025\/12\/barrialito-16-939x626.jpg 939w, https:\/\/www.rivera.gub.uy\/portal\/wp-content\/uploads\/2025\/12\/barrialito-16-768x512.jpg 768w, https:\/\/www.rivera.gub.uy\/portal\/wp-content\/uploads\/2025\/12\/barrialito-16-1536x1024.jpg 1536w, https:\/\/www.rivera.gub.uy\/portal\/wp-content\/uploads\/2025\/12\/barrialito-16-2048x1365.jpg 2048w, https:\/\/www.rivera.gub.uy\/portal\/wp-content\/uploads\/2025\/12\/barrialito-16-600x400.jpg 600w, https:\/\/www.rivera.gub.uy\/portal\/wp-content\/uploads\/2025\/12\/barrialito-16-820x547.jpg 820w, https:\/\/www.rivera.gub.uy\/portal\/wp-content\/uploads\/2025\/12\/barrialito-16-272x182.jpg 272w\" sizes=\"auto, (max-width: 141px) 100vw, 141px\" \/><\/a>\n\t\t\t<\/div><\/figure><figure class='gallery-item'>\n\t\t\t<div class='gallery-icon landscape'>\n\t\t\t\t<a href='https:\/\/www.rivera.gub.uy\/portal\/wp-content\/uploads\/2025\/12\/barrialito-17-scaled.jpg'><img loading=\"lazy\" decoding=\"async\" width=\"141\" height=\"94\" src=\"https:\/\/www.rivera.gub.uy\/portal\/wp-content\/uploads\/2025\/12\/barrialito-17-141x94.jpg\" class=\"attachment-thumbnail size-thumbnail\" alt=\"\" srcset=\"https:\/\/www.rivera.gub.uy\/portal\/wp-content\/uploads\/2025\/12\/barrialito-17-141x94.jpg 141w, https:\/\/www.rivera.gub.uy\/portal\/wp-content\/uploads\/2025\/12\/barrialito-17-282x188.jpg 282w, https:\/\/www.rivera.gub.uy\/portal\/wp-content\/uploads\/2025\/12\/barrialito-17-939x626.jpg 939w, https:\/\/www.rivera.gub.uy\/portal\/wp-content\/uploads\/2025\/12\/barrialito-17-768x512.jpg 768w, https:\/\/www.rivera.gub.uy\/portal\/wp-content\/uploads\/2025\/12\/barrialito-17-1536x1024.jpg 1536w, https:\/\/www.rivera.gub.uy\/portal\/wp-content\/uploads\/2025\/12\/barrialito-17-2048x1365.jpg 2048w, https:\/\/www.rivera.gub.uy\/portal\/wp-content\/uploads\/2025\/12\/barrialito-17-600x400.jpg 600w, https:\/\/www.rivera.gub.uy\/portal\/wp-content\/uploads\/2025\/12\/barrialito-17-820x547.jpg 820w, https:\/\/www.rivera.gub.uy\/portal\/wp-content\/uploads\/2025\/12\/barrialito-17-272x182.jpg 272w\" sizes=\"auto, (max-width: 141px) 100vw, 141px\" \/><\/a>\n\t\t\t<\/div><\/figure><figure class='gallery-item'>\n\t\t\t<div class='gallery-icon landscape'>\n\t\t\t\t<a href='https:\/\/www.rivera.gub.uy\/portal\/wp-content\/uploads\/2025\/12\/barrialito-18-scaled.jpg'><img loading=\"lazy\" decoding=\"async\" width=\"141\" height=\"94\" src=\"https:\/\/www.rivera.gub.uy\/portal\/wp-content\/uploads\/2025\/12\/barrialito-18-141x94.jpg\" class=\"attachment-thumbnail size-thumbnail\" alt=\"\" srcset=\"https:\/\/www.rivera.gub.uy\/portal\/wp-content\/uploads\/2025\/12\/barrialito-18-141x94.jpg 141w, https:\/\/www.rivera.gub.uy\/portal\/wp-content\/uploads\/2025\/12\/barrialito-18-282x188.jpg 282w, https:\/\/www.rivera.gub.uy\/portal\/wp-content\/uploads\/2025\/12\/barrialito-18-939x626.jpg 939w, https:\/\/www.rivera.gub.uy\/portal\/wp-content\/uploads\/2025\/12\/barrialito-18-768x512.jpg 768w, https:\/\/www.rivera.gub.uy\/portal\/wp-content\/uploads\/2025\/12\/barrialito-18-1536x1024.jpg 1536w, https:\/\/www.rivera.gub.uy\/portal\/wp-content\/uploads\/2025\/12\/barrialito-18-2048x1365.jpg 2048w, https:\/\/www.rivera.gub.uy\/portal\/wp-content\/uploads\/2025\/12\/barrialito-18-600x400.jpg 600w, https:\/\/www.rivera.gub.uy\/portal\/wp-content\/uploads\/2025\/12\/barrialito-18-820x547.jpg 820w, https:\/\/www.rivera.gub.uy\/portal\/wp-content\/uploads\/2025\/12\/barrialito-18-272x182.jpg 272w\" sizes=\"auto, (max-width: 141px) 100vw, 141px\" \/><\/a>\n\t\t\t<\/div><\/figure><figure class='gallery-item'>\n\t\t\t<div class='gallery-icon landscape'>\n\t\t\t\t<a href='https:\/\/www.rivera.gub.uy\/portal\/wp-content\/uploads\/2025\/12\/barrialito-19-scaled.jpg'><img loading=\"lazy\" decoding=\"async\" width=\"141\" height=\"94\" src=\"https:\/\/www.rivera.gub.uy\/portal\/wp-content\/uploads\/2025\/12\/barrialito-19-141x94.jpg\" class=\"attachment-thumbnail size-thumbnail\" alt=\"\" srcset=\"https:\/\/www.rivera.gub.uy\/portal\/wp-content\/uploads\/2025\/12\/barrialito-19-141x94.jpg 141w, https:\/\/www.rivera.gub.uy\/portal\/wp-content\/uploads\/2025\/12\/barrialito-19-282x188.jpg 282w, https:\/\/www.rivera.gub.uy\/portal\/wp-content\/uploads\/2025\/12\/barrialito-19-939x626.jpg 939w, https:\/\/www.rivera.gub.uy\/portal\/wp-content\/uploads\/2025\/12\/barrialito-19-768x512.jpg 768w, https:\/\/www.rivera.gub.uy\/portal\/wp-content\/uploads\/2025\/12\/barrialito-19-1536x1024.jpg 1536w, https:\/\/www.rivera.gub.uy\/portal\/wp-content\/uploads\/2025\/12\/barrialito-19-2048x1365.jpg 2048w, https:\/\/www.rivera.gub.uy\/portal\/wp-content\/uploads\/2025\/12\/barrialito-19-600x400.jpg 600w, https:\/\/www.rivera.gub.uy\/portal\/wp-content\/uploads\/2025\/12\/barrialito-19-820x547.jpg 820w, https:\/\/www.rivera.gub.uy\/portal\/wp-content\/uploads\/2025\/12\/barrialito-19-272x182.jpg 272w\" sizes=\"auto, (max-width: 141px) 100vw, 141px\" \/><\/a>\n\t\t\t<\/div><\/figure><figure class='gallery-item'>\n\t\t\t<div class='gallery-icon landscape'>\n\t\t\t\t<a href='https:\/\/www.rivera.gub.uy\/portal\/wp-content\/uploads\/2025\/12\/barrialito-20-scaled.jpg'><img loading=\"lazy\" decoding=\"async\" width=\"141\" height=\"94\" src=\"https:\/\/www.rivera.gub.uy\/portal\/wp-content\/uploads\/2025\/12\/barrialito-20-141x94.jpg\" class=\"attachment-thumbnail size-thumbnail\" alt=\"\" srcset=\"https:\/\/www.rivera.gub.uy\/portal\/wp-content\/uploads\/2025\/12\/barrialito-20-141x94.jpg 141w, https:\/\/www.rivera.gub.uy\/portal\/wp-content\/uploads\/2025\/12\/barrialito-20-282x188.jpg 282w, https:\/\/www.rivera.gub.uy\/portal\/wp-content\/uploads\/2025\/12\/barrialito-20-939x626.jpg 939w, https:\/\/www.rivera.gub.uy\/portal\/wp-content\/uploads\/2025\/12\/barrialito-20-768x512.jpg 768w, https:\/\/www.rivera.gub.uy\/portal\/wp-content\/uploads\/2025\/12\/barrialito-20-1536x1024.jpg 1536w, https:\/\/www.rivera.gub.uy\/portal\/wp-content\/uploads\/2025\/12\/barrialito-20-2048x1365.jpg 2048w, https:\/\/www.rivera.gub.uy\/portal\/wp-content\/uploads\/2025\/12\/barrialito-20-600x400.jpg 600w, https:\/\/www.rivera.gub.uy\/portal\/wp-content\/uploads\/2025\/12\/barrialito-20-820x547.jpg 820w, https:\/\/www.rivera.gub.uy\/portal\/wp-content\/uploads\/2025\/12\/barrialito-20-272x182.jpg 272w\" sizes=\"auto, (max-width: 141px) 100vw, 141px\" \/><\/a>\n\t\t\t<\/div><\/figure><figure class='gallery-item'>\n\t\t\t<div class='gallery-icon landscape'>\n\t\t\t\t<a href='https:\/\/www.rivera.gub.uy\/portal\/wp-content\/uploads\/2025\/12\/barrialito-21-scaled.jpg'><img loading=\"lazy\" decoding=\"async\" width=\"141\" height=\"94\" src=\"https:\/\/www.rivera.gub.uy\/portal\/wp-content\/uploads\/2025\/12\/barrialito-21-141x94.jpg\" class=\"attachment-thumbnail size-thumbnail\" alt=\"\" srcset=\"https:\/\/www.rivera.gub.uy\/portal\/wp-content\/uploads\/2025\/12\/barrialito-21-141x94.jpg 141w, https:\/\/www.rivera.gub.uy\/portal\/wp-content\/uploads\/2025\/12\/barrialito-21-282x188.jpg 282w, https:\/\/www.rivera.gub.uy\/portal\/wp-content\/uploads\/2025\/12\/barrialito-21-939x626.jpg 939w, https:\/\/www.rivera.gub.uy\/portal\/wp-content\/uploads\/2025\/12\/barrialito-21-768x512.jpg 768w, https:\/\/www.rivera.gub.uy\/portal\/wp-content\/uploads\/2025\/12\/barrialito-21-1536x1024.jpg 1536w, https:\/\/www.rivera.gub.uy\/portal\/wp-content\/uploads\/2025\/12\/barrialito-21-2048x1365.jpg 2048w, https:\/\/www.rivera.gub.uy\/portal\/wp-content\/uploads\/2025\/12\/barrialito-21-600x400.jpg 600w, https:\/\/www.rivera.gub.uy\/portal\/wp-content\/uploads\/2025\/12\/barrialito-21-820x547.jpg 820w, https:\/\/www.rivera.gub.uy\/portal\/wp-content\/uploads\/2025\/12\/barrialito-21-272x182.jpg 272w\" sizes=\"auto, (max-width: 141px) 100vw, 141px\" \/><\/a>\n\t\t\t<\/div><\/figure><figure class='gallery-item'>\n\t\t\t<div class='gallery-icon landscape'>\n\t\t\t\t<a href='https:\/\/www.rivera.gub.uy\/portal\/wp-content\/uploads\/2025\/12\/barrialito-22-scaled.jpg'><img loading=\"lazy\" decoding=\"async\" width=\"141\" height=\"94\" src=\"https:\/\/www.rivera.gub.uy\/portal\/wp-content\/uploads\/2025\/12\/barrialito-22-141x94.jpg\" class=\"attachment-thumbnail size-thumbnail\" alt=\"\" srcset=\"https:\/\/www.rivera.gub.uy\/portal\/wp-content\/uploads\/2025\/12\/barrialito-22-141x94.jpg 141w, https:\/\/www.rivera.gub.uy\/portal\/wp-content\/uploads\/2025\/12\/barrialito-22-282x188.jpg 282w, https:\/\/www.rivera.gub.uy\/portal\/wp-content\/uploads\/2025\/12\/barrialito-22-939x626.jpg 939w, https:\/\/www.rivera.gub.uy\/portal\/wp-content\/uploads\/2025\/12\/barrialito-22-768x512.jpg 768w, https:\/\/www.rivera.gub.uy\/portal\/wp-content\/uploads\/2025\/12\/barrialito-22-1536x1024.jpg 1536w, https:\/\/www.rivera.gub.uy\/portal\/wp-content\/uploads\/2025\/12\/barrialito-22-2048x1365.jpg 2048w, https:\/\/www.rivera.gub.uy\/portal\/wp-content\/uploads\/2025\/12\/barrialito-22-600x400.jpg 600w, https:\/\/www.rivera.gub.uy\/portal\/wp-content\/uploads\/2025\/12\/barrialito-22-820x547.jpg 820w, https:\/\/www.rivera.gub.uy\/portal\/wp-content\/uploads\/2025\/12\/barrialito-22-272x182.jpg 272w\" sizes=\"auto, (max-width: 141px) 100vw, 141px\" \/><\/a>\n\t\t\t<\/div><\/figure><figure class='gallery-item'>\n\t\t\t<div class='gallery-icon landscape'>\n\t\t\t\t<a href='https:\/\/www.rivera.gub.uy\/portal\/wp-content\/uploads\/2025\/12\/barrialito-23-scaled.jpg'><img loading=\"lazy\" decoding=\"async\" width=\"141\" height=\"94\" src=\"https:\/\/www.rivera.gub.uy\/portal\/wp-content\/uploads\/2025\/12\/barrialito-23-141x94.jpg\" class=\"attachment-thumbnail size-thumbnail\" alt=\"\" srcset=\"https:\/\/www.rivera.gub.uy\/portal\/wp-content\/uploads\/2025\/12\/barrialito-23-141x94.jpg 141w, https:\/\/www.rivera.gub.uy\/portal\/wp-content\/uploads\/2025\/12\/barrialito-23-282x188.jpg 282w, https:\/\/www.rivera.gub.uy\/portal\/wp-content\/uploads\/2025\/12\/barrialito-23-939x626.jpg 939w, https:\/\/www.rivera.gub.uy\/portal\/wp-content\/uploads\/2025\/12\/barrialito-23-768x512.jpg 768w, https:\/\/www.rivera.gub.uy\/portal\/wp-content\/uploads\/2025\/12\/barrialito-23-1536x1024.jpg 1536w, https:\/\/www.rivera.gub.uy\/portal\/wp-content\/uploads\/2025\/12\/barrialito-23-2048x1365.jpg 2048w, https:\/\/www.rivera.gub.uy\/portal\/wp-content\/uploads\/2025\/12\/barrialito-23-600x400.jpg 600w, https:\/\/www.rivera.gub.uy\/portal\/wp-content\/uploads\/2025\/12\/barrialito-23-820x547.jpg 820w, https:\/\/www.rivera.gub.uy\/portal\/wp-content\/uploads\/2025\/12\/barrialito-23-272x182.jpg 272w\" sizes=\"auto, (max-width: 141px) 100vw, 141px\" \/><\/a>\n\t\t\t<\/div><\/figure><figure class='gallery-item'>\n\t\t\t<div class='gallery-icon landscape'>\n\t\t\t\t<a href='https:\/\/www.rivera.gub.uy\/portal\/wp-content\/uploads\/2025\/12\/barrialito-24-scaled.jpg'><img loading=\"lazy\" decoding=\"async\" width=\"141\" height=\"94\" src=\"https:\/\/www.rivera.gub.uy\/portal\/wp-content\/uploads\/2025\/12\/barrialito-24-141x94.jpg\" class=\"attachment-thumbnail size-thumbnail\" alt=\"\" srcset=\"https:\/\/www.rivera.gub.uy\/portal\/wp-content\/uploads\/2025\/12\/barrialito-24-141x94.jpg 141w, https:\/\/www.rivera.gub.uy\/portal\/wp-content\/uploads\/2025\/12\/barrialito-24-282x188.jpg 282w, https:\/\/www.rivera.gub.uy\/portal\/wp-content\/uploads\/2025\/12\/barrialito-24-939x626.jpg 939w, https:\/\/www.rivera.gub.uy\/portal\/wp-content\/uploads\/2025\/12\/barrialito-24-768x512.jpg 768w, https:\/\/www.rivera.gub.uy\/portal\/wp-content\/uploads\/2025\/12\/barrialito-24-1536x1024.jpg 1536w, https:\/\/www.rivera.gub.uy\/portal\/wp-content\/uploads\/2025\/12\/barrialito-24-2048x1365.jpg 2048w, https:\/\/www.rivera.gub.uy\/portal\/wp-content\/uploads\/2025\/12\/barrialito-24-600x400.jpg 600w, https:\/\/www.rivera.gub.uy\/portal\/wp-content\/uploads\/2025\/12\/barrialito-24-820x547.jpg 820w, https:\/\/www.rivera.gub.uy\/portal\/wp-content\/uploads\/2025\/12\/barrialito-24-272x182.jpg 272w\" sizes=\"auto, (max-width: 141px) 100vw, 141px\" \/><\/a>\n\t\t\t<\/div><\/figure><figure class='gallery-item'>\n\t\t\t<div class='gallery-icon landscape'>\n\t\t\t\t<a href='https:\/\/www.rivera.gub.uy\/portal\/wp-content\/uploads\/2025\/12\/barrialito-25-scaled.jpg'><img loading=\"lazy\" decoding=\"async\" width=\"141\" height=\"94\" src=\"https:\/\/www.rivera.gub.uy\/portal\/wp-content\/uploads\/2025\/12\/barrialito-25-141x94.jpg\" class=\"attachment-thumbnail size-thumbnail\" alt=\"\" srcset=\"https:\/\/www.rivera.gub.uy\/portal\/wp-content\/uploads\/2025\/12\/barrialito-25-141x94.jpg 141w, https:\/\/www.rivera.gub.uy\/portal\/wp-content\/uploads\/2025\/12\/barrialito-25-282x188.jpg 282w, https:\/\/www.rivera.gub.uy\/portal\/wp-content\/uploads\/2025\/12\/barrialito-25-939x626.jpg 939w, https:\/\/www.rivera.gub.uy\/portal\/wp-content\/uploads\/2025\/12\/barrialito-25-768x512.jpg 768w, https:\/\/www.rivera.gub.uy\/portal\/wp-content\/uploads\/2025\/12\/barrialito-25-1536x1024.jpg 1536w, https:\/\/www.rivera.gub.uy\/portal\/wp-content\/uploads\/2025\/12\/barrialito-25-2048x1365.jpg 2048w, https:\/\/www.rivera.gub.uy\/portal\/wp-content\/uploads\/2025\/12\/barrialito-25-600x400.jpg 600w, https:\/\/www.rivera.gub.uy\/portal\/wp-content\/uploads\/2025\/12\/barrialito-25-820x547.jpg 820w, https:\/\/www.rivera.gub.uy\/portal\/wp-content\/uploads\/2025\/12\/barrialito-25-272x182.jpg 272w\" sizes=\"auto, (max-width: 141px) 100vw, 141px\" \/><\/a>\n\t\t\t<\/div><\/figure><figure class='gallery-item'>\n\t\t\t<div class='gallery-icon landscape'>\n\t\t\t\t<a href='https:\/\/www.rivera.gub.uy\/portal\/wp-content\/uploads\/2025\/12\/barrialito-26-scaled.jpg'><img loading=\"lazy\" decoding=\"async\" width=\"141\" height=\"94\" src=\"https:\/\/www.rivera.gub.uy\/portal\/wp-content\/uploads\/2025\/12\/barrialito-26-141x94.jpg\" class=\"attachment-thumbnail size-thumbnail\" alt=\"\" srcset=\"https:\/\/www.rivera.gub.uy\/portal\/wp-content\/uploads\/2025\/12\/barrialito-26-141x94.jpg 141w, https:\/\/www.rivera.gub.uy\/portal\/wp-content\/uploads\/2025\/12\/barrialito-26-282x188.jpg 282w, https:\/\/www.rivera.gub.uy\/portal\/wp-content\/uploads\/2025\/12\/barrialito-26-939x626.jpg 939w, https:\/\/www.rivera.gub.uy\/portal\/wp-content\/uploads\/2025\/12\/barrialito-26-768x512.jpg 768w, https:\/\/www.rivera.gub.uy\/portal\/wp-content\/uploads\/2025\/12\/barrialito-26-1536x1024.jpg 1536w, https:\/\/www.rivera.gub.uy\/portal\/wp-content\/uploads\/2025\/12\/barrialito-26-2048x1365.jpg 2048w, https:\/\/www.rivera.gub.uy\/portal\/wp-content\/uploads\/2025\/12\/barrialito-26-600x400.jpg 600w, https:\/\/www.rivera.gub.uy\/portal\/wp-content\/uploads\/2025\/12\/barrialito-26-820x547.jpg 820w, https:\/\/www.rivera.gub.uy\/portal\/wp-content\/uploads\/2025\/12\/barrialito-26-272x182.jpg 272w\" sizes=\"auto, (max-width: 141px) 100vw, 141px\" \/><\/a>\n\t\t\t<\/div><\/figure>\n\t\t<\/div>\n\n","protected":false},"excerpt":{"rendered":"<p>El pasado fin de semana, el Estadio Atilio Paiva Olivera fue escenario de una nueva edici\u00f3n de \u201cEl Barrialito 2025\u201d, actividad que reuni\u00f3 a los equipos de la Liga Infantil de los Barrios, junto a instituciones deportivas y educativas, as\u00ed como escuelitas de f\u00fatbol de Rivera, del interior del departamento y de Santana do Livramento.<\/p>\n","protected":false},"author":7,"featured_media":65180,"comment_status":"open","ping_status":"open","sticky":false,"template":"","format":"standard","meta":{"footnotes":""},"categories":[56,1],"tags":[],"class_list":["post-65169","post","type-post","status-publish","format-standard","has-post-thumbnail","hentry","category-deportes","category-novedades"],"_links":{"self":[{"href":"https:\/\/www.rivera.gub.uy\/portal\/wp-json\/wp\/v2\/posts\/65169","targetHints":{"allow":["GET"]}}],"collection":[{"href":"https:\/\/www.rivera.gub.uy\/portal\/wp-json\/wp\/v2\/posts"}],"about":[{"href":"https:\/\/www.rivera.gub.uy\/portal\/wp-json\/wp\/v2\/types\/post"}],"author":[{"embeddable":true,"href":"https:\/\/www.rivera.gub.uy\/portal\/wp-json\/wp\/v2\/users\/7"}],"replies":[{"embeddable":true,"href":"https:\/\/www.rivera.gub.uy\/portal\/wp-json\/wp\/v2\/comments?post=65169"}],"version-history":[{"count":2,"href":"https:\/\/www.rivera.gub.uy\/portal\/wp-json\/wp\/v2\/posts\/65169\/revisions"}],"predecessor-version":[{"id":65281,"href":"https:\/\/www.rivera.gub.uy\/portal\/wp-json\/wp\/v2\/posts\/65169\/revisions\/65281"}],"wp:featuredmedia":[{"embeddable":true,"href":"https:\/\/www.rivera.gub.uy\/portal\/wp-json\/wp\/v2\/media\/65180"}],"wp:attachment":[{"href":"https:\/\/www.rivera.gub.uy\/portal\/wp-json\/wp\/v2\/media?parent=65169"}],"wp:term":[{"taxonomy":"category","embeddable":true,"href":"https:\/\/www.rivera.gub.uy\/portal\/wp-json\/wp\/v2\/categories?post=65169"},{"taxonomy":"post_tag","embeddable":true,"href":"https:\/\/www.rivera.gub.uy\/portal\/wp-json\/wp\/v2\/tags?post=65169"}],"curies":[{"name":"wp","href":"https:\/\/api.w.org\/{rel}","templated":true}]}}