{"id":65555,"date":"2025-12-18T08:52:15","date_gmt":"2025-12-18T11:52:15","guid":{"rendered":"https:\/\/www.rivera.gub.uy\/portal\/?p=65555"},"modified":"2025-12-18T11:40:08","modified_gmt":"2025-12-18T14:40:08","slug":"la-intendencia-de-rivera-transita-la-ultima-semana-del-plan-de-refinanciacion-de-adeudos","status":"publish","type":"post","link":"https:\/\/www.rivera.gub.uy\/portal\/la-intendencia-de-rivera-transita-la-ultima-semana-del-plan-de-refinanciacion-de-adeudos\/","title":{"rendered":"La Intendencia de Rivera transita la \u00faltima semana del plan de refinanciaci\u00f3n de adeudos"},"content":{"rendered":"<p data-start=\"159\" data-end=\"933\">La Intendencia Departamental de Rivera, a trav\u00e9s de la Direcci\u00f3n General de Hacienda, informa que se encuentra transitando la \u00faltima semana del plan de refinanciaci\u00f3n de adeudos, cuya segunda etapa se inici\u00f3 en el mes de agosto, habi\u00e9ndose implementado el r\u00e9gimen de forma continua desde mayo del presente a\u00f1o. La directora general de Hacienda, Cra. Daniela Porto, se\u00f1al\u00f3 que el proceso se ha desarrollado con normalidad, dentro del horario habitual de atenci\u00f3n al p\u00fablico, sin registrarse aglomeraciones ni tiempos prolongados de espera. No obstante, indic\u00f3 que en los pr\u00f3ximos d\u00edas podr\u00eda incrementarse la concurrencia, motivo por el cual se evaluar\u00e1, de ser necesario, la extensi\u00f3n del horario de atenci\u00f3n o la entrega de n\u00fameros para una mejor organizaci\u00f3n del servicio.<!--more--><\/p>\n<p data-start=\"935\" data-end=\"1471\">El plazo para acceder al r\u00e9gimen de refinanciaci\u00f3n vence el 23 de diciembre, constituy\u00e9ndose en la fecha l\u00edmite para la firma de convenios. En relaci\u00f3n con las condiciones del plan, se informa que al momento de suscribir el convenio, el contribuyente deber\u00e1 abonar la \u00faltima cuota vencida del padr\u00f3n correspondiente. En el caso de la contribuci\u00f3n inmobiliaria urbana, el valor anual promedio asciende a aproximadamente $22.000, lo que implica una cuota mensual cercana a los $2.000 en el plan de 12 cuotas, \u00fanico vigente en esta etapa.<\/p>\n<p data-start=\"1473\" data-end=\"1770\">Asimismo, se aclara que el pago de una Unidad Reajustable corresponde al monto m\u00ednimo exigido para realizar entregas a cuenta de la deuda refinanciada, no siendo obligatorio su pago al momento de la firma del convenio, pudiendo abonarse en cualquier instancia del per\u00edodo o al finalizar el mismo.<\/p>\n<p data-start=\"1772\" data-end=\"2128\">La Direcci\u00f3n General de Hacienda recuerda que los tributos pueden abonarse mediante transferencia bancaria, identificando correctamente el padr\u00f3n en el concepto de la operaci\u00f3n, as\u00ed como a trav\u00e9s de las redes de cobranza habilitadas, utilizando la factura correspondiente, la cual puede obtenerse en forma presencial o a trav\u00e9s del sitio web institucional.<\/p>\n<p data-start=\"2130\" data-end=\"2502\">En cuanto a los resultados del r\u00e9gimen, se informa que hasta la fecha se han refinanciado deudas por un monto cercano a los $300 millones, lo que representa aproximadamente el 50% de la deuda identificada, habi\u00e9ndose concretado 3.140 convenios, que generan ingresos mensuales estimados en $11 millones. Se aspira a alcanzar los 4.000 convenios al cierre del plazo vigente.<\/p>\n<p data-start=\"2504\" data-end=\"3297\">La Intendencia Departamental de Rivera comunica adem\u00e1s que, en lo inmediato, no se prev\u00e9 la implementaci\u00f3n de nuevos planes de refinanciaci\u00f3n, destacando que el r\u00e9gimen actual contempla la exoneraci\u00f3n del 100% de multas y recargos y la posibilidad de financiar las deudas hasta el final del per\u00edodo de gobierno, en junio de 2030. Finalmente, se recuerda que los contribuyentes que se encuentren al d\u00eda podr\u00e1n efectuar sus pagos hasta el 31 de diciembre, \u00faltimo d\u00eda h\u00e1bil del a\u00f1o, accediendo a la bonificaci\u00f3n por buen pagador que puede alcanzar el 21%, acumulable con un 5% adicional por pago contado. <em>La Intendencia de Rivera exhorta a los contribuyentes a aprovechar los \u00faltimos d\u00edas del r\u00e9gimen vigente y a acercarse a las oficinas correspondientes para regularizar su situaci\u00f3n tributaria<\/em>.<\/p>\n","protected":false},"excerpt":{"rendered":"<p>La Intendencia Departamental de Rivera, a trav\u00e9s de la Direcci\u00f3n General de Hacienda, informa que se encuentra transitando la \u00faltima semana del plan de refinanciaci\u00f3n de adeudos, cuya segunda etapa se inici\u00f3 en el mes de agosto, habi\u00e9ndose implementado el r\u00e9gimen de forma continua desde mayo del presente a\u00f1o. La directora general de Hacienda, Cra. [&hellip;]<\/p>\n","protected":false},"author":7,"featured_media":65578,"comment_status":"open","ping_status":"open","sticky":false,"template":"","format":"standard","meta":{"footnotes":""},"categories":[1,22],"tags":[],"class_list":["post-65555","post","type-post","status-publish","format-standard","has-post-thumbnail","hentry","category-novedades","category-vencimientos"],"_links":{"self":[{"href":"https:\/\/www.rivera.gub.uy\/portal\/wp-json\/wp\/v2\/posts\/65555","targetHints":{"allow":["GET"]}}],"collection":[{"href":"https:\/\/www.rivera.gub.uy\/portal\/wp-json\/wp\/v2\/posts"}],"about":[{"href":"https:\/\/www.rivera.gub.uy\/portal\/wp-json\/wp\/v2\/types\/post"}],"author":[{"embeddable":true,"href":"https:\/\/www.rivera.gub.uy\/portal\/wp-json\/wp\/v2\/users\/7"}],"replies":[{"embeddable":true,"href":"https:\/\/www.rivera.gub.uy\/portal\/wp-json\/wp\/v2\/comments?post=65555"}],"version-history":[{"count":1,"href":"https:\/\/www.rivera.gub.uy\/portal\/wp-json\/wp\/v2\/posts\/65555\/revisions"}],"predecessor-version":[{"id":65556,"href":"https:\/\/www.rivera.gub.uy\/portal\/wp-json\/wp\/v2\/posts\/65555\/revisions\/65556"}],"wp:featuredmedia":[{"embeddable":true,"href":"https:\/\/www.rivera.gub.uy\/portal\/wp-json\/wp\/v2\/media\/65578"}],"wp:attachment":[{"href":"https:\/\/www.rivera.gub.uy\/portal\/wp-json\/wp\/v2\/media?parent=65555"}],"wp:term":[{"taxonomy":"category","embeddable":true,"href":"https:\/\/www.rivera.gub.uy\/portal\/wp-json\/wp\/v2\/categories?post=65555"},{"taxonomy":"post_tag","embeddable":true,"href":"https:\/\/www.rivera.gub.uy\/portal\/wp-json\/wp\/v2\/tags?post=65555"}],"curies":[{"name":"wp","href":"https:\/\/api.w.org\/{rel}","templated":true}]}}