{"id":65575,"date":"2025-12-18T09:32:43","date_gmt":"2025-12-18T12:32:43","guid":{"rendered":"https:\/\/www.rivera.gub.uy\/portal\/?p=65575"},"modified":"2025-12-18T09:32:43","modified_gmt":"2025-12-18T12:32:43","slug":"aviso-a-la-poblacion","status":"publish","type":"post","link":"https:\/\/www.rivera.gub.uy\/portal\/aviso-a-la-poblacion\/","title":{"rendered":"Aviso a la poblaci\u00f3n"},"content":{"rendered":"<p data-start=\"151\" data-end=\"334\">La Intendencia de Rivera informa que, seg\u00fan comunicaci\u00f3n de la Divisi\u00f3n Higiene, la Recolecci\u00f3n Domiciliaria Nocturna pasar\u00e1 <strong data-start=\"276\" data-end=\"313\">una (1) hora antes de lo habitual<\/strong> los siguientes d\u00edas:<!--more--><\/p>\n<ul>\n<li data-start=\"338\" data-end=\"369\"><strong data-start=\"338\" data-end=\"367\">Mi\u00e9rcoles 18 de diciembre<\/strong><\/li>\n<li data-start=\"372\" data-end=\"399\"><strong data-start=\"372\" data-end=\"399\">Viernes 20 de diciembre<\/strong><\/li>\n<\/ul>\n<p data-start=\"401\" data-end=\"458\">La medida responde a los cortes de tr\u00e1nsito previstos en:<\/p>\n<ul>\n<li data-start=\"462\" data-end=\"526\"><strong data-start=\"462\" data-end=\"477\">Av. Sarand\u00ed<\/strong>, el d\u00eda 18, con motivo de la <strong data-start=\"507\" data-end=\"523\">Noche M\u00e1gica<\/strong>.<\/li>\n<li data-start=\"529\" data-end=\"615\"><strong data-start=\"529\" data-end=\"557\">Bulevar Presidente Viera<\/strong>, el d\u00eda 20, con motivo de la <strong data-start=\"587\" data-end=\"614\">Noche de los Descuentos<\/strong>.<\/li>\n<\/ul>\n<p data-start=\"617\" data-end=\"723\"><strong>Se solicita a los vecinos tomar las precauciones necesarias y sacar los residuos con la debida antelaci\u00f3n.<\/strong><\/p>\n<p data-start=\"617\" data-end=\"723\">\n<p data-start=\"617\" data-end=\"723\">\n","protected":false},"excerpt":{"rendered":"<p>La Intendencia de Rivera informa que, seg\u00fan comunicaci\u00f3n de la Divisi\u00f3n Higiene, la Recolecci\u00f3n Domiciliaria Nocturna pasar\u00e1 una (1) hora antes de lo habitual los siguientes d\u00edas:<\/p>\n","protected":false},"author":7,"featured_media":55321,"comment_status":"open","ping_status":"open","sticky":false,"template":"","format":"standard","meta":{"footnotes":""},"categories":[1],"tags":[],"class_list":["post-65575","post","type-post","status-publish","format-standard","has-post-thumbnail","hentry","category-novedades"],"_links":{"self":[{"href":"https:\/\/www.rivera.gub.uy\/portal\/wp-json\/wp\/v2\/posts\/65575","targetHints":{"allow":["GET"]}}],"collection":[{"href":"https:\/\/www.rivera.gub.uy\/portal\/wp-json\/wp\/v2\/posts"}],"about":[{"href":"https:\/\/www.rivera.gub.uy\/portal\/wp-json\/wp\/v2\/types\/post"}],"author":[{"embeddable":true,"href":"https:\/\/www.rivera.gub.uy\/portal\/wp-json\/wp\/v2\/users\/7"}],"replies":[{"embeddable":true,"href":"https:\/\/www.rivera.gub.uy\/portal\/wp-json\/wp\/v2\/comments?post=65575"}],"version-history":[{"count":1,"href":"https:\/\/www.rivera.gub.uy\/portal\/wp-json\/wp\/v2\/posts\/65575\/revisions"}],"predecessor-version":[{"id":65576,"href":"https:\/\/www.rivera.gub.uy\/portal\/wp-json\/wp\/v2\/posts\/65575\/revisions\/65576"}],"wp:featuredmedia":[{"embeddable":true,"href":"https:\/\/www.rivera.gub.uy\/portal\/wp-json\/wp\/v2\/media\/55321"}],"wp:attachment":[{"href":"https:\/\/www.rivera.gub.uy\/portal\/wp-json\/wp\/v2\/media?parent=65575"}],"wp:term":[{"taxonomy":"category","embeddable":true,"href":"https:\/\/www.rivera.gub.uy\/portal\/wp-json\/wp\/v2\/categories?post=65575"},{"taxonomy":"post_tag","embeddable":true,"href":"https:\/\/www.rivera.gub.uy\/portal\/wp-json\/wp\/v2\/tags?post=65575"}],"curies":[{"name":"wp","href":"https:\/\/api.w.org\/{rel}","templated":true}]}}