{"id":65614,"date":"2025-12-22T14:27:53","date_gmt":"2025-12-22T17:27:53","guid":{"rendered":"https:\/\/www.rivera.gub.uy\/portal\/?p=65614"},"modified":"2026-02-12T09:53:22","modified_gmt":"2026-02-12T12:53:22","slug":"concurso-de-precios-05-25-adquisicion-de-fotocelulas","status":"publish","type":"post","link":"https:\/\/www.rivera.gub.uy\/portal\/concurso-de-precios-05-25-adquisicion-de-fotocelulas\/","title":{"rendered":"Concurso de Precios 05\/25: Adquisici\u00f3n de fotoc\u00e9lulas"},"content":{"rendered":"<p>INTENDENCIA DE RIVERA<br \/>\nDIRECCI\u00d3N GENERAL DE HACIENDA<br \/>\nUnidad de Licitaciones<\/p>\n<p>Concurso de Precios 05\/25<br \/>\nExpediente 2025-7969<\/p>\n<p>OBJETO:Adquisici\u00f3n de fotoc\u00e9lulas<!--more--><\/p>\n<p>RECEPCI\u00d3N DE OFERTAS: Las propuestas ser\u00e1n recibidas \u00fanicamente en l\u00ednea hasta la hora 12:00 del d\u00eda 08 de enero de 2026. Los oferentes deber\u00e1n ingresar sus ofertas (econ\u00f3mica y t\u00e9cnicas completas) en el sitio web <a href=\"https:\/\/www.gub.uy\/agencia-reguladora-compras-estatales\/\">www.comprasestatales.gub.uy<\/a>.<\/p>\n<p>No se recibir\u00e1n ofertas por otra v\u00eda.<\/p>\n<p>APERTURA: En la fecha y hora indicada se efectuar\u00e1 la apertura de ofertas en forma autom\u00e1tica y el acta de apertura ser\u00e1 publicada\u00a0 autom\u00e1ticamente en el sitio web <a href=\"https:\/\/www.gub.uy\/agencia-reguladora-compras-estatales\/\">www.comprasestatales.gub.uy<\/a>.<\/p>\n<p>PLIEGO: sin costo<\/p>\n<p>Disponible para su consulta en p\u00e1gina web de la IDR, \u00f3 en p\u00e1gina de compras estatales o en Unidad de Licitaciones.<\/p>\n<p>Pliego (<a href=\"https:\/\/www.rivera.gub.uy\/portal\/wp-content\/uploads\/2025\/12\/pliego-fotocelulas-version-04_08.pdf\" target=\"_blank\" rel=\"noopener\">descargar<\/a>)<\/p>\n<p>Comunicado N\u00b01 (<a href=\"https:\/\/www.rivera.gub.uy\/portal\/wp-content\/uploads\/2025\/12\/Comunicado-No1.pdf\" target=\"_blank\" rel=\"noopener\">descargar<\/a>)<\/p>\n<p>Resoluci\u00f3n (<a href=\"https:\/\/www.rivera.gub.uy\/portal\/wp-content\/uploads\/2025\/12\/Resol.-Adj.-CP-05-25.pdf\" target=\"_blank\" rel=\"noopener\">descargar<\/a>)<\/p>\n","protected":false},"excerpt":{"rendered":"<p>INTENDENCIA DE RIVERA DIRECCI\u00d3N GENERAL DE HACIENDA Unidad de Licitaciones Concurso de Precios 05\/25 Expediente 2025-7969 OBJETO:Adquisici\u00f3n de fotoc\u00e9lulas<\/p>\n","protected":false},"author":7,"featured_media":44563,"comment_status":"open","ping_status":"open","sticky":false,"template":"","format":"standard","meta":{"footnotes":""},"categories":[12,1],"tags":[],"class_list":["post-65614","post","type-post","status-publish","format-standard","has-post-thumbnail","hentry","category-licitaciones","category-novedades"],"_links":{"self":[{"href":"https:\/\/www.rivera.gub.uy\/portal\/wp-json\/wp\/v2\/posts\/65614","targetHints":{"allow":["GET"]}}],"collection":[{"href":"https:\/\/www.rivera.gub.uy\/portal\/wp-json\/wp\/v2\/posts"}],"about":[{"href":"https:\/\/www.rivera.gub.uy\/portal\/wp-json\/wp\/v2\/types\/post"}],"author":[{"embeddable":true,"href":"https:\/\/www.rivera.gub.uy\/portal\/wp-json\/wp\/v2\/users\/7"}],"replies":[{"embeddable":true,"href":"https:\/\/www.rivera.gub.uy\/portal\/wp-json\/wp\/v2\/comments?post=65614"}],"version-history":[{"count":5,"href":"https:\/\/www.rivera.gub.uy\/portal\/wp-json\/wp\/v2\/posts\/65614\/revisions"}],"predecessor-version":[{"id":66596,"href":"https:\/\/www.rivera.gub.uy\/portal\/wp-json\/wp\/v2\/posts\/65614\/revisions\/66596"}],"wp:featuredmedia":[{"embeddable":true,"href":"https:\/\/www.rivera.gub.uy\/portal\/wp-json\/wp\/v2\/media\/44563"}],"wp:attachment":[{"href":"https:\/\/www.rivera.gub.uy\/portal\/wp-json\/wp\/v2\/media?parent=65614"}],"wp:term":[{"taxonomy":"category","embeddable":true,"href":"https:\/\/www.rivera.gub.uy\/portal\/wp-json\/wp\/v2\/categories?post=65614"},{"taxonomy":"post_tag","embeddable":true,"href":"https:\/\/www.rivera.gub.uy\/portal\/wp-json\/wp\/v2\/tags?post=65614"}],"curies":[{"name":"wp","href":"https:\/\/api.w.org\/{rel}","templated":true}]}}