{"id":65617,"date":"2025-12-22T14:48:38","date_gmt":"2025-12-22T17:48:38","guid":{"rendered":"https:\/\/www.rivera.gub.uy\/portal\/?p=65617"},"modified":"2025-12-22T14:48:45","modified_gmt":"2025-12-22T17:48:45","slug":"65617-2","status":"publish","type":"post","link":"https:\/\/www.rivera.gub.uy\/portal\/65617-2\/","title":{"rendered":"El Parque Municipal \u201cGran Breta\u00f1a\u201d ofrece una propuesta renovada para la temporada de verano"},"content":{"rendered":"<p data-start=\"302\" data-end=\"747\"><strong data-start=\"302\" data-end=\"471\">El Parque Municipal \u201cGran Breta\u00f1a\u201d, reconocido espacio p\u00fablico de gran valor paisaj\u00edstico y natural, se encuentra plenamente activo en la temporada estival 2025\u20132026<\/strong>, ofreciendo a la comunidad y a los visitantes una propuesta renovada, resultado del trabajo sostenido desarrollado a lo largo del a\u00f1o, as\u00ed como del permanente cuidado y compromiso de los vecinos fronterizos que lo eligen de forma habitual para el disfrute y el esparcimiento.<!--more--><\/p>\n<p data-start=\"749\" data-end=\"1128\">El predio dispone de amplias \u00e1reas de sombra, acceso a agua potable, gabinetes higi\u00e9nicos, servicio de cantina, parrilleros, mesas y bancos, adem\u00e1s de un Parque de Aguas Infantil. La pulcritud del entorno, junto con la adecuada organizaci\u00f3n y delimitaci\u00f3n de los espacios, ha permitido consolidar un equilibrio que invita al disfrute responsable y seguro de todos los visitantes.<\/p>\n<p data-start=\"1130\" data-end=\"1205\">El valor de la entrada es de <strong data-start=\"1159\" data-end=\"1192\">$U 100 (cien pesos uruguayos)<\/strong> por persona.<\/p>\n<p data-start=\"1207\" data-end=\"1378\">El Parque permanece abierto al p\u00fablico <strong data-start=\"1246\" data-end=\"1269\">de martes a domingo<\/strong>, destin\u00e1ndose los d\u00edas <strong data-start=\"1293\" data-end=\"1302\">lunes<\/strong> a tareas de mantenimiento y acondicionamiento general de las instalaciones.<\/p>\n<div id='gallery-1' class='gallery galleryid-65617 gallery-columns-4 gallery-size-thumbnail'><figure class='gallery-item'>\n\t\t\t<div class='gallery-icon portrait'>\n\t\t\t\t<a href='https:\/\/www.rivera.gub.uy\/portal\/wp-content\/uploads\/2025\/12\/parque-1.jpg'><img loading=\"lazy\" decoding=\"async\" width=\"71\" height=\"94\" src=\"https:\/\/www.rivera.gub.uy\/portal\/wp-content\/uploads\/2025\/12\/parque-1-71x94.jpg\" class=\"attachment-thumbnail size-thumbnail\" alt=\"\" srcset=\"https:\/\/www.rivera.gub.uy\/portal\/wp-content\/uploads\/2025\/12\/parque-1-71x94.jpg 71w, https:\/\/www.rivera.gub.uy\/portal\/wp-content\/uploads\/2025\/12\/parque-1-141x188.jpg 141w, https:\/\/www.rivera.gub.uy\/portal\/wp-content\/uploads\/2025\/12\/parque-1-470x626.jpg 470w, https:\/\/www.rivera.gub.uy\/portal\/wp-content\/uploads\/2025\/12\/parque-1-768x1024.jpg 768w, https:\/\/www.rivera.gub.uy\/portal\/wp-content\/uploads\/2025\/12\/parque-1-1152x1536.jpg 1152w, https:\/\/www.rivera.gub.uy\/portal\/wp-content\/uploads\/2025\/12\/parque-1-820x1093.jpg 820w, https:\/\/www.rivera.gub.uy\/portal\/wp-content\/uploads\/2025\/12\/parque-1.jpg 1200w\" sizes=\"auto, (max-width: 71px) 100vw, 71px\" \/><\/a>\n\t\t\t<\/div><\/figure><figure class='gallery-item'>\n\t\t\t<div class='gallery-icon portrait'>\n\t\t\t\t<a href='https:\/\/www.rivera.gub.uy\/portal\/wp-content\/uploads\/2025\/12\/parque-2.jpg'><img loading=\"lazy\" decoding=\"async\" width=\"71\" height=\"94\" src=\"https:\/\/www.rivera.gub.uy\/portal\/wp-content\/uploads\/2025\/12\/parque-2-71x94.jpg\" class=\"attachment-thumbnail size-thumbnail\" alt=\"\" srcset=\"https:\/\/www.rivera.gub.uy\/portal\/wp-content\/uploads\/2025\/12\/parque-2-71x94.jpg 71w, https:\/\/www.rivera.gub.uy\/portal\/wp-content\/uploads\/2025\/12\/parque-2-141x188.jpg 141w, https:\/\/www.rivera.gub.uy\/portal\/wp-content\/uploads\/2025\/12\/parque-2-470x626.jpg 470w, https:\/\/www.rivera.gub.uy\/portal\/wp-content\/uploads\/2025\/12\/parque-2-768x1024.jpg 768w, https:\/\/www.rivera.gub.uy\/portal\/wp-content\/uploads\/2025\/12\/parque-2-1152x1536.jpg 1152w, https:\/\/www.rivera.gub.uy\/portal\/wp-content\/uploads\/2025\/12\/parque-2-820x1093.jpg 820w, https:\/\/www.rivera.gub.uy\/portal\/wp-content\/uploads\/2025\/12\/parque-2.jpg 1200w\" sizes=\"auto, (max-width: 71px) 100vw, 71px\" \/><\/a>\n\t\t\t<\/div><\/figure><figure class='gallery-item'>\n\t\t\t<div class='gallery-icon landscape'>\n\t\t\t\t<a href='https:\/\/www.rivera.gub.uy\/portal\/wp-content\/uploads\/2025\/12\/parque-3.jpg'><img loading=\"lazy\" decoding=\"async\" width=\"125\" height=\"94\" src=\"https:\/\/www.rivera.gub.uy\/portal\/wp-content\/uploads\/2025\/12\/parque-3-125x94.jpg\" class=\"attachment-thumbnail size-thumbnail\" alt=\"\" srcset=\"https:\/\/www.rivera.gub.uy\/portal\/wp-content\/uploads\/2025\/12\/parque-3-125x94.jpg 125w, https:\/\/www.rivera.gub.uy\/portal\/wp-content\/uploads\/2025\/12\/parque-3-251x188.jpg 251w, https:\/\/www.rivera.gub.uy\/portal\/wp-content\/uploads\/2025\/12\/parque-3-835x626.jpg 835w, https:\/\/www.rivera.gub.uy\/portal\/wp-content\/uploads\/2025\/12\/parque-3-768x576.jpg 768w, https:\/\/www.rivera.gub.uy\/portal\/wp-content\/uploads\/2025\/12\/parque-3-1536x1151.jpg 1536w, https:\/\/www.rivera.gub.uy\/portal\/wp-content\/uploads\/2025\/12\/parque-3-820x614.jpg 820w, https:\/\/www.rivera.gub.uy\/portal\/wp-content\/uploads\/2025\/12\/parque-3.jpg 1600w\" sizes=\"auto, (max-width: 125px) 100vw, 125px\" \/><\/a>\n\t\t\t<\/div><\/figure><figure class='gallery-item'>\n\t\t\t<div class='gallery-icon portrait'>\n\t\t\t\t<a href='https:\/\/www.rivera.gub.uy\/portal\/wp-content\/uploads\/2025\/12\/parque-4.jpg'><img loading=\"lazy\" decoding=\"async\" width=\"71\" height=\"94\" src=\"https:\/\/www.rivera.gub.uy\/portal\/wp-content\/uploads\/2025\/12\/parque-4-71x94.jpg\" class=\"attachment-thumbnail size-thumbnail\" alt=\"\" srcset=\"https:\/\/www.rivera.gub.uy\/portal\/wp-content\/uploads\/2025\/12\/parque-4-71x94.jpg 71w, https:\/\/www.rivera.gub.uy\/portal\/wp-content\/uploads\/2025\/12\/parque-4-141x188.jpg 141w, https:\/\/www.rivera.gub.uy\/portal\/wp-content\/uploads\/2025\/12\/parque-4-470x626.jpg 470w, https:\/\/www.rivera.gub.uy\/portal\/wp-content\/uploads\/2025\/12\/parque-4-768x1024.jpg 768w, https:\/\/www.rivera.gub.uy\/portal\/wp-content\/uploads\/2025\/12\/parque-4-1152x1536.jpg 1152w, https:\/\/www.rivera.gub.uy\/portal\/wp-content\/uploads\/2025\/12\/parque-4-820x1093.jpg 820w, https:\/\/www.rivera.gub.uy\/portal\/wp-content\/uploads\/2025\/12\/parque-4.jpg 1200w\" sizes=\"auto, (max-width: 71px) 100vw, 71px\" \/><\/a>\n\t\t\t<\/div><\/figure><figure class='gallery-item'>\n\t\t\t<div class='gallery-icon portrait'>\n\t\t\t\t<a href='https:\/\/www.rivera.gub.uy\/portal\/wp-content\/uploads\/2025\/12\/parque-5.jpg'><img loading=\"lazy\" decoding=\"async\" width=\"71\" height=\"94\" src=\"https:\/\/www.rivera.gub.uy\/portal\/wp-content\/uploads\/2025\/12\/parque-5-71x94.jpg\" class=\"attachment-thumbnail size-thumbnail\" alt=\"\" srcset=\"https:\/\/www.rivera.gub.uy\/portal\/wp-content\/uploads\/2025\/12\/parque-5-71x94.jpg 71w, https:\/\/www.rivera.gub.uy\/portal\/wp-content\/uploads\/2025\/12\/parque-5-141x188.jpg 141w, https:\/\/www.rivera.gub.uy\/portal\/wp-content\/uploads\/2025\/12\/parque-5-470x626.jpg 470w, https:\/\/www.rivera.gub.uy\/portal\/wp-content\/uploads\/2025\/12\/parque-5-768x1024.jpg 768w, https:\/\/www.rivera.gub.uy\/portal\/wp-content\/uploads\/2025\/12\/parque-5-1152x1536.jpg 1152w, https:\/\/www.rivera.gub.uy\/portal\/wp-content\/uploads\/2025\/12\/parque-5-820x1093.jpg 820w, https:\/\/www.rivera.gub.uy\/portal\/wp-content\/uploads\/2025\/12\/parque-5.jpg 1200w\" sizes=\"auto, (max-width: 71px) 100vw, 71px\" \/><\/a>\n\t\t\t<\/div><\/figure><figure class='gallery-item'>\n\t\t\t<div class='gallery-icon landscape'>\n\t\t\t\t<a href='https:\/\/www.rivera.gub.uy\/portal\/wp-content\/uploads\/2025\/12\/parque-6.jpg'><img loading=\"lazy\" decoding=\"async\" width=\"125\" height=\"94\" src=\"https:\/\/www.rivera.gub.uy\/portal\/wp-content\/uploads\/2025\/12\/parque-6-125x94.jpg\" class=\"attachment-thumbnail size-thumbnail\" alt=\"\" srcset=\"https:\/\/www.rivera.gub.uy\/portal\/wp-content\/uploads\/2025\/12\/parque-6-125x94.jpg 125w, https:\/\/www.rivera.gub.uy\/portal\/wp-content\/uploads\/2025\/12\/parque-6-251x188.jpg 251w, https:\/\/www.rivera.gub.uy\/portal\/wp-content\/uploads\/2025\/12\/parque-6-835x626.jpg 835w, https:\/\/www.rivera.gub.uy\/portal\/wp-content\/uploads\/2025\/12\/parque-6-768x576.jpg 768w, https:\/\/www.rivera.gub.uy\/portal\/wp-content\/uploads\/2025\/12\/parque-6-1536x1152.jpg 1536w, https:\/\/www.rivera.gub.uy\/portal\/wp-content\/uploads\/2025\/12\/parque-6-820x615.jpg 820w, https:\/\/www.rivera.gub.uy\/portal\/wp-content\/uploads\/2025\/12\/parque-6.jpg 1600w\" sizes=\"auto, (max-width: 125px) 100vw, 125px\" \/><\/a>\n\t\t\t<\/div><\/figure><figure class='gallery-item'>\n\t\t\t<div class='gallery-icon landscape'>\n\t\t\t\t<a href='https:\/\/www.rivera.gub.uy\/portal\/wp-content\/uploads\/2025\/12\/parque-7.jpg'><img loading=\"lazy\" decoding=\"async\" width=\"125\" height=\"94\" src=\"https:\/\/www.rivera.gub.uy\/portal\/wp-content\/uploads\/2025\/12\/parque-7-125x94.jpg\" class=\"attachment-thumbnail size-thumbnail\" alt=\"\" srcset=\"https:\/\/www.rivera.gub.uy\/portal\/wp-content\/uploads\/2025\/12\/parque-7-125x94.jpg 125w, https:\/\/www.rivera.gub.uy\/portal\/wp-content\/uploads\/2025\/12\/parque-7-251x188.jpg 251w, https:\/\/www.rivera.gub.uy\/portal\/wp-content\/uploads\/2025\/12\/parque-7-835x626.jpg 835w, https:\/\/www.rivera.gub.uy\/portal\/wp-content\/uploads\/2025\/12\/parque-7-768x576.jpg 768w, https:\/\/www.rivera.gub.uy\/portal\/wp-content\/uploads\/2025\/12\/parque-7-1536x1152.jpg 1536w, https:\/\/www.rivera.gub.uy\/portal\/wp-content\/uploads\/2025\/12\/parque-7-820x615.jpg 820w, https:\/\/www.rivera.gub.uy\/portal\/wp-content\/uploads\/2025\/12\/parque-7.jpg 1600w\" sizes=\"auto, (max-width: 125px) 100vw, 125px\" \/><\/a>\n\t\t\t<\/div><\/figure><figure class='gallery-item'>\n\t\t\t<div class='gallery-icon portrait'>\n\t\t\t\t<a href='https:\/\/www.rivera.gub.uy\/portal\/wp-content\/uploads\/2025\/12\/parque-8.jpg'><img loading=\"lazy\" decoding=\"async\" width=\"71\" height=\"94\" src=\"https:\/\/www.rivera.gub.uy\/portal\/wp-content\/uploads\/2025\/12\/parque-8-71x94.jpg\" class=\"attachment-thumbnail size-thumbnail\" alt=\"\" srcset=\"https:\/\/www.rivera.gub.uy\/portal\/wp-content\/uploads\/2025\/12\/parque-8-71x94.jpg 71w, https:\/\/www.rivera.gub.uy\/portal\/wp-content\/uploads\/2025\/12\/parque-8-141x188.jpg 141w, https:\/\/www.rivera.gub.uy\/portal\/wp-content\/uploads\/2025\/12\/parque-8-470x626.jpg 470w, https:\/\/www.rivera.gub.uy\/portal\/wp-content\/uploads\/2025\/12\/parque-8-768x1024.jpg 768w, https:\/\/www.rivera.gub.uy\/portal\/wp-content\/uploads\/2025\/12\/parque-8-1152x1536.jpg 1152w, https:\/\/www.rivera.gub.uy\/portal\/wp-content\/uploads\/2025\/12\/parque-8-820x1093.jpg 820w, https:\/\/www.rivera.gub.uy\/portal\/wp-content\/uploads\/2025\/12\/parque-8.jpg 1200w\" sizes=\"auto, (max-width: 71px) 100vw, 71px\" \/><\/a>\n\t\t\t<\/div><\/figure><figure class='gallery-item'>\n\t\t\t<div class='gallery-icon portrait'>\n\t\t\t\t<a href='https:\/\/www.rivera.gub.uy\/portal\/wp-content\/uploads\/2025\/12\/parque-9.jpg'><img loading=\"lazy\" decoding=\"async\" width=\"71\" height=\"94\" src=\"https:\/\/www.rivera.gub.uy\/portal\/wp-content\/uploads\/2025\/12\/parque-9-71x94.jpg\" class=\"attachment-thumbnail size-thumbnail\" alt=\"\" srcset=\"https:\/\/www.rivera.gub.uy\/portal\/wp-content\/uploads\/2025\/12\/parque-9-71x94.jpg 71w, https:\/\/www.rivera.gub.uy\/portal\/wp-content\/uploads\/2025\/12\/parque-9-141x188.jpg 141w, https:\/\/www.rivera.gub.uy\/portal\/wp-content\/uploads\/2025\/12\/parque-9-470x626.jpg 470w, https:\/\/www.rivera.gub.uy\/portal\/wp-content\/uploads\/2025\/12\/parque-9-768x1024.jpg 768w, https:\/\/www.rivera.gub.uy\/portal\/wp-content\/uploads\/2025\/12\/parque-9-1152x1536.jpg 1152w, https:\/\/www.rivera.gub.uy\/portal\/wp-content\/uploads\/2025\/12\/parque-9-820x1093.jpg 820w, https:\/\/www.rivera.gub.uy\/portal\/wp-content\/uploads\/2025\/12\/parque-9.jpg 1200w\" sizes=\"auto, (max-width: 71px) 100vw, 71px\" \/><\/a>\n\t\t\t<\/div><\/figure><figure class='gallery-item'>\n\t\t\t<div class='gallery-icon landscape'>\n\t\t\t\t<a href='https:\/\/www.rivera.gub.uy\/portal\/wp-content\/uploads\/2025\/12\/parque-10.jpg'><img loading=\"lazy\" decoding=\"async\" width=\"125\" height=\"94\" src=\"https:\/\/www.rivera.gub.uy\/portal\/wp-content\/uploads\/2025\/12\/parque-10-125x94.jpg\" class=\"attachment-thumbnail size-thumbnail\" alt=\"\" srcset=\"https:\/\/www.rivera.gub.uy\/portal\/wp-content\/uploads\/2025\/12\/parque-10-125x94.jpg 125w, https:\/\/www.rivera.gub.uy\/portal\/wp-content\/uploads\/2025\/12\/parque-10-251x188.jpg 251w, https:\/\/www.rivera.gub.uy\/portal\/wp-content\/uploads\/2025\/12\/parque-10-835x626.jpg 835w, https:\/\/www.rivera.gub.uy\/portal\/wp-content\/uploads\/2025\/12\/parque-10-768x576.jpg 768w, https:\/\/www.rivera.gub.uy\/portal\/wp-content\/uploads\/2025\/12\/parque-10-1536x1152.jpg 1536w, https:\/\/www.rivera.gub.uy\/portal\/wp-content\/uploads\/2025\/12\/parque-10-820x615.jpg 820w, https:\/\/www.rivera.gub.uy\/portal\/wp-content\/uploads\/2025\/12\/parque-10.jpg 1600w\" sizes=\"auto, (max-width: 125px) 100vw, 125px\" \/><\/a>\n\t\t\t<\/div><\/figure><figure class='gallery-item'>\n\t\t\t<div class='gallery-icon portrait'>\n\t\t\t\t<a href='https:\/\/www.rivera.gub.uy\/portal\/wp-content\/uploads\/2025\/12\/parque-11.jpg'><img loading=\"lazy\" decoding=\"async\" width=\"71\" height=\"94\" src=\"https:\/\/www.rivera.gub.uy\/portal\/wp-content\/uploads\/2025\/12\/parque-11-71x94.jpg\" class=\"attachment-thumbnail size-thumbnail\" alt=\"\" srcset=\"https:\/\/www.rivera.gub.uy\/portal\/wp-content\/uploads\/2025\/12\/parque-11-71x94.jpg 71w, https:\/\/www.rivera.gub.uy\/portal\/wp-content\/uploads\/2025\/12\/parque-11-141x188.jpg 141w, https:\/\/www.rivera.gub.uy\/portal\/wp-content\/uploads\/2025\/12\/parque-11-470x626.jpg 470w, https:\/\/www.rivera.gub.uy\/portal\/wp-content\/uploads\/2025\/12\/parque-11-768x1024.jpg 768w, https:\/\/www.rivera.gub.uy\/portal\/wp-content\/uploads\/2025\/12\/parque-11-1152x1536.jpg 1152w, https:\/\/www.rivera.gub.uy\/portal\/wp-content\/uploads\/2025\/12\/parque-11-820x1093.jpg 820w, https:\/\/www.rivera.gub.uy\/portal\/wp-content\/uploads\/2025\/12\/parque-11.jpg 1200w\" sizes=\"auto, (max-width: 71px) 100vw, 71px\" \/><\/a>\n\t\t\t<\/div><\/figure><figure class='gallery-item'>\n\t\t\t<div class='gallery-icon portrait'>\n\t\t\t\t<a href='https:\/\/www.rivera.gub.uy\/portal\/wp-content\/uploads\/2025\/12\/parque-12.jpg'><img loading=\"lazy\" decoding=\"async\" width=\"71\" height=\"94\" src=\"https:\/\/www.rivera.gub.uy\/portal\/wp-content\/uploads\/2025\/12\/parque-12-71x94.jpg\" class=\"attachment-thumbnail size-thumbnail\" alt=\"\" srcset=\"https:\/\/www.rivera.gub.uy\/portal\/wp-content\/uploads\/2025\/12\/parque-12-71x94.jpg 71w, https:\/\/www.rivera.gub.uy\/portal\/wp-content\/uploads\/2025\/12\/parque-12-141x188.jpg 141w, https:\/\/www.rivera.gub.uy\/portal\/wp-content\/uploads\/2025\/12\/parque-12-470x626.jpg 470w, https:\/\/www.rivera.gub.uy\/portal\/wp-content\/uploads\/2025\/12\/parque-12-768x1024.jpg 768w, https:\/\/www.rivera.gub.uy\/portal\/wp-content\/uploads\/2025\/12\/parque-12-1152x1536.jpg 1152w, https:\/\/www.rivera.gub.uy\/portal\/wp-content\/uploads\/2025\/12\/parque-12-820x1093.jpg 820w, https:\/\/www.rivera.gub.uy\/portal\/wp-content\/uploads\/2025\/12\/parque-12.jpg 1200w\" sizes=\"auto, (max-width: 71px) 100vw, 71px\" \/><\/a>\n\t\t\t<\/div><\/figure><figure class='gallery-item'>\n\t\t\t<div class='gallery-icon portrait'>\n\t\t\t\t<a href='https:\/\/www.rivera.gub.uy\/portal\/wp-content\/uploads\/2025\/12\/parque-13.jpg'><img loading=\"lazy\" decoding=\"async\" width=\"71\" height=\"94\" src=\"https:\/\/www.rivera.gub.uy\/portal\/wp-content\/uploads\/2025\/12\/parque-13-71x94.jpg\" class=\"attachment-thumbnail size-thumbnail\" alt=\"\" srcset=\"https:\/\/www.rivera.gub.uy\/portal\/wp-content\/uploads\/2025\/12\/parque-13-71x94.jpg 71w, https:\/\/www.rivera.gub.uy\/portal\/wp-content\/uploads\/2025\/12\/parque-13-141x188.jpg 141w, https:\/\/www.rivera.gub.uy\/portal\/wp-content\/uploads\/2025\/12\/parque-13-470x626.jpg 470w, https:\/\/www.rivera.gub.uy\/portal\/wp-content\/uploads\/2025\/12\/parque-13-768x1024.jpg 768w, https:\/\/www.rivera.gub.uy\/portal\/wp-content\/uploads\/2025\/12\/parque-13-1152x1536.jpg 1152w, https:\/\/www.rivera.gub.uy\/portal\/wp-content\/uploads\/2025\/12\/parque-13-820x1093.jpg 820w, https:\/\/www.rivera.gub.uy\/portal\/wp-content\/uploads\/2025\/12\/parque-13.jpg 1200w\" sizes=\"auto, (max-width: 71px) 100vw, 71px\" \/><\/a>\n\t\t\t<\/div><\/figure><figure class='gallery-item'>\n\t\t\t<div class='gallery-icon portrait'>\n\t\t\t\t<a href='https:\/\/www.rivera.gub.uy\/portal\/wp-content\/uploads\/2025\/12\/parque-14.jpg'><img loading=\"lazy\" decoding=\"async\" width=\"71\" height=\"94\" src=\"https:\/\/www.rivera.gub.uy\/portal\/wp-content\/uploads\/2025\/12\/parque-14-71x94.jpg\" class=\"attachment-thumbnail size-thumbnail\" alt=\"\" srcset=\"https:\/\/www.rivera.gub.uy\/portal\/wp-content\/uploads\/2025\/12\/parque-14-71x94.jpg 71w, https:\/\/www.rivera.gub.uy\/portal\/wp-content\/uploads\/2025\/12\/parque-14-141x188.jpg 141w, https:\/\/www.rivera.gub.uy\/portal\/wp-content\/uploads\/2025\/12\/parque-14-470x626.jpg 470w, https:\/\/www.rivera.gub.uy\/portal\/wp-content\/uploads\/2025\/12\/parque-14-768x1024.jpg 768w, https:\/\/www.rivera.gub.uy\/portal\/wp-content\/uploads\/2025\/12\/parque-14-1152x1536.jpg 1152w, https:\/\/www.rivera.gub.uy\/portal\/wp-content\/uploads\/2025\/12\/parque-14-820x1093.jpg 820w, https:\/\/www.rivera.gub.uy\/portal\/wp-content\/uploads\/2025\/12\/parque-14.jpg 1200w\" sizes=\"auto, (max-width: 71px) 100vw, 71px\" \/><\/a>\n\t\t\t<\/div><\/figure><figure class='gallery-item'>\n\t\t\t<div class='gallery-icon landscape'>\n\t\t\t\t<a href='https:\/\/www.rivera.gub.uy\/portal\/wp-content\/uploads\/2025\/12\/parque-15.jpg'><img loading=\"lazy\" decoding=\"async\" width=\"125\" height=\"94\" src=\"https:\/\/www.rivera.gub.uy\/portal\/wp-content\/uploads\/2025\/12\/parque-15-125x94.jpg\" class=\"attachment-thumbnail size-thumbnail\" alt=\"Parque Gran Breta\u00f1a\" srcset=\"https:\/\/www.rivera.gub.uy\/portal\/wp-content\/uploads\/2025\/12\/parque-15-125x94.jpg 125w, https:\/\/www.rivera.gub.uy\/portal\/wp-content\/uploads\/2025\/12\/parque-15-251x188.jpg 251w, https:\/\/www.rivera.gub.uy\/portal\/wp-content\/uploads\/2025\/12\/parque-15-835x626.jpg 835w, https:\/\/www.rivera.gub.uy\/portal\/wp-content\/uploads\/2025\/12\/parque-15-768x576.jpg 768w, https:\/\/www.rivera.gub.uy\/portal\/wp-content\/uploads\/2025\/12\/parque-15-1536x1152.jpg 1536w, https:\/\/www.rivera.gub.uy\/portal\/wp-content\/uploads\/2025\/12\/parque-15-820x615.jpg 820w, https:\/\/www.rivera.gub.uy\/portal\/wp-content\/uploads\/2025\/12\/parque-15.jpg 1600w\" sizes=\"auto, (max-width: 125px) 100vw, 125px\" \/><\/a>\n\t\t\t<\/div><\/figure><figure class='gallery-item'>\n\t\t\t<div class='gallery-icon portrait'>\n\t\t\t\t<a href='https:\/\/www.rivera.gub.uy\/portal\/wp-content\/uploads\/2025\/12\/parque-16.jpg'><img loading=\"lazy\" decoding=\"async\" width=\"71\" height=\"94\" src=\"https:\/\/www.rivera.gub.uy\/portal\/wp-content\/uploads\/2025\/12\/parque-16-71x94.jpg\" class=\"attachment-thumbnail size-thumbnail\" alt=\"\" srcset=\"https:\/\/www.rivera.gub.uy\/portal\/wp-content\/uploads\/2025\/12\/parque-16-71x94.jpg 71w, https:\/\/www.rivera.gub.uy\/portal\/wp-content\/uploads\/2025\/12\/parque-16-141x188.jpg 141w, https:\/\/www.rivera.gub.uy\/portal\/wp-content\/uploads\/2025\/12\/parque-16-470x626.jpg 470w, https:\/\/www.rivera.gub.uy\/portal\/wp-content\/uploads\/2025\/12\/parque-16-768x1024.jpg 768w, https:\/\/www.rivera.gub.uy\/portal\/wp-content\/uploads\/2025\/12\/parque-16-1152x1536.jpg 1152w, https:\/\/www.rivera.gub.uy\/portal\/wp-content\/uploads\/2025\/12\/parque-16-820x1093.jpg 820w, https:\/\/www.rivera.gub.uy\/portal\/wp-content\/uploads\/2025\/12\/parque-16.jpg 1200w\" sizes=\"auto, (max-width: 71px) 100vw, 71px\" \/><\/a>\n\t\t\t<\/div><\/figure>\n\t\t<\/div>\n\n","protected":false},"excerpt":{"rendered":"<p>El Parque Municipal \u201cGran Breta\u00f1a\u201d, reconocido espacio p\u00fablico de gran valor paisaj\u00edstico y natural, se encuentra plenamente activo en la temporada estival 2025\u20132026, ofreciendo a la comunidad y a los visitantes una propuesta renovada, resultado del trabajo sostenido desarrollado a lo largo del a\u00f1o, as\u00ed como del permanente cuidado y compromiso de los vecinos fronterizos [&hellip;]<\/p>\n","protected":false},"author":7,"featured_media":65632,"comment_status":"open","ping_status":"open","sticky":false,"template":"","format":"standard","meta":{"footnotes":""},"categories":[1],"tags":[],"class_list":["post-65617","post","type-post","status-publish","format-standard","has-post-thumbnail","hentry","category-novedades"],"_links":{"self":[{"href":"https:\/\/www.rivera.gub.uy\/portal\/wp-json\/wp\/v2\/posts\/65617","targetHints":{"allow":["GET"]}}],"collection":[{"href":"https:\/\/www.rivera.gub.uy\/portal\/wp-json\/wp\/v2\/posts"}],"about":[{"href":"https:\/\/www.rivera.gub.uy\/portal\/wp-json\/wp\/v2\/types\/post"}],"author":[{"embeddable":true,"href":"https:\/\/www.rivera.gub.uy\/portal\/wp-json\/wp\/v2\/users\/7"}],"replies":[{"embeddable":true,"href":"https:\/\/www.rivera.gub.uy\/portal\/wp-json\/wp\/v2\/comments?post=65617"}],"version-history":[{"count":2,"href":"https:\/\/www.rivera.gub.uy\/portal\/wp-json\/wp\/v2\/posts\/65617\/revisions"}],"predecessor-version":[{"id":65635,"href":"https:\/\/www.rivera.gub.uy\/portal\/wp-json\/wp\/v2\/posts\/65617\/revisions\/65635"}],"wp:featuredmedia":[{"embeddable":true,"href":"https:\/\/www.rivera.gub.uy\/portal\/wp-json\/wp\/v2\/media\/65632"}],"wp:attachment":[{"href":"https:\/\/www.rivera.gub.uy\/portal\/wp-json\/wp\/v2\/media?parent=65617"}],"wp:term":[{"taxonomy":"category","embeddable":true,"href":"https:\/\/www.rivera.gub.uy\/portal\/wp-json\/wp\/v2\/categories?post=65617"},{"taxonomy":"post_tag","embeddable":true,"href":"https:\/\/www.rivera.gub.uy\/portal\/wp-json\/wp\/v2\/tags?post=65617"}],"curies":[{"name":"wp","href":"https:\/\/api.w.org\/{rel}","templated":true}]}}