{"id":65643,"date":"2025-12-23T10:55:18","date_gmt":"2025-12-23T13:55:18","guid":{"rendered":"https:\/\/www.rivera.gub.uy\/portal\/?p=65643"},"modified":"2025-12-23T10:55:18","modified_gmt":"2025-12-23T13:55:18","slug":"comunicado-horario-especial-de-atencion-al-publico","status":"publish","type":"post","link":"https:\/\/www.rivera.gub.uy\/portal\/comunicado-horario-especial-de-atencion-al-publico\/","title":{"rendered":"Comunicado \u2013 Horario especial de atenci\u00f3n al p\u00fablico"},"content":{"rendered":"<p data-start=\"193\" data-end=\"410\">La Intendencia Departamental de Rivera comunica a la poblaci\u00f3n que, con motivo de las festividades tradicionales, se implementar\u00e1 un horario especial de atenci\u00f3n al p\u00fablico durante las v\u00edsperas de Navidad y A\u00f1o Nuevo.<\/p>\n<p data-start=\"412\" data-end=\"464\"><strong data-start=\"412\" data-end=\"464\">Mi\u00e9rcoles 24 y mi\u00e9rcoles 31 de diciembre de 2025<\/strong><!--more--><\/p>\n<p data-start=\"466\" data-end=\"651\">En ambas jornadas se cumplir\u00e1 <strong data-start=\"496\" data-end=\"513\">medio horario<\/strong> en el Edificio Comunal, Municipios, Oficinas Administrativas y dem\u00e1s dependencias de la Intendencia, de acuerdo con el siguiente detalle:<\/p>\n<ul>\n<li data-start=\"655\" data-end=\"703\"><strong data-start=\"655\" data-end=\"679\">Atenci\u00f3n al p\u00fablico:<\/strong> de 8:00 a 12:00 horas<\/li>\n<li data-start=\"706\" data-end=\"740\"><strong data-start=\"706\" data-end=\"716\">Cajas:<\/strong> de 8:15 a 11:45 horas<\/li>\n<li data-start=\"743\" data-end=\"780\"><strong data-start=\"743\" data-end=\"756\">Corral\u00f3n:<\/strong> de 7:00 a 11:00 horas<\/li>\n<\/ul>\n<p data-start=\"782\" data-end=\"826\">Agradecemos la comprensi\u00f3n de la ciudadan\u00eda.<\/p>\n","protected":false},"excerpt":{"rendered":"<p>La Intendencia Departamental de Rivera comunica a la poblaci\u00f3n que, con motivo de las festividades tradicionales, se implementar\u00e1 un horario especial de atenci\u00f3n al p\u00fablico durante las v\u00edsperas de Navidad y A\u00f1o Nuevo. Mi\u00e9rcoles 24 y mi\u00e9rcoles 31 de diciembre de 2025<\/p>\n","protected":false},"author":7,"featured_media":65645,"comment_status":"open","ping_status":"open","sticky":false,"template":"","format":"standard","meta":{"footnotes":""},"categories":[1],"tags":[],"class_list":["post-65643","post","type-post","status-publish","format-standard","has-post-thumbnail","hentry","category-novedades"],"_links":{"self":[{"href":"https:\/\/www.rivera.gub.uy\/portal\/wp-json\/wp\/v2\/posts\/65643","targetHints":{"allow":["GET"]}}],"collection":[{"href":"https:\/\/www.rivera.gub.uy\/portal\/wp-json\/wp\/v2\/posts"}],"about":[{"href":"https:\/\/www.rivera.gub.uy\/portal\/wp-json\/wp\/v2\/types\/post"}],"author":[{"embeddable":true,"href":"https:\/\/www.rivera.gub.uy\/portal\/wp-json\/wp\/v2\/users\/7"}],"replies":[{"embeddable":true,"href":"https:\/\/www.rivera.gub.uy\/portal\/wp-json\/wp\/v2\/comments?post=65643"}],"version-history":[{"count":1,"href":"https:\/\/www.rivera.gub.uy\/portal\/wp-json\/wp\/v2\/posts\/65643\/revisions"}],"predecessor-version":[{"id":65644,"href":"https:\/\/www.rivera.gub.uy\/portal\/wp-json\/wp\/v2\/posts\/65643\/revisions\/65644"}],"wp:featuredmedia":[{"embeddable":true,"href":"https:\/\/www.rivera.gub.uy\/portal\/wp-json\/wp\/v2\/media\/65645"}],"wp:attachment":[{"href":"https:\/\/www.rivera.gub.uy\/portal\/wp-json\/wp\/v2\/media?parent=65643"}],"wp:term":[{"taxonomy":"category","embeddable":true,"href":"https:\/\/www.rivera.gub.uy\/portal\/wp-json\/wp\/v2\/categories?post=65643"},{"taxonomy":"post_tag","embeddable":true,"href":"https:\/\/www.rivera.gub.uy\/portal\/wp-json\/wp\/v2\/tags?post=65643"}],"curies":[{"name":"wp","href":"https:\/\/api.w.org\/{rel}","templated":true}]}}