{"id":65773,"date":"2025-12-29T14:44:16","date_gmt":"2025-12-29T17:44:16","guid":{"rendered":"https:\/\/www.rivera.gub.uy\/portal\/?p=65773"},"modified":"2025-12-29T14:45:55","modified_gmt":"2025-12-29T17:45:55","slug":"comunicado-a-la-poblacion-6","status":"publish","type":"post","link":"https:\/\/www.rivera.gub.uy\/portal\/comunicado-a-la-poblacion-6\/","title":{"rendered":"Comunicado a la poblaci\u00f3n"},"content":{"rendered":"<p data-start=\"159\" data-end=\"449\">La Intendencia Departamental de Rivera informa a la poblaci\u00f3n que, con motivo de la actualizaci\u00f3n de los sistemas inform\u00e1ticos, el pr\u00f3ximo <strong data-start=\"298\" data-end=\"328\">viernes 2 de enero de 2026<\/strong> no se brindar\u00e1 atenci\u00f3n al p\u00fablico en las Divisiones <strong>&#8220;Tributos&#8221; y &#8220;Tributos de Tr\u00e1nsito&#8221;<\/strong>\u00a0del Edificio Comunal.<!--more--><\/p>\n<p data-start=\"451\" data-end=\"518\">La atenci\u00f3n habitual se retomar\u00e1 a partir del <strong data-start=\"497\" data-end=\"517\">lunes 5 de enero<\/strong>.<\/p>\n<p data-start=\"520\" data-end=\"754\">Asimismo, durante dicha jornada, las <strong data-start=\"557\" data-end=\"615\">Alcald\u00edas de Vichadero, Tranqueras y Minas de Corrales<\/strong>, la <strong data-start=\"620\" data-end=\"644\">Oficina Rivera Chico<\/strong> y la <strong data-start=\"650\" data-end=\"691\">Oficina Descentralizada de Montevideo<\/strong> no podr\u00e1n realizar gestiones, consultas ni cobros de tributos.<\/p>\n<p data-start=\"756\" data-end=\"958\">En lo que respecta al <strong data-start=\"778\" data-end=\"812\">Impuesto de Patente de Rodados<\/strong>, se informa que las consultas y pagos podr\u00e1n efectuarse a partir del <strong data-start=\"882\" data-end=\"896\">9 de enero<\/strong>, fecha en la que el sistema quedar\u00e1 habilitado en <strong data-start=\"947\" data-end=\"957\">SUCIVE<\/strong>.<\/p>\n<p data-start=\"960\" data-end=\"1072\">La Intendencia agradece la comprensi\u00f3n de la ciudadan\u00eda ante las molestias que esta situaci\u00f3n pudiera ocasionar.<\/p>\n","protected":false},"excerpt":{"rendered":"<p>La Intendencia Departamental de Rivera informa a la poblaci\u00f3n que, con motivo de la actualizaci\u00f3n de los sistemas inform\u00e1ticos, el pr\u00f3ximo viernes 2 de enero de 2026 no se brindar\u00e1 atenci\u00f3n al p\u00fablico en las Divisiones &#8220;Tributos&#8221; y &#8220;Tributos de Tr\u00e1nsito&#8221;\u00a0del Edificio Comunal.<\/p>\n","protected":false},"author":7,"featured_media":65645,"comment_status":"open","ping_status":"open","sticky":false,"template":"","format":"standard","meta":{"footnotes":""},"categories":[1],"tags":[],"class_list":["post-65773","post","type-post","status-publish","format-standard","has-post-thumbnail","hentry","category-novedades"],"_links":{"self":[{"href":"https:\/\/www.rivera.gub.uy\/portal\/wp-json\/wp\/v2\/posts\/65773","targetHints":{"allow":["GET"]}}],"collection":[{"href":"https:\/\/www.rivera.gub.uy\/portal\/wp-json\/wp\/v2\/posts"}],"about":[{"href":"https:\/\/www.rivera.gub.uy\/portal\/wp-json\/wp\/v2\/types\/post"}],"author":[{"embeddable":true,"href":"https:\/\/www.rivera.gub.uy\/portal\/wp-json\/wp\/v2\/users\/7"}],"replies":[{"embeddable":true,"href":"https:\/\/www.rivera.gub.uy\/portal\/wp-json\/wp\/v2\/comments?post=65773"}],"version-history":[{"count":3,"href":"https:\/\/www.rivera.gub.uy\/portal\/wp-json\/wp\/v2\/posts\/65773\/revisions"}],"predecessor-version":[{"id":65776,"href":"https:\/\/www.rivera.gub.uy\/portal\/wp-json\/wp\/v2\/posts\/65773\/revisions\/65776"}],"wp:featuredmedia":[{"embeddable":true,"href":"https:\/\/www.rivera.gub.uy\/portal\/wp-json\/wp\/v2\/media\/65645"}],"wp:attachment":[{"href":"https:\/\/www.rivera.gub.uy\/portal\/wp-json\/wp\/v2\/media?parent=65773"}],"wp:term":[{"taxonomy":"category","embeddable":true,"href":"https:\/\/www.rivera.gub.uy\/portal\/wp-json\/wp\/v2\/categories?post=65773"},{"taxonomy":"post_tag","embeddable":true,"href":"https:\/\/www.rivera.gub.uy\/portal\/wp-json\/wp\/v2\/tags?post=65773"}],"curies":[{"name":"wp","href":"https:\/\/api.w.org\/{rel}","templated":true}]}}