{"id":6596,"date":"2018-07-24T15:16:53","date_gmt":"2018-07-24T18:16:53","guid":{"rendered":"http:\/\/www.rivera.gub.uy\/portal\/?p=6596"},"modified":"2018-07-24T15:16:53","modified_gmt":"2018-07-24T18:16:53","slug":"reunion-del-comite-de-frontera-en-el-salon-de-actos-de-la-intendencia","status":"publish","type":"post","link":"https:\/\/www.rivera.gub.uy\/portal\/reunion-del-comite-de-frontera-en-el-salon-de-actos-de-la-intendencia\/","title":{"rendered":"Reuni\u00f3n del Comit\u00e9 de Frontera, en el Sal\u00f3n de Actos de la Intendencia"},"content":{"rendered":"<p>El Comit\u00e9 de Frontera se reuni\u00f3 este lunes 23 de julio, en pro de debatir y trabajar sobre temas fronterizos.<\/p>\n<p>A la reuni\u00f3n acudieron autoridades de ambos pa\u00edses, con el objetivo de tratar temas de inter\u00e9s com\u00fan en la regi\u00f3n.<!--more--><br \/>\nLa mesa inaugural estuvo conformada por los c\u00f3nsules de la frontera; Rud\u00e1 Gonz\u00e1les Sefer\u00edn (C\u00f3nsul de Brasil, en Rivera) y Liselott Sarli Pose (C\u00f3nsul de Uruguay, en Santana Do Livramento), Intendente de Rivera, Dr. Marne Osorio, Prefecto de Livramento, Solimar Charopen, y embajador Duncan Croci.<\/p>\n<p>En el desarrollo de la presentaci\u00f3n se destacaron temas de \u201cintereses comunes que est\u00e1n sobre la mesa\u201d y que desde constituci\u00f3n de propuestas con bases jur\u00eddicas puedan ser acordadas por el gobierno nacional.<\/p>\n<p>Se realiz\u00f3 un balance de los avances desde que se empez\u00f3 a trabajar con el comit\u00e9, donde se firmaron trece acuerdos entre Brasil y Uruguay, en cuestiones de frontera.<br \/>\nDurante el acto de presentaci\u00f3n el embajador Nestor Rosa (Asuntos Culturales del Ministerio de Relaciones Exteriores de Uruguay), procedi\u00f3 a la entrega de libros a instituciones educativas.<\/p>\n<p>A posterior, la comitiva presente se dirigi\u00f3 al Hall de la IDR, donde se inaugur\u00f3 la muestra de Arte Guaran\u00ed, acerbo del Museo Sin Fronteras.<br \/>\nLuego de quedar inaugurada la muestra se procedi\u00f3 a conformar las mesas de trabajo;<\/p>\n<ul>\n<li>\u00c1rea de Control integrado.<\/li>\n<li>Pol\u00edticas Sociales y Asuntos Laborales.<\/li>\n<li>Medio Ambiente y Saneamiento.<\/li>\n<li>Salud.<\/li>\n<li>Comercio, transporte y otros asuntos.<\/li>\n<li>Educaci\u00f3n, Cultura y Turismo.<\/li>\n<li>Cooperaci\u00f3n en Seguridad P\u00fablica y Judicial.<\/li>\n<\/ul>\n<div id='gallery-1' class='gallery galleryid-6596 gallery-columns-3 gallery-size-thumbnail'><figure class='gallery-item'>\n\t\t\t<div class='gallery-icon landscape'>\n\t\t\t\t<a href='https:\/\/www.rivera.gub.uy\/portal\/wp-content\/uploads\/2018\/07\/1-11.jpg'><img loading=\"lazy\" decoding=\"async\" width=\"144\" height=\"94\" src=\"https:\/\/www.rivera.gub.uy\/portal\/wp-content\/uploads\/2018\/07\/1-11-144x94.jpg\" class=\"attachment-thumbnail size-thumbnail\" alt=\"\" srcset=\"https:\/\/www.rivera.gub.uy\/portal\/wp-content\/uploads\/2018\/07\/1-11-144x94.jpg 144w, https:\/\/www.rivera.gub.uy\/portal\/wp-content\/uploads\/2018\/07\/1-11-288x188.jpg 288w, https:\/\/www.rivera.gub.uy\/portal\/wp-content\/uploads\/2018\/07\/1-11-768x501.jpg 768w, https:\/\/www.rivera.gub.uy\/portal\/wp-content\/uploads\/2018\/07\/1-11-960x626.jpg 960w, https:\/\/www.rivera.gub.uy\/portal\/wp-content\/uploads\/2018\/07\/1-11-820x535.jpg 820w\" sizes=\"auto, (max-width: 144px) 100vw, 144px\" \/><\/a>\n\t\t\t<\/div><\/figure><figure class='gallery-item'>\n\t\t\t<div class='gallery-icon landscape'>\n\t\t\t\t<a href='https:\/\/www.rivera.gub.uy\/portal\/wp-content\/uploads\/2018\/07\/2-9.jpg'><img loading=\"lazy\" decoding=\"async\" width=\"144\" height=\"94\" src=\"https:\/\/www.rivera.gub.uy\/portal\/wp-content\/uploads\/2018\/07\/2-9-144x94.jpg\" class=\"attachment-thumbnail size-thumbnail\" alt=\"\" srcset=\"https:\/\/www.rivera.gub.uy\/portal\/wp-content\/uploads\/2018\/07\/2-9-144x94.jpg 144w, https:\/\/www.rivera.gub.uy\/portal\/wp-content\/uploads\/2018\/07\/2-9-288x188.jpg 288w, https:\/\/www.rivera.gub.uy\/portal\/wp-content\/uploads\/2018\/07\/2-9-768x501.jpg 768w, https:\/\/www.rivera.gub.uy\/portal\/wp-content\/uploads\/2018\/07\/2-9-960x626.jpg 960w, https:\/\/www.rivera.gub.uy\/portal\/wp-content\/uploads\/2018\/07\/2-9-820x535.jpg 820w\" sizes=\"auto, (max-width: 144px) 100vw, 144px\" \/><\/a>\n\t\t\t<\/div><\/figure><figure class='gallery-item'>\n\t\t\t<div class='gallery-icon landscape'>\n\t\t\t\t<a href='https:\/\/www.rivera.gub.uy\/portal\/wp-content\/uploads\/2018\/07\/3-8.jpg'><img loading=\"lazy\" decoding=\"async\" width=\"144\" height=\"94\" src=\"https:\/\/www.rivera.gub.uy\/portal\/wp-content\/uploads\/2018\/07\/3-8-144x94.jpg\" class=\"attachment-thumbnail size-thumbnail\" alt=\"\" srcset=\"https:\/\/www.rivera.gub.uy\/portal\/wp-content\/uploads\/2018\/07\/3-8-144x94.jpg 144w, https:\/\/www.rivera.gub.uy\/portal\/wp-content\/uploads\/2018\/07\/3-8-288x188.jpg 288w, https:\/\/www.rivera.gub.uy\/portal\/wp-content\/uploads\/2018\/07\/3-8-768x501.jpg 768w, https:\/\/www.rivera.gub.uy\/portal\/wp-content\/uploads\/2018\/07\/3-8-960x626.jpg 960w, https:\/\/www.rivera.gub.uy\/portal\/wp-content\/uploads\/2018\/07\/3-8-820x535.jpg 820w\" sizes=\"auto, (max-width: 144px) 100vw, 144px\" \/><\/a>\n\t\t\t<\/div><\/figure><figure class='gallery-item'>\n\t\t\t<div class='gallery-icon landscape'>\n\t\t\t\t<a href='https:\/\/www.rivera.gub.uy\/portal\/wp-content\/uploads\/2018\/07\/4-6.jpg'><img loading=\"lazy\" decoding=\"async\" width=\"132\" height=\"94\" src=\"https:\/\/www.rivera.gub.uy\/portal\/wp-content\/uploads\/2018\/07\/4-6-132x94.jpg\" class=\"attachment-thumbnail size-thumbnail\" alt=\"\" srcset=\"https:\/\/www.rivera.gub.uy\/portal\/wp-content\/uploads\/2018\/07\/4-6-132x94.jpg 132w, https:\/\/www.rivera.gub.uy\/portal\/wp-content\/uploads\/2018\/07\/4-6-263x188.jpg 263w, https:\/\/www.rivera.gub.uy\/portal\/wp-content\/uploads\/2018\/07\/4-6-768x549.jpg 768w, https:\/\/www.rivera.gub.uy\/portal\/wp-content\/uploads\/2018\/07\/4-6-876x626.jpg 876w, https:\/\/www.rivera.gub.uy\/portal\/wp-content\/uploads\/2018\/07\/4-6-820x586.jpg 820w\" sizes=\"auto, (max-width: 132px) 100vw, 132px\" \/><\/a>\n\t\t\t<\/div><\/figure><figure class='gallery-item'>\n\t\t\t<div class='gallery-icon landscape'>\n\t\t\t\t<a href='https:\/\/www.rivera.gub.uy\/portal\/wp-content\/uploads\/2018\/07\/5-3.jpg'><img loading=\"lazy\" decoding=\"async\" width=\"132\" height=\"94\" src=\"https:\/\/www.rivera.gub.uy\/portal\/wp-content\/uploads\/2018\/07\/5-3-132x94.jpg\" class=\"attachment-thumbnail size-thumbnail\" alt=\"\" srcset=\"https:\/\/www.rivera.gub.uy\/portal\/wp-content\/uploads\/2018\/07\/5-3-132x94.jpg 132w, https:\/\/www.rivera.gub.uy\/portal\/wp-content\/uploads\/2018\/07\/5-3-263x188.jpg 263w, https:\/\/www.rivera.gub.uy\/portal\/wp-content\/uploads\/2018\/07\/5-3-768x549.jpg 768w, https:\/\/www.rivera.gub.uy\/portal\/wp-content\/uploads\/2018\/07\/5-3-876x626.jpg 876w, https:\/\/www.rivera.gub.uy\/portal\/wp-content\/uploads\/2018\/07\/5-3-820x586.jpg 820w\" sizes=\"auto, (max-width: 132px) 100vw, 132px\" \/><\/a>\n\t\t\t<\/div><\/figure><figure class='gallery-item'>\n\t\t\t<div class='gallery-icon landscape'>\n\t\t\t\t<a href='https:\/\/www.rivera.gub.uy\/portal\/wp-content\/uploads\/2018\/07\/6-3.jpg'><img loading=\"lazy\" decoding=\"async\" width=\"144\" height=\"94\" src=\"https:\/\/www.rivera.gub.uy\/portal\/wp-content\/uploads\/2018\/07\/6-3-144x94.jpg\" class=\"attachment-thumbnail size-thumbnail\" alt=\"\" srcset=\"https:\/\/www.rivera.gub.uy\/portal\/wp-content\/uploads\/2018\/07\/6-3-144x94.jpg 144w, https:\/\/www.rivera.gub.uy\/portal\/wp-content\/uploads\/2018\/07\/6-3-288x188.jpg 288w, https:\/\/www.rivera.gub.uy\/portal\/wp-content\/uploads\/2018\/07\/6-3-768x501.jpg 768w, https:\/\/www.rivera.gub.uy\/portal\/wp-content\/uploads\/2018\/07\/6-3-960x626.jpg 960w, https:\/\/www.rivera.gub.uy\/portal\/wp-content\/uploads\/2018\/07\/6-3-820x535.jpg 820w\" sizes=\"auto, (max-width: 144px) 100vw, 144px\" \/><\/a>\n\t\t\t<\/div><\/figure>\n\t\t<\/div>\n\n","protected":false},"excerpt":{"rendered":"<p>El Comit\u00e9 de Frontera se reuni\u00f3 este lunes 23 de julio, en pro de debatir y trabajar sobre temas fronterizos. A la reuni\u00f3n acudieron autoridades de ambos pa\u00edses, con el objetivo de tratar temas de inter\u00e9s com\u00fan en la regi\u00f3n.<\/p>\n","protected":false},"author":7,"featured_media":6600,"comment_status":"open","ping_status":"open","sticky":false,"template":"","format":"standard","meta":{"footnotes":""},"categories":[1],"tags":[564,55,36,69,33],"class_list":["post-6596","post","type-post","status-publish","format-standard","has-post-thumbnail","hentry","category-novedades","tag-comite","tag-frontera","tag-intendencia","tag-livramento","tag-rivera"],"_links":{"self":[{"href":"https:\/\/www.rivera.gub.uy\/portal\/wp-json\/wp\/v2\/posts\/6596","targetHints":{"allow":["GET"]}}],"collection":[{"href":"https:\/\/www.rivera.gub.uy\/portal\/wp-json\/wp\/v2\/posts"}],"about":[{"href":"https:\/\/www.rivera.gub.uy\/portal\/wp-json\/wp\/v2\/types\/post"}],"author":[{"embeddable":true,"href":"https:\/\/www.rivera.gub.uy\/portal\/wp-json\/wp\/v2\/users\/7"}],"replies":[{"embeddable":true,"href":"https:\/\/www.rivera.gub.uy\/portal\/wp-json\/wp\/v2\/comments?post=6596"}],"version-history":[{"count":1,"href":"https:\/\/www.rivera.gub.uy\/portal\/wp-json\/wp\/v2\/posts\/6596\/revisions"}],"predecessor-version":[{"id":6603,"href":"https:\/\/www.rivera.gub.uy\/portal\/wp-json\/wp\/v2\/posts\/6596\/revisions\/6603"}],"wp:featuredmedia":[{"embeddable":true,"href":"https:\/\/www.rivera.gub.uy\/portal\/wp-json\/wp\/v2\/media\/6600"}],"wp:attachment":[{"href":"https:\/\/www.rivera.gub.uy\/portal\/wp-json\/wp\/v2\/media?parent=6596"}],"wp:term":[{"taxonomy":"category","embeddable":true,"href":"https:\/\/www.rivera.gub.uy\/portal\/wp-json\/wp\/v2\/categories?post=6596"},{"taxonomy":"post_tag","embeddable":true,"href":"https:\/\/www.rivera.gub.uy\/portal\/wp-json\/wp\/v2\/tags?post=6596"}],"curies":[{"name":"wp","href":"https:\/\/api.w.org\/{rel}","templated":true}]}}