{"id":65992,"date":"2026-01-08T09:04:11","date_gmt":"2026-01-08T12:04:11","guid":{"rendered":"https:\/\/www.rivera.gub.uy\/portal\/?p=65992"},"modified":"2026-01-08T09:04:11","modified_gmt":"2026-01-08T12:04:11","slug":"foro-sobre-movilidad-en-la-frontera-de-la-paz-planificacion-estrategica-y-cooperacion-binacional","status":"publish","type":"post","link":"https:\/\/www.rivera.gub.uy\/portal\/foro-sobre-movilidad-en-la-frontera-de-la-paz-planificacion-estrategica-y-cooperacion-binacional\/","title":{"rendered":"Foro sobre movilidad en la Frontera de la Paz: planificaci\u00f3n estrat\u00e9gica y cooperaci\u00f3n binacional"},"content":{"rendered":"<p>En el marco del foro \u201cDiagn\u00f3stico y algunas propuestas de medidas exitosas de Movilidad en la Frontera de la Paz: Rivera \u2013 Santana do Livramento y zonas pr\u00f3ximas\u201d, el secretario general de la Intendencia Departamental de Rivera, arquitecto Jos\u00e9 Mazzoni, destac\u00f3 la relevancia de la planificaci\u00f3n a largo plazo y del trabajo conjunto entre ambos gobiernos fronterizos.<!--more--><\/p>\n<p>Mazzoni se\u00f1al\u00f3 que se trata de un proceso que se viene desarrollando desde hace varios a\u00f1os, con el apoyo de la Uni\u00f3n Europea, y que tuvo sus inicios como un proyecto menos ambicioso, pero que fue creciendo a partir de los desaf\u00edos propios de la realidad fronteriza. En ese sentido, subray\u00f3 la importancia de contar con una Agenda Urbana 2030, a la que calific\u00f3 como una herramienta fundamental para la planificaci\u00f3n territorial.<\/p>\n<p>No obstante, indic\u00f3 que dicha agenda comienza a quedar corta y que resulta necesario proyectar nuevas metas hacia el a\u00f1o 2035, reafirmando as\u00ed la visi\u00f3n de planificaci\u00f3n a largo plazo que caracteriza al gobierno departamental de Rivera. \u201cPlanificar no implica rigidez, sino la capacidad de adaptarse a nuevas realidades y a los problemas que surgen con el tiempo\u201d, expres\u00f3.<\/p>\n<p>El jerarca destac\u00f3 adem\u00e1s la alineaci\u00f3n estrat\u00e9gica con la Prefeitura de Santana do Livramento, valorando el trabajo coordinado y la coincidencia en los temas prioritarios que afectan a ambas ciudades, especialmente en la l\u00ednea de frontera. Reconoci\u00f3 que el abordaje de estas problem\u00e1ticas no es sencillo, debido a la incidencia de aspectos legales, administrativos y a los propios tiempos pol\u00edticos, pero remarc\u00f3 que contar con un documento y una agenda com\u00fan constituye un valor agregado para orientar las acciones de ambos gobiernos.<\/p>\n<p>Mazzoni reafirm\u00f3 que la Intendencia de Rivera es defensora de los planes directores y de la planificaci\u00f3n integral como herramientas b\u00e1sicas para el ordenamiento territorial, aclarando que estos instrumentos solo cumplen su verdadero objetivo cuando logran llegar a la comunidad. \u201cSi la planificaci\u00f3n no se traduce en beneficios concretos para la poblaci\u00f3n, el esfuerzo t\u00e9cnico y econ\u00f3mico pierde sentido\u201d, sostuvo.<\/p>\n<div id='gallery-1' class='gallery galleryid-65992 gallery-columns-7 gallery-size-thumbnail'><figure class='gallery-item'>\n\t\t\t<div class='gallery-icon landscape'>\n\t\t\t\t<a href='https:\/\/www.rivera.gub.uy\/portal\/wp-content\/uploads\/2026\/01\/agenda-binacional-39-scaled.jpg'><img loading=\"lazy\" decoding=\"async\" width=\"141\" height=\"94\" src=\"https:\/\/www.rivera.gub.uy\/portal\/wp-content\/uploads\/2026\/01\/agenda-binacional-39-141x94.jpg\" class=\"attachment-thumbnail size-thumbnail\" alt=\"\" srcset=\"https:\/\/www.rivera.gub.uy\/portal\/wp-content\/uploads\/2026\/01\/agenda-binacional-39-141x94.jpg 141w, https:\/\/www.rivera.gub.uy\/portal\/wp-content\/uploads\/2026\/01\/agenda-binacional-39-282x188.jpg 282w, https:\/\/www.rivera.gub.uy\/portal\/wp-content\/uploads\/2026\/01\/agenda-binacional-39-939x626.jpg 939w, https:\/\/www.rivera.gub.uy\/portal\/wp-content\/uploads\/2026\/01\/agenda-binacional-39-768x512.jpg 768w, https:\/\/www.rivera.gub.uy\/portal\/wp-content\/uploads\/2026\/01\/agenda-binacional-39-1536x1024.jpg 1536w, https:\/\/www.rivera.gub.uy\/portal\/wp-content\/uploads\/2026\/01\/agenda-binacional-39-2048x1365.jpg 2048w, https:\/\/www.rivera.gub.uy\/portal\/wp-content\/uploads\/2026\/01\/agenda-binacional-39-600x400.jpg 600w, https:\/\/www.rivera.gub.uy\/portal\/wp-content\/uploads\/2026\/01\/agenda-binacional-39-820x547.jpg 820w, https:\/\/www.rivera.gub.uy\/portal\/wp-content\/uploads\/2026\/01\/agenda-binacional-39-272x182.jpg 272w\" sizes=\"auto, (max-width: 141px) 100vw, 141px\" \/><\/a>\n\t\t\t<\/div><\/figure><figure class='gallery-item'>\n\t\t\t<div class='gallery-icon landscape'>\n\t\t\t\t<a href='https:\/\/www.rivera.gub.uy\/portal\/wp-content\/uploads\/2026\/01\/agenda-binacional-37-scaled.jpg'><img loading=\"lazy\" decoding=\"async\" width=\"141\" height=\"94\" src=\"https:\/\/www.rivera.gub.uy\/portal\/wp-content\/uploads\/2026\/01\/agenda-binacional-37-141x94.jpg\" class=\"attachment-thumbnail size-thumbnail\" alt=\"\" srcset=\"https:\/\/www.rivera.gub.uy\/portal\/wp-content\/uploads\/2026\/01\/agenda-binacional-37-141x94.jpg 141w, https:\/\/www.rivera.gub.uy\/portal\/wp-content\/uploads\/2026\/01\/agenda-binacional-37-282x188.jpg 282w, https:\/\/www.rivera.gub.uy\/portal\/wp-content\/uploads\/2026\/01\/agenda-binacional-37-939x626.jpg 939w, https:\/\/www.rivera.gub.uy\/portal\/wp-content\/uploads\/2026\/01\/agenda-binacional-37-768x512.jpg 768w, https:\/\/www.rivera.gub.uy\/portal\/wp-content\/uploads\/2026\/01\/agenda-binacional-37-1536x1024.jpg 1536w, https:\/\/www.rivera.gub.uy\/portal\/wp-content\/uploads\/2026\/01\/agenda-binacional-37-2048x1365.jpg 2048w, https:\/\/www.rivera.gub.uy\/portal\/wp-content\/uploads\/2026\/01\/agenda-binacional-37-600x400.jpg 600w, https:\/\/www.rivera.gub.uy\/portal\/wp-content\/uploads\/2026\/01\/agenda-binacional-37-820x547.jpg 820w, https:\/\/www.rivera.gub.uy\/portal\/wp-content\/uploads\/2026\/01\/agenda-binacional-37-272x182.jpg 272w\" sizes=\"auto, (max-width: 141px) 100vw, 141px\" \/><\/a>\n\t\t\t<\/div><\/figure><figure class='gallery-item'>\n\t\t\t<div class='gallery-icon landscape'>\n\t\t\t\t<a href='https:\/\/www.rivera.gub.uy\/portal\/wp-content\/uploads\/2026\/01\/agenda-binacional-36-scaled.jpg'><img loading=\"lazy\" decoding=\"async\" width=\"141\" height=\"94\" src=\"https:\/\/www.rivera.gub.uy\/portal\/wp-content\/uploads\/2026\/01\/agenda-binacional-36-141x94.jpg\" class=\"attachment-thumbnail size-thumbnail\" alt=\"\" srcset=\"https:\/\/www.rivera.gub.uy\/portal\/wp-content\/uploads\/2026\/01\/agenda-binacional-36-141x94.jpg 141w, https:\/\/www.rivera.gub.uy\/portal\/wp-content\/uploads\/2026\/01\/agenda-binacional-36-282x188.jpg 282w, https:\/\/www.rivera.gub.uy\/portal\/wp-content\/uploads\/2026\/01\/agenda-binacional-36-939x626.jpg 939w, https:\/\/www.rivera.gub.uy\/portal\/wp-content\/uploads\/2026\/01\/agenda-binacional-36-768x512.jpg 768w, https:\/\/www.rivera.gub.uy\/portal\/wp-content\/uploads\/2026\/01\/agenda-binacional-36-1536x1024.jpg 1536w, https:\/\/www.rivera.gub.uy\/portal\/wp-content\/uploads\/2026\/01\/agenda-binacional-36-2048x1365.jpg 2048w, https:\/\/www.rivera.gub.uy\/portal\/wp-content\/uploads\/2026\/01\/agenda-binacional-36-600x400.jpg 600w, https:\/\/www.rivera.gub.uy\/portal\/wp-content\/uploads\/2026\/01\/agenda-binacional-36-820x547.jpg 820w, https:\/\/www.rivera.gub.uy\/portal\/wp-content\/uploads\/2026\/01\/agenda-binacional-36-272x182.jpg 272w\" sizes=\"auto, (max-width: 141px) 100vw, 141px\" \/><\/a>\n\t\t\t<\/div><\/figure><figure class='gallery-item'>\n\t\t\t<div class='gallery-icon landscape'>\n\t\t\t\t<a href='https:\/\/www.rivera.gub.uy\/portal\/wp-content\/uploads\/2026\/01\/agenda-binacional-35-scaled.jpg'><img loading=\"lazy\" decoding=\"async\" width=\"141\" height=\"94\" src=\"https:\/\/www.rivera.gub.uy\/portal\/wp-content\/uploads\/2026\/01\/agenda-binacional-35-141x94.jpg\" class=\"attachment-thumbnail size-thumbnail\" alt=\"\" srcset=\"https:\/\/www.rivera.gub.uy\/portal\/wp-content\/uploads\/2026\/01\/agenda-binacional-35-141x94.jpg 141w, https:\/\/www.rivera.gub.uy\/portal\/wp-content\/uploads\/2026\/01\/agenda-binacional-35-282x188.jpg 282w, https:\/\/www.rivera.gub.uy\/portal\/wp-content\/uploads\/2026\/01\/agenda-binacional-35-939x626.jpg 939w, https:\/\/www.rivera.gub.uy\/portal\/wp-content\/uploads\/2026\/01\/agenda-binacional-35-768x512.jpg 768w, https:\/\/www.rivera.gub.uy\/portal\/wp-content\/uploads\/2026\/01\/agenda-binacional-35-1536x1024.jpg 1536w, https:\/\/www.rivera.gub.uy\/portal\/wp-content\/uploads\/2026\/01\/agenda-binacional-35-2048x1365.jpg 2048w, https:\/\/www.rivera.gub.uy\/portal\/wp-content\/uploads\/2026\/01\/agenda-binacional-35-600x400.jpg 600w, https:\/\/www.rivera.gub.uy\/portal\/wp-content\/uploads\/2026\/01\/agenda-binacional-35-820x547.jpg 820w, https:\/\/www.rivera.gub.uy\/portal\/wp-content\/uploads\/2026\/01\/agenda-binacional-35-272x182.jpg 272w\" sizes=\"auto, (max-width: 141px) 100vw, 141px\" \/><\/a>\n\t\t\t<\/div><\/figure><figure class='gallery-item'>\n\t\t\t<div class='gallery-icon portrait'>\n\t\t\t\t<a href='https:\/\/www.rivera.gub.uy\/portal\/wp-content\/uploads\/2026\/01\/agenda-binacional-34-scaled.jpg'><img loading=\"lazy\" decoding=\"async\" width=\"63\" height=\"94\" src=\"https:\/\/www.rivera.gub.uy\/portal\/wp-content\/uploads\/2026\/01\/agenda-binacional-34-63x94.jpg\" class=\"attachment-thumbnail size-thumbnail\" alt=\"\" srcset=\"https:\/\/www.rivera.gub.uy\/portal\/wp-content\/uploads\/2026\/01\/agenda-binacional-34-63x94.jpg 63w, https:\/\/www.rivera.gub.uy\/portal\/wp-content\/uploads\/2026\/01\/agenda-binacional-34-125x188.jpg 125w, https:\/\/www.rivera.gub.uy\/portal\/wp-content\/uploads\/2026\/01\/agenda-binacional-34-417x626.jpg 417w, https:\/\/www.rivera.gub.uy\/portal\/wp-content\/uploads\/2026\/01\/agenda-binacional-34-768x1152.jpg 768w, https:\/\/www.rivera.gub.uy\/portal\/wp-content\/uploads\/2026\/01\/agenda-binacional-34-1024x1536.jpg 1024w, https:\/\/www.rivera.gub.uy\/portal\/wp-content\/uploads\/2026\/01\/agenda-binacional-34-1365x2048.jpg 1365w, https:\/\/www.rivera.gub.uy\/portal\/wp-content\/uploads\/2026\/01\/agenda-binacional-34-820x1230.jpg 820w, https:\/\/www.rivera.gub.uy\/portal\/wp-content\/uploads\/2026\/01\/agenda-binacional-34-scaled.jpg 1707w\" sizes=\"auto, (max-width: 63px) 100vw, 63px\" \/><\/a>\n\t\t\t<\/div><\/figure><figure class='gallery-item'>\n\t\t\t<div class='gallery-icon landscape'>\n\t\t\t\t<a href='https:\/\/www.rivera.gub.uy\/portal\/wp-content\/uploads\/2026\/01\/agenda-binacional-30-scaled.jpg'><img loading=\"lazy\" decoding=\"async\" width=\"141\" height=\"94\" src=\"https:\/\/www.rivera.gub.uy\/portal\/wp-content\/uploads\/2026\/01\/agenda-binacional-30-141x94.jpg\" class=\"attachment-thumbnail size-thumbnail\" alt=\"\" srcset=\"https:\/\/www.rivera.gub.uy\/portal\/wp-content\/uploads\/2026\/01\/agenda-binacional-30-141x94.jpg 141w, https:\/\/www.rivera.gub.uy\/portal\/wp-content\/uploads\/2026\/01\/agenda-binacional-30-282x188.jpg 282w, https:\/\/www.rivera.gub.uy\/portal\/wp-content\/uploads\/2026\/01\/agenda-binacional-30-939x626.jpg 939w, https:\/\/www.rivera.gub.uy\/portal\/wp-content\/uploads\/2026\/01\/agenda-binacional-30-768x512.jpg 768w, https:\/\/www.rivera.gub.uy\/portal\/wp-content\/uploads\/2026\/01\/agenda-binacional-30-1536x1024.jpg 1536w, https:\/\/www.rivera.gub.uy\/portal\/wp-content\/uploads\/2026\/01\/agenda-binacional-30-2048x1365.jpg 2048w, https:\/\/www.rivera.gub.uy\/portal\/wp-content\/uploads\/2026\/01\/agenda-binacional-30-600x400.jpg 600w, https:\/\/www.rivera.gub.uy\/portal\/wp-content\/uploads\/2026\/01\/agenda-binacional-30-820x547.jpg 820w, https:\/\/www.rivera.gub.uy\/portal\/wp-content\/uploads\/2026\/01\/agenda-binacional-30-272x182.jpg 272w\" sizes=\"auto, (max-width: 141px) 100vw, 141px\" \/><\/a>\n\t\t\t<\/div><\/figure><figure class='gallery-item'>\n\t\t\t<div class='gallery-icon landscape'>\n\t\t\t\t<a href='https:\/\/www.rivera.gub.uy\/portal\/wp-content\/uploads\/2026\/01\/agenda-binacional-27-scaled.jpg'><img loading=\"lazy\" decoding=\"async\" width=\"141\" height=\"94\" src=\"https:\/\/www.rivera.gub.uy\/portal\/wp-content\/uploads\/2026\/01\/agenda-binacional-27-141x94.jpg\" class=\"attachment-thumbnail size-thumbnail\" alt=\"\" srcset=\"https:\/\/www.rivera.gub.uy\/portal\/wp-content\/uploads\/2026\/01\/agenda-binacional-27-141x94.jpg 141w, https:\/\/www.rivera.gub.uy\/portal\/wp-content\/uploads\/2026\/01\/agenda-binacional-27-282x188.jpg 282w, https:\/\/www.rivera.gub.uy\/portal\/wp-content\/uploads\/2026\/01\/agenda-binacional-27-939x626.jpg 939w, https:\/\/www.rivera.gub.uy\/portal\/wp-content\/uploads\/2026\/01\/agenda-binacional-27-768x512.jpg 768w, https:\/\/www.rivera.gub.uy\/portal\/wp-content\/uploads\/2026\/01\/agenda-binacional-27-1536x1024.jpg 1536w, https:\/\/www.rivera.gub.uy\/portal\/wp-content\/uploads\/2026\/01\/agenda-binacional-27-2048x1365.jpg 2048w, https:\/\/www.rivera.gub.uy\/portal\/wp-content\/uploads\/2026\/01\/agenda-binacional-27-600x400.jpg 600w, https:\/\/www.rivera.gub.uy\/portal\/wp-content\/uploads\/2026\/01\/agenda-binacional-27-820x547.jpg 820w, https:\/\/www.rivera.gub.uy\/portal\/wp-content\/uploads\/2026\/01\/agenda-binacional-27-272x182.jpg 272w\" sizes=\"auto, (max-width: 141px) 100vw, 141px\" \/><\/a>\n\t\t\t<\/div><\/figure><figure class='gallery-item'>\n\t\t\t<div class='gallery-icon landscape'>\n\t\t\t\t<a href='https:\/\/www.rivera.gub.uy\/portal\/wp-content\/uploads\/2026\/01\/agenda-binacional-26-scaled.jpg'><img loading=\"lazy\" decoding=\"async\" width=\"141\" height=\"94\" src=\"https:\/\/www.rivera.gub.uy\/portal\/wp-content\/uploads\/2026\/01\/agenda-binacional-26-141x94.jpg\" class=\"attachment-thumbnail size-thumbnail\" alt=\"\" srcset=\"https:\/\/www.rivera.gub.uy\/portal\/wp-content\/uploads\/2026\/01\/agenda-binacional-26-141x94.jpg 141w, https:\/\/www.rivera.gub.uy\/portal\/wp-content\/uploads\/2026\/01\/agenda-binacional-26-282x188.jpg 282w, https:\/\/www.rivera.gub.uy\/portal\/wp-content\/uploads\/2026\/01\/agenda-binacional-26-939x626.jpg 939w, https:\/\/www.rivera.gub.uy\/portal\/wp-content\/uploads\/2026\/01\/agenda-binacional-26-768x512.jpg 768w, https:\/\/www.rivera.gub.uy\/portal\/wp-content\/uploads\/2026\/01\/agenda-binacional-26-1536x1024.jpg 1536w, https:\/\/www.rivera.gub.uy\/portal\/wp-content\/uploads\/2026\/01\/agenda-binacional-26-2048x1365.jpg 2048w, https:\/\/www.rivera.gub.uy\/portal\/wp-content\/uploads\/2026\/01\/agenda-binacional-26-600x400.jpg 600w, https:\/\/www.rivera.gub.uy\/portal\/wp-content\/uploads\/2026\/01\/agenda-binacional-26-820x547.jpg 820w, https:\/\/www.rivera.gub.uy\/portal\/wp-content\/uploads\/2026\/01\/agenda-binacional-26-272x182.jpg 272w\" sizes=\"auto, (max-width: 141px) 100vw, 141px\" \/><\/a>\n\t\t\t<\/div><\/figure><figure class='gallery-item'>\n\t\t\t<div class='gallery-icon portrait'>\n\t\t\t\t<a href='https:\/\/www.rivera.gub.uy\/portal\/wp-content\/uploads\/2026\/01\/agenda-binacional-22-scaled.jpg'><img loading=\"lazy\" decoding=\"async\" width=\"63\" height=\"94\" src=\"https:\/\/www.rivera.gub.uy\/portal\/wp-content\/uploads\/2026\/01\/agenda-binacional-22-63x94.jpg\" class=\"attachment-thumbnail size-thumbnail\" alt=\"\" srcset=\"https:\/\/www.rivera.gub.uy\/portal\/wp-content\/uploads\/2026\/01\/agenda-binacional-22-63x94.jpg 63w, https:\/\/www.rivera.gub.uy\/portal\/wp-content\/uploads\/2026\/01\/agenda-binacional-22-125x188.jpg 125w, https:\/\/www.rivera.gub.uy\/portal\/wp-content\/uploads\/2026\/01\/agenda-binacional-22-417x626.jpg 417w, https:\/\/www.rivera.gub.uy\/portal\/wp-content\/uploads\/2026\/01\/agenda-binacional-22-768x1152.jpg 768w, https:\/\/www.rivera.gub.uy\/portal\/wp-content\/uploads\/2026\/01\/agenda-binacional-22-1024x1536.jpg 1024w, https:\/\/www.rivera.gub.uy\/portal\/wp-content\/uploads\/2026\/01\/agenda-binacional-22-1365x2048.jpg 1365w, https:\/\/www.rivera.gub.uy\/portal\/wp-content\/uploads\/2026\/01\/agenda-binacional-22-820x1230.jpg 820w, https:\/\/www.rivera.gub.uy\/portal\/wp-content\/uploads\/2026\/01\/agenda-binacional-22-scaled.jpg 1707w\" sizes=\"auto, (max-width: 63px) 100vw, 63px\" \/><\/a>\n\t\t\t<\/div><\/figure><figure class='gallery-item'>\n\t\t\t<div class='gallery-icon landscape'>\n\t\t\t\t<a href='https:\/\/www.rivera.gub.uy\/portal\/wp-content\/uploads\/2026\/01\/agenda-binacional-17-scaled.jpg'><img loading=\"lazy\" decoding=\"async\" width=\"141\" height=\"94\" src=\"https:\/\/www.rivera.gub.uy\/portal\/wp-content\/uploads\/2026\/01\/agenda-binacional-17-141x94.jpg\" class=\"attachment-thumbnail size-thumbnail\" alt=\"\" srcset=\"https:\/\/www.rivera.gub.uy\/portal\/wp-content\/uploads\/2026\/01\/agenda-binacional-17-141x94.jpg 141w, https:\/\/www.rivera.gub.uy\/portal\/wp-content\/uploads\/2026\/01\/agenda-binacional-17-282x188.jpg 282w, https:\/\/www.rivera.gub.uy\/portal\/wp-content\/uploads\/2026\/01\/agenda-binacional-17-939x626.jpg 939w, https:\/\/www.rivera.gub.uy\/portal\/wp-content\/uploads\/2026\/01\/agenda-binacional-17-768x512.jpg 768w, https:\/\/www.rivera.gub.uy\/portal\/wp-content\/uploads\/2026\/01\/agenda-binacional-17-1536x1024.jpg 1536w, https:\/\/www.rivera.gub.uy\/portal\/wp-content\/uploads\/2026\/01\/agenda-binacional-17-2048x1365.jpg 2048w, https:\/\/www.rivera.gub.uy\/portal\/wp-content\/uploads\/2026\/01\/agenda-binacional-17-600x400.jpg 600w, https:\/\/www.rivera.gub.uy\/portal\/wp-content\/uploads\/2026\/01\/agenda-binacional-17-820x547.jpg 820w, https:\/\/www.rivera.gub.uy\/portal\/wp-content\/uploads\/2026\/01\/agenda-binacional-17-272x182.jpg 272w\" sizes=\"auto, (max-width: 141px) 100vw, 141px\" \/><\/a>\n\t\t\t<\/div><\/figure><figure class='gallery-item'>\n\t\t\t<div class='gallery-icon landscape'>\n\t\t\t\t<a href='https:\/\/www.rivera.gub.uy\/portal\/wp-content\/uploads\/2026\/01\/agenda-binacional-16-scaled.jpg'><img loading=\"lazy\" decoding=\"async\" width=\"141\" height=\"94\" src=\"https:\/\/www.rivera.gub.uy\/portal\/wp-content\/uploads\/2026\/01\/agenda-binacional-16-141x94.jpg\" class=\"attachment-thumbnail size-thumbnail\" alt=\"\" srcset=\"https:\/\/www.rivera.gub.uy\/portal\/wp-content\/uploads\/2026\/01\/agenda-binacional-16-141x94.jpg 141w, https:\/\/www.rivera.gub.uy\/portal\/wp-content\/uploads\/2026\/01\/agenda-binacional-16-282x188.jpg 282w, https:\/\/www.rivera.gub.uy\/portal\/wp-content\/uploads\/2026\/01\/agenda-binacional-16-939x626.jpg 939w, https:\/\/www.rivera.gub.uy\/portal\/wp-content\/uploads\/2026\/01\/agenda-binacional-16-768x512.jpg 768w, https:\/\/www.rivera.gub.uy\/portal\/wp-content\/uploads\/2026\/01\/agenda-binacional-16-1536x1024.jpg 1536w, https:\/\/www.rivera.gub.uy\/portal\/wp-content\/uploads\/2026\/01\/agenda-binacional-16-2048x1365.jpg 2048w, https:\/\/www.rivera.gub.uy\/portal\/wp-content\/uploads\/2026\/01\/agenda-binacional-16-600x400.jpg 600w, https:\/\/www.rivera.gub.uy\/portal\/wp-content\/uploads\/2026\/01\/agenda-binacional-16-820x547.jpg 820w, https:\/\/www.rivera.gub.uy\/portal\/wp-content\/uploads\/2026\/01\/agenda-binacional-16-272x182.jpg 272w\" sizes=\"auto, (max-width: 141px) 100vw, 141px\" \/><\/a>\n\t\t\t<\/div><\/figure><figure class='gallery-item'>\n\t\t\t<div class='gallery-icon landscape'>\n\t\t\t\t<a href='https:\/\/www.rivera.gub.uy\/portal\/wp-content\/uploads\/2026\/01\/agenda-binacional-12-scaled.jpg'><img loading=\"lazy\" decoding=\"async\" width=\"141\" height=\"94\" src=\"https:\/\/www.rivera.gub.uy\/portal\/wp-content\/uploads\/2026\/01\/agenda-binacional-12-141x94.jpg\" class=\"attachment-thumbnail size-thumbnail\" alt=\"Agenda Binacional\" srcset=\"https:\/\/www.rivera.gub.uy\/portal\/wp-content\/uploads\/2026\/01\/agenda-binacional-12-141x94.jpg 141w, https:\/\/www.rivera.gub.uy\/portal\/wp-content\/uploads\/2026\/01\/agenda-binacional-12-282x188.jpg 282w, https:\/\/www.rivera.gub.uy\/portal\/wp-content\/uploads\/2026\/01\/agenda-binacional-12-939x626.jpg 939w, https:\/\/www.rivera.gub.uy\/portal\/wp-content\/uploads\/2026\/01\/agenda-binacional-12-768x512.jpg 768w, https:\/\/www.rivera.gub.uy\/portal\/wp-content\/uploads\/2026\/01\/agenda-binacional-12-1536x1024.jpg 1536w, https:\/\/www.rivera.gub.uy\/portal\/wp-content\/uploads\/2026\/01\/agenda-binacional-12-2048x1365.jpg 2048w, https:\/\/www.rivera.gub.uy\/portal\/wp-content\/uploads\/2026\/01\/agenda-binacional-12-600x400.jpg 600w, https:\/\/www.rivera.gub.uy\/portal\/wp-content\/uploads\/2026\/01\/agenda-binacional-12-820x547.jpg 820w, https:\/\/www.rivera.gub.uy\/portal\/wp-content\/uploads\/2026\/01\/agenda-binacional-12-272x182.jpg 272w\" sizes=\"auto, (max-width: 141px) 100vw, 141px\" \/><\/a>\n\t\t\t<\/div><\/figure><figure class='gallery-item'>\n\t\t\t<div class='gallery-icon landscape'>\n\t\t\t\t<a href='https:\/\/www.rivera.gub.uy\/portal\/wp-content\/uploads\/2026\/01\/agenda-binacional-8-scaled.jpg'><img loading=\"lazy\" decoding=\"async\" width=\"141\" height=\"94\" src=\"https:\/\/www.rivera.gub.uy\/portal\/wp-content\/uploads\/2026\/01\/agenda-binacional-8-141x94.jpg\" class=\"attachment-thumbnail size-thumbnail\" alt=\"\" srcset=\"https:\/\/www.rivera.gub.uy\/portal\/wp-content\/uploads\/2026\/01\/agenda-binacional-8-141x94.jpg 141w, https:\/\/www.rivera.gub.uy\/portal\/wp-content\/uploads\/2026\/01\/agenda-binacional-8-282x188.jpg 282w, https:\/\/www.rivera.gub.uy\/portal\/wp-content\/uploads\/2026\/01\/agenda-binacional-8-939x626.jpg 939w, https:\/\/www.rivera.gub.uy\/portal\/wp-content\/uploads\/2026\/01\/agenda-binacional-8-768x512.jpg 768w, https:\/\/www.rivera.gub.uy\/portal\/wp-content\/uploads\/2026\/01\/agenda-binacional-8-1536x1024.jpg 1536w, https:\/\/www.rivera.gub.uy\/portal\/wp-content\/uploads\/2026\/01\/agenda-binacional-8-2048x1365.jpg 2048w, https:\/\/www.rivera.gub.uy\/portal\/wp-content\/uploads\/2026\/01\/agenda-binacional-8-600x400.jpg 600w, https:\/\/www.rivera.gub.uy\/portal\/wp-content\/uploads\/2026\/01\/agenda-binacional-8-820x547.jpg 820w, https:\/\/www.rivera.gub.uy\/portal\/wp-content\/uploads\/2026\/01\/agenda-binacional-8-272x182.jpg 272w\" sizes=\"auto, (max-width: 141px) 100vw, 141px\" \/><\/a>\n\t\t\t<\/div><\/figure><figure class='gallery-item'>\n\t\t\t<div class='gallery-icon portrait'>\n\t\t\t\t<a href='https:\/\/www.rivera.gub.uy\/portal\/wp-content\/uploads\/2026\/01\/agenda-binacional-3-scaled.jpg'><img loading=\"lazy\" decoding=\"async\" width=\"63\" height=\"94\" src=\"https:\/\/www.rivera.gub.uy\/portal\/wp-content\/uploads\/2026\/01\/agenda-binacional-3-63x94.jpg\" class=\"attachment-thumbnail size-thumbnail\" alt=\"Agenda Binacional\" srcset=\"https:\/\/www.rivera.gub.uy\/portal\/wp-content\/uploads\/2026\/01\/agenda-binacional-3-63x94.jpg 63w, https:\/\/www.rivera.gub.uy\/portal\/wp-content\/uploads\/2026\/01\/agenda-binacional-3-125x188.jpg 125w, https:\/\/www.rivera.gub.uy\/portal\/wp-content\/uploads\/2026\/01\/agenda-binacional-3-417x626.jpg 417w, https:\/\/www.rivera.gub.uy\/portal\/wp-content\/uploads\/2026\/01\/agenda-binacional-3-768x1152.jpg 768w, https:\/\/www.rivera.gub.uy\/portal\/wp-content\/uploads\/2026\/01\/agenda-binacional-3-1024x1536.jpg 1024w, https:\/\/www.rivera.gub.uy\/portal\/wp-content\/uploads\/2026\/01\/agenda-binacional-3-1365x2048.jpg 1365w, https:\/\/www.rivera.gub.uy\/portal\/wp-content\/uploads\/2026\/01\/agenda-binacional-3-820x1230.jpg 820w, https:\/\/www.rivera.gub.uy\/portal\/wp-content\/uploads\/2026\/01\/agenda-binacional-3-scaled.jpg 1707w\" sizes=\"auto, (max-width: 63px) 100vw, 63px\" \/><\/a>\n\t\t\t<\/div><\/figure>\n\t\t<\/div>\n\n<p>En ese marco, resalt\u00f3 el compromiso de los equipos t\u00e9cnicos que han trabajado en el proceso y destac\u00f3 especialmente la labor de coordinaci\u00f3n desarrollada, tanto del lado uruguayo como del brasile\u00f1o, para impulsar y sostener una agenda que no resulta sencilla de llevar adelante en el contexto cotidiano de los gobiernos departamentales.<\/p>\n<p>Finalmente, valor\u00f3 la amplia participaci\u00f3n de t\u00e9cnicos y ciudadanos en la elaboraci\u00f3n de la agenda urbana, se\u00f1alando que uno de sus principales atributos es su car\u00e1cter abierto y participativo. Asimismo, subray\u00f3 la importancia de la financiaci\u00f3n externa, remarcando que los resultados obtenidos fortalecen la credibilidad del territorio fronterizo ante futuros apoyos internacionales. \u201cEl trabajo realizado en la Frontera de la Paz demuestra que la inversi\u00f3n recibida ha dado resultados concretos, lo que posiciona a Rivera y Santana do Livramento de forma favorable para seguir avanzando en proyectos conjuntos\u201d, concluy\u00f3.<\/p>\n<p>&nbsp;<\/p>\n","protected":false},"excerpt":{"rendered":"<p>En el marco del foro \u201cDiagn\u00f3stico y algunas propuestas de medidas exitosas de Movilidad en la Frontera de la Paz: Rivera \u2013 Santana do Livramento y zonas pr\u00f3ximas\u201d, el secretario general de la Intendencia Departamental de Rivera, arquitecto Jos\u00e9 Mazzoni, destac\u00f3 la relevancia de la planificaci\u00f3n a largo plazo y del trabajo conjunto entre ambos [&hellip;]<\/p>\n","protected":false},"author":7,"featured_media":65974,"comment_status":"open","ping_status":"open","sticky":false,"template":"","format":"standard","meta":{"footnotes":""},"categories":[1302,1],"tags":[],"class_list":["post-65992","post","type-post","status-publish","format-standard","has-post-thumbnail","hentry","category-agenda-binacional","category-novedades"],"_links":{"self":[{"href":"https:\/\/www.rivera.gub.uy\/portal\/wp-json\/wp\/v2\/posts\/65992","targetHints":{"allow":["GET"]}}],"collection":[{"href":"https:\/\/www.rivera.gub.uy\/portal\/wp-json\/wp\/v2\/posts"}],"about":[{"href":"https:\/\/www.rivera.gub.uy\/portal\/wp-json\/wp\/v2\/types\/post"}],"author":[{"embeddable":true,"href":"https:\/\/www.rivera.gub.uy\/portal\/wp-json\/wp\/v2\/users\/7"}],"replies":[{"embeddable":true,"href":"https:\/\/www.rivera.gub.uy\/portal\/wp-json\/wp\/v2\/comments?post=65992"}],"version-history":[{"count":1,"href":"https:\/\/www.rivera.gub.uy\/portal\/wp-json\/wp\/v2\/posts\/65992\/revisions"}],"predecessor-version":[{"id":65993,"href":"https:\/\/www.rivera.gub.uy\/portal\/wp-json\/wp\/v2\/posts\/65992\/revisions\/65993"}],"wp:featuredmedia":[{"embeddable":true,"href":"https:\/\/www.rivera.gub.uy\/portal\/wp-json\/wp\/v2\/media\/65974"}],"wp:attachment":[{"href":"https:\/\/www.rivera.gub.uy\/portal\/wp-json\/wp\/v2\/media?parent=65992"}],"wp:term":[{"taxonomy":"category","embeddable":true,"href":"https:\/\/www.rivera.gub.uy\/portal\/wp-json\/wp\/v2\/categories?post=65992"},{"taxonomy":"post_tag","embeddable":true,"href":"https:\/\/www.rivera.gub.uy\/portal\/wp-json\/wp\/v2\/tags?post=65992"}],"curies":[{"name":"wp","href":"https:\/\/api.w.org\/{rel}","templated":true}]}}