{"id":66088,"date":"2026-01-14T11:36:20","date_gmt":"2026-01-14T14:36:20","guid":{"rendered":"https:\/\/www.rivera.gub.uy\/portal\/?p=66088"},"modified":"2026-01-14T11:36:20","modified_gmt":"2026-01-14T14:36:20","slug":"cambio-de-banderas-en-la-rotonda-de-la-virgencita","status":"publish","type":"post","link":"https:\/\/www.rivera.gub.uy\/portal\/cambio-de-banderas-en-la-rotonda-de-la-virgencita\/","title":{"rendered":"Cambio de banderas en la rotonda de la Virgencita"},"content":{"rendered":"<p data-start=\"171\" data-end=\"461\">La Intendencia Departamental de Rivera, a trav\u00e9s de la Oficina de Relaciones P\u00fablicas, informa que en la jornada de hoy se realiz\u00f3 el recambio de banderas en la rotonda de la Virgencita, en el marco de las tareas de mantenimiento y puesta en valor de los espacios p\u00fablicos del departamento.<!--more--><\/p>\n<p data-start=\"463\" data-end=\"707\">Estas acciones forman parte del trabajo permanente que se lleva adelante para mantener en \u00f3ptimas condiciones los lugares emblem\u00e1ticos de la ciudad, reafirmando el respeto por nuestros s\u00edmbolos patrios y contribuyendo a una mejor imagen urbana.<\/p>\n<div id='gallery-1' class='gallery galleryid-66088 gallery-columns-6 gallery-size-thumbnail'><figure class='gallery-item'>\n\t\t\t<div class='gallery-icon portrait'>\n\t\t\t\t<a href='https:\/\/www.rivera.gub.uy\/portal\/wp-content\/uploads\/2026\/01\/pabellon-1.jpg'><img loading=\"lazy\" decoding=\"async\" width=\"71\" height=\"94\" src=\"https:\/\/www.rivera.gub.uy\/portal\/wp-content\/uploads\/2026\/01\/pabellon-1-71x94.jpg\" class=\"attachment-thumbnail size-thumbnail\" alt=\"\" srcset=\"https:\/\/www.rivera.gub.uy\/portal\/wp-content\/uploads\/2026\/01\/pabellon-1-71x94.jpg 71w, https:\/\/www.rivera.gub.uy\/portal\/wp-content\/uploads\/2026\/01\/pabellon-1-141x188.jpg 141w, https:\/\/www.rivera.gub.uy\/portal\/wp-content\/uploads\/2026\/01\/pabellon-1-470x626.jpg 470w, https:\/\/www.rivera.gub.uy\/portal\/wp-content\/uploads\/2026\/01\/pabellon-1-768x1024.jpg 768w, https:\/\/www.rivera.gub.uy\/portal\/wp-content\/uploads\/2026\/01\/pabellon-1-1152x1536.jpg 1152w, https:\/\/www.rivera.gub.uy\/portal\/wp-content\/uploads\/2026\/01\/pabellon-1-820x1093.jpg 820w, https:\/\/www.rivera.gub.uy\/portal\/wp-content\/uploads\/2026\/01\/pabellon-1.jpg 1200w\" sizes=\"auto, (max-width: 71px) 100vw, 71px\" \/><\/a>\n\t\t\t<\/div><\/figure><figure class='gallery-item'>\n\t\t\t<div class='gallery-icon landscape'>\n\t\t\t\t<a href='https:\/\/www.rivera.gub.uy\/portal\/wp-content\/uploads\/2026\/01\/pabellon-2.jpg'><img loading=\"lazy\" decoding=\"async\" width=\"125\" height=\"94\" src=\"https:\/\/www.rivera.gub.uy\/portal\/wp-content\/uploads\/2026\/01\/pabellon-2-125x94.jpg\" class=\"attachment-thumbnail size-thumbnail\" alt=\"\" srcset=\"https:\/\/www.rivera.gub.uy\/portal\/wp-content\/uploads\/2026\/01\/pabellon-2-125x94.jpg 125w, https:\/\/www.rivera.gub.uy\/portal\/wp-content\/uploads\/2026\/01\/pabellon-2-251x188.jpg 251w, https:\/\/www.rivera.gub.uy\/portal\/wp-content\/uploads\/2026\/01\/pabellon-2-835x626.jpg 835w, https:\/\/www.rivera.gub.uy\/portal\/wp-content\/uploads\/2026\/01\/pabellon-2-768x576.jpg 768w, https:\/\/www.rivera.gub.uy\/portal\/wp-content\/uploads\/2026\/01\/pabellon-2-1536x1152.jpg 1536w, https:\/\/www.rivera.gub.uy\/portal\/wp-content\/uploads\/2026\/01\/pabellon-2-820x615.jpg 820w, https:\/\/www.rivera.gub.uy\/portal\/wp-content\/uploads\/2026\/01\/pabellon-2.jpg 1600w\" sizes=\"auto, (max-width: 125px) 100vw, 125px\" \/><\/a>\n\t\t\t<\/div><\/figure><figure class='gallery-item'>\n\t\t\t<div class='gallery-icon portrait'>\n\t\t\t\t<a href='https:\/\/www.rivera.gub.uy\/portal\/wp-content\/uploads\/2026\/01\/pabellon-3.jpg'><img loading=\"lazy\" decoding=\"async\" width=\"71\" height=\"94\" src=\"https:\/\/www.rivera.gub.uy\/portal\/wp-content\/uploads\/2026\/01\/pabellon-3-71x94.jpg\" class=\"attachment-thumbnail size-thumbnail\" alt=\"\" srcset=\"https:\/\/www.rivera.gub.uy\/portal\/wp-content\/uploads\/2026\/01\/pabellon-3-71x94.jpg 71w, https:\/\/www.rivera.gub.uy\/portal\/wp-content\/uploads\/2026\/01\/pabellon-3-141x188.jpg 141w, https:\/\/www.rivera.gub.uy\/portal\/wp-content\/uploads\/2026\/01\/pabellon-3-470x626.jpg 470w, https:\/\/www.rivera.gub.uy\/portal\/wp-content\/uploads\/2026\/01\/pabellon-3-768x1024.jpg 768w, https:\/\/www.rivera.gub.uy\/portal\/wp-content\/uploads\/2026\/01\/pabellon-3-1152x1536.jpg 1152w, https:\/\/www.rivera.gub.uy\/portal\/wp-content\/uploads\/2026\/01\/pabellon-3-820x1093.jpg 820w, https:\/\/www.rivera.gub.uy\/portal\/wp-content\/uploads\/2026\/01\/pabellon-3.jpg 1200w\" sizes=\"auto, (max-width: 71px) 100vw, 71px\" \/><\/a>\n\t\t\t<\/div><\/figure><figure class='gallery-item'>\n\t\t\t<div class='gallery-icon portrait'>\n\t\t\t\t<a href='https:\/\/www.rivera.gub.uy\/portal\/wp-content\/uploads\/2026\/01\/pabellon-4.jpg'><img loading=\"lazy\" decoding=\"async\" width=\"71\" height=\"94\" src=\"https:\/\/www.rivera.gub.uy\/portal\/wp-content\/uploads\/2026\/01\/pabellon-4-71x94.jpg\" class=\"attachment-thumbnail size-thumbnail\" alt=\"\" srcset=\"https:\/\/www.rivera.gub.uy\/portal\/wp-content\/uploads\/2026\/01\/pabellon-4-71x94.jpg 71w, https:\/\/www.rivera.gub.uy\/portal\/wp-content\/uploads\/2026\/01\/pabellon-4-141x188.jpg 141w, https:\/\/www.rivera.gub.uy\/portal\/wp-content\/uploads\/2026\/01\/pabellon-4-470x626.jpg 470w, https:\/\/www.rivera.gub.uy\/portal\/wp-content\/uploads\/2026\/01\/pabellon-4-768x1024.jpg 768w, https:\/\/www.rivera.gub.uy\/portal\/wp-content\/uploads\/2026\/01\/pabellon-4-1152x1536.jpg 1152w, https:\/\/www.rivera.gub.uy\/portal\/wp-content\/uploads\/2026\/01\/pabellon-4-820x1093.jpg 820w, https:\/\/www.rivera.gub.uy\/portal\/wp-content\/uploads\/2026\/01\/pabellon-4.jpg 1200w\" sizes=\"auto, (max-width: 71px) 100vw, 71px\" \/><\/a>\n\t\t\t<\/div><\/figure><figure class='gallery-item'>\n\t\t\t<div class='gallery-icon portrait'>\n\t\t\t\t<a href='https:\/\/www.rivera.gub.uy\/portal\/wp-content\/uploads\/2026\/01\/pabellon-5.jpg'><img loading=\"lazy\" decoding=\"async\" width=\"71\" height=\"94\" src=\"https:\/\/www.rivera.gub.uy\/portal\/wp-content\/uploads\/2026\/01\/pabellon-5-71x94.jpg\" class=\"attachment-thumbnail size-thumbnail\" alt=\"\" srcset=\"https:\/\/www.rivera.gub.uy\/portal\/wp-content\/uploads\/2026\/01\/pabellon-5-71x94.jpg 71w, https:\/\/www.rivera.gub.uy\/portal\/wp-content\/uploads\/2026\/01\/pabellon-5-141x188.jpg 141w, https:\/\/www.rivera.gub.uy\/portal\/wp-content\/uploads\/2026\/01\/pabellon-5-470x626.jpg 470w, https:\/\/www.rivera.gub.uy\/portal\/wp-content\/uploads\/2026\/01\/pabellon-5-768x1024.jpg 768w, https:\/\/www.rivera.gub.uy\/portal\/wp-content\/uploads\/2026\/01\/pabellon-5-1152x1536.jpg 1152w, https:\/\/www.rivera.gub.uy\/portal\/wp-content\/uploads\/2026\/01\/pabellon-5-820x1093.jpg 820w, https:\/\/www.rivera.gub.uy\/portal\/wp-content\/uploads\/2026\/01\/pabellon-5.jpg 1200w\" sizes=\"auto, (max-width: 71px) 100vw, 71px\" \/><\/a>\n\t\t\t<\/div><\/figure><figure class='gallery-item'>\n\t\t\t<div class='gallery-icon portrait'>\n\t\t\t\t<a href='https:\/\/www.rivera.gub.uy\/portal\/wp-content\/uploads\/2026\/01\/pabellon-6.jpg'><img loading=\"lazy\" decoding=\"async\" width=\"71\" height=\"94\" src=\"https:\/\/www.rivera.gub.uy\/portal\/wp-content\/uploads\/2026\/01\/pabellon-6-71x94.jpg\" class=\"attachment-thumbnail size-thumbnail\" alt=\"Pabellones en La Virgencita\" srcset=\"https:\/\/www.rivera.gub.uy\/portal\/wp-content\/uploads\/2026\/01\/pabellon-6-71x94.jpg 71w, https:\/\/www.rivera.gub.uy\/portal\/wp-content\/uploads\/2026\/01\/pabellon-6-141x188.jpg 141w, https:\/\/www.rivera.gub.uy\/portal\/wp-content\/uploads\/2026\/01\/pabellon-6-470x626.jpg 470w, https:\/\/www.rivera.gub.uy\/portal\/wp-content\/uploads\/2026\/01\/pabellon-6-768x1024.jpg 768w, https:\/\/www.rivera.gub.uy\/portal\/wp-content\/uploads\/2026\/01\/pabellon-6-1152x1536.jpg 1152w, https:\/\/www.rivera.gub.uy\/portal\/wp-content\/uploads\/2026\/01\/pabellon-6-820x1093.jpg 820w, https:\/\/www.rivera.gub.uy\/portal\/wp-content\/uploads\/2026\/01\/pabellon-6.jpg 1200w\" sizes=\"auto, (max-width: 71px) 100vw, 71px\" \/><\/a>\n\t\t\t<\/div><\/figure><figure class='gallery-item'>\n\t\t\t<div class='gallery-icon portrait'>\n\t\t\t\t<a href='https:\/\/www.rivera.gub.uy\/portal\/wp-content\/uploads\/2026\/01\/pabellon-7.jpg'><img loading=\"lazy\" decoding=\"async\" width=\"71\" height=\"94\" src=\"https:\/\/www.rivera.gub.uy\/portal\/wp-content\/uploads\/2026\/01\/pabellon-7-71x94.jpg\" class=\"attachment-thumbnail size-thumbnail\" alt=\"\" srcset=\"https:\/\/www.rivera.gub.uy\/portal\/wp-content\/uploads\/2026\/01\/pabellon-7-71x94.jpg 71w, https:\/\/www.rivera.gub.uy\/portal\/wp-content\/uploads\/2026\/01\/pabellon-7-141x188.jpg 141w, https:\/\/www.rivera.gub.uy\/portal\/wp-content\/uploads\/2026\/01\/pabellon-7-470x626.jpg 470w, https:\/\/www.rivera.gub.uy\/portal\/wp-content\/uploads\/2026\/01\/pabellon-7-768x1024.jpg 768w, https:\/\/www.rivera.gub.uy\/portal\/wp-content\/uploads\/2026\/01\/pabellon-7-1152x1536.jpg 1152w, https:\/\/www.rivera.gub.uy\/portal\/wp-content\/uploads\/2026\/01\/pabellon-7-820x1093.jpg 820w, https:\/\/www.rivera.gub.uy\/portal\/wp-content\/uploads\/2026\/01\/pabellon-7.jpg 1536w\" sizes=\"auto, (max-width: 71px) 100vw, 71px\" \/><\/a>\n\t\t\t<\/div><\/figure><figure class='gallery-item'>\n\t\t\t<div class='gallery-icon portrait'>\n\t\t\t\t<a href='https:\/\/www.rivera.gub.uy\/portal\/wp-content\/uploads\/2026\/01\/pabellon-8.jpg'><img loading=\"lazy\" decoding=\"async\" width=\"71\" height=\"94\" src=\"https:\/\/www.rivera.gub.uy\/portal\/wp-content\/uploads\/2026\/01\/pabellon-8-71x94.jpg\" class=\"attachment-thumbnail size-thumbnail\" alt=\"\" srcset=\"https:\/\/www.rivera.gub.uy\/portal\/wp-content\/uploads\/2026\/01\/pabellon-8-71x94.jpg 71w, https:\/\/www.rivera.gub.uy\/portal\/wp-content\/uploads\/2026\/01\/pabellon-8-141x188.jpg 141w, https:\/\/www.rivera.gub.uy\/portal\/wp-content\/uploads\/2026\/01\/pabellon-8-470x626.jpg 470w, https:\/\/www.rivera.gub.uy\/portal\/wp-content\/uploads\/2026\/01\/pabellon-8-768x1024.jpg 768w, https:\/\/www.rivera.gub.uy\/portal\/wp-content\/uploads\/2026\/01\/pabellon-8-1152x1536.jpg 1152w, https:\/\/www.rivera.gub.uy\/portal\/wp-content\/uploads\/2026\/01\/pabellon-8-820x1093.jpg 820w, https:\/\/www.rivera.gub.uy\/portal\/wp-content\/uploads\/2026\/01\/pabellon-8.jpg 1536w\" sizes=\"auto, (max-width: 71px) 100vw, 71px\" \/><\/a>\n\t\t\t<\/div><\/figure><figure class='gallery-item'>\n\t\t\t<div class='gallery-icon portrait'>\n\t\t\t\t<a href='https:\/\/www.rivera.gub.uy\/portal\/wp-content\/uploads\/2026\/01\/pabellon-9.jpg'><img loading=\"lazy\" decoding=\"async\" width=\"71\" height=\"94\" src=\"https:\/\/www.rivera.gub.uy\/portal\/wp-content\/uploads\/2026\/01\/pabellon-9-71x94.jpg\" class=\"attachment-thumbnail size-thumbnail\" alt=\"\" srcset=\"https:\/\/www.rivera.gub.uy\/portal\/wp-content\/uploads\/2026\/01\/pabellon-9-71x94.jpg 71w, https:\/\/www.rivera.gub.uy\/portal\/wp-content\/uploads\/2026\/01\/pabellon-9-141x188.jpg 141w, https:\/\/www.rivera.gub.uy\/portal\/wp-content\/uploads\/2026\/01\/pabellon-9-470x626.jpg 470w, https:\/\/www.rivera.gub.uy\/portal\/wp-content\/uploads\/2026\/01\/pabellon-9-768x1024.jpg 768w, https:\/\/www.rivera.gub.uy\/portal\/wp-content\/uploads\/2026\/01\/pabellon-9-1152x1536.jpg 1152w, https:\/\/www.rivera.gub.uy\/portal\/wp-content\/uploads\/2026\/01\/pabellon-9-820x1093.jpg 820w, https:\/\/www.rivera.gub.uy\/portal\/wp-content\/uploads\/2026\/01\/pabellon-9.jpg 1536w\" sizes=\"auto, (max-width: 71px) 100vw, 71px\" \/><\/a>\n\t\t\t<\/div><\/figure><figure class='gallery-item'>\n\t\t\t<div class='gallery-icon portrait'>\n\t\t\t\t<a href='https:\/\/www.rivera.gub.uy\/portal\/wp-content\/uploads\/2026\/01\/pabellon-10.jpg'><img loading=\"lazy\" decoding=\"async\" width=\"71\" height=\"94\" src=\"https:\/\/www.rivera.gub.uy\/portal\/wp-content\/uploads\/2026\/01\/pabellon-10-71x94.jpg\" class=\"attachment-thumbnail size-thumbnail\" alt=\"\" srcset=\"https:\/\/www.rivera.gub.uy\/portal\/wp-content\/uploads\/2026\/01\/pabellon-10-71x94.jpg 71w, https:\/\/www.rivera.gub.uy\/portal\/wp-content\/uploads\/2026\/01\/pabellon-10-141x188.jpg 141w, https:\/\/www.rivera.gub.uy\/portal\/wp-content\/uploads\/2026\/01\/pabellon-10-470x626.jpg 470w, https:\/\/www.rivera.gub.uy\/portal\/wp-content\/uploads\/2026\/01\/pabellon-10-768x1024.jpg 768w, https:\/\/www.rivera.gub.uy\/portal\/wp-content\/uploads\/2026\/01\/pabellon-10-1152x1536.jpg 1152w, https:\/\/www.rivera.gub.uy\/portal\/wp-content\/uploads\/2026\/01\/pabellon-10-820x1093.jpg 820w, https:\/\/www.rivera.gub.uy\/portal\/wp-content\/uploads\/2026\/01\/pabellon-10.jpg 1536w\" sizes=\"auto, (max-width: 71px) 100vw, 71px\" \/><\/a>\n\t\t\t<\/div><\/figure><figure class='gallery-item'>\n\t\t\t<div class='gallery-icon portrait'>\n\t\t\t\t<a href='https:\/\/www.rivera.gub.uy\/portal\/wp-content\/uploads\/2026\/01\/pabellon-11.jpg'><img loading=\"lazy\" decoding=\"async\" width=\"71\" height=\"94\" src=\"https:\/\/www.rivera.gub.uy\/portal\/wp-content\/uploads\/2026\/01\/pabellon-11-71x94.jpg\" class=\"attachment-thumbnail size-thumbnail\" alt=\"\" srcset=\"https:\/\/www.rivera.gub.uy\/portal\/wp-content\/uploads\/2026\/01\/pabellon-11-71x94.jpg 71w, https:\/\/www.rivera.gub.uy\/portal\/wp-content\/uploads\/2026\/01\/pabellon-11-141x188.jpg 141w, https:\/\/www.rivera.gub.uy\/portal\/wp-content\/uploads\/2026\/01\/pabellon-11-470x626.jpg 470w, https:\/\/www.rivera.gub.uy\/portal\/wp-content\/uploads\/2026\/01\/pabellon-11-768x1024.jpg 768w, https:\/\/www.rivera.gub.uy\/portal\/wp-content\/uploads\/2026\/01\/pabellon-11-1152x1536.jpg 1152w, https:\/\/www.rivera.gub.uy\/portal\/wp-content\/uploads\/2026\/01\/pabellon-11-820x1093.jpg 820w, https:\/\/www.rivera.gub.uy\/portal\/wp-content\/uploads\/2026\/01\/pabellon-11.jpg 1200w\" sizes=\"auto, (max-width: 71px) 100vw, 71px\" \/><\/a>\n\t\t\t<\/div><\/figure><figure class='gallery-item'>\n\t\t\t<div class='gallery-icon portrait'>\n\t\t\t\t<a href='https:\/\/www.rivera.gub.uy\/portal\/wp-content\/uploads\/2026\/01\/pabellon-12.jpg'><img loading=\"lazy\" decoding=\"async\" width=\"71\" height=\"94\" src=\"https:\/\/www.rivera.gub.uy\/portal\/wp-content\/uploads\/2026\/01\/pabellon-12-71x94.jpg\" class=\"attachment-thumbnail size-thumbnail\" alt=\"\" srcset=\"https:\/\/www.rivera.gub.uy\/portal\/wp-content\/uploads\/2026\/01\/pabellon-12-71x94.jpg 71w, https:\/\/www.rivera.gub.uy\/portal\/wp-content\/uploads\/2026\/01\/pabellon-12-141x188.jpg 141w, https:\/\/www.rivera.gub.uy\/portal\/wp-content\/uploads\/2026\/01\/pabellon-12-470x626.jpg 470w, https:\/\/www.rivera.gub.uy\/portal\/wp-content\/uploads\/2026\/01\/pabellon-12-768x1024.jpg 768w, https:\/\/www.rivera.gub.uy\/portal\/wp-content\/uploads\/2026\/01\/pabellon-12-1152x1536.jpg 1152w, https:\/\/www.rivera.gub.uy\/portal\/wp-content\/uploads\/2026\/01\/pabellon-12-820x1093.jpg 820w, https:\/\/www.rivera.gub.uy\/portal\/wp-content\/uploads\/2026\/01\/pabellon-12.jpg 1200w\" sizes=\"auto, (max-width: 71px) 100vw, 71px\" \/><\/a>\n\t\t\t<\/div><\/figure><figure class='gallery-item'>\n\t\t\t<div class='gallery-icon portrait'>\n\t\t\t\t<a href='https:\/\/www.rivera.gub.uy\/portal\/wp-content\/uploads\/2026\/01\/pabellon-13.jpg'><img loading=\"lazy\" decoding=\"async\" width=\"71\" height=\"94\" src=\"https:\/\/www.rivera.gub.uy\/portal\/wp-content\/uploads\/2026\/01\/pabellon-13-71x94.jpg\" class=\"attachment-thumbnail size-thumbnail\" alt=\"\" srcset=\"https:\/\/www.rivera.gub.uy\/portal\/wp-content\/uploads\/2026\/01\/pabellon-13-71x94.jpg 71w, https:\/\/www.rivera.gub.uy\/portal\/wp-content\/uploads\/2026\/01\/pabellon-13-141x188.jpg 141w, https:\/\/www.rivera.gub.uy\/portal\/wp-content\/uploads\/2026\/01\/pabellon-13-470x626.jpg 470w, https:\/\/www.rivera.gub.uy\/portal\/wp-content\/uploads\/2026\/01\/pabellon-13-768x1024.jpg 768w, https:\/\/www.rivera.gub.uy\/portal\/wp-content\/uploads\/2026\/01\/pabellon-13-1152x1536.jpg 1152w, https:\/\/www.rivera.gub.uy\/portal\/wp-content\/uploads\/2026\/01\/pabellon-13-820x1093.jpg 820w, https:\/\/www.rivera.gub.uy\/portal\/wp-content\/uploads\/2026\/01\/pabellon-13.jpg 1536w\" sizes=\"auto, (max-width: 71px) 100vw, 71px\" \/><\/a>\n\t\t\t<\/div><\/figure><figure class='gallery-item'>\n\t\t\t<div class='gallery-icon portrait'>\n\t\t\t\t<a href='https:\/\/www.rivera.gub.uy\/portal\/wp-content\/uploads\/2026\/01\/pabellon-14.jpg'><img loading=\"lazy\" decoding=\"async\" width=\"71\" height=\"94\" src=\"https:\/\/www.rivera.gub.uy\/portal\/wp-content\/uploads\/2026\/01\/pabellon-14-71x94.jpg\" class=\"attachment-thumbnail size-thumbnail\" alt=\"\" srcset=\"https:\/\/www.rivera.gub.uy\/portal\/wp-content\/uploads\/2026\/01\/pabellon-14-71x94.jpg 71w, https:\/\/www.rivera.gub.uy\/portal\/wp-content\/uploads\/2026\/01\/pabellon-14-141x188.jpg 141w, https:\/\/www.rivera.gub.uy\/portal\/wp-content\/uploads\/2026\/01\/pabellon-14-470x626.jpg 470w, https:\/\/www.rivera.gub.uy\/portal\/wp-content\/uploads\/2026\/01\/pabellon-14-768x1024.jpg 768w, https:\/\/www.rivera.gub.uy\/portal\/wp-content\/uploads\/2026\/01\/pabellon-14-1152x1536.jpg 1152w, https:\/\/www.rivera.gub.uy\/portal\/wp-content\/uploads\/2026\/01\/pabellon-14-820x1093.jpg 820w, https:\/\/www.rivera.gub.uy\/portal\/wp-content\/uploads\/2026\/01\/pabellon-14.jpg 1200w\" sizes=\"auto, (max-width: 71px) 100vw, 71px\" \/><\/a>\n\t\t\t<\/div><\/figure><figure class='gallery-item'>\n\t\t\t<div class='gallery-icon portrait'>\n\t\t\t\t<a href='https:\/\/www.rivera.gub.uy\/portal\/wp-content\/uploads\/2026\/01\/pabellon-15.jpg'><img loading=\"lazy\" decoding=\"async\" width=\"71\" height=\"94\" src=\"https:\/\/www.rivera.gub.uy\/portal\/wp-content\/uploads\/2026\/01\/pabellon-15-71x94.jpg\" class=\"attachment-thumbnail size-thumbnail\" alt=\"\" srcset=\"https:\/\/www.rivera.gub.uy\/portal\/wp-content\/uploads\/2026\/01\/pabellon-15-71x94.jpg 71w, https:\/\/www.rivera.gub.uy\/portal\/wp-content\/uploads\/2026\/01\/pabellon-15-141x188.jpg 141w, https:\/\/www.rivera.gub.uy\/portal\/wp-content\/uploads\/2026\/01\/pabellon-15-470x626.jpg 470w, https:\/\/www.rivera.gub.uy\/portal\/wp-content\/uploads\/2026\/01\/pabellon-15-768x1024.jpg 768w, https:\/\/www.rivera.gub.uy\/portal\/wp-content\/uploads\/2026\/01\/pabellon-15-1152x1536.jpg 1152w, https:\/\/www.rivera.gub.uy\/portal\/wp-content\/uploads\/2026\/01\/pabellon-15-820x1093.jpg 820w, https:\/\/www.rivera.gub.uy\/portal\/wp-content\/uploads\/2026\/01\/pabellon-15.jpg 1200w\" sizes=\"auto, (max-width: 71px) 100vw, 71px\" \/><\/a>\n\t\t\t<\/div><\/figure><figure class='gallery-item'>\n\t\t\t<div class='gallery-icon portrait'>\n\t\t\t\t<a href='https:\/\/www.rivera.gub.uy\/portal\/wp-content\/uploads\/2026\/01\/pabellon-16.jpg'><img loading=\"lazy\" decoding=\"async\" width=\"71\" height=\"94\" src=\"https:\/\/www.rivera.gub.uy\/portal\/wp-content\/uploads\/2026\/01\/pabellon-16-71x94.jpg\" class=\"attachment-thumbnail size-thumbnail\" alt=\"\" srcset=\"https:\/\/www.rivera.gub.uy\/portal\/wp-content\/uploads\/2026\/01\/pabellon-16-71x94.jpg 71w, https:\/\/www.rivera.gub.uy\/portal\/wp-content\/uploads\/2026\/01\/pabellon-16-141x188.jpg 141w, https:\/\/www.rivera.gub.uy\/portal\/wp-content\/uploads\/2026\/01\/pabellon-16-470x626.jpg 470w, https:\/\/www.rivera.gub.uy\/portal\/wp-content\/uploads\/2026\/01\/pabellon-16-768x1024.jpg 768w, https:\/\/www.rivera.gub.uy\/portal\/wp-content\/uploads\/2026\/01\/pabellon-16-1152x1536.jpg 1152w, https:\/\/www.rivera.gub.uy\/portal\/wp-content\/uploads\/2026\/01\/pabellon-16-820x1093.jpg 820w, https:\/\/www.rivera.gub.uy\/portal\/wp-content\/uploads\/2026\/01\/pabellon-16.jpg 1200w\" sizes=\"auto, (max-width: 71px) 100vw, 71px\" \/><\/a>\n\t\t\t<\/div><\/figure><figure class='gallery-item'>\n\t\t\t<div class='gallery-icon portrait'>\n\t\t\t\t<a href='https:\/\/www.rivera.gub.uy\/portal\/wp-content\/uploads\/2026\/01\/pabellon-17.jpg'><img loading=\"lazy\" decoding=\"async\" width=\"71\" height=\"94\" src=\"https:\/\/www.rivera.gub.uy\/portal\/wp-content\/uploads\/2026\/01\/pabellon-17-71x94.jpg\" class=\"attachment-thumbnail size-thumbnail\" alt=\"\" srcset=\"https:\/\/www.rivera.gub.uy\/portal\/wp-content\/uploads\/2026\/01\/pabellon-17-71x94.jpg 71w, https:\/\/www.rivera.gub.uy\/portal\/wp-content\/uploads\/2026\/01\/pabellon-17-141x188.jpg 141w, https:\/\/www.rivera.gub.uy\/portal\/wp-content\/uploads\/2026\/01\/pabellon-17-470x626.jpg 470w, https:\/\/www.rivera.gub.uy\/portal\/wp-content\/uploads\/2026\/01\/pabellon-17-768x1024.jpg 768w, https:\/\/www.rivera.gub.uy\/portal\/wp-content\/uploads\/2026\/01\/pabellon-17-1152x1536.jpg 1152w, https:\/\/www.rivera.gub.uy\/portal\/wp-content\/uploads\/2026\/01\/pabellon-17-820x1093.jpg 820w, https:\/\/www.rivera.gub.uy\/portal\/wp-content\/uploads\/2026\/01\/pabellon-17.jpg 1536w\" sizes=\"auto, (max-width: 71px) 100vw, 71px\" \/><\/a>\n\t\t\t<\/div><\/figure>\n\t\t<\/div>\n\n","protected":false},"excerpt":{"rendered":"<p>La Intendencia Departamental de Rivera, a trav\u00e9s de la Oficina de Relaciones P\u00fablicas, informa que en la jornada de hoy se realiz\u00f3 el recambio de banderas en la rotonda de la Virgencita, en el marco de las tareas de mantenimiento y puesta en valor de los espacios p\u00fablicos del departamento.<\/p>\n","protected":false},"author":7,"featured_media":66094,"comment_status":"open","ping_status":"open","sticky":false,"template":"","format":"standard","meta":{"footnotes":""},"categories":[1],"tags":[],"class_list":["post-66088","post","type-post","status-publish","format-standard","has-post-thumbnail","hentry","category-novedades"],"_links":{"self":[{"href":"https:\/\/www.rivera.gub.uy\/portal\/wp-json\/wp\/v2\/posts\/66088","targetHints":{"allow":["GET"]}}],"collection":[{"href":"https:\/\/www.rivera.gub.uy\/portal\/wp-json\/wp\/v2\/posts"}],"about":[{"href":"https:\/\/www.rivera.gub.uy\/portal\/wp-json\/wp\/v2\/types\/post"}],"author":[{"embeddable":true,"href":"https:\/\/www.rivera.gub.uy\/portal\/wp-json\/wp\/v2\/users\/7"}],"replies":[{"embeddable":true,"href":"https:\/\/www.rivera.gub.uy\/portal\/wp-json\/wp\/v2\/comments?post=66088"}],"version-history":[{"count":1,"href":"https:\/\/www.rivera.gub.uy\/portal\/wp-json\/wp\/v2\/posts\/66088\/revisions"}],"predecessor-version":[{"id":66106,"href":"https:\/\/www.rivera.gub.uy\/portal\/wp-json\/wp\/v2\/posts\/66088\/revisions\/66106"}],"wp:featuredmedia":[{"embeddable":true,"href":"https:\/\/www.rivera.gub.uy\/portal\/wp-json\/wp\/v2\/media\/66094"}],"wp:attachment":[{"href":"https:\/\/www.rivera.gub.uy\/portal\/wp-json\/wp\/v2\/media?parent=66088"}],"wp:term":[{"taxonomy":"category","embeddable":true,"href":"https:\/\/www.rivera.gub.uy\/portal\/wp-json\/wp\/v2\/categories?post=66088"},{"taxonomy":"post_tag","embeddable":true,"href":"https:\/\/www.rivera.gub.uy\/portal\/wp-json\/wp\/v2\/tags?post=66088"}],"curies":[{"name":"wp","href":"https:\/\/api.w.org\/{rel}","templated":true}]}}