{"id":66248,"date":"2026-01-26T10:20:05","date_gmt":"2026-01-26T13:20:05","guid":{"rendered":"https:\/\/www.rivera.gub.uy\/portal\/?p=66248"},"modified":"2026-01-26T10:20:05","modified_gmt":"2026-01-26T13:20:05","slug":"encendido-de-nuevos-semaforos-y-ordenamiento-del-transito-en-bulevar-presidente-viera","status":"publish","type":"post","link":"https:\/\/www.rivera.gub.uy\/portal\/encendido-de-nuevos-semaforos-y-ordenamiento-del-transito-en-bulevar-presidente-viera\/","title":{"rendered":"Encendido de nuevos sem\u00e1foros y ordenamiento del tr\u00e1nsito en Bulevar Presidente Viera"},"content":{"rendered":"<p data-start=\"182\" data-end=\"472\">La Intendencia Departamental de Rivera comunica a la poblaci\u00f3n que el <strong data-start=\"252\" data-end=\"277\">mi\u00e9rcoles 28 de enero<\/strong>, a partir de la <strong data-start=\"294\" data-end=\"304\">hora 9<\/strong>, se proceder\u00e1 al <strong data-start=\"322\" data-end=\"352\">encendido de los sem\u00e1foros<\/strong> ubicados en <strong data-start=\"365\" data-end=\"393\">Bulevar Presidente Viera<\/strong>, en la intersecci\u00f3n con las calles <strong data-start=\"429\" data-end=\"447\">Joaqu\u00edn Su\u00e1rez<\/strong> y <strong data-start=\"450\" data-end=\"471\">Dr. Dalcy Perdomo<\/strong>.<!--more--><\/p>\n<p data-start=\"474\" data-end=\"636\">En el marco de esta intervenci\u00f3n y con el objetivo de mejorar la circulaci\u00f3n y seguridad vial, se realizar\u00e1 adem\u00e1s el <strong data-start=\"592\" data-end=\"635\">flechamiento de las siguientes arterias<\/strong>:<\/p>\n<ul data-start=\"638\" data-end=\"885\">\n<li data-start=\"638\" data-end=\"760\">\n<p data-start=\"640\" data-end=\"760\"><strong data-start=\"640\" data-end=\"667\">Calle Dr. Dalcy Perdomo<\/strong>, desde Bulevar Presidente Viera hasta calle <strong data-start=\"712\" data-end=\"729\">12 de Octubre<\/strong>, en sentido <strong data-start=\"742\" data-end=\"757\">Norte \u2013 Sur<\/strong>.<\/p>\n<\/li>\n<li data-start=\"761\" data-end=\"885\">\n<p data-start=\"763\" data-end=\"885\"><strong data-start=\"763\" data-end=\"785\">Calle 25 de Agosto<\/strong>, desde calle <strong data-start=\"799\" data-end=\"820\">Dr. Dalcy Perdomo<\/strong> hasta calle <strong data-start=\"833\" data-end=\"855\">Dr. Pedro Quartara<\/strong>, en sentido <strong data-start=\"868\" data-end=\"884\">Este \u2013 Oeste<\/strong>.<\/p>\n<\/li>\n<\/ul>\n<p data-start=\"887\" data-end=\"1047\">Se exhorta a <strong data-start=\"900\" data-end=\"926\">conductores y peatones<\/strong> a extremar los cuidados, respetar la nueva se\u00f1alizaci\u00f3n y circular con precauci\u00f3n durante la adaptaci\u00f3n a estos cambios.<\/p>\n","protected":false},"excerpt":{"rendered":"<p>La Intendencia Departamental de Rivera comunica a la poblaci\u00f3n que el mi\u00e9rcoles 28 de enero, a partir de la hora 9, se proceder\u00e1 al encendido de los sem\u00e1foros ubicados en Bulevar Presidente Viera, en la intersecci\u00f3n con las calles Joaqu\u00edn Su\u00e1rez y Dr. Dalcy Perdomo.<\/p>\n","protected":false},"author":7,"featured_media":65645,"comment_status":"open","ping_status":"open","sticky":false,"template":"","format":"standard","meta":{"footnotes":""},"categories":[1],"tags":[],"class_list":["post-66248","post","type-post","status-publish","format-standard","has-post-thumbnail","hentry","category-novedades"],"_links":{"self":[{"href":"https:\/\/www.rivera.gub.uy\/portal\/wp-json\/wp\/v2\/posts\/66248","targetHints":{"allow":["GET"]}}],"collection":[{"href":"https:\/\/www.rivera.gub.uy\/portal\/wp-json\/wp\/v2\/posts"}],"about":[{"href":"https:\/\/www.rivera.gub.uy\/portal\/wp-json\/wp\/v2\/types\/post"}],"author":[{"embeddable":true,"href":"https:\/\/www.rivera.gub.uy\/portal\/wp-json\/wp\/v2\/users\/7"}],"replies":[{"embeddable":true,"href":"https:\/\/www.rivera.gub.uy\/portal\/wp-json\/wp\/v2\/comments?post=66248"}],"version-history":[{"count":1,"href":"https:\/\/www.rivera.gub.uy\/portal\/wp-json\/wp\/v2\/posts\/66248\/revisions"}],"predecessor-version":[{"id":66249,"href":"https:\/\/www.rivera.gub.uy\/portal\/wp-json\/wp\/v2\/posts\/66248\/revisions\/66249"}],"wp:featuredmedia":[{"embeddable":true,"href":"https:\/\/www.rivera.gub.uy\/portal\/wp-json\/wp\/v2\/media\/65645"}],"wp:attachment":[{"href":"https:\/\/www.rivera.gub.uy\/portal\/wp-json\/wp\/v2\/media?parent=66248"}],"wp:term":[{"taxonomy":"category","embeddable":true,"href":"https:\/\/www.rivera.gub.uy\/portal\/wp-json\/wp\/v2\/categories?post=66248"},{"taxonomy":"post_tag","embeddable":true,"href":"https:\/\/www.rivera.gub.uy\/portal\/wp-json\/wp\/v2\/tags?post=66248"}],"curies":[{"name":"wp","href":"https:\/\/api.w.org\/{rel}","templated":true}]}}