{"id":66932,"date":"2026-03-03T17:27:38","date_gmt":"2026-03-03T20:27:38","guid":{"rendered":"https:\/\/www.rivera.gub.uy\/portal\/?p=66932"},"modified":"2026-03-04T20:37:25","modified_gmt":"2026-03-04T23:37:25","slug":"intendente-richard-sander-anuncio-plan-de-saneamiento-por-us-12-millones-y-destaco-acuerdo-por-limpia-sueldos","status":"publish","type":"post","link":"https:\/\/www.rivera.gub.uy\/portal\/intendente-richard-sander-anuncio-plan-de-saneamiento-por-us-12-millones-y-destaco-acuerdo-por-limpia-sueldos\/","title":{"rendered":"Intendente Richard Sander anunci\u00f3 plan de saneamiento por US$ 12 millones y destac\u00f3 acuerdo por \u201climpia sueldos\u201d"},"content":{"rendered":"<p>El intendente de Rivera, Cr. Richard Sander, inform\u00f3 este viernes sobre dos anuncios de relevancia para el departamento: la instrumentaci\u00f3n de un nuevo plan de \u201climpia sueldos\u201d para funcionarios p\u00fablicos y municipales, y un acuerdo con Obras Sanitarias del Estado (OSE) para ejecutar un ambicioso plan de saneamiento en la ciudad de Rivera y otras localidades. <em>\u201cEstamos muy contentos, fueron dos jornadas intensas en Montevideo y volvimos con dos anuncios importantes\u201d<\/em>, expres\u00f3 el jefe comunal al inicio de su comparecencia.<\/p>\n<p><strong>Limpia sueldos para funcionarios p\u00fablicos<\/strong><\/p>\n<p>Sander se\u00f1al\u00f3 que el nuevo mecanismo de consolidaci\u00f3n de deudas fue negociado con el Banco de la Rep\u00fablica Oriental del Uruguay (BROU) y la mesa del Congreso de Intendentes en noviembre del a\u00f1o pasado.<\/p>\n<p>Seg\u00fan explic\u00f3, a partir del 10 de marzo los funcionarios municipales y p\u00fablicos podr\u00e1n acceder a un sistema que les permitir\u00e1 ordenar sus finanzas personales, mediante la mejora de tasas y plazos.<\/p>\n<p><em>\u201cEl endeudamiento familiar es un problema del pa\u00eds, no solo de los municipales. Este instrumento permitir\u00e1 a muchos funcionarios reordenar sus finanzas y comenzar el a\u00f1o con mayor tranquilidad\u201d<\/em>, afirm\u00f3, agradeciendo al BROU por <em>\u201cbajar tasas, mejorar plazos y encontrar una soluci\u00f3n\u201d<\/em>.<\/p>\n<p><strong>Acuerdo hist\u00f3rico en saneamiento<\/strong><\/p>\n<p>El segundo anuncio refiere a un acuerdo alcanzado con el directorio de OSE para avanzar en obras de saneamiento largamente postergadas.<\/p>\n<p>Sander record\u00f3 que el plan nacional firmado en el per\u00edodo anterior inclu\u00eda a Rivera, pero a\u00fan no hab\u00eda comenzado a ejecutarse. En ese contexto, indic\u00f3 que actualmente cerca del 40% de las viviendas de la ciudad no cuentan con saneamiento, pese a que la cobertura de urbanizaci\u00f3n se aproxima al 100%.<\/p>\n<p><em>\u201cEs incre\u00edble que todav\u00eda tengamos en algunas esquinas problemas de vertidos, olores y riesgos sanitarios. Es un tema de higiene, de salud y de calidad de vida\u201d<\/em>, subray\u00f3.<\/p>\n<p><strong>El acuerdo prev\u00e9 una inversi\u00f3n total de 12 millones de d\u00f3lares:<\/strong><\/p>\n<p><strong>\u2022 US$ 6 millones aportados por OSE<\/strong>, que adem\u00e1s ampliar\u00e1 la planta y ejecutar\u00e1 obras en distintos sectores.<br \/>\n<strong>\u2022 US$ 6 millones aportados por la Intendencia de Rivera<\/strong>, que financiar\u00e1, licitar\u00e1 y ejecutar\u00e1 parte de las intervenciones.<\/p>\n<p>Las obras se desarrollar\u00e1n en un plazo estimado de entre dos y tres a\u00f1os.<\/p>\n<p><strong>Barrios alcanzados<\/strong><\/p>\n<p><strong>OSE intervendr\u00e1 en:<\/strong><br \/>\n\u2022 Barrio Insausti (zona pendiente de saneamiento).<br \/>\n\u2022 Entorno de calle Tac\u00fa y zona de Av. Baltasar Brum. Sector del entorno del shopping y \u00e1reas vinculadas al sistema existente.<\/p>\n<p>Por su parte, la Intendencia comenzar\u00e1 por:<\/p>\n<ul>\n<li>Barrio La Racca, abarcando ambos lados del arroyo, incluyendo el entorno del parque y el hogar de ancianos.<\/li>\n<li>Tambi\u00e9n se prev\u00e9n obras en barrio Magisterial, zona de Orlando Bonilla y otras \u00e1reas donde existen viviendas realojadas.<\/li>\n<li>Adem\u00e1s, el plan incluir\u00e1 a la ciudad de Tranqueras (Mevir II) y se proyectan soluciones complementarias para Minas de Corrales y Vichadero, especialmente en lo referido a disposici\u00f3n final de residuos barom\u00e9tricos.<\/li>\n<\/ul>\n<p>En abril se realizar\u00e1 una conferencia oficial para la firma del convenio, instancia en la que podr\u00eda participar el presidente de la Rep\u00fablica, Yamand\u00fa Orsi.<\/p>\n<p>Sander explic\u00f3 que, una vez que los vecinos se conecten al sistema y comiencen a abonar la tarifa correspondiente, OSE reintegrar\u00e1 a la Intendencia los fondos invertidos, bajo un mecanismo similar al aplicado en Atl\u00e1ntida.<\/p>\n<p><strong>Zona Franca e inversiones<\/strong><\/p>\n<p>Consultado sobre la situaci\u00f3n de la Zona Franca, el intendente se\u00f1al\u00f3 que el tema se viene trabajando \u201ccon silencio y seriedad\u201d, y manifest\u00f3 confianza en que el proyecto se concretar\u00e1.<\/p>\n<p>En paralelo, destac\u00f3 que en los pr\u00f3ximos meses comenzar\u00e1 a operar Urufor, una inversi\u00f3n estimada en 100 millones de d\u00f3lares, que generar\u00e1 entre 350 y 400 empleos directos una vez finalizada la planta. Actualmente trabajan unas 250 personas en obra.<\/p>\n<p>Asimismo, mencion\u00f3 otros proyectos en marcha, como el relleno sanitario \u2014a\u00fan pendiente de ajustes t\u00e9cnicos\u2014 y un emprendimiento vinculado a la extracci\u00f3n de hierro en Minas de Corrales, con participaci\u00f3n de inversores norteamericanos.<\/p>\n<p><em>\u201cVamos a tener un 2026 muy positivo en materia de inversiones y tambi\u00e9n un 2027 con novedades importantes\u201d<\/em>, afirm\u00f3.<\/p>\n<p>El jefe comunal adelant\u00f3 que enviar\u00e1 a la Junta Departamental el proyecto correspondiente al financiamiento de las obras de saneamiento, con el objetivo de concretar la inversi\u00f3n dentro del actual per\u00edodo de gobierno.<\/p>\n<p>\u201cEs una decisi\u00f3n pol\u00edtica. Son obras que hacen a la higiene, a la salud y a que nuestros barrios se vean cada vez mejor\u201d, concluy\u00f3.<\/p>\n","protected":false},"excerpt":{"rendered":"<p>El intendente de Rivera, Cr. Richard Sander, inform\u00f3 este viernes sobre dos anuncios de relevancia para el departamento: la instrumentaci\u00f3n de un nuevo plan de \u201climpia sueldos\u201d para funcionarios p\u00fablicos y municipales, y un acuerdo con Obras Sanitarias del Estado (OSE) para ejecutar un ambicioso plan de saneamiento en la ciudad de Rivera y otras [&hellip;]<\/p>\n","protected":false},"author":5,"featured_media":66947,"comment_status":"open","ping_status":"open","sticky":false,"template":"","format":"standard","meta":{"footnotes":""},"categories":[1],"tags":[],"class_list":["post-66932","post","type-post","status-publish","format-standard","has-post-thumbnail","hentry","category-novedades"],"_links":{"self":[{"href":"https:\/\/www.rivera.gub.uy\/portal\/wp-json\/wp\/v2\/posts\/66932","targetHints":{"allow":["GET"]}}],"collection":[{"href":"https:\/\/www.rivera.gub.uy\/portal\/wp-json\/wp\/v2\/posts"}],"about":[{"href":"https:\/\/www.rivera.gub.uy\/portal\/wp-json\/wp\/v2\/types\/post"}],"author":[{"embeddable":true,"href":"https:\/\/www.rivera.gub.uy\/portal\/wp-json\/wp\/v2\/users\/5"}],"replies":[{"embeddable":true,"href":"https:\/\/www.rivera.gub.uy\/portal\/wp-json\/wp\/v2\/comments?post=66932"}],"version-history":[{"count":2,"href":"https:\/\/www.rivera.gub.uy\/portal\/wp-json\/wp\/v2\/posts\/66932\/revisions"}],"predecessor-version":[{"id":66934,"href":"https:\/\/www.rivera.gub.uy\/portal\/wp-json\/wp\/v2\/posts\/66932\/revisions\/66934"}],"wp:featuredmedia":[{"embeddable":true,"href":"https:\/\/www.rivera.gub.uy\/portal\/wp-json\/wp\/v2\/media\/66947"}],"wp:attachment":[{"href":"https:\/\/www.rivera.gub.uy\/portal\/wp-json\/wp\/v2\/media?parent=66932"}],"wp:term":[{"taxonomy":"category","embeddable":true,"href":"https:\/\/www.rivera.gub.uy\/portal\/wp-json\/wp\/v2\/categories?post=66932"},{"taxonomy":"post_tag","embeddable":true,"href":"https:\/\/www.rivera.gub.uy\/portal\/wp-json\/wp\/v2\/tags?post=66932"}],"curies":[{"name":"wp","href":"https:\/\/api.w.org\/{rel}","templated":true}]}}