{"id":66935,"date":"2026-03-03T19:25:26","date_gmt":"2026-03-03T22:25:26","guid":{"rendered":"https:\/\/www.rivera.gub.uy\/portal\/?p=66935"},"modified":"2026-03-04T20:34:30","modified_gmt":"2026-03-04T23:34:30","slug":"intendente-richard-sander-la-cuenca-ventura-piriz-es-la-obra-mas-importante-del-periodo","status":"publish","type":"post","link":"https:\/\/www.rivera.gub.uy\/portal\/intendente-richard-sander-la-cuenca-ventura-piriz-es-la-obra-mas-importante-del-periodo\/","title":{"rendered":"Intendente Richard Sander: \u201cLa cuenca Ventura P\u00edriz es la obra m\u00e1s importante del per\u00edodo\u201d"},"content":{"rendered":"<p>El Intendente Departamental de Rivera, Cr. Richard Sander Dar\u00edn, encabez\u00f3 la presentaci\u00f3n del proyecto de pluviales de la cuenca Ventura P\u00edriz y destac\u00f3 que se trata de <em>\u201cla obra m\u00e1s importante de este per\u00edodo\u201d<\/em>, con una inversi\u00f3n cercana a los 8 millones de d\u00f3lares.<\/p>\n<p><em>\u201cA los vecinos, a los ediles, a la prensa y al equipo de trabajo, gracias por acompa\u00f1arnos. Estamos muy contentos porque esta es una obra que arrancamos hace mucho tiempo, que fue presentada en 2020 y que por distintos procesos administrativos reci\u00e9n en 2024 qued\u00f3 habilitada para su licitaci\u00f3n\u201d<\/em>, expres\u00f3 el jefe comunal.<\/p>\n<p><strong>Un proceso planificado y sostenido<\/strong><\/p>\n<p>Sander record\u00f3 que la Intendencia cuenta con estudios t\u00e9cnicos en materia pluvial elaborados junto a la Oficina de Planeamiento y Presupuesto (OPP) entre 2018 y 2019, que en ese momento registraban casi 43 kil\u00f3metros de redes pluviales en buen estado bajo la ciudad.<\/p>\n<p>A esos estudios se suman los an\u00e1lisis previos realizados desde la d\u00e9cada de 1990 y las intervenciones posteriores, como la canalizaci\u00f3n del arroyo Cu\u00f1apir\u00fa en 2016, que permiti\u00f3 mejorar significativamente el escurrimiento del agua, evitando que el desborde del arroyo obstaculizara la salida de los sistemas pluviales.<\/p>\n<p>En paralelo, la Intendencia ejecut\u00f3 alrededor de 40 intervenciones menores en distintos puntos de la ciudad. <em>\u201cPeque\u00f1as en monto, pero muy importantes para los vecinos\u201d<\/em>, subray\u00f3 el Intendente.<\/p>\n<p><strong>Coordinaci\u00f3n ante emergencias<\/strong><\/p>\n<p>El jerarca destac\u00f3 el funcionamiento permanente del equipo de emergencia que trabaja junto al Centro Coordinador de Emergencias Departamentales (CECOED), integrando distintas direcciones de la Intendencia en tareas de prevenci\u00f3n y respuesta ante alertas meteorol\u00f3gicas.<\/p>\n<p><em>\u201cHace cuatro o cinco a\u00f1os, ante lluvias importantes, recib\u00edamos 30 o 40 llamados por viviendas afectadas. Hoy estamos en dos o tres llamados\u201d<\/em>, afirm\u00f3.<\/p>\n<p>En ese sentido, tambi\u00e9n hizo referencia a situaciones puntuales, como un episodio ocurrido el 28 de diciembre en calle Brasil, que \u2014aclar\u00f3\u2014 no obedec\u00eda a un problema del sistema pluvial urbano, sino a construcciones internas sin desag\u00fces adecuados y conflictos entre vecinos.<\/p>\n<p><strong>Responsabilidad compartida y servidumbres de paso<\/strong><\/p>\n<p>Sander aprovech\u00f3 la instancia para poner sobre la mesa la importancia de las servidumbres de paso, herramienta legal que permite canalizar aguas pluviales a trav\u00e9s de predios linderos mediante acuerdo formal.<\/p>\n<p><em>\u201cMuchas veces el problema no es de la Intendencia, sino de c\u00f3mo est\u00e1n resueltas las construcciones dentro de los padrones. Cuando el problema es de la Intendencia, lo asumimos; cuando es del vecino, tambi\u00e9n estamos dispuestos a ayudar a encontrar soluciones\u201d<\/em>, remarc\u00f3.<\/p>\n<p>Invit\u00f3 a quienes tengan dificultades en la evacuaci\u00f3n de aguas a acercarse a la Direcci\u00f3n General de Obras para analizar alternativas t\u00e9cnicas antes de que la situaci\u00f3n derive en conflictos mayores.<\/p>\n<p><strong>Impacto estructural en la ciudad<\/strong><\/p>\n<p>El Intendente record\u00f3 las transformaciones que ya se han logrado en cuencas como Gestido, San Mart\u00edn, M\u00e1ximo Xavier y Joaqu\u00edn Su\u00e1rez, donde antiguamente el agua corr\u00eda por calles en forma de \u201cV\u201d y generaba situaciones de alto riesgo.<\/p>\n<p><em>\u201cHab\u00eda puntos donde las motos no pod\u00edan cruzar y autos que pr\u00e1cticamente flotaban en Presidente Viera y San Mart\u00edn. Hoy eso es parte de la historia\u201d<\/em>, se\u00f1al\u00f3.<\/p>\n<p>Asimismo, destac\u00f3 que la infraestructura subterr\u00e1nea muchas veces no es visible, pero impacta directamente en la valorizaci\u00f3n de las propiedades y en la calidad de vida.<\/p>\n<p>Actualmente, Rivera cuenta con aproximadamente 48 kil\u00f3metros de redes pluviales, cifra que equivale \u2014grafic\u00f3\u2014 a la distancia entre la ciudad y el empalme hacia Tranqueras.<\/p>\n<p><strong>Plazos y alcance de la obra<\/strong><\/p>\n<p>La obra de la cuenca Ventura P\u00edriz tendr\u00e1 un plazo estimado de 20 meses y abarcar\u00e1 cerca de cuatro kil\u00f3metros de intervenci\u00f3n. Los trabajos comenzar\u00e1n desde la zona de descarga hacia las \u00e1reas m\u00e1s altas, finalizando en el sector de Ansina y Wilson Ferreira.<\/p>\n<p>Adem\u00e1s del sistema pluvial, la intervenci\u00f3n incluir\u00e1 renovaci\u00f3n de pavimentos, mejoras en \u00e1reas verdes, se\u00f1alizaci\u00f3n y la instalaci\u00f3n de nuevos resguardos peatonales, cuya primera etapa \u2014110 estructuras\u2014 ya comenz\u00f3 en la zona del hospital.<\/p>\n<p><strong>Pr\u00f3ximas intervenciones<\/strong><\/p>\n<p>Sander adelant\u00f3 que contin\u00faan en estudio otras cuencas pendientes, como las ubicadas en Presidente Viera y Jos\u00e9 Batlle y Ord\u00f3\u00f1ez, as\u00ed como la cuenca de Monse\u00f1or Vera, que impacta en la zona c\u00e9ntrica y la terminal.<\/p>\n<p>Tambi\u00e9n anunci\u00f3 que en los pr\u00f3ximos d\u00edas se dar\u00e1n a conocer nuevas obras en barrios como La Racca y COVINTERNA, en intervenciones que apuntan a seguir transformando la infraestructura urbana del departamento.<\/p>\n<p><em>\u201cEstamos comenzando una obra muy importante, pero sobre todo estamos consolidando un proceso planificado y sostenido que busca mejorar la calidad de vida de todos los riverenses\u201d<\/em>, concluy\u00f3 el Intendente.<\/p>\n<p><a href=\"https:\/\/www.rivera.gub.uy\/portal\/wp-content\/uploads\/2026\/03\/Pluviales2.jpeg\"><img loading=\"lazy\" decoding=\"async\" class=\"alignnone wp-image-66939 size-medium\" src=\"https:\/\/www.rivera.gub.uy\/portal\/wp-content\/uploads\/2026\/03\/Pluviales2-282x188.jpeg\" alt=\"\" width=\"282\" height=\"188\" srcset=\"https:\/\/www.rivera.gub.uy\/portal\/wp-content\/uploads\/2026\/03\/Pluviales2-282x188.jpeg 282w, https:\/\/www.rivera.gub.uy\/portal\/wp-content\/uploads\/2026\/03\/Pluviales2-940x626.jpeg 940w, https:\/\/www.rivera.gub.uy\/portal\/wp-content\/uploads\/2026\/03\/Pluviales2-141x94.jpeg 141w, https:\/\/www.rivera.gub.uy\/portal\/wp-content\/uploads\/2026\/03\/Pluviales2-768x512.jpeg 768w, https:\/\/www.rivera.gub.uy\/portal\/wp-content\/uploads\/2026\/03\/Pluviales2-1536x1023.jpeg 1536w, https:\/\/www.rivera.gub.uy\/portal\/wp-content\/uploads\/2026\/03\/Pluviales2-600x400.jpeg 600w, https:\/\/www.rivera.gub.uy\/portal\/wp-content\/uploads\/2026\/03\/Pluviales2-820x546.jpeg 820w, https:\/\/www.rivera.gub.uy\/portal\/wp-content\/uploads\/2026\/03\/Pluviales2-272x182.jpeg 272w, https:\/\/www.rivera.gub.uy\/portal\/wp-content\/uploads\/2026\/03\/Pluviales2.jpeg 1600w\" sizes=\"auto, (max-width: 282px) 100vw, 282px\" \/><\/a> <a href=\"https:\/\/www.rivera.gub.uy\/portal\/wp-content\/uploads\/2026\/03\/Pluviales3.jpeg\"><img loading=\"lazy\" decoding=\"async\" class=\"alignnone wp-image-66938 size-medium\" src=\"https:\/\/www.rivera.gub.uy\/portal\/wp-content\/uploads\/2026\/03\/Pluviales3-282x188.jpeg\" alt=\"\" width=\"282\" height=\"188\" srcset=\"https:\/\/www.rivera.gub.uy\/portal\/wp-content\/uploads\/2026\/03\/Pluviales3-282x188.jpeg 282w, https:\/\/www.rivera.gub.uy\/portal\/wp-content\/uploads\/2026\/03\/Pluviales3-940x626.jpeg 940w, https:\/\/www.rivera.gub.uy\/portal\/wp-content\/uploads\/2026\/03\/Pluviales3-141x94.jpeg 141w, https:\/\/www.rivera.gub.uy\/portal\/wp-content\/uploads\/2026\/03\/Pluviales3-768x512.jpeg 768w, https:\/\/www.rivera.gub.uy\/portal\/wp-content\/uploads\/2026\/03\/Pluviales3-1536x1023.jpeg 1536w, https:\/\/www.rivera.gub.uy\/portal\/wp-content\/uploads\/2026\/03\/Pluviales3-600x400.jpeg 600w, https:\/\/www.rivera.gub.uy\/portal\/wp-content\/uploads\/2026\/03\/Pluviales3-820x546.jpeg 820w, https:\/\/www.rivera.gub.uy\/portal\/wp-content\/uploads\/2026\/03\/Pluviales3-272x182.jpeg 272w, https:\/\/www.rivera.gub.uy\/portal\/wp-content\/uploads\/2026\/03\/Pluviales3.jpeg 1600w\" sizes=\"auto, (max-width: 282px) 100vw, 282px\" \/><\/a> <a href=\"https:\/\/www.rivera.gub.uy\/portal\/wp-content\/uploads\/2026\/03\/Pluviales4.jpeg\"><img loading=\"lazy\" decoding=\"async\" class=\"alignnone wp-image-66937 size-medium\" src=\"https:\/\/www.rivera.gub.uy\/portal\/wp-content\/uploads\/2026\/03\/Pluviales4-125x188.jpeg\" alt=\"\" width=\"125\" height=\"188\" srcset=\"https:\/\/www.rivera.gub.uy\/portal\/wp-content\/uploads\/2026\/03\/Pluviales4-125x188.jpeg 125w, https:\/\/www.rivera.gub.uy\/portal\/wp-content\/uploads\/2026\/03\/Pluviales4-417x626.jpeg 417w, https:\/\/www.rivera.gub.uy\/portal\/wp-content\/uploads\/2026\/03\/Pluviales4-63x94.jpeg 63w, https:\/\/www.rivera.gub.uy\/portal\/wp-content\/uploads\/2026\/03\/Pluviales4-768x1153.jpeg 768w, https:\/\/www.rivera.gub.uy\/portal\/wp-content\/uploads\/2026\/03\/Pluviales4-1023x1536.jpeg 1023w, https:\/\/www.rivera.gub.uy\/portal\/wp-content\/uploads\/2026\/03\/Pluviales4-820x1231.jpeg 820w, https:\/\/www.rivera.gub.uy\/portal\/wp-content\/uploads\/2026\/03\/Pluviales4.jpeg 1066w\" sizes=\"auto, (max-width: 125px) 100vw, 125px\" \/><\/a><\/p>\n","protected":false},"excerpt":{"rendered":"<p>El Intendente Departamental de Rivera, Cr. Richard Sander Dar\u00edn, encabez\u00f3 la presentaci\u00f3n del proyecto de pluviales de la cuenca Ventura P\u00edriz y destac\u00f3 que se trata de \u201cla obra m\u00e1s importante de este per\u00edodo\u201d, con una inversi\u00f3n cercana a los 8 millones de d\u00f3lares. \u201cA los vecinos, a los ediles, a la prensa y al [&hellip;]<\/p>\n","protected":false},"author":5,"featured_media":66939,"comment_status":"open","ping_status":"open","sticky":false,"template":"","format":"standard","meta":{"footnotes":""},"categories":[1],"tags":[],"class_list":["post-66935","post","type-post","status-publish","format-standard","has-post-thumbnail","hentry","category-novedades"],"_links":{"self":[{"href":"https:\/\/www.rivera.gub.uy\/portal\/wp-json\/wp\/v2\/posts\/66935","targetHints":{"allow":["GET"]}}],"collection":[{"href":"https:\/\/www.rivera.gub.uy\/portal\/wp-json\/wp\/v2\/posts"}],"about":[{"href":"https:\/\/www.rivera.gub.uy\/portal\/wp-json\/wp\/v2\/types\/post"}],"author":[{"embeddable":true,"href":"https:\/\/www.rivera.gub.uy\/portal\/wp-json\/wp\/v2\/users\/5"}],"replies":[{"embeddable":true,"href":"https:\/\/www.rivera.gub.uy\/portal\/wp-json\/wp\/v2\/comments?post=66935"}],"version-history":[{"count":1,"href":"https:\/\/www.rivera.gub.uy\/portal\/wp-json\/wp\/v2\/posts\/66935\/revisions"}],"predecessor-version":[{"id":66940,"href":"https:\/\/www.rivera.gub.uy\/portal\/wp-json\/wp\/v2\/posts\/66935\/revisions\/66940"}],"wp:featuredmedia":[{"embeddable":true,"href":"https:\/\/www.rivera.gub.uy\/portal\/wp-json\/wp\/v2\/media\/66939"}],"wp:attachment":[{"href":"https:\/\/www.rivera.gub.uy\/portal\/wp-json\/wp\/v2\/media?parent=66935"}],"wp:term":[{"taxonomy":"category","embeddable":true,"href":"https:\/\/www.rivera.gub.uy\/portal\/wp-json\/wp\/v2\/categories?post=66935"},{"taxonomy":"post_tag","embeddable":true,"href":"https:\/\/www.rivera.gub.uy\/portal\/wp-json\/wp\/v2\/tags?post=66935"}],"curies":[{"name":"wp","href":"https:\/\/api.w.org\/{rel}","templated":true}]}}