{"id":66941,"date":"2026-03-04T19:44:01","date_gmt":"2026-03-04T22:44:01","guid":{"rendered":"https:\/\/www.rivera.gub.uy\/portal\/?p=66941"},"modified":"2026-03-04T20:33:43","modified_gmt":"2026-03-04T23:33:43","slug":"idr-presento-proyecto-de-pluviales-para-la-cuenca-de-ventura-piriz-con-una-inversion-de-309-millones-de-pesos","status":"publish","type":"post","link":"https:\/\/www.rivera.gub.uy\/portal\/idr-presento-proyecto-de-pluviales-para-la-cuenca-de-ventura-piriz-con-una-inversion-de-309-millones-de-pesos\/","title":{"rendered":"IDR present\u00f3 proyecto de pluviales para la cuenca de Ventura P\u00edriz con una inversi\u00f3n de 309 millones de pesos"},"content":{"rendered":"<p>La Intendencia Departamental de Rivera (IDR) present\u00f3 este martes el proyecto de obras pluviales para la cuenca de Ventura P\u00edriz, una de las intervenciones m\u00e1s relevantes en materia de drenaje urbano de los \u00faltimos a\u00f1os. El anuncio estuvo a cargo del Director General de Obras, Arq. Mart\u00edn Garc\u00eda, quien destac\u00f3 que se trata de una obra <em>\u201cclave para uno de los mayores desaf\u00edos que tiene Rivera, que es el manejo de aguas pluviales, debido a la topograf\u00eda caracter\u00edstica de la ciudad\u201d<\/em>.<\/p>\n<p><strong>Planificaci\u00f3n con base t\u00e9cnica<\/strong><\/p>\n<p>Garc\u00eda record\u00f3 que los estudios en materia pluvial se remontan al a\u00f1o 1993, cuando la consultora INIPSA realiz\u00f3 un an\u00e1lisis de las distintas cuencas y problem\u00e1ticas del departamento. Posteriormente, la Intendencia avanz\u00f3 en un Plan Director de Aguas Pluviales, herramienta que permite planificar las intervenciones <em>\u201cno al azar ni por intuici\u00f3n, sino en base a datos concretos, dimensionados t\u00e9cnica y econ\u00f3micamente\u201d<\/em>.<\/p>\n<p>En ese marco, se\u00f1al\u00f3 que en los \u00faltimos cinco a siete a\u00f1os se han realizado m\u00faltiples intervenciones en peque\u00f1as cuencas, muchas de ellas sin anuncios p\u00fablicos, pero que respond\u00edan a reiterados reclamos vecinales ante lluvias moderadas. De registrar decenas de llamados por precipitaciones de 10 o 20 mil\u00edmetros, hoy la situaci\u00f3n se ha reducido significativamente.<\/p>\n<p><strong>Una obra estrat\u00e9gica para descongestionar el sistema<\/strong><\/p>\n<p>La cuenca de Ventura P\u00edriz es una de las m\u00e1s grandes que restaban intervenir. Actualmente, el agua proveniente de zonas como Ansina y Ventura P\u00edriz desemboca y satura las cuencas ya existentes en Gestido y San Mart\u00edn.<\/p>\n<p>Con la nueva obra, no solo se beneficiar\u00e1 directamente a los vecinos de esas zonas altas, sino que tambi\u00e9n se permitir\u00e1 que los sistemas ya construidos funcionen de acuerdo a su dise\u00f1o original, sin recibir caudales adicionales para los que no fueron dimensionados.<\/p>\n<p>El jerarca subray\u00f3 que, si bien en los \u00faltimos a\u00f1os se han mitigado situaciones cr\u00edticas \u2014como las que se registraban en San Mart\u00edn y Presidente Viera\u2014, esta intervenci\u00f3n permitir\u00e1 resolver de forma definitiva los problemas en ese sector.<\/p>\n<p><strong>Adaptaci\u00f3n a nuevas condiciones clim\u00e1ticas<\/strong><\/p>\n<p>Garc\u00eda advirti\u00f3 que, desde los primeros estudios realizados en 1993, el escenario clim\u00e1tico ha cambiado sustancialmente. <em>\u201cHoy tenemos lluvias torrenciales de hasta 180 mil\u00edmetros en una noche, con 120 mil\u00edmetros en apenas dos horas. Es imposible que cualquier sistema pluvial, incluso en grandes ciudades del mundo, no se vea exigido ante esos eventos\u201d<\/em>, afirm\u00f3.<\/p>\n<p>Por ello, el dise\u00f1o de la obra contempla lluvias de alta exigencia (TR5, eventos con recurrencia cada cinco a\u00f1os), incorporando criterios actualizados de ingenier\u00eda hidr\u00e1ulica.<\/p>\n<p><strong>Alcance de la intervenci\u00f3n<\/strong><\/p>\n<p>El proyecto prev\u00e9 la construcci\u00f3n de:<br \/>\n\u2022 3.900 metros lineales de colectores y captaciones pluviales.<br \/>\n\u2022 27.530 metros cuadrados de pavimento de hormig\u00f3n.<br \/>\n\u2022 6.460 metros lineales de cord\u00f3n.<br \/>\n\u2022 12.900 metros cuadrados de veredas.<br \/>\n\u2022 Mejoras en alumbrado p\u00fablico, se\u00f1alizaci\u00f3n, accesibilidad y paisajismo.<\/p>\n<p>La red captar\u00e1 el agua en la parte alta de la cuenca y la conducir\u00e1 hasta el arroyo Cu\u00f1apir\u00fa, reduciendo el escurrimiento superficial por calles y evitando acumulaciones en zonas bajas.<\/p>\n<p>Las obras abarcar\u00e1n principalmente calles Ansina y Ventura P\u00edriz, extendi\u00e9ndose tambi\u00e9n a Juana de Ibarbourou, Jos\u00e9 Pedro Varela, Juana de Oriol, Julio Herrera y Obes, Ceballos, Figueroa, Artigas, Jos\u00e9 Enrique Rod\u00f3, Florencio S\u00e1nchez, Lavalleja, Diego Lamas, Agust\u00edn Ortega y Presidente Viera, entre otras.<\/p>\n<p><strong>Trabajo coordinado con OSE<\/strong><\/p>\n<p>El Director General de Obras inform\u00f3 que se trabajar\u00e1 en coordinaci\u00f3n con Obras Sanitarias del Estado (OSE), tanto para el reordenamiento de las redes de agua potable \u2014que pasar\u00e1n a la vereda para evitar futuras roturas de pavimento\u2014 como para reforzar los controles sobre conexiones irregulares de pluviales al sistema de saneamiento.<\/p>\n<p>Explic\u00f3 que cuando las aguas de lluvia se conectan indebidamente al saneamiento, se generan saturaciones que pueden provocar el levantamiento de tapas, el lavado de bases y hundimientos en pavimentos.<\/p>\n<p>Asimismo, se hizo especial \u00e9nfasis en la importancia del mantenimiento por parte de los vecinos, evitando obstrucciones en bocas de tormenta con residuos que impidan el correcto funcionamiento del sistema.<\/p>\n<p><strong>Inversi\u00f3n hist\u00f3rica y continuidad del plan<\/strong><\/p>\n<p>La inversi\u00f3n total asciende a 309 millones de pesos. <em>\u201cEs una cifra muy importante, pero viene a resolver uno de los mayores problemas que tenemos en materia pluvial en Rivera\u201d<\/em>, sostuvo Garc\u00eda.<\/p>\n<p>La obra se enmarca en un proceso m\u00e1s amplio que ya incluy\u00f3 intervenciones en cuencas como Paysand\u00fa, M\u00e1ximo Xavier, Joaqu\u00edn Su\u00e1rez, Gestido, barrio 33 Orientales, barrio Bisio y la zona de La Racca, donde \u2014seg\u00fan destac\u00f3\u2014 hace m\u00e1s de una d\u00e9cada no se registran evacuados por inundaciones.<\/p>\n<p>Finalmente, anunci\u00f3 que ya se encuentran en estudio las pr\u00f3ximas intervenciones en las cuencas de Fern\u00e1ndez Crespo, Presidente Viera y en la zona c\u00e9ntrica, particularmente en calles Rod\u00f3 y Monse\u00f1or Vera.<\/p>\n<p><em>\u201cEsto no es una obra aislada, es parte de un trabajo planificado y sostenido en el tiempo para transformar estructuralmente la infraestructura pluvial de Rivera\u201d<\/em>, concluy\u00f3.<\/p>\n<p><strong>Presentaci\u00f3n (<a href=\"https:\/\/drive.google.com\/file\/d\/1RYobVZ59JXbFrlBIZH0K8tD1ZI8PrclL\/view?usp=sharing\" target=\"_blank\" rel=\"noopener\">descargar<\/a>)<\/strong><\/p>\n<p><img loading=\"lazy\" decoding=\"async\" class=\"alignnone size-medium wp-image-66936\" src=\"https:\/\/www.rivera.gub.uy\/portal\/wp-content\/uploads\/2026\/03\/Pluviales1-282x188.jpeg\" alt=\"\" width=\"282\" height=\"188\" srcset=\"https:\/\/www.rivera.gub.uy\/portal\/wp-content\/uploads\/2026\/03\/Pluviales1-282x188.jpeg 282w, https:\/\/www.rivera.gub.uy\/portal\/wp-content\/uploads\/2026\/03\/Pluviales1-940x626.jpeg 940w, https:\/\/www.rivera.gub.uy\/portal\/wp-content\/uploads\/2026\/03\/Pluviales1-141x94.jpeg 141w, https:\/\/www.rivera.gub.uy\/portal\/wp-content\/uploads\/2026\/03\/Pluviales1-768x512.jpeg 768w, https:\/\/www.rivera.gub.uy\/portal\/wp-content\/uploads\/2026\/03\/Pluviales1-1536x1023.jpeg 1536w, https:\/\/www.rivera.gub.uy\/portal\/wp-content\/uploads\/2026\/03\/Pluviales1-600x400.jpeg 600w, https:\/\/www.rivera.gub.uy\/portal\/wp-content\/uploads\/2026\/03\/Pluviales1-820x546.jpeg 820w, https:\/\/www.rivera.gub.uy\/portal\/wp-content\/uploads\/2026\/03\/Pluviales1-272x182.jpeg 272w, https:\/\/www.rivera.gub.uy\/portal\/wp-content\/uploads\/2026\/03\/Pluviales1.jpeg 1600w\" sizes=\"auto, (max-width: 282px) 100vw, 282px\" \/> <img loading=\"lazy\" decoding=\"async\" class=\"alignnone size-medium wp-image-66938\" src=\"https:\/\/www.rivera.gub.uy\/portal\/wp-content\/uploads\/2026\/03\/Pluviales3-282x188.jpeg\" alt=\"\" width=\"282\" height=\"188\" srcset=\"https:\/\/www.rivera.gub.uy\/portal\/wp-content\/uploads\/2026\/03\/Pluviales3-282x188.jpeg 282w, https:\/\/www.rivera.gub.uy\/portal\/wp-content\/uploads\/2026\/03\/Pluviales3-940x626.jpeg 940w, https:\/\/www.rivera.gub.uy\/portal\/wp-content\/uploads\/2026\/03\/Pluviales3-141x94.jpeg 141w, https:\/\/www.rivera.gub.uy\/portal\/wp-content\/uploads\/2026\/03\/Pluviales3-768x512.jpeg 768w, https:\/\/www.rivera.gub.uy\/portal\/wp-content\/uploads\/2026\/03\/Pluviales3-1536x1023.jpeg 1536w, https:\/\/www.rivera.gub.uy\/portal\/wp-content\/uploads\/2026\/03\/Pluviales3-600x400.jpeg 600w, https:\/\/www.rivera.gub.uy\/portal\/wp-content\/uploads\/2026\/03\/Pluviales3-820x546.jpeg 820w, https:\/\/www.rivera.gub.uy\/portal\/wp-content\/uploads\/2026\/03\/Pluviales3-272x182.jpeg 272w, https:\/\/www.rivera.gub.uy\/portal\/wp-content\/uploads\/2026\/03\/Pluviales3.jpeg 1600w\" sizes=\"auto, (max-width: 282px) 100vw, 282px\" \/> <img loading=\"lazy\" decoding=\"async\" class=\"alignnone size-medium wp-image-66937\" src=\"https:\/\/www.rivera.gub.uy\/portal\/wp-content\/uploads\/2026\/03\/Pluviales4-125x188.jpeg\" alt=\"\" width=\"125\" height=\"188\" srcset=\"https:\/\/www.rivera.gub.uy\/portal\/wp-content\/uploads\/2026\/03\/Pluviales4-125x188.jpeg 125w, https:\/\/www.rivera.gub.uy\/portal\/wp-content\/uploads\/2026\/03\/Pluviales4-417x626.jpeg 417w, https:\/\/www.rivera.gub.uy\/portal\/wp-content\/uploads\/2026\/03\/Pluviales4-63x94.jpeg 63w, https:\/\/www.rivera.gub.uy\/portal\/wp-content\/uploads\/2026\/03\/Pluviales4-768x1153.jpeg 768w, https:\/\/www.rivera.gub.uy\/portal\/wp-content\/uploads\/2026\/03\/Pluviales4-1023x1536.jpeg 1023w, https:\/\/www.rivera.gub.uy\/portal\/wp-content\/uploads\/2026\/03\/Pluviales4-820x1231.jpeg 820w, https:\/\/www.rivera.gub.uy\/portal\/wp-content\/uploads\/2026\/03\/Pluviales4.jpeg 1066w\" sizes=\"auto, (max-width: 125px) 100vw, 125px\" \/><\/p>\n","protected":false},"excerpt":{"rendered":"<p>La Intendencia Departamental de Rivera (IDR) present\u00f3 este martes el proyecto de obras pluviales para la cuenca de Ventura P\u00edriz, una de las intervenciones m\u00e1s relevantes en materia de drenaje urbano de los \u00faltimos a\u00f1os. El anuncio estuvo a cargo del Director General de Obras, Arq. Mart\u00edn Garc\u00eda, quien destac\u00f3 que se trata de una [&hellip;]<\/p>\n","protected":false},"author":5,"featured_media":66944,"comment_status":"open","ping_status":"open","sticky":false,"template":"","format":"standard","meta":{"footnotes":""},"categories":[1],"tags":[],"class_list":["post-66941","post","type-post","status-publish","format-standard","has-post-thumbnail","hentry","category-novedades"],"_links":{"self":[{"href":"https:\/\/www.rivera.gub.uy\/portal\/wp-json\/wp\/v2\/posts\/66941","targetHints":{"allow":["GET"]}}],"collection":[{"href":"https:\/\/www.rivera.gub.uy\/portal\/wp-json\/wp\/v2\/posts"}],"about":[{"href":"https:\/\/www.rivera.gub.uy\/portal\/wp-json\/wp\/v2\/types\/post"}],"author":[{"embeddable":true,"href":"https:\/\/www.rivera.gub.uy\/portal\/wp-json\/wp\/v2\/users\/5"}],"replies":[{"embeddable":true,"href":"https:\/\/www.rivera.gub.uy\/portal\/wp-json\/wp\/v2\/comments?post=66941"}],"version-history":[{"count":3,"href":"https:\/\/www.rivera.gub.uy\/portal\/wp-json\/wp\/v2\/posts\/66941\/revisions"}],"predecessor-version":[{"id":66946,"href":"https:\/\/www.rivera.gub.uy\/portal\/wp-json\/wp\/v2\/posts\/66941\/revisions\/66946"}],"wp:featuredmedia":[{"embeddable":true,"href":"https:\/\/www.rivera.gub.uy\/portal\/wp-json\/wp\/v2\/media\/66944"}],"wp:attachment":[{"href":"https:\/\/www.rivera.gub.uy\/portal\/wp-json\/wp\/v2\/media?parent=66941"}],"wp:term":[{"taxonomy":"category","embeddable":true,"href":"https:\/\/www.rivera.gub.uy\/portal\/wp-json\/wp\/v2\/categories?post=66941"},{"taxonomy":"post_tag","embeddable":true,"href":"https:\/\/www.rivera.gub.uy\/portal\/wp-json\/wp\/v2\/tags?post=66941"}],"curies":[{"name":"wp","href":"https:\/\/api.w.org\/{rel}","templated":true}]}}