{"id":66969,"date":"2026-03-05T17:14:20","date_gmt":"2026-03-05T20:14:20","guid":{"rendered":"https:\/\/www.rivera.gub.uy\/portal\/?p=66969"},"modified":"2026-03-05T17:14:20","modified_gmt":"2026-03-05T20:14:20","slug":"director-de-deportes-destaco-el-impacto-del-remo-en-rivera-y-valoro-la-visita-del-campeon-mundial-felipe-kluver","status":"publish","type":"post","link":"https:\/\/www.rivera.gub.uy\/portal\/director-de-deportes-destaco-el-impacto-del-remo-en-rivera-y-valoro-la-visita-del-campeon-mundial-felipe-kluver\/","title":{"rendered":"Director de Deportes destac\u00f3 el impacto del remo en Rivera y valor\u00f3 la visita del campe\u00f3n mundial Felipe Kl\u00fcver"},"content":{"rendered":"<p>En el marco de la visita del Campe\u00f3n Mundial de remo <strong>Felipe Kl\u00fcver<\/strong>, el director de la Unidad Coordinadora de Deportes de la Intendencia Departamental de Rivera, Prof. Horacio Hern\u00e1ndez, subray\u00f3 el significado que tiene para el departamento recibir al actual n\u00famero uno del mundo en la modalidad single ligero. Hern\u00e1ndez salud\u00f3 especialmente al intendente departamental Cr. Richard Sander Dar\u00edn; al secretario general, Arq. Jos\u00e9 Mazzoni Gollard\u00eda; al presidente de la Federaci\u00f3n Uruguaya de Remo, Miguel Pi\u00f1eiro; y al coordinador del Comit\u00e9 Ol\u00edmpico Uruguayo, <strong>Rodolfo Collazo<\/strong>, destacando que es el \u00fanico remero uruguayo con participaci\u00f3n en tres Juegos Ol\u00edmpicos. <em>\u201cEs un orgullo que nos vuelva a visitar y que hoy podamos contar con la presencia del actual campe\u00f3n mundial. No hay nadie mejor que \u00e9l en su modalidad, y est\u00e1 en Rivera\u201d<\/em>, expres\u00f3.<\/p>\n<p><strong>Un proyecto pionero en el norte del pa\u00eds<\/strong><\/p>\n<p>El jerarca record\u00f3 que la escuela de remo de Rivera naci\u00f3 como un proyecto piloto, impulsado junto a la Federaci\u00f3n, cuando el departamento no contaba con tradici\u00f3n ni condiciones naturales favorables para esta disciplina. \u201c<em>\u00c9ramos un departamento sin costas ni r\u00edo, y sin embargo logramos consolidar una escuela de remo que nos dio much\u00edsimas alegr\u00edas\u201d<\/em>, se\u00f1al\u00f3. Destac\u00f3 el respaldo de la comunidad, con la conformaci\u00f3n de una comisi\u00f3n de padres, donaciones de embarcaciones por parte de riverenses y la construcci\u00f3n de infraestructura necesaria, como muelles y espacios de trabajo para el mantenimiento de los botes. Asimismo, remarc\u00f3 que j\u00f3venes del departamento pudieron participar en regatas y competencias nacionales e internacionales, incluyendo el caso de un deportista que represent\u00f3 a Rivera en instancias paral\u00edmpicas.<\/p>\n<p><strong>Deporte como oportunidad y formaci\u00f3n en valores<\/strong><\/p>\n<p>Hern\u00e1ndez enfatiz\u00f3 que el objetivo central es poner al alcance de la poblaci\u00f3n la mayor cantidad de disciplinas posibles, generando oportunidades de desarrollo personal. <em>\u201cEl deporte brinda un \u00e1mbito controlado donde los j\u00f3venes adquieren valores fundamentales. Despu\u00e9s, si llegan los resultados y los campeones, mucho mejor; pero lo primero es la formaci\u00f3n\u201d<\/em>, sostuvo. En ese sentido, valor\u00f3 especialmente el esfuerzo de Kl\u00fcver por incluir a Rivera en su agenda durante su estad\u00eda en Uruguay, recorriendo m\u00e1s de 500 kil\u00f3metros para acompa\u00f1ar el relanzamiento de la escuela de remo, sin descuidar su preparaci\u00f3n deportiva.<\/p>\n<p><strong>Sacrificio y m\u00e9rito detr\u00e1s de cada logro<\/strong><\/p>\n<p>El Director de Deportes resalt\u00f3 que detr\u00e1s de cada medalla y de cada himno entonado hay un proceso de a\u00f1os de sacrificio, entrenamiento y superaci\u00f3n. <em>\u201cLos \u00fanicos que conocen ese camino son los deportistas. No llegaron por invitaci\u00f3n, sino por m\u00e9rito propio, por clasificar y dedicarle su vida al deporte\u201d<\/em>, afirm\u00f3. Finalmente, agradeci\u00f3 a la Federaci\u00f3n y al Comit\u00e9 Ol\u00edmpico por el permanente respaldo a las iniciativas deportivas de Rivera, y destac\u00f3 que, pese a las limitaciones presupuestales, el departamento ha logrado posicionarse como referencia regional en materia deportiva. <em>\u201cSeguimos peleando, con desventajas frente a otros departamentos, pero marcando una ruta en el deporte de la regi\u00f3n. Las federaciones hoy nos miran de otra manera\u201d<\/em>, concluy\u00f3, agradeciendo especialmente a los deportistas por confiar en Rivera y por inspirar a las nuevas generaciones.<\/p>\n<p><a href=\"https:\/\/www.rivera.gub.uy\/portal\/wp-content\/uploads\/2026\/03\/DSC_6695-scaled.jpg\"><img loading=\"lazy\" decoding=\"async\" class=\"alignnone wp-image-66976 size-medium\" src=\"https:\/\/www.rivera.gub.uy\/portal\/wp-content\/uploads\/2026\/03\/DSC_6695-282x188.jpg\" alt=\"\" width=\"282\" height=\"188\" srcset=\"https:\/\/www.rivera.gub.uy\/portal\/wp-content\/uploads\/2026\/03\/DSC_6695-282x188.jpg 282w, https:\/\/www.rivera.gub.uy\/portal\/wp-content\/uploads\/2026\/03\/DSC_6695-939x626.jpg 939w, https:\/\/www.rivera.gub.uy\/portal\/wp-content\/uploads\/2026\/03\/DSC_6695-141x94.jpg 141w, https:\/\/www.rivera.gub.uy\/portal\/wp-content\/uploads\/2026\/03\/DSC_6695-768x512.jpg 768w, https:\/\/www.rivera.gub.uy\/portal\/wp-content\/uploads\/2026\/03\/DSC_6695-1536x1024.jpg 1536w, https:\/\/www.rivera.gub.uy\/portal\/wp-content\/uploads\/2026\/03\/DSC_6695-2048x1365.jpg 2048w, https:\/\/www.rivera.gub.uy\/portal\/wp-content\/uploads\/2026\/03\/DSC_6695-600x400.jpg 600w, https:\/\/www.rivera.gub.uy\/portal\/wp-content\/uploads\/2026\/03\/DSC_6695-820x547.jpg 820w, https:\/\/www.rivera.gub.uy\/portal\/wp-content\/uploads\/2026\/03\/DSC_6695-272x182.jpg 272w\" sizes=\"auto, (max-width: 282px) 100vw, 282px\" \/><\/a><a href=\"https:\/\/www.rivera.gub.uy\/portal\/wp-content\/uploads\/2026\/03\/DSC_6728-scaled.jpg\"><img loading=\"lazy\" decoding=\"async\" class=\"alignnone wp-image-66974 size-medium\" src=\"https:\/\/www.rivera.gub.uy\/portal\/wp-content\/uploads\/2026\/03\/DSC_6728-282x188.jpg\" alt=\"\" width=\"282\" height=\"188\" srcset=\"https:\/\/www.rivera.gub.uy\/portal\/wp-content\/uploads\/2026\/03\/DSC_6728-282x188.jpg 282w, https:\/\/www.rivera.gub.uy\/portal\/wp-content\/uploads\/2026\/03\/DSC_6728-939x626.jpg 939w, https:\/\/www.rivera.gub.uy\/portal\/wp-content\/uploads\/2026\/03\/DSC_6728-141x94.jpg 141w, https:\/\/www.rivera.gub.uy\/portal\/wp-content\/uploads\/2026\/03\/DSC_6728-768x512.jpg 768w, https:\/\/www.rivera.gub.uy\/portal\/wp-content\/uploads\/2026\/03\/DSC_6728-1536x1024.jpg 1536w, https:\/\/www.rivera.gub.uy\/portal\/wp-content\/uploads\/2026\/03\/DSC_6728-2048x1365.jpg 2048w, https:\/\/www.rivera.gub.uy\/portal\/wp-content\/uploads\/2026\/03\/DSC_6728-600x400.jpg 600w, https:\/\/www.rivera.gub.uy\/portal\/wp-content\/uploads\/2026\/03\/DSC_6728-820x547.jpg 820w, https:\/\/www.rivera.gub.uy\/portal\/wp-content\/uploads\/2026\/03\/DSC_6728-272x182.jpg 272w\" sizes=\"auto, (max-width: 282px) 100vw, 282px\" \/><\/a> <a href=\"https:\/\/www.rivera.gub.uy\/portal\/wp-content\/uploads\/2026\/03\/DSC_6735-scaled.jpg\"><img loading=\"lazy\" decoding=\"async\" class=\"alignnone wp-image-66973 size-medium\" src=\"https:\/\/www.rivera.gub.uy\/portal\/wp-content\/uploads\/2026\/03\/DSC_6735-125x188.jpg\" alt=\"\" width=\"125\" height=\"188\" srcset=\"https:\/\/www.rivera.gub.uy\/portal\/wp-content\/uploads\/2026\/03\/DSC_6735-125x188.jpg 125w, https:\/\/www.rivera.gub.uy\/portal\/wp-content\/uploads\/2026\/03\/DSC_6735-417x626.jpg 417w, https:\/\/www.rivera.gub.uy\/portal\/wp-content\/uploads\/2026\/03\/DSC_6735-63x94.jpg 63w, https:\/\/www.rivera.gub.uy\/portal\/wp-content\/uploads\/2026\/03\/DSC_6735-768x1152.jpg 768w, https:\/\/www.rivera.gub.uy\/portal\/wp-content\/uploads\/2026\/03\/DSC_6735-1024x1536.jpg 1024w, https:\/\/www.rivera.gub.uy\/portal\/wp-content\/uploads\/2026\/03\/DSC_6735-1365x2048.jpg 1365w, https:\/\/www.rivera.gub.uy\/portal\/wp-content\/uploads\/2026\/03\/DSC_6735-820x1230.jpg 820w, https:\/\/www.rivera.gub.uy\/portal\/wp-content\/uploads\/2026\/03\/DSC_6735-scaled.jpg 1707w\" sizes=\"auto, (max-width: 125px) 100vw, 125px\" \/><\/a><a href=\"https:\/\/www.rivera.gub.uy\/portal\/wp-content\/uploads\/2026\/03\/DSC_6730-scaled.jpg\"><img loading=\"lazy\" decoding=\"async\" class=\"alignnone wp-image-66975 size-medium\" src=\"https:\/\/www.rivera.gub.uy\/portal\/wp-content\/uploads\/2026\/03\/DSC_6730-282x188.jpg\" alt=\"\" width=\"282\" height=\"188\" srcset=\"https:\/\/www.rivera.gub.uy\/portal\/wp-content\/uploads\/2026\/03\/DSC_6730-282x188.jpg 282w, https:\/\/www.rivera.gub.uy\/portal\/wp-content\/uploads\/2026\/03\/DSC_6730-939x626.jpg 939w, https:\/\/www.rivera.gub.uy\/portal\/wp-content\/uploads\/2026\/03\/DSC_6730-141x94.jpg 141w, https:\/\/www.rivera.gub.uy\/portal\/wp-content\/uploads\/2026\/03\/DSC_6730-768x512.jpg 768w, https:\/\/www.rivera.gub.uy\/portal\/wp-content\/uploads\/2026\/03\/DSC_6730-1536x1024.jpg 1536w, https:\/\/www.rivera.gub.uy\/portal\/wp-content\/uploads\/2026\/03\/DSC_6730-2048x1365.jpg 2048w, https:\/\/www.rivera.gub.uy\/portal\/wp-content\/uploads\/2026\/03\/DSC_6730-600x400.jpg 600w, https:\/\/www.rivera.gub.uy\/portal\/wp-content\/uploads\/2026\/03\/DSC_6730-820x547.jpg 820w, https:\/\/www.rivera.gub.uy\/portal\/wp-content\/uploads\/2026\/03\/DSC_6730-272x182.jpg 272w\" sizes=\"auto, (max-width: 282px) 100vw, 282px\" \/><\/a><\/p>\n","protected":false},"excerpt":{"rendered":"<p>En el marco de la visita del Campe\u00f3n Mundial de remo Felipe Kl\u00fcver, el director de la Unidad Coordinadora de Deportes de la Intendencia Departamental de Rivera, Prof. Horacio Hern\u00e1ndez, subray\u00f3 el significado que tiene para el departamento recibir al actual n\u00famero uno del mundo en la modalidad single ligero. Hern\u00e1ndez salud\u00f3 especialmente al intendente [&hellip;]<\/p>\n","protected":false},"author":5,"featured_media":66975,"comment_status":"open","ping_status":"open","sticky":false,"template":"","format":"standard","meta":{"footnotes":""},"categories":[1],"tags":[],"class_list":["post-66969","post","type-post","status-publish","format-standard","has-post-thumbnail","hentry","category-novedades"],"_links":{"self":[{"href":"https:\/\/www.rivera.gub.uy\/portal\/wp-json\/wp\/v2\/posts\/66969","targetHints":{"allow":["GET"]}}],"collection":[{"href":"https:\/\/www.rivera.gub.uy\/portal\/wp-json\/wp\/v2\/posts"}],"about":[{"href":"https:\/\/www.rivera.gub.uy\/portal\/wp-json\/wp\/v2\/types\/post"}],"author":[{"embeddable":true,"href":"https:\/\/www.rivera.gub.uy\/portal\/wp-json\/wp\/v2\/users\/5"}],"replies":[{"embeddable":true,"href":"https:\/\/www.rivera.gub.uy\/portal\/wp-json\/wp\/v2\/comments?post=66969"}],"version-history":[{"count":2,"href":"https:\/\/www.rivera.gub.uy\/portal\/wp-json\/wp\/v2\/posts\/66969\/revisions"}],"predecessor-version":[{"id":66977,"href":"https:\/\/www.rivera.gub.uy\/portal\/wp-json\/wp\/v2\/posts\/66969\/revisions\/66977"}],"wp:featuredmedia":[{"embeddable":true,"href":"https:\/\/www.rivera.gub.uy\/portal\/wp-json\/wp\/v2\/media\/66975"}],"wp:attachment":[{"href":"https:\/\/www.rivera.gub.uy\/portal\/wp-json\/wp\/v2\/media?parent=66969"}],"wp:term":[{"taxonomy":"category","embeddable":true,"href":"https:\/\/www.rivera.gub.uy\/portal\/wp-json\/wp\/v2\/categories?post=66969"},{"taxonomy":"post_tag","embeddable":true,"href":"https:\/\/www.rivera.gub.uy\/portal\/wp-json\/wp\/v2\/tags?post=66969"}],"curies":[{"name":"wp","href":"https:\/\/api.w.org\/{rel}","templated":true}]}}