{"id":66971,"date":"2026-03-05T17:14:39","date_gmt":"2026-03-05T20:14:39","guid":{"rendered":"https:\/\/www.rivera.gub.uy\/portal\/?p=66971"},"modified":"2026-03-05T17:27:31","modified_gmt":"2026-03-05T20:27:31","slug":"rivera-recibio-al-campeon-mundial-de-remo-felipe-kluver-y-relanza-proyecto-deportivo-junto-a-la-federacion","status":"publish","type":"post","link":"https:\/\/www.rivera.gub.uy\/portal\/rivera-recibio-al-campeon-mundial-de-remo-felipe-kluver-y-relanza-proyecto-deportivo-junto-a-la-federacion\/","title":{"rendered":"Rivera recibi\u00f3 al campe\u00f3n mundial de remo Felipe Kl\u00fcver y relanza proyecto deportivo junto a la Federaci\u00f3n"},"content":{"rendered":"<p>La Intendencia Departamental de Rivera recibi\u00f3 la visita del campe\u00f3n mundial de remo, Felipe Kl\u00fcver, en una instancia que marc\u00f3 un nuevo impulso al desarrollo de esta disciplina en el departamento.<\/p>\n<p>El intendente Cr. Richard Sander Dar\u00edn destac\u00f3 la importancia del encuentro y valor\u00f3 la presencia de autoridades de la Federaci\u00f3n de Remo, integrantes del equipo de gobierno y representantes de la prensa.<\/p>\n<p><em>\u201cEs un placer enorme recibir a los amigos de la Federaci\u00f3n de Remo, al campe\u00f3n mundial como Felipe, a los compa\u00f1eros de la Intendencia y a los amigos de la prensa\u201d<\/em>, expres\u00f3 el jefe comunal.<\/p>\n<p><strong>Renovaci\u00f3n de convenio y fortalecimiento de la Escuela de Remo<\/strong><\/p>\n<p>En la oportunidad, el Intendente anunci\u00f3 la pr\u00f3xima firma de un nuevo convenio entre la Intendencia y la Federaci\u00f3n, que permitir\u00e1 traer a Rivera a un entrenador cubano especializado en remo, con el objetivo de fortalecer la formaci\u00f3n de ni\u00f1os y adolescentes que practican este deporte en el departamento.<\/p>\n<p>Sander record\u00f3 que Rivera enfrenta limitaciones naturales para la pr\u00e1ctica del remo, debido a la ausencia de un r\u00edo de gran caudal. <em>\u201cNo tenemos un espejo de agua importante; contamos con un arroyo que cuando crece nos complica y cuando baja no permite remar con normalidad\u201d<\/em>, se\u00f1al\u00f3.<\/p>\n<p>Pese a ello, destac\u00f3 que el proyecto ha logrado consolidarse gracias al esfuerzo conjunto y la voluntad institucional. Mencion\u00f3 especialmente el trabajo que se viene desarrollando en el Parque Lineal Cu\u00f1apir\u00fa, donde entrenan j\u00f3venes remeros, entre ellos un deportista con una pierna amputada que lleg\u00f3 a competir en R\u00edo de Janeiro.<\/p>\n<p><strong>Deporte y educaci\u00f3n como herramientas de prevenci\u00f3n<\/strong><\/p>\n<p>El Intendente reafirm\u00f3 el compromiso de la comuna con el deporte como pol\u00edtica p\u00fablica orientada a la inclusi\u00f3n y la prevenci\u00f3n.<br \/>\n<em>\u201cEstamos convencidos de que con mucho deporte y mucha educaci\u00f3n vamos a alejar a los gurises de los peligros de esta \u00e9poca, especialmente de las adicciones\u201d<\/em>, sostuvo.<\/p>\n<p>Asimismo, valor\u00f3 que disciplinas tradicionalmente menos difundidas en la regi\u00f3n, hist\u00f3ricamente m\u00e1s vinculada al f\u00fatbol, comiencen a consolidarse como alternativas reales para la juventud.<\/p>\n<p><strong>Un ejemplo para el interior del pa\u00eds<\/strong><\/p>\n<p>Sander subray\u00f3 la relevancia simb\u00f3lica de contar con un campe\u00f3n del mundo en Rivera. <em>\u201cA veces hablamos del \u00faltimo campe\u00f3n del mundo en f\u00fatbol, que fue en 1950, y la mayor\u00eda de nosotros no lo vimos. Hoy s\u00ed tenemos un campe\u00f3n del mundo, joven, del interior, que estar\u00e1 compartiendo con los gurises de Rivera\u201d<\/em>, expres\u00f3. Tambi\u00e9n destac\u00f3 el esfuerzo de Kl\u00fcver para trasladarse desde la capital hasta Rivera, recorriendo cerca de mil kil\u00f3metros entre ida y vuelta, lo que consider\u00f3 un ejemplo de compromiso y vocaci\u00f3n.<\/p>\n<p><strong>Trabajo conjunto y mirada hacia los j\u00f3venes<\/strong><\/p>\n<p>El jefe departamental se\u00f1al\u00f3 que, pese a las dificultades presupuestales que enfrentan los departamentos del interior, la Intendencia contin\u00faa impulsando iniciativas gracias al trabajo en equipo y al respaldo de instituciones y empresas que ven en Rivera <em>\u201cun buen socio para seguir avanzando\u201d<\/em>. La jornada culmin\u00f3 con un intercambio de obsequios y actividades junto a los j\u00f3venes remeros locales, en lo que el Intendente defini\u00f3 como \u201cel remar de todos los d\u00edas para seguir avanzando\u201d, con una mirada puesta especialmente en los adolescentes y j\u00f3venes de todo el departamento.<\/p>\n<p><img loading=\"lazy\" decoding=\"async\" class=\"alignnone size-medium wp-image-66974\" src=\"https:\/\/www.rivera.gub.uy\/portal\/wp-content\/uploads\/2026\/03\/DSC_6728-282x188.jpg\" alt=\"\" width=\"282\" height=\"188\" srcset=\"https:\/\/www.rivera.gub.uy\/portal\/wp-content\/uploads\/2026\/03\/DSC_6728-282x188.jpg 282w, https:\/\/www.rivera.gub.uy\/portal\/wp-content\/uploads\/2026\/03\/DSC_6728-939x626.jpg 939w, https:\/\/www.rivera.gub.uy\/portal\/wp-content\/uploads\/2026\/03\/DSC_6728-141x94.jpg 141w, https:\/\/www.rivera.gub.uy\/portal\/wp-content\/uploads\/2026\/03\/DSC_6728-768x512.jpg 768w, https:\/\/www.rivera.gub.uy\/portal\/wp-content\/uploads\/2026\/03\/DSC_6728-1536x1024.jpg 1536w, https:\/\/www.rivera.gub.uy\/portal\/wp-content\/uploads\/2026\/03\/DSC_6728-2048x1365.jpg 2048w, https:\/\/www.rivera.gub.uy\/portal\/wp-content\/uploads\/2026\/03\/DSC_6728-600x400.jpg 600w, https:\/\/www.rivera.gub.uy\/portal\/wp-content\/uploads\/2026\/03\/DSC_6728-820x547.jpg 820w, https:\/\/www.rivera.gub.uy\/portal\/wp-content\/uploads\/2026\/03\/DSC_6728-272x182.jpg 272w\" sizes=\"auto, (max-width: 282px) 100vw, 282px\" \/><img loading=\"lazy\" decoding=\"async\" class=\"alignnone size-medium wp-image-66973\" src=\"https:\/\/www.rivera.gub.uy\/portal\/wp-content\/uploads\/2026\/03\/DSC_6735-125x188.jpg\" alt=\"\" width=\"125\" height=\"188\" srcset=\"https:\/\/www.rivera.gub.uy\/portal\/wp-content\/uploads\/2026\/03\/DSC_6735-125x188.jpg 125w, https:\/\/www.rivera.gub.uy\/portal\/wp-content\/uploads\/2026\/03\/DSC_6735-417x626.jpg 417w, https:\/\/www.rivera.gub.uy\/portal\/wp-content\/uploads\/2026\/03\/DSC_6735-63x94.jpg 63w, https:\/\/www.rivera.gub.uy\/portal\/wp-content\/uploads\/2026\/03\/DSC_6735-768x1152.jpg 768w, https:\/\/www.rivera.gub.uy\/portal\/wp-content\/uploads\/2026\/03\/DSC_6735-1024x1536.jpg 1024w, https:\/\/www.rivera.gub.uy\/portal\/wp-content\/uploads\/2026\/03\/DSC_6735-1365x2048.jpg 1365w, https:\/\/www.rivera.gub.uy\/portal\/wp-content\/uploads\/2026\/03\/DSC_6735-820x1230.jpg 820w, https:\/\/www.rivera.gub.uy\/portal\/wp-content\/uploads\/2026\/03\/DSC_6735-scaled.jpg 1707w\" sizes=\"auto, (max-width: 125px) 100vw, 125px\" \/><img loading=\"lazy\" decoding=\"async\" class=\"alignnone size-medium wp-image-66975\" src=\"https:\/\/www.rivera.gub.uy\/portal\/wp-content\/uploads\/2026\/03\/DSC_6730-282x188.jpg\" alt=\"\" width=\"282\" height=\"188\" srcset=\"https:\/\/www.rivera.gub.uy\/portal\/wp-content\/uploads\/2026\/03\/DSC_6730-282x188.jpg 282w, https:\/\/www.rivera.gub.uy\/portal\/wp-content\/uploads\/2026\/03\/DSC_6730-939x626.jpg 939w, https:\/\/www.rivera.gub.uy\/portal\/wp-content\/uploads\/2026\/03\/DSC_6730-141x94.jpg 141w, https:\/\/www.rivera.gub.uy\/portal\/wp-content\/uploads\/2026\/03\/DSC_6730-768x512.jpg 768w, https:\/\/www.rivera.gub.uy\/portal\/wp-content\/uploads\/2026\/03\/DSC_6730-1536x1024.jpg 1536w, https:\/\/www.rivera.gub.uy\/portal\/wp-content\/uploads\/2026\/03\/DSC_6730-2048x1365.jpg 2048w, https:\/\/www.rivera.gub.uy\/portal\/wp-content\/uploads\/2026\/03\/DSC_6730-600x400.jpg 600w, https:\/\/www.rivera.gub.uy\/portal\/wp-content\/uploads\/2026\/03\/DSC_6730-820x547.jpg 820w, https:\/\/www.rivera.gub.uy\/portal\/wp-content\/uploads\/2026\/03\/DSC_6730-272x182.jpg 272w\" sizes=\"auto, (max-width: 282px) 100vw, 282px\" \/> <img loading=\"lazy\" decoding=\"async\" class=\"alignnone size-medium wp-image-66976\" src=\"https:\/\/www.rivera.gub.uy\/portal\/wp-content\/uploads\/2026\/03\/DSC_6695-282x188.jpg\" alt=\"\" width=\"282\" height=\"188\" srcset=\"https:\/\/www.rivera.gub.uy\/portal\/wp-content\/uploads\/2026\/03\/DSC_6695-282x188.jpg 282w, https:\/\/www.rivera.gub.uy\/portal\/wp-content\/uploads\/2026\/03\/DSC_6695-939x626.jpg 939w, https:\/\/www.rivera.gub.uy\/portal\/wp-content\/uploads\/2026\/03\/DSC_6695-141x94.jpg 141w, https:\/\/www.rivera.gub.uy\/portal\/wp-content\/uploads\/2026\/03\/DSC_6695-768x512.jpg 768w, https:\/\/www.rivera.gub.uy\/portal\/wp-content\/uploads\/2026\/03\/DSC_6695-1536x1024.jpg 1536w, https:\/\/www.rivera.gub.uy\/portal\/wp-content\/uploads\/2026\/03\/DSC_6695-2048x1365.jpg 2048w, https:\/\/www.rivera.gub.uy\/portal\/wp-content\/uploads\/2026\/03\/DSC_6695-600x400.jpg 600w, https:\/\/www.rivera.gub.uy\/portal\/wp-content\/uploads\/2026\/03\/DSC_6695-820x547.jpg 820w, https:\/\/www.rivera.gub.uy\/portal\/wp-content\/uploads\/2026\/03\/DSC_6695-272x182.jpg 272w\" sizes=\"auto, (max-width: 282px) 100vw, 282px\" \/><\/p>\n","protected":false},"excerpt":{"rendered":"<p>La Intendencia Departamental de Rivera recibi\u00f3 la visita del campe\u00f3n mundial de remo, Felipe Kl\u00fcver, en una instancia que marc\u00f3 un nuevo impulso al desarrollo de esta disciplina en el departamento. El intendente Cr. Richard Sander Dar\u00edn destac\u00f3 la importancia del encuentro y valor\u00f3 la presencia de autoridades de la Federaci\u00f3n de Remo, integrantes del [&hellip;]<\/p>\n","protected":false},"author":5,"featured_media":66983,"comment_status":"open","ping_status":"open","sticky":false,"template":"","format":"standard","meta":{"footnotes":""},"categories":[1],"tags":[],"class_list":["post-66971","post","type-post","status-publish","format-standard","has-post-thumbnail","hentry","category-novedades"],"_links":{"self":[{"href":"https:\/\/www.rivera.gub.uy\/portal\/wp-json\/wp\/v2\/posts\/66971","targetHints":{"allow":["GET"]}}],"collection":[{"href":"https:\/\/www.rivera.gub.uy\/portal\/wp-json\/wp\/v2\/posts"}],"about":[{"href":"https:\/\/www.rivera.gub.uy\/portal\/wp-json\/wp\/v2\/types\/post"}],"author":[{"embeddable":true,"href":"https:\/\/www.rivera.gub.uy\/portal\/wp-json\/wp\/v2\/users\/5"}],"replies":[{"embeddable":true,"href":"https:\/\/www.rivera.gub.uy\/portal\/wp-json\/wp\/v2\/comments?post=66971"}],"version-history":[{"count":2,"href":"https:\/\/www.rivera.gub.uy\/portal\/wp-json\/wp\/v2\/posts\/66971\/revisions"}],"predecessor-version":[{"id":66978,"href":"https:\/\/www.rivera.gub.uy\/portal\/wp-json\/wp\/v2\/posts\/66971\/revisions\/66978"}],"wp:featuredmedia":[{"embeddable":true,"href":"https:\/\/www.rivera.gub.uy\/portal\/wp-json\/wp\/v2\/media\/66983"}],"wp:attachment":[{"href":"https:\/\/www.rivera.gub.uy\/portal\/wp-json\/wp\/v2\/media?parent=66971"}],"wp:term":[{"taxonomy":"category","embeddable":true,"href":"https:\/\/www.rivera.gub.uy\/portal\/wp-json\/wp\/v2\/categories?post=66971"},{"taxonomy":"post_tag","embeddable":true,"href":"https:\/\/www.rivera.gub.uy\/portal\/wp-json\/wp\/v2\/tags?post=66971"}],"curies":[{"name":"wp","href":"https:\/\/api.w.org\/{rel}","templated":true}]}}